{"id":71366,"date":"2022-05-02T10:43:53","date_gmt":"2022-05-02T10:43:53","guid":{"rendered":"http:\/\/www.noticiasradioreflejos.com.ar\/2021\/?p=71366"},"modified":"2022-05-02T10:43:53","modified_gmt":"2022-05-02T10:43:53","slug":"otra-vez-sopa-y-van","status":"publish","type":"post","link":"https:\/\/www.noticiasradioreflejos.com.ar\/2021\/otra-vez-sopa-y-van\/","title":{"rendered":"OTRA VEZ SOPA y van&#8230;."},"content":{"rendered":"<p>Hace unos pocos d\u00edas\u00a0el actual Intendente se jactaba de anunciar varias obras ,gracias al Gobierno Nacional y al Gobierno Provincial ,lo aclaro por las dudas.-Una de esas Obras tiene un presupuesto aproximado de 28 millones de d\u00f3lares ,y con todos esos anuncios y de tanta plata ,me preguntaba :<!--more--><\/p>\n<div>Si no pueden entregar\u00a0 le\u00f1a a una veintena\u00a0de familias en Saldungaray y otras tantas en Sierra de la Ventana como van a manejar tanto presupuesto? \u00bfPara qu\u00e9 existe una Secretar\u00eda de Acci\u00f3n Social? \u00bfPara qu\u00e9 tienen a un funcionario de la misma Secretar\u00eda en Saldungaray? \u00bfPara qu\u00e9 tienen un Delegado en Saldungaray?<\/div>\n<div>Desde casi 7 a\u00f1os la misma historia ,la misma inoperancia ,la misma ineptitud ,cambian los nombres y el resultado es el mismo.- Y esta situaci\u00f3n no exime al Bloque de JUNTOS-UCR-PRO-CC .porque fueron lo mismo desde el 2015 al 2019 y en las \u00faltimas elecciones ganaron en Saldungaray ,entonces tienen\u00a0la obligaci\u00f3n de ver estas cosas.- Seguramente cada funcionario de esa Secretar\u00eda\u00a0en estos d\u00edas de mucho fr\u00edo no lo sintieron ,porque no creo que a ellos les falte calefacci\u00f3n ,lo que les falta es sensibilidad con el otro.-<\/div>\n<div>Espero que la Secretar\u00eda de Acci\u00f3n y sus funcionarios est\u00e9n a la altura de las problem\u00e1ticas que viven varias familias y por las dudas ,no empiezen\u00a0a pedir un listado o nombres o direcciones ,porque de esa forma est\u00e1n reconociendo que NO EST\u00c1N PARA EL PUESTO QUE OCUPAN.-<\/div>\n<div><\/div>\n<div><\/div>\n<div><\/div>\n<div><strong>Medina Jos\u00e9 Luis<\/strong><\/div>\n<div><a href=\"mailto:medinajoseluis256@gmail.com\" target=\"_blank\" rel=\"noopener\">medinajoseluis256@gmail.com<\/a><\/div>\n","protected":false},"excerpt":{"rendered":"<p>Hace unos pocos d\u00edas\u00a0el actual Intendente se jactaba de anunciar varias obras ,gracias al Gobierno Nacional y al Gobierno Provincial ,lo aclaro por las dudas.-Una de esas Obras tiene un presupuesto aproximado de 28 millones de d\u00f3lares ,y con todos esos anuncios y de tanta plata ,me preguntaba :<\/p>\n","protected":false},"author":3,"featured_media":0,"comment_status":"closed","ping_status":"closed","sticky":false,"template":"","format":"standard","meta":{"footnotes":""},"categories":[24],"tags":[],"class_list":["post-71366","post","type-post","status-publish","format-standard","hentry","category-politica"],"yoast_head":"<!-- This site is optimized with the Yoast SEO plugin v25.9 - https:\/\/yoast.com\/wordpress\/plugins\/seo\/ -->\n<title>OTRA VEZ SOPA y van.... - Noticias Radio Reflejos<\/title>\n<meta name=\"robots\" content=\"index, follow, max-snippet:-1, max-image-preview:large, max-video-preview:-1\" \/>\n<link rel=\"canonical\" href=\"https:\/\/www.noticiasradioreflejos.com.ar\/2021\/otra-vez-sopa-y-van\/\" \/>\n<meta property=\"og:locale\" content=\"es_ES\" \/>\n<meta property=\"og:type\" content=\"article\" \/>\n<meta property=\"og:title\" content=\"OTRA VEZ SOPA y van.... - Noticias Radio Reflejos\" \/>\n<meta property=\"og:description\" content=\"Hace unos pocos d\u00edas\u00a0el actual Intendente se jactaba de anunciar varias obras ,gracias al Gobierno Nacional y al Gobierno Provincial ,lo aclaro por las dudas.-Una de esas Obras tiene un presupuesto aproximado de 28 millones de d\u00f3lares ,y con todos esos anuncios y de tanta plata ,me preguntaba :\" \/>\n<meta property=\"og:url\" content=\"https:\/\/www.noticiasradioreflejos.com.ar\/2021\/otra-vez-sopa-y-van\/\" \/>\n<meta property=\"og:site_name\" content=\"Noticias Radio Reflejos\" \/>\n<meta property=\"article:published_time\" content=\"2022-05-02T10:43:53+00:00\" \/>\n<meta property=\"og:image\" content=\"https:\/\/www.noticiasradioreflejos.com.ar\/2021\/wp-content\/uploads\/2018\/04\/carta_lector_1.jpg\" \/>\n\t<meta property=\"og:image:width\" content=\"935\" \/>\n\t<meta property=\"og:image:height\" content=\"595\" \/>\n\t<meta property=\"og:image:type\" content=\"image\/jpeg\" \/>\n<meta name=\"author\" content=\"Arnaldo Botto\" \/>\n<meta name=\"twitter:card\" content=\"summary_large_image\" \/>\n<script type=\"application\/ld+json\" class=\"yoast-schema-graph\">{\"@context\":\"https:\/\/schema.org\",\"@graph\":[{\"@type\":\"WebPage\",\"@id\":\"https:\/\/www.noticiasradioreflejos.com.ar\/2021\/otra-vez-sopa-y-van\/\",\"url\":\"https:\/\/www.noticiasradioreflejos.com.ar\/2021\/otra-vez-sopa-y-van\/\",\"name\":\"OTRA VEZ SOPA y van.... - Noticias Radio Reflejos\",\"isPartOf\":{\"@id\":\"https:\/\/www.noticiasradioreflejos.com.ar\/2021\/#website\"},\"datePublished\":\"2022-05-02T10:43:53+00:00\",\"author\":{\"@id\":\"https:\/\/www.noticiasradioreflejos.com.ar\/2021\/#\/schema\/person\/ad82545263dcc5ec0996818884fd5fb1\"},\"breadcrumb\":{\"@id\":\"https:\/\/www.noticiasradioreflejos.com.ar\/2021\/otra-vez-sopa-y-van\/#breadcrumb\"},\"inLanguage\":\"es\",\"potentialAction\":[{\"@type\":\"ReadAction\",\"target\":[\"https:\/\/www.noticiasradioreflejos.com.ar\/2021\/otra-vez-sopa-y-van\/\"]}]},{\"@type\":\"BreadcrumbList\",\"@id\":\"https:\/\/www.noticiasradioreflejos.com.ar\/2021\/otra-vez-sopa-y-van\/#breadcrumb\",\"itemListElement\":[{\"@type\":\"ListItem\",\"position\":1,\"name\":\"Portada\",\"item\":\"https:\/\/www.noticiasradioreflejos.com.ar\/2021\/\"},{\"@type\":\"ListItem\",\"position\":2,\"name\":\"OTRA VEZ SOPA y van&#8230;.\"}]},{\"@type\":\"WebSite\",\"@id\":\"https:\/\/www.noticiasradioreflejos.com.ar\/2021\/#website\",\"url\":\"https:\/\/www.noticiasradioreflejos.com.ar\/2021\/\",\"name\":\"Noticias Radio Reflejos\",\"description\":\"Las noticias de mi comarca\",\"potentialAction\":[{\"@type\":\"SearchAction\",\"target\":{\"@type\":\"EntryPoint\",\"urlTemplate\":\"https:\/\/www.noticiasradioreflejos.com.ar\/2021\/?s={search_term_string}\"},\"query-input\":{\"@type\":\"PropertyValueSpecification\",\"valueRequired\":true,\"valueName\":\"search_term_string\"}}],\"inLanguage\":\"es\"},{\"@type\":\"Person\",\"@id\":\"https:\/\/www.noticiasradioreflejos.com.ar\/2021\/#\/schema\/person\/ad82545263dcc5ec0996818884fd5fb1\",\"name\":\"Arnaldo Botto\",\"image\":{\"@type\":\"ImageObject\",\"inLanguage\":\"es\",\"@id\":\"https:\/\/www.noticiasradioreflejos.com.ar\/2021\/#\/schema\/person\/image\/\",\"url\":\"https:\/\/secure.gravatar.com\/avatar\/55cb5e37c1efa326397366e6974cb338056df65cb50e7d64d1cf314e87504837?s=96&d=mm&r=g\",\"contentUrl\":\"https:\/\/secure.gravatar.com\/avatar\/55cb5e37c1efa326397366e6974cb338056df65cb50e7d64d1cf314e87504837?s=96&d=mm&r=g\",\"caption\":\"Arnaldo Botto\"},\"url\":\"https:\/\/www.noticiasradioreflejos.com.ar\/2021\/author\/arnaldo\/\"}]}<\/script>\n<!-- \/ Yoast SEO plugin. -->","yoast_head_json":{"title":"OTRA VEZ SOPA y van.... - Noticias Radio Reflejos","robots":{"index":"index","follow":"follow","max-snippet":"max-snippet:-1","max-image-preview":"max-image-preview:large","max-video-preview":"max-video-preview:-1"},"canonical":"https:\/\/www.noticiasradioreflejos.com.ar\/2021\/otra-vez-sopa-y-van\/","og_locale":"es_ES","og_type":"article","og_title":"OTRA VEZ SOPA y van.... - Noticias Radio Reflejos","og_description":"Hace unos pocos d\u00edas\u00a0el actual Intendente se jactaba de anunciar varias obras ,gracias al Gobierno Nacional y al Gobierno Provincial ,lo aclaro por las dudas.-Una de esas Obras tiene un presupuesto aproximado de 28 millones de d\u00f3lares ,y con todos esos anuncios y de tanta plata ,me preguntaba :","og_url":"https:\/\/www.noticiasradioreflejos.com.ar\/2021\/otra-vez-sopa-y-van\/","og_site_name":"Noticias Radio Reflejos","article_published_time":"2022-05-02T10:43:53+00:00","og_image":[{"width":935,"height":595,"url":"https:\/\/www.noticiasradioreflejos.com.ar\/2021\/wp-content\/uploads\/2018\/04\/carta_lector_1.jpg","type":"image\/jpeg"}],"author":"Arnaldo Botto","twitter_card":"summary_large_image","schema":{"@context":"https:\/\/schema.org","@graph":[{"@type":"WebPage","@id":"https:\/\/www.noticiasradioreflejos.com.ar\/2021\/otra-vez-sopa-y-van\/","url":"https:\/\/www.noticiasradioreflejos.com.ar\/2021\/otra-vez-sopa-y-van\/","name":"OTRA VEZ SOPA y van.... - Noticias Radio Reflejos","isPartOf":{"@id":"https:\/\/www.noticiasradioreflejos.com.ar\/2021\/#website"},"datePublished":"2022-05-02T10:43:53+00:00","author":{"@id":"https:\/\/www.noticiasradioreflejos.com.ar\/2021\/#\/schema\/person\/ad82545263dcc5ec0996818884fd5fb1"},"breadcrumb":{"@id":"https:\/\/www.noticiasradioreflejos.com.ar\/2021\/otra-vez-sopa-y-van\/#breadcrumb"},"inLanguage":"es","potentialAction":[{"@type":"ReadAction","target":["https:\/\/www.noticiasradioreflejos.com.ar\/2021\/otra-vez-sopa-y-van\/"]}]},{"@type":"BreadcrumbList","@id":"https:\/\/www.noticiasradioreflejos.com.ar\/2021\/otra-vez-sopa-y-van\/#breadcrumb","itemListElement":[{"@type":"ListItem","position":1,"name":"Portada","item":"https:\/\/www.noticiasradioreflejos.com.ar\/2021\/"},{"@type":"ListItem","position":2,"name":"OTRA VEZ SOPA y van&#8230;."}]},{"@type":"WebSite","@id":"https:\/\/www.noticiasradioreflejos.com.ar\/2021\/#website","url":"https:\/\/www.noticiasradioreflejos.com.ar\/2021\/","name":"Noticias Radio Reflejos","description":"Las noticias de mi comarca","potentialAction":[{"@type":"SearchAction","target":{"@type":"EntryPoint","urlTemplate":"https:\/\/www.noticiasradioreflejos.com.ar\/2021\/?s={search_term_string}"},"query-input":{"@type":"PropertyValueSpecification","valueRequired":true,"valueName":"search_term_string"}}],"inLanguage":"es"},{"@type":"Person","@id":"https:\/\/www.noticiasradioreflejos.com.ar\/2021\/#\/schema\/person\/ad82545263dcc5ec0996818884fd5fb1","name":"Arnaldo Botto","image":{"@type":"ImageObject","inLanguage":"es","@id":"https:\/\/www.noticiasradioreflejos.com.ar\/2021\/#\/schema\/person\/image\/","url":"https:\/\/secure.gravatar.com\/avatar\/55cb5e37c1efa326397366e6974cb338056df65cb50e7d64d1cf314e87504837?s=96&d=mm&r=g","contentUrl":"https:\/\/secure.gravatar.com\/avatar\/55cb5e37c1efa326397366e6974cb338056df65cb50e7d64d1cf314e87504837?s=96&d=mm&r=g","caption":"Arnaldo Botto"},"url":"https:\/\/www.noticiasradioreflejos.com.ar\/2021\/author\/arnaldo\/"}]}},"_links":{"self":[{"href":"https:\/\/www.noticiasradioreflejos.com.ar\/2021\/wp-json\/wp\/v2\/posts\/71366","targetHints":{"allow":["GET"]}}],"collection":[{"href":"https:\/\/www.noticiasradioreflejos.com.ar\/2021\/wp-json\/wp\/v2\/posts"}],"about":[{"href":"https:\/\/www.noticiasradioreflejos.com.ar\/2021\/wp-json\/wp\/v2\/types\/post"}],"author":[{"embeddable":true,"href":"https:\/\/www.noticiasradioreflejos.com.ar\/2021\/wp-json\/wp\/v2\/users\/3"}],"replies":[{"embeddable":true,"href":"https:\/\/www.noticiasradioreflejos.com.ar\/2021\/wp-json\/wp\/v2\/comments?post=71366"}],"version-history":[{"count":1,"href":"https:\/\/www.noticiasradioreflejos.com.ar\/2021\/wp-json\/wp\/v2\/posts\/71366\/revisions"}],"predecessor-version":[{"id":71367,"href":"https:\/\/www.noticiasradioreflejos.com.ar\/2021\/wp-json\/wp\/v2\/posts\/71366\/revisions\/71367"}],"wp:attachment":[{"href":"https:\/\/www.noticiasradioreflejos.com.ar\/2021\/wp-json\/wp\/v2\/media?parent=71366"}],"wp:term":[{"taxonomy":"category","embeddable":true,"href":"https:\/\/www.noticiasradioreflejos.com.ar\/2021\/wp-json\/wp\/v2\/categories?post=71366"},{"taxonomy":"post_tag","embeddable":true,"href":"https:\/\/www.noticiasradioreflejos.com.ar\/2021\/wp-json\/wp\/v2\/tags?post=71366"}],"curies":[{"name":"wp","href":"https:\/\/api.w.org\/{rel}","templated":true}]}}