{"id":71363,"date":"2022-05-01T14:23:23","date_gmt":"2022-05-01T14:23:23","guid":{"rendered":"http:\/\/www.noticiasradioreflejos.com.ar\/2021\/?p=71363"},"modified":"2022-05-01T14:23:23","modified_gmt":"2022-05-01T14:23:23","slug":"dia-internacional-de-los-trabajadores","status":"publish","type":"post","link":"https:\/\/www.noticiasradioreflejos.com.ar\/2021\/dia-internacional-de-los-trabajadores\/","title":{"rendered":"D\u00eda internacional de los trabajadores"},"content":{"rendered":"<p>Salutaciones y mensajes enviados a nuestra redacci\u00f3n<!--more--><\/p>\n<div dir=\"auto\">El 1\u00b0 de mayo se celebra el D\u00eda Internacional de los Trabajadores, para conmemorar a nivel mundial al movimiento obrero y la fuerza laboral, como movimiento reivindicativo de diferentes causas relacionadas con el trabajo.<\/div>\n<div dir=\"auto\">Rendimos homenaje a aquellos que lucharon por una vida digna para todos, por eso hoy desde el Honorable Concejo Deliberante queremos hacer llegar un afectuoso saludo \u00a0a todos los trabajadores del Distrito de Tornquist, que \u00a0con su esfuerzo y dedicaci\u00f3n contribuyen a engrandecer la Naci\u00f3n.<\/div>\n<p><span dir=\"auto\">\u00a1FEL\u00cdZ D\u00cdA!\u00a0<\/span><\/p>\n<p>&#8230;&#8230;&#8230;&#8230;&#8230;&#8230;&#8230;&#8230;&#8230;&#8230;&#8230;&#8230;&#8230;&#8230;&#8230;&#8230;&#8230;&#8230;&#8230;&#8230;&#8230;&#8230;&#8230;&#8230;&#8230;&#8230;&#8230;&#8230;&#8230;&#8230;&#8230;&#8230;&#8230;&#8230;&#8230;&#8230;&#8230;&#8230;&#8230;&#8230;&#8230;&#8230;&#8230;&#8230;&#8230;&#8230;&#8230;&#8230;&#8230;&#8230;&#8230;&#8230;&#8230;&#8230;&#8230;&#8230;&#8230;&#8230;..<\/p>\n<p>Desde el Partido Justicialista deseamos hacer extensivo nuestro reconocimiento y celebrar un nuevo 1ro de mayo junto a todos los hombres y mujeres que con su trabajo engrandecen a nuestra bendita tierra.<\/p>\n<p>El D\u00eda del Trabajador se conmemora cada 1\u00b0 de mayo en Argentina, al igual que en muchas otras partes del mundo, en homenaje a los M\u00e1rtires de Chicago, un grupo de sindicalistas anarquistas que fueron ejecutados en Estados Unidos luego de participar en las huelgas por la consecuci\u00f3n de las jornadas laborales de ocho horas en 1886.<\/p>\n<p>En Par\u00eds,\u00a0en 1889, durante un congreso de la Segunda Internacional\u00a0(asociaci\u00f3n de partidos socialistas, laboristas y anarquistas de todo el mundo), se estableci\u00f3 el 1 de mayo como D\u00eda del Trabajador\u00a0para conmemorar a los M\u00e1rtires de Chicago.<\/p>\n<p>En nuestro pa\u00eds el\u00a01 de mayo\u00a0se conmemor\u00f3 desde finales del siglo XIX. No obstante, fue el presidente Hip\u00f3lito Yrigoyen\u00a0quien\u00a0el 28 de abril de 1930 instituy\u00f3 formalmente la fecha como \u00abFiesta del Trabajo en todo el territorio de la Naci\u00f3n\u00bb<\/p>\n<p>Lo cual quedo solo como reza el p\u00e1rrafo anterior \u201c<u>Fiesta del trabajador en todo el territorio de la Naci\u00f3n<\/u>\u201d ya que nadie cumpl\u00eda con las 8 horas de trabajo como tampoco con ning\u00fan derecho de los trabajadores y trabajadoras.<\/p>\n<p>No fue hasta el 11<strong> de marzo del a\u00f1o 1949<\/strong>, en que una asamblea constituyente poblada por decenas de convencionales de origen obrero sancion\u00f3 una nueva\u00a0<strong>Constituci\u00f3n Nacional<\/strong>\u00a0que reconoci\u00f3 en su\u00a0<strong>art\u00edculo 37<\/strong>\u00a0el\u00a0<strong>Dec\u00e1logo de los Trabajadores<\/strong>, los derechos de la ni\u00f1ez y la ancianidad, la funci\u00f3n social de la propiedad, el capital y la actividad econ\u00f3mica y la autonom\u00eda universitaria, entre otros tantos avances que expandieron la ciudadan\u00eda social, pol\u00edtica y econ\u00f3mica.<\/p>\n<ul>\n<li><strong>Derecho al trabajo.<\/strong><\/li>\n<li><strong>Derecho a una redistribuci\u00f3n justa.<\/strong><\/li>\n<li><strong>Derecho a la capacitaci\u00f3n laboral.\u00a0<\/strong><\/li>\n<li><strong>Derecho a condiciones dignas de\u00a0trabajo.<\/strong><\/li>\n<li><strong>Derecho a la preservaci\u00f3n de la salud.<\/strong><\/li>\n<li><strong>Derecho al bienestar.<\/strong><\/li>\n<li><strong>Derecho a la seguridad social.<\/strong><\/li>\n<li><strong>Derecho a la protecci\u00f3n de su familia.<\/strong><\/li>\n<li><strong>Derecho al mejoramiento econ\u00f3mico.<\/strong><\/li>\n<li><strong>Derecho a la defensa de los intereses profesionales.<\/strong><\/li>\n<\/ul>\n<p>(Cabe aclarar que la Constituci\u00f3n del 49 fue derogada por un bando militar bajo la dictadura c\u00edvico militar encabezada por Aramburu).<\/p>\n<p>Como Justicialistas creemos firmemente en una frase expresada por nuestro General Juan Domingo Per\u00f3n<\/p>\n<p><strong>\u201cNo existe\u00a0para el Peronismo\u00a0m\u00e1s que una sola clase de hombres: los que trabajan\u201d. <\/strong><\/p>\n<p><strong>\u00a0<\/strong><\/p>\n<p><strong>FELIZ DIA COMPA\u00d1EROS Y COMPA\u00d1ERAS TRABAJADORAS!!!<\/strong><\/p>\n","protected":false},"excerpt":{"rendered":"<p>Salutaciones y mensajes enviados a nuestra redacci\u00f3n<\/p>\n","protected":false},"author":3,"featured_media":0,"comment_status":"closed","ping_status":"closed","sticky":false,"template":"","format":"standard","meta":{"footnotes":""},"categories":[24],"tags":[],"class_list":["post-71363","post","type-post","status-publish","format-standard","hentry","category-politica"],"yoast_head":"<!-- This site is optimized with the Yoast SEO plugin v25.9 - https:\/\/yoast.com\/wordpress\/plugins\/seo\/ -->\n<title>D\u00eda internacional de los trabajadores - Noticias Radio Reflejos<\/title>\n<meta name=\"robots\" content=\"index, follow, max-snippet:-1, max-image-preview:large, max-video-preview:-1\" \/>\n<link rel=\"canonical\" href=\"https:\/\/www.noticiasradioreflejos.com.ar\/2021\/dia-internacional-de-los-trabajadores\/\" \/>\n<meta property=\"og:locale\" content=\"es_ES\" \/>\n<meta property=\"og:type\" content=\"article\" \/>\n<meta property=\"og:title\" content=\"D\u00eda internacional de los trabajadores - Noticias Radio Reflejos\" \/>\n<meta property=\"og:description\" content=\"Salutaciones y mensajes enviados a nuestra redacci\u00f3n\" \/>\n<meta property=\"og:url\" content=\"https:\/\/www.noticiasradioreflejos.com.ar\/2021\/dia-internacional-de-los-trabajadores\/\" \/>\n<meta property=\"og:site_name\" content=\"Noticias Radio Reflejos\" \/>\n<meta property=\"article:published_time\" content=\"2022-05-01T14:23:23+00:00\" \/>\n<meta property=\"og:image\" content=\"https:\/\/www.noticiasradioreflejos.com.ar\/2021\/wp-content\/uploads\/2021\/07\/logosol300x200.png\" \/>\n\t<meta property=\"og:image:width\" content=\"300\" \/>\n\t<meta property=\"og:image:height\" content=\"200\" \/>\n\t<meta property=\"og:image:type\" content=\"image\/png\" \/>\n<meta name=\"author\" content=\"Arnaldo Botto\" \/>\n<meta name=\"twitter:card\" content=\"summary_large_image\" \/>\n<script type=\"application\/ld+json\" class=\"yoast-schema-graph\">{\"@context\":\"https:\/\/schema.org\",\"@graph\":[{\"@type\":\"WebPage\",\"@id\":\"https:\/\/www.noticiasradioreflejos.com.ar\/2021\/dia-internacional-de-los-trabajadores\/\",\"url\":\"https:\/\/www.noticiasradioreflejos.com.ar\/2021\/dia-internacional-de-los-trabajadores\/\",\"name\":\"D\u00eda internacional de los trabajadores - Noticias Radio Reflejos\",\"isPartOf\":{\"@id\":\"https:\/\/www.noticiasradioreflejos.com.ar\/2021\/#website\"},\"datePublished\":\"2022-05-01T14:23:23+00:00\",\"author\":{\"@id\":\"https:\/\/www.noticiasradioreflejos.com.ar\/2021\/#\/schema\/person\/ad82545263dcc5ec0996818884fd5fb1\"},\"breadcrumb\":{\"@id\":\"https:\/\/www.noticiasradioreflejos.com.ar\/2021\/dia-internacional-de-los-trabajadores\/#breadcrumb\"},\"inLanguage\":\"es\",\"potentialAction\":[{\"@type\":\"ReadAction\",\"target\":[\"https:\/\/www.noticiasradioreflejos.com.ar\/2021\/dia-internacional-de-los-trabajadores\/\"]}]},{\"@type\":\"BreadcrumbList\",\"@id\":\"https:\/\/www.noticiasradioreflejos.com.ar\/2021\/dia-internacional-de-los-trabajadores\/#breadcrumb\",\"itemListElement\":[{\"@type\":\"ListItem\",\"position\":1,\"name\":\"Portada\",\"item\":\"https:\/\/www.noticiasradioreflejos.com.ar\/2021\/\"},{\"@type\":\"ListItem\",\"position\":2,\"name\":\"D\u00eda internacional de los trabajadores\"}]},{\"@type\":\"WebSite\",\"@id\":\"https:\/\/www.noticiasradioreflejos.com.ar\/2021\/#website\",\"url\":\"https:\/\/www.noticiasradioreflejos.com.ar\/2021\/\",\"name\":\"Noticias Radio Reflejos\",\"description\":\"Las noticias de mi comarca\",\"potentialAction\":[{\"@type\":\"SearchAction\",\"target\":{\"@type\":\"EntryPoint\",\"urlTemplate\":\"https:\/\/www.noticiasradioreflejos.com.ar\/2021\/?s={search_term_string}\"},\"query-input\":{\"@type\":\"PropertyValueSpecification\",\"valueRequired\":true,\"valueName\":\"search_term_string\"}}],\"inLanguage\":\"es\"},{\"@type\":\"Person\",\"@id\":\"https:\/\/www.noticiasradioreflejos.com.ar\/2021\/#\/schema\/person\/ad82545263dcc5ec0996818884fd5fb1\",\"name\":\"Arnaldo Botto\",\"image\":{\"@type\":\"ImageObject\",\"inLanguage\":\"es\",\"@id\":\"https:\/\/www.noticiasradioreflejos.com.ar\/2021\/#\/schema\/person\/image\/\",\"url\":\"https:\/\/secure.gravatar.com\/avatar\/55cb5e37c1efa326397366e6974cb338056df65cb50e7d64d1cf314e87504837?s=96&d=mm&r=g\",\"contentUrl\":\"https:\/\/secure.gravatar.com\/avatar\/55cb5e37c1efa326397366e6974cb338056df65cb50e7d64d1cf314e87504837?s=96&d=mm&r=g\",\"caption\":\"Arnaldo Botto\"},\"url\":\"https:\/\/www.noticiasradioreflejos.com.ar\/2021\/author\/arnaldo\/\"}]}<\/script>\n<!-- \/ Yoast SEO plugin. -->","yoast_head_json":{"title":"D\u00eda internacional de los trabajadores - Noticias Radio Reflejos","robots":{"index":"index","follow":"follow","max-snippet":"max-snippet:-1","max-image-preview":"max-image-preview:large","max-video-preview":"max-video-preview:-1"},"canonical":"https:\/\/www.noticiasradioreflejos.com.ar\/2021\/dia-internacional-de-los-trabajadores\/","og_locale":"es_ES","og_type":"article","og_title":"D\u00eda internacional de los trabajadores - Noticias Radio Reflejos","og_description":"Salutaciones y mensajes enviados a nuestra redacci\u00f3n","og_url":"https:\/\/www.noticiasradioreflejos.com.ar\/2021\/dia-internacional-de-los-trabajadores\/","og_site_name":"Noticias Radio Reflejos","article_published_time":"2022-05-01T14:23:23+00:00","og_image":[{"width":300,"height":200,"url":"https:\/\/www.noticiasradioreflejos.com.ar\/2021\/wp-content\/uploads\/2021\/07\/logosol300x200.png","type":"image\/png"}],"author":"Arnaldo Botto","twitter_card":"summary_large_image","schema":{"@context":"https:\/\/schema.org","@graph":[{"@type":"WebPage","@id":"https:\/\/www.noticiasradioreflejos.com.ar\/2021\/dia-internacional-de-los-trabajadores\/","url":"https:\/\/www.noticiasradioreflejos.com.ar\/2021\/dia-internacional-de-los-trabajadores\/","name":"D\u00eda internacional de los trabajadores - Noticias Radio Reflejos","isPartOf":{"@id":"https:\/\/www.noticiasradioreflejos.com.ar\/2021\/#website"},"datePublished":"2022-05-01T14:23:23+00:00","author":{"@id":"https:\/\/www.noticiasradioreflejos.com.ar\/2021\/#\/schema\/person\/ad82545263dcc5ec0996818884fd5fb1"},"breadcrumb":{"@id":"https:\/\/www.noticiasradioreflejos.com.ar\/2021\/dia-internacional-de-los-trabajadores\/#breadcrumb"},"inLanguage":"es","potentialAction":[{"@type":"ReadAction","target":["https:\/\/www.noticiasradioreflejos.com.ar\/2021\/dia-internacional-de-los-trabajadores\/"]}]},{"@type":"BreadcrumbList","@id":"https:\/\/www.noticiasradioreflejos.com.ar\/2021\/dia-internacional-de-los-trabajadores\/#breadcrumb","itemListElement":[{"@type":"ListItem","position":1,"name":"Portada","item":"https:\/\/www.noticiasradioreflejos.com.ar\/2021\/"},{"@type":"ListItem","position":2,"name":"D\u00eda internacional de los trabajadores"}]},{"@type":"WebSite","@id":"https:\/\/www.noticiasradioreflejos.com.ar\/2021\/#website","url":"https:\/\/www.noticiasradioreflejos.com.ar\/2021\/","name":"Noticias Radio Reflejos","description":"Las noticias de mi comarca","potentialAction":[{"@type":"SearchAction","target":{"@type":"EntryPoint","urlTemplate":"https:\/\/www.noticiasradioreflejos.com.ar\/2021\/?s={search_term_string}"},"query-input":{"@type":"PropertyValueSpecification","valueRequired":true,"valueName":"search_term_string"}}],"inLanguage":"es"},{"@type":"Person","@id":"https:\/\/www.noticiasradioreflejos.com.ar\/2021\/#\/schema\/person\/ad82545263dcc5ec0996818884fd5fb1","name":"Arnaldo Botto","image":{"@type":"ImageObject","inLanguage":"es","@id":"https:\/\/www.noticiasradioreflejos.com.ar\/2021\/#\/schema\/person\/image\/","url":"https:\/\/secure.gravatar.com\/avatar\/55cb5e37c1efa326397366e6974cb338056df65cb50e7d64d1cf314e87504837?s=96&d=mm&r=g","contentUrl":"https:\/\/secure.gravatar.com\/avatar\/55cb5e37c1efa326397366e6974cb338056df65cb50e7d64d1cf314e87504837?s=96&d=mm&r=g","caption":"Arnaldo Botto"},"url":"https:\/\/www.noticiasradioreflejos.com.ar\/2021\/author\/arnaldo\/"}]}},"_links":{"self":[{"href":"https:\/\/www.noticiasradioreflejos.com.ar\/2021\/wp-json\/wp\/v2\/posts\/71363","targetHints":{"allow":["GET"]}}],"collection":[{"href":"https:\/\/www.noticiasradioreflejos.com.ar\/2021\/wp-json\/wp\/v2\/posts"}],"about":[{"href":"https:\/\/www.noticiasradioreflejos.com.ar\/2021\/wp-json\/wp\/v2\/types\/post"}],"author":[{"embeddable":true,"href":"https:\/\/www.noticiasradioreflejos.com.ar\/2021\/wp-json\/wp\/v2\/users\/3"}],"replies":[{"embeddable":true,"href":"https:\/\/www.noticiasradioreflejos.com.ar\/2021\/wp-json\/wp\/v2\/comments?post=71363"}],"version-history":[{"count":1,"href":"https:\/\/www.noticiasradioreflejos.com.ar\/2021\/wp-json\/wp\/v2\/posts\/71363\/revisions"}],"predecessor-version":[{"id":71365,"href":"https:\/\/www.noticiasradioreflejos.com.ar\/2021\/wp-json\/wp\/v2\/posts\/71363\/revisions\/71365"}],"wp:attachment":[{"href":"https:\/\/www.noticiasradioreflejos.com.ar\/2021\/wp-json\/wp\/v2\/media?parent=71363"}],"wp:term":[{"taxonomy":"category","embeddable":true,"href":"https:\/\/www.noticiasradioreflejos.com.ar\/2021\/wp-json\/wp\/v2\/categories?post=71363"},{"taxonomy":"post_tag","embeddable":true,"href":"https:\/\/www.noticiasradioreflejos.com.ar\/2021\/wp-json\/wp\/v2\/tags?post=71363"}],"curies":[{"name":"wp","href":"https:\/\/api.w.org\/{rel}","templated":true}]}}