{"id":71350,"date":"2022-04-30T23:39:12","date_gmt":"2022-04-30T23:39:12","guid":{"rendered":"http:\/\/www.noticiasradioreflejos.com.ar\/2021\/?p=71350"},"modified":"2022-05-01T13:25:28","modified_gmt":"2022-05-01T13:25:28","slug":"este-domingo-se-reabren-todos-los-pasos-fronterizos-terrestres-con-chile","status":"publish","type":"post","link":"https:\/\/www.noticiasradioreflejos.com.ar\/2021\/este-domingo-se-reabren-todos-los-pasos-fronterizos-terrestres-con-chile\/","title":{"rendered":"Este domingo se reabren todos los pasos fronterizos terrestres con Chile"},"content":{"rendered":"<p>Lo inform\u00f3 la Directora Nacional de Migraciones, Florencia Carignano. La medida alcanzar\u00e1 a los 13 puestos que unen ambos pa\u00edses, seg\u00fan una disposici\u00f3n que comienza a regir desde el 1 de mayo.<!--more--><\/p>\n<figure class=\"mb-3\"><img decoding=\"async\" src=\"https:\/\/www.telam.com.ar\/thumbs\/bluesteel\/advf\/imagenes\/2022\/01\/61d48ff0aecc4_900.jpg\" alt=\"Los 13 puestos fronterizos entre Argentina y Chile quedarn habilitados desde este 1 de mayo Foto Archivo\" width=\"100%\" height=\"100%\" \/><\/p>\n<div class=\"media-icons\"><\/div><figcaption>Los 13 puestos fronterizos entre Argentina y Chile quedar\u00e1n habilitados desde este 1 de mayo \/ Foto: Archivo<\/figcaption><\/figure>\n<p>Los pasos fronterizos terrestres entre Argentina y Chile ser\u00e1n reabiertos ma\u00f1ana, tras las restricciones impuestas por la pandemia de coronavirus, inform\u00f3 este s\u00e1bado la Directora Nacional de Migraciones, Florencia Carignano.<\/p>\n<p>\u00abReapertura de pasos chilenos. Chile informa la operatividad de sus pasos fronterizos terrestres con Argentina a partir del 1\u00b0 de mayo\u00bb, inform\u00f3 la funcionaria en su cuenta de Twitter.<\/p>\n<p>Carignano precis\u00f3 que, entre los requisitos de ingreso, figuran: \u00abDNI argentino, pasaporte o c\u00e9dula de identidad chilena, declaraci\u00f3n de ingreso; esquema de vacunaci\u00f3n completo; seguro de salud para extranjeros sin residencia; y se realizar\u00e1 test PCR o de ant\u00edgeno aleatorio en los pasos\u00bb.<\/p>\n<blockquote class=\"twitter-tweet\" data-width=\"500\" data-dnt=\"true\">\n<p lang=\"es\" dir=\"ltr\">\u26a0\ufe0f REAPERTURA DE PASOS CHILENOS \ud83c\udde8\ud83c\uddf1\ud83c\udde6\ud83c\uddf7<\/p>\n<p>Chile informa la operatividad de sus pasos fronterizos terrestres con Argentina a partir del 1\u00b0 de mayo.<\/p>\n<p>A continuaci\u00f3n, todo lo que ten\u00e9s que saber \ud83d\udc47 <a href=\"https:\/\/t.co\/Jpgn9VJpei\">pic.twitter.com\/Jpgn9VJpei<\/a><\/p>\n<p>&mdash; Florencia Carignano (@florcarignanook) <a href=\"https:\/\/twitter.com\/florcarignanook\/status\/1520408354291474433?ref_src=twsrc%5Etfw\">April 30, 2022<\/a><\/p><\/blockquote>\n<p><script async src=\"https:\/\/platform.twitter.com\/widgets.js\" charset=\"utf-8\"><\/script><\/p>\n<p>&#8211;\u00a0<strong>Jama\u00a0<\/strong>comenzar\u00e1 atenci\u00f3n de pasajeros (8 a 19 horas)<\/p>\n<p>&#8211;\u00a0<strong>Sico\u00a0<\/strong>solo atenci\u00f3n de cargas en San Pedro de Atacama (8 a 18 horas)<\/p>\n<p>&#8211;\u00a0<strong>Cristo Redentor\u00a0<\/strong>habilitado para pasajeros desde el 4 de enero (24 horas)<\/p>\n<p>&#8211;\u00a0<strong>Pehuenche\u00a0<\/strong>comenzar\u00e1 atenci\u00f3n de pasajeros (sujeto a condiciones clim\u00e1ticas)<\/p>\n<p>&#8211;\u00a0<strong>Pino Hachado\u00a0<\/strong>comenzar\u00e1 atenci\u00f3n a pasajeros (cargas y buses 8 a 18 horas\/veh\u00edculos 8 a 14 horas)<\/p>\n<p>&#8211;\u00a0<strong>Huahum\u00a0<\/strong>comenzar\u00e1 atenci\u00f3n a pasajeros (8 a 20 horas)<\/p>\n<p>&#8211;\u00a0<strong>Cardenal Samor\u00e9\u00a0<\/strong>comenzar\u00e1 atenci\u00f3n de pasajeros (hoy 9 a 19 horas\/invernal 9 a 18 horas)<\/p>\n<p>&#8211;\u00a0<strong>Futaleuf\u00fa\u00a0<\/strong>habilitado para pasajeros (8 a 20 horas)<\/p>\n<p>&#8211;\u00a0<strong>Huemules\u00a0<\/strong>comenzar\u00e1 atenci\u00f3n de pasajeros (8 a 20 horas)<\/p>\n<p>&#8211;\u00a0<strong>Rio Jeinimeni\u00a0<\/strong>habilitado para pasajeros (8 a 19 horas)<\/p>\n<p>&#8211;\u00a0<strong>Dorotea\u00a0<\/strong>comenzar\u00e1 atenci\u00f3n de pasajeros (buses 8 a 9 horas\/p\u00fablico 9 a 16 horas)<\/p>\n<p>&#8211;\u00a0<strong>Integraci\u00f3n Austral\u00a0<\/strong>habilitado para pasajeros (8 a 22 horas)<\/p>\n<p>&#8211;\u00a0<strong>San Sebasti\u00e1n\u00a0<\/strong>comenzar\u00e1 atenci\u00f3n a pasajeros (ingreso a Chile 8 a 22 horas\/salida de Chile 8 a 17 horas)<\/p>\n<p>Hace tres semanas, el Ministerio de Salud de la Rep\u00fablica de Chile anunci\u00f3 que debido al contexto epidemiol\u00f3gico nacional e internacional donde hubo un descenso de casos y menos contagios de Covid-19, se desarrollaron nuevas medidas para el control de fronteras nacionales que permitir\u00e1n abrir la totalidad los pasos fronterizos terrestres a partir del 1 de mayo.<\/p>\n","protected":false},"excerpt":{"rendered":"<p>Lo inform\u00f3 la Directora Nacional de Migraciones, Florencia Carignano. La medida alcanzar\u00e1 a los 13 puestos que unen ambos pa\u00edses, seg\u00fan una disposici\u00f3n que comienza a regir desde el 1 de mayo.<\/p>\n","protected":false},"author":3,"featured_media":0,"comment_status":"closed","ping_status":"closed","sticky":false,"template":"","format":"standard","meta":{"footnotes":""},"categories":[24,26,33],"tags":[48],"class_list":["post-71350","post","type-post","status-publish","format-standard","hentry","category-politica","category-sociedad","category-turismo","tag-destacada"],"yoast_head":"<!-- This site is optimized with the Yoast SEO plugin v25.9 - https:\/\/yoast.com\/wordpress\/plugins\/seo\/ -->\n<title>Este domingo se reabren todos los pasos fronterizos terrestres con Chile - Noticias Radio Reflejos<\/title>\n<meta name=\"robots\" content=\"index, follow, max-snippet:-1, max-image-preview:large, max-video-preview:-1\" \/>\n<link rel=\"canonical\" href=\"https:\/\/www.noticiasradioreflejos.com.ar\/2021\/este-domingo-se-reabren-todos-los-pasos-fronterizos-terrestres-con-chile\/\" \/>\n<meta property=\"og:locale\" content=\"es_ES\" \/>\n<meta property=\"og:type\" content=\"article\" \/>\n<meta property=\"og:title\" content=\"Este domingo se reabren todos los pasos fronterizos terrestres con Chile - Noticias Radio Reflejos\" \/>\n<meta property=\"og:description\" content=\"Lo inform\u00f3 la Directora Nacional de Migraciones, Florencia Carignano. La medida alcanzar\u00e1 a los 13 puestos que unen ambos pa\u00edses, seg\u00fan una disposici\u00f3n que comienza a regir desde el 1 de mayo.\" \/>\n<meta property=\"og:url\" content=\"https:\/\/www.noticiasradioreflejos.com.ar\/2021\/este-domingo-se-reabren-todos-los-pasos-fronterizos-terrestres-con-chile\/\" \/>\n<meta property=\"og:site_name\" content=\"Noticias Radio Reflejos\" \/>\n<meta property=\"article:published_time\" content=\"2022-04-30T23:39:12+00:00\" \/>\n<meta property=\"article:modified_time\" content=\"2022-05-01T13:25:28+00:00\" \/>\n<meta property=\"og:image\" content=\"https:\/\/www.telam.com.ar\/thumbs\/bluesteel\/advf\/imagenes\/2022\/01\/61d48ff0aecc4_900.jpg\" \/>\n<meta name=\"author\" content=\"Arnaldo Botto\" \/>\n<meta name=\"twitter:card\" content=\"summary_large_image\" \/>\n<script type=\"application\/ld+json\" class=\"yoast-schema-graph\">{\"@context\":\"https:\/\/schema.org\",\"@graph\":[{\"@type\":\"WebPage\",\"@id\":\"https:\/\/www.noticiasradioreflejos.com.ar\/2021\/este-domingo-se-reabren-todos-los-pasos-fronterizos-terrestres-con-chile\/\",\"url\":\"https:\/\/www.noticiasradioreflejos.com.ar\/2021\/este-domingo-se-reabren-todos-los-pasos-fronterizos-terrestres-con-chile\/\",\"name\":\"Este domingo se reabren todos los pasos fronterizos terrestres con Chile - Noticias Radio Reflejos\",\"isPartOf\":{\"@id\":\"https:\/\/www.noticiasradioreflejos.com.ar\/2021\/#website\"},\"primaryImageOfPage\":{\"@id\":\"https:\/\/www.noticiasradioreflejos.com.ar\/2021\/este-domingo-se-reabren-todos-los-pasos-fronterizos-terrestres-con-chile\/#primaryimage\"},\"image\":{\"@id\":\"https:\/\/www.noticiasradioreflejos.com.ar\/2021\/este-domingo-se-reabren-todos-los-pasos-fronterizos-terrestres-con-chile\/#primaryimage\"},\"thumbnailUrl\":\"https:\/\/www.telam.com.ar\/thumbs\/bluesteel\/advf\/imagenes\/2022\/01\/61d48ff0aecc4_900.jpg\",\"datePublished\":\"2022-04-30T23:39:12+00:00\",\"dateModified\":\"2022-05-01T13:25:28+00:00\",\"author\":{\"@id\":\"https:\/\/www.noticiasradioreflejos.com.ar\/2021\/#\/schema\/person\/ad82545263dcc5ec0996818884fd5fb1\"},\"breadcrumb\":{\"@id\":\"https:\/\/www.noticiasradioreflejos.com.ar\/2021\/este-domingo-se-reabren-todos-los-pasos-fronterizos-terrestres-con-chile\/#breadcrumb\"},\"inLanguage\":\"es\",\"potentialAction\":[{\"@type\":\"ReadAction\",\"target\":[\"https:\/\/www.noticiasradioreflejos.com.ar\/2021\/este-domingo-se-reabren-todos-los-pasos-fronterizos-terrestres-con-chile\/\"]}]},{\"@type\":\"ImageObject\",\"inLanguage\":\"es\",\"@id\":\"https:\/\/www.noticiasradioreflejos.com.ar\/2021\/este-domingo-se-reabren-todos-los-pasos-fronterizos-terrestres-con-chile\/#primaryimage\",\"url\":\"https:\/\/www.telam.com.ar\/thumbs\/bluesteel\/advf\/imagenes\/2022\/01\/61d48ff0aecc4_900.jpg\",\"contentUrl\":\"https:\/\/www.telam.com.ar\/thumbs\/bluesteel\/advf\/imagenes\/2022\/01\/61d48ff0aecc4_900.jpg\"},{\"@type\":\"BreadcrumbList\",\"@id\":\"https:\/\/www.noticiasradioreflejos.com.ar\/2021\/este-domingo-se-reabren-todos-los-pasos-fronterizos-terrestres-con-chile\/#breadcrumb\",\"itemListElement\":[{\"@type\":\"ListItem\",\"position\":1,\"name\":\"Portada\",\"item\":\"https:\/\/www.noticiasradioreflejos.com.ar\/2021\/\"},{\"@type\":\"ListItem\",\"position\":2,\"name\":\"Este domingo se reabren todos los pasos fronterizos terrestres con Chile\"}]},{\"@type\":\"WebSite\",\"@id\":\"https:\/\/www.noticiasradioreflejos.com.ar\/2021\/#website\",\"url\":\"https:\/\/www.noticiasradioreflejos.com.ar\/2021\/\",\"name\":\"Noticias Radio Reflejos\",\"description\":\"Las noticias de mi comarca\",\"potentialAction\":[{\"@type\":\"SearchAction\",\"target\":{\"@type\":\"EntryPoint\",\"urlTemplate\":\"https:\/\/www.noticiasradioreflejos.com.ar\/2021\/?s={search_term_string}\"},\"query-input\":{\"@type\":\"PropertyValueSpecification\",\"valueRequired\":true,\"valueName\":\"search_term_string\"}}],\"inLanguage\":\"es\"},{\"@type\":\"Person\",\"@id\":\"https:\/\/www.noticiasradioreflejos.com.ar\/2021\/#\/schema\/person\/ad82545263dcc5ec0996818884fd5fb1\",\"name\":\"Arnaldo Botto\",\"image\":{\"@type\":\"ImageObject\",\"inLanguage\":\"es\",\"@id\":\"https:\/\/www.noticiasradioreflejos.com.ar\/2021\/#\/schema\/person\/image\/\",\"url\":\"https:\/\/secure.gravatar.com\/avatar\/55cb5e37c1efa326397366e6974cb338056df65cb50e7d64d1cf314e87504837?s=96&d=mm&r=g\",\"contentUrl\":\"https:\/\/secure.gravatar.com\/avatar\/55cb5e37c1efa326397366e6974cb338056df65cb50e7d64d1cf314e87504837?s=96&d=mm&r=g\",\"caption\":\"Arnaldo Botto\"},\"url\":\"https:\/\/www.noticiasradioreflejos.com.ar\/2021\/author\/arnaldo\/\"}]}<\/script>\n<!-- \/ Yoast SEO plugin. -->","yoast_head_json":{"title":"Este domingo se reabren todos los pasos fronterizos terrestres con Chile - Noticias Radio Reflejos","robots":{"index":"index","follow":"follow","max-snippet":"max-snippet:-1","max-image-preview":"max-image-preview:large","max-video-preview":"max-video-preview:-1"},"canonical":"https:\/\/www.noticiasradioreflejos.com.ar\/2021\/este-domingo-se-reabren-todos-los-pasos-fronterizos-terrestres-con-chile\/","og_locale":"es_ES","og_type":"article","og_title":"Este domingo se reabren todos los pasos fronterizos terrestres con Chile - Noticias Radio Reflejos","og_description":"Lo inform\u00f3 la Directora Nacional de Migraciones, Florencia Carignano. La medida alcanzar\u00e1 a los 13 puestos que unen ambos pa\u00edses, seg\u00fan una disposici\u00f3n que comienza a regir desde el 1 de mayo.","og_url":"https:\/\/www.noticiasradioreflejos.com.ar\/2021\/este-domingo-se-reabren-todos-los-pasos-fronterizos-terrestres-con-chile\/","og_site_name":"Noticias Radio Reflejos","article_published_time":"2022-04-30T23:39:12+00:00","article_modified_time":"2022-05-01T13:25:28+00:00","og_image":[{"url":"https:\/\/www.telam.com.ar\/thumbs\/bluesteel\/advf\/imagenes\/2022\/01\/61d48ff0aecc4_900.jpg","type":"","width":"","height":""}],"author":"Arnaldo Botto","twitter_card":"summary_large_image","schema":{"@context":"https:\/\/schema.org","@graph":[{"@type":"WebPage","@id":"https:\/\/www.noticiasradioreflejos.com.ar\/2021\/este-domingo-se-reabren-todos-los-pasos-fronterizos-terrestres-con-chile\/","url":"https:\/\/www.noticiasradioreflejos.com.ar\/2021\/este-domingo-se-reabren-todos-los-pasos-fronterizos-terrestres-con-chile\/","name":"Este domingo se reabren todos los pasos fronterizos terrestres con Chile - Noticias Radio Reflejos","isPartOf":{"@id":"https:\/\/www.noticiasradioreflejos.com.ar\/2021\/#website"},"primaryImageOfPage":{"@id":"https:\/\/www.noticiasradioreflejos.com.ar\/2021\/este-domingo-se-reabren-todos-los-pasos-fronterizos-terrestres-con-chile\/#primaryimage"},"image":{"@id":"https:\/\/www.noticiasradioreflejos.com.ar\/2021\/este-domingo-se-reabren-todos-los-pasos-fronterizos-terrestres-con-chile\/#primaryimage"},"thumbnailUrl":"https:\/\/www.telam.com.ar\/thumbs\/bluesteel\/advf\/imagenes\/2022\/01\/61d48ff0aecc4_900.jpg","datePublished":"2022-04-30T23:39:12+00:00","dateModified":"2022-05-01T13:25:28+00:00","author":{"@id":"https:\/\/www.noticiasradioreflejos.com.ar\/2021\/#\/schema\/person\/ad82545263dcc5ec0996818884fd5fb1"},"breadcrumb":{"@id":"https:\/\/www.noticiasradioreflejos.com.ar\/2021\/este-domingo-se-reabren-todos-los-pasos-fronterizos-terrestres-con-chile\/#breadcrumb"},"inLanguage":"es","potentialAction":[{"@type":"ReadAction","target":["https:\/\/www.noticiasradioreflejos.com.ar\/2021\/este-domingo-se-reabren-todos-los-pasos-fronterizos-terrestres-con-chile\/"]}]},{"@type":"ImageObject","inLanguage":"es","@id":"https:\/\/www.noticiasradioreflejos.com.ar\/2021\/este-domingo-se-reabren-todos-los-pasos-fronterizos-terrestres-con-chile\/#primaryimage","url":"https:\/\/www.telam.com.ar\/thumbs\/bluesteel\/advf\/imagenes\/2022\/01\/61d48ff0aecc4_900.jpg","contentUrl":"https:\/\/www.telam.com.ar\/thumbs\/bluesteel\/advf\/imagenes\/2022\/01\/61d48ff0aecc4_900.jpg"},{"@type":"BreadcrumbList","@id":"https:\/\/www.noticiasradioreflejos.com.ar\/2021\/este-domingo-se-reabren-todos-los-pasos-fronterizos-terrestres-con-chile\/#breadcrumb","itemListElement":[{"@type":"ListItem","position":1,"name":"Portada","item":"https:\/\/www.noticiasradioreflejos.com.ar\/2021\/"},{"@type":"ListItem","position":2,"name":"Este domingo se reabren todos los pasos fronterizos terrestres con Chile"}]},{"@type":"WebSite","@id":"https:\/\/www.noticiasradioreflejos.com.ar\/2021\/#website","url":"https:\/\/www.noticiasradioreflejos.com.ar\/2021\/","name":"Noticias Radio Reflejos","description":"Las noticias de mi comarca","potentialAction":[{"@type":"SearchAction","target":{"@type":"EntryPoint","urlTemplate":"https:\/\/www.noticiasradioreflejos.com.ar\/2021\/?s={search_term_string}"},"query-input":{"@type":"PropertyValueSpecification","valueRequired":true,"valueName":"search_term_string"}}],"inLanguage":"es"},{"@type":"Person","@id":"https:\/\/www.noticiasradioreflejos.com.ar\/2021\/#\/schema\/person\/ad82545263dcc5ec0996818884fd5fb1","name":"Arnaldo Botto","image":{"@type":"ImageObject","inLanguage":"es","@id":"https:\/\/www.noticiasradioreflejos.com.ar\/2021\/#\/schema\/person\/image\/","url":"https:\/\/secure.gravatar.com\/avatar\/55cb5e37c1efa326397366e6974cb338056df65cb50e7d64d1cf314e87504837?s=96&d=mm&r=g","contentUrl":"https:\/\/secure.gravatar.com\/avatar\/55cb5e37c1efa326397366e6974cb338056df65cb50e7d64d1cf314e87504837?s=96&d=mm&r=g","caption":"Arnaldo Botto"},"url":"https:\/\/www.noticiasradioreflejos.com.ar\/2021\/author\/arnaldo\/"}]}},"_links":{"self":[{"href":"https:\/\/www.noticiasradioreflejos.com.ar\/2021\/wp-json\/wp\/v2\/posts\/71350","targetHints":{"allow":["GET"]}}],"collection":[{"href":"https:\/\/www.noticiasradioreflejos.com.ar\/2021\/wp-json\/wp\/v2\/posts"}],"about":[{"href":"https:\/\/www.noticiasradioreflejos.com.ar\/2021\/wp-json\/wp\/v2\/types\/post"}],"author":[{"embeddable":true,"href":"https:\/\/www.noticiasradioreflejos.com.ar\/2021\/wp-json\/wp\/v2\/users\/3"}],"replies":[{"embeddable":true,"href":"https:\/\/www.noticiasradioreflejos.com.ar\/2021\/wp-json\/wp\/v2\/comments?post=71350"}],"version-history":[{"count":1,"href":"https:\/\/www.noticiasradioreflejos.com.ar\/2021\/wp-json\/wp\/v2\/posts\/71350\/revisions"}],"predecessor-version":[{"id":71352,"href":"https:\/\/www.noticiasradioreflejos.com.ar\/2021\/wp-json\/wp\/v2\/posts\/71350\/revisions\/71352"}],"wp:attachment":[{"href":"https:\/\/www.noticiasradioreflejos.com.ar\/2021\/wp-json\/wp\/v2\/media?parent=71350"}],"wp:term":[{"taxonomy":"category","embeddable":true,"href":"https:\/\/www.noticiasradioreflejos.com.ar\/2021\/wp-json\/wp\/v2\/categories?post=71350"},{"taxonomy":"post_tag","embeddable":true,"href":"https:\/\/www.noticiasradioreflejos.com.ar\/2021\/wp-json\/wp\/v2\/tags?post=71350"}],"curies":[{"name":"wp","href":"https:\/\/api.w.org\/{rel}","templated":true}]}}