{"id":713,"date":"2016-09-09T15:04:45","date_gmt":"2016-09-09T15:04:45","guid":{"rendered":"http:\/\/noticiasradioreflejos.com.ar\/noticias\/?p=713"},"modified":"2016-09-09T15:04:45","modified_gmt":"2016-09-09T15:04:45","slug":"estudio-de-opinion-publica-intencion-de-voto-pba","status":"publish","type":"post","link":"https:\/\/www.noticiasradioreflejos.com.ar\/2021\/estudio-de-opinion-publica-intencion-de-voto-pba\/","title":{"rendered":"Estudio de Opini\u00f3n P\u00fablica &#8211; Intenci\u00f3n de voto PBA"},"content":{"rendered":"<p>Estudio de Opini\u00f3n P\u00fablica realizado por Arag\u00f3n &amp; Asoc. en el cual se indaga acerca de la intenci\u00f3n de voto para Senador Nacional en la Provincia de Buenos Aires.<!--more--><br \/>\nEl presente informe indaga acerca de la intenci\u00f3n de voto para Senador Nacional en la provincia de Buenos Aires en\u00a0un hipot\u00e9tico escenario de PASO. Cabe aclarar que los datos de este estudio no pretenden indicar el resultado\u00a0electoral sino el posicionamiento actual de lo que hasta el momento parece ser el men\u00fa de pre-candidatos que\u00a0participar\u00edan de esa compulsa.<br \/>\nEste men\u00fa seguramente sufrir\u00e1 inclusiones y exclusiones en los ocho meses que a\u00fan\u00a0faltan para esa elecci\u00f3n.<br \/>\n* El diputado Sergio Massa conserva la misma intenci\u00f3n de voto que registraba en nuestro estudio de fines del mes de\u00a0julio del corriente: 29,5%.<br \/>\n* Un comportamiento similar registra la diputada Margarita Stolbizer, conservando 15,8%.<br \/>\n* Sin embargo, en el estudio de julio no se incluy\u00f3 la figura de Cristina Fern\u00e1ndez de Kirchner y s\u00ed la del ex gobernador\u00a0Daniel Scioli, quien en ese escenario registraba 5,6% junto con Florencio Randazzo, que se encontraba segundo con\u00a016,4%.<br \/>\n* En el escenario del presente estudio la figura de D. Scioli fue sustituida por la de la ex presidente C. F. de Kirchner.<br \/>\nEsta registra 14,2%, sumando los 5,6 puntos de Scioli y haciendo descender a F. Randazzo a 7,2%.<br \/>\n* Considerado por NSE, la composici\u00f3n del voto de S. Massa muestra una mejora a medida que este desciende: NSE\u00a0Alto, 16,7%; NSE medio, 23,6%; NSE Bajo, 33,1%; es decir, la composici\u00f3n t\u00edpica del voto peronista en la provincia, al\u00a0igual que la composici\u00f3n del voto de CFK.<\/p>\n","protected":false},"excerpt":{"rendered":"<p>Estudio de Opini\u00f3n P\u00fablica realizado por Arag\u00f3n &amp; Asoc. en el cual se indaga acerca de la intenci\u00f3n de voto para Senador Nacional en la Provincia de Buenos Aires.<\/p>\n","protected":false},"author":3,"featured_media":0,"comment_status":"closed","ping_status":"open","sticky":false,"template":"","format":"standard","meta":{"footnotes":""},"categories":[24],"tags":[],"class_list":["post-713","post","type-post","status-publish","format-standard","hentry","category-politica"],"yoast_head":"<!-- This site is optimized with the Yoast SEO plugin v25.9 - https:\/\/yoast.com\/wordpress\/plugins\/seo\/ -->\n<title>Estudio de Opini\u00f3n P\u00fablica - Intenci\u00f3n de voto PBA - Noticias Radio Reflejos<\/title>\n<meta name=\"robots\" content=\"index, follow, max-snippet:-1, max-image-preview:large, max-video-preview:-1\" \/>\n<link rel=\"canonical\" href=\"https:\/\/www.noticiasradioreflejos.com.ar\/2021\/estudio-de-opinion-publica-intencion-de-voto-pba\/\" \/>\n<meta property=\"og:locale\" content=\"es_ES\" \/>\n<meta property=\"og:type\" content=\"article\" \/>\n<meta property=\"og:title\" content=\"Estudio de Opini\u00f3n P\u00fablica - Intenci\u00f3n de voto PBA - Noticias Radio Reflejos\" \/>\n<meta property=\"og:description\" content=\"Estudio de Opini\u00f3n P\u00fablica realizado por Arag\u00f3n &amp; Asoc. en el cual se indaga acerca de la intenci\u00f3n de voto para Senador Nacional en la Provincia de Buenos Aires.\" \/>\n<meta property=\"og:url\" content=\"https:\/\/www.noticiasradioreflejos.com.ar\/2021\/estudio-de-opinion-publica-intencion-de-voto-pba\/\" \/>\n<meta property=\"og:site_name\" content=\"Noticias Radio Reflejos\" \/>\n<meta property=\"article:published_time\" content=\"2016-09-09T15:04:45+00:00\" \/>\n<meta property=\"og:image\" content=\"https:\/\/www.noticiasradioreflejos.com.ar\/2021\/wp-content\/uploads\/2021\/07\/logosol300x200.png\" \/>\n\t<meta property=\"og:image:width\" content=\"300\" \/>\n\t<meta property=\"og:image:height\" content=\"200\" \/>\n\t<meta property=\"og:image:type\" content=\"image\/png\" \/>\n<meta name=\"author\" content=\"Arnaldo Botto\" \/>\n<meta name=\"twitter:card\" content=\"summary_large_image\" \/>\n<script type=\"application\/ld+json\" class=\"yoast-schema-graph\">{\"@context\":\"https:\/\/schema.org\",\"@graph\":[{\"@type\":\"WebPage\",\"@id\":\"https:\/\/www.noticiasradioreflejos.com.ar\/2021\/estudio-de-opinion-publica-intencion-de-voto-pba\/\",\"url\":\"https:\/\/www.noticiasradioreflejos.com.ar\/2021\/estudio-de-opinion-publica-intencion-de-voto-pba\/\",\"name\":\"Estudio de Opini\u00f3n P\u00fablica - Intenci\u00f3n de voto PBA - Noticias Radio Reflejos\",\"isPartOf\":{\"@id\":\"https:\/\/www.noticiasradioreflejos.com.ar\/2021\/#website\"},\"datePublished\":\"2016-09-09T15:04:45+00:00\",\"author\":{\"@id\":\"https:\/\/www.noticiasradioreflejos.com.ar\/2021\/#\/schema\/person\/ad82545263dcc5ec0996818884fd5fb1\"},\"breadcrumb\":{\"@id\":\"https:\/\/www.noticiasradioreflejos.com.ar\/2021\/estudio-de-opinion-publica-intencion-de-voto-pba\/#breadcrumb\"},\"inLanguage\":\"es\",\"potentialAction\":[{\"@type\":\"ReadAction\",\"target\":[\"https:\/\/www.noticiasradioreflejos.com.ar\/2021\/estudio-de-opinion-publica-intencion-de-voto-pba\/\"]}]},{\"@type\":\"BreadcrumbList\",\"@id\":\"https:\/\/www.noticiasradioreflejos.com.ar\/2021\/estudio-de-opinion-publica-intencion-de-voto-pba\/#breadcrumb\",\"itemListElement\":[{\"@type\":\"ListItem\",\"position\":1,\"name\":\"Portada\",\"item\":\"https:\/\/www.noticiasradioreflejos.com.ar\/2021\/\"},{\"@type\":\"ListItem\",\"position\":2,\"name\":\"Estudio de Opini\u00f3n P\u00fablica &#8211; Intenci\u00f3n de voto PBA\"}]},{\"@type\":\"WebSite\",\"@id\":\"https:\/\/www.noticiasradioreflejos.com.ar\/2021\/#website\",\"url\":\"https:\/\/www.noticiasradioreflejos.com.ar\/2021\/\",\"name\":\"Noticias Radio Reflejos\",\"description\":\"Las noticias de mi comarca\",\"potentialAction\":[{\"@type\":\"SearchAction\",\"target\":{\"@type\":\"EntryPoint\",\"urlTemplate\":\"https:\/\/www.noticiasradioreflejos.com.ar\/2021\/?s={search_term_string}\"},\"query-input\":{\"@type\":\"PropertyValueSpecification\",\"valueRequired\":true,\"valueName\":\"search_term_string\"}}],\"inLanguage\":\"es\"},{\"@type\":\"Person\",\"@id\":\"https:\/\/www.noticiasradioreflejos.com.ar\/2021\/#\/schema\/person\/ad82545263dcc5ec0996818884fd5fb1\",\"name\":\"Arnaldo Botto\",\"image\":{\"@type\":\"ImageObject\",\"inLanguage\":\"es\",\"@id\":\"https:\/\/www.noticiasradioreflejos.com.ar\/2021\/#\/schema\/person\/image\/\",\"url\":\"https:\/\/secure.gravatar.com\/avatar\/55cb5e37c1efa326397366e6974cb338056df65cb50e7d64d1cf314e87504837?s=96&d=mm&r=g\",\"contentUrl\":\"https:\/\/secure.gravatar.com\/avatar\/55cb5e37c1efa326397366e6974cb338056df65cb50e7d64d1cf314e87504837?s=96&d=mm&r=g\",\"caption\":\"Arnaldo Botto\"},\"url\":\"https:\/\/www.noticiasradioreflejos.com.ar\/2021\/author\/arnaldo\/\"}]}<\/script>\n<!-- \/ Yoast SEO plugin. -->","yoast_head_json":{"title":"Estudio de Opini\u00f3n P\u00fablica - Intenci\u00f3n de voto PBA - Noticias Radio Reflejos","robots":{"index":"index","follow":"follow","max-snippet":"max-snippet:-1","max-image-preview":"max-image-preview:large","max-video-preview":"max-video-preview:-1"},"canonical":"https:\/\/www.noticiasradioreflejos.com.ar\/2021\/estudio-de-opinion-publica-intencion-de-voto-pba\/","og_locale":"es_ES","og_type":"article","og_title":"Estudio de Opini\u00f3n P\u00fablica - Intenci\u00f3n de voto PBA - Noticias Radio Reflejos","og_description":"Estudio de Opini\u00f3n P\u00fablica realizado por Arag\u00f3n &amp; Asoc. en el cual se indaga acerca de la intenci\u00f3n de voto para Senador Nacional en la Provincia de Buenos Aires.","og_url":"https:\/\/www.noticiasradioreflejos.com.ar\/2021\/estudio-de-opinion-publica-intencion-de-voto-pba\/","og_site_name":"Noticias Radio Reflejos","article_published_time":"2016-09-09T15:04:45+00:00","og_image":[{"width":300,"height":200,"url":"https:\/\/www.noticiasradioreflejos.com.ar\/2021\/wp-content\/uploads\/2021\/07\/logosol300x200.png","type":"image\/png"}],"author":"Arnaldo Botto","twitter_card":"summary_large_image","schema":{"@context":"https:\/\/schema.org","@graph":[{"@type":"WebPage","@id":"https:\/\/www.noticiasradioreflejos.com.ar\/2021\/estudio-de-opinion-publica-intencion-de-voto-pba\/","url":"https:\/\/www.noticiasradioreflejos.com.ar\/2021\/estudio-de-opinion-publica-intencion-de-voto-pba\/","name":"Estudio de Opini\u00f3n P\u00fablica - Intenci\u00f3n de voto PBA - Noticias Radio Reflejos","isPartOf":{"@id":"https:\/\/www.noticiasradioreflejos.com.ar\/2021\/#website"},"datePublished":"2016-09-09T15:04:45+00:00","author":{"@id":"https:\/\/www.noticiasradioreflejos.com.ar\/2021\/#\/schema\/person\/ad82545263dcc5ec0996818884fd5fb1"},"breadcrumb":{"@id":"https:\/\/www.noticiasradioreflejos.com.ar\/2021\/estudio-de-opinion-publica-intencion-de-voto-pba\/#breadcrumb"},"inLanguage":"es","potentialAction":[{"@type":"ReadAction","target":["https:\/\/www.noticiasradioreflejos.com.ar\/2021\/estudio-de-opinion-publica-intencion-de-voto-pba\/"]}]},{"@type":"BreadcrumbList","@id":"https:\/\/www.noticiasradioreflejos.com.ar\/2021\/estudio-de-opinion-publica-intencion-de-voto-pba\/#breadcrumb","itemListElement":[{"@type":"ListItem","position":1,"name":"Portada","item":"https:\/\/www.noticiasradioreflejos.com.ar\/2021\/"},{"@type":"ListItem","position":2,"name":"Estudio de Opini\u00f3n P\u00fablica &#8211; Intenci\u00f3n de voto PBA"}]},{"@type":"WebSite","@id":"https:\/\/www.noticiasradioreflejos.com.ar\/2021\/#website","url":"https:\/\/www.noticiasradioreflejos.com.ar\/2021\/","name":"Noticias Radio Reflejos","description":"Las noticias de mi comarca","potentialAction":[{"@type":"SearchAction","target":{"@type":"EntryPoint","urlTemplate":"https:\/\/www.noticiasradioreflejos.com.ar\/2021\/?s={search_term_string}"},"query-input":{"@type":"PropertyValueSpecification","valueRequired":true,"valueName":"search_term_string"}}],"inLanguage":"es"},{"@type":"Person","@id":"https:\/\/www.noticiasradioreflejos.com.ar\/2021\/#\/schema\/person\/ad82545263dcc5ec0996818884fd5fb1","name":"Arnaldo Botto","image":{"@type":"ImageObject","inLanguage":"es","@id":"https:\/\/www.noticiasradioreflejos.com.ar\/2021\/#\/schema\/person\/image\/","url":"https:\/\/secure.gravatar.com\/avatar\/55cb5e37c1efa326397366e6974cb338056df65cb50e7d64d1cf314e87504837?s=96&d=mm&r=g","contentUrl":"https:\/\/secure.gravatar.com\/avatar\/55cb5e37c1efa326397366e6974cb338056df65cb50e7d64d1cf314e87504837?s=96&d=mm&r=g","caption":"Arnaldo Botto"},"url":"https:\/\/www.noticiasradioreflejos.com.ar\/2021\/author\/arnaldo\/"}]}},"_links":{"self":[{"href":"https:\/\/www.noticiasradioreflejos.com.ar\/2021\/wp-json\/wp\/v2\/posts\/713","targetHints":{"allow":["GET"]}}],"collection":[{"href":"https:\/\/www.noticiasradioreflejos.com.ar\/2021\/wp-json\/wp\/v2\/posts"}],"about":[{"href":"https:\/\/www.noticiasradioreflejos.com.ar\/2021\/wp-json\/wp\/v2\/types\/post"}],"author":[{"embeddable":true,"href":"https:\/\/www.noticiasradioreflejos.com.ar\/2021\/wp-json\/wp\/v2\/users\/3"}],"replies":[{"embeddable":true,"href":"https:\/\/www.noticiasradioreflejos.com.ar\/2021\/wp-json\/wp\/v2\/comments?post=713"}],"version-history":[{"count":0,"href":"https:\/\/www.noticiasradioreflejos.com.ar\/2021\/wp-json\/wp\/v2\/posts\/713\/revisions"}],"wp:attachment":[{"href":"https:\/\/www.noticiasradioreflejos.com.ar\/2021\/wp-json\/wp\/v2\/media?parent=713"}],"wp:term":[{"taxonomy":"category","embeddable":true,"href":"https:\/\/www.noticiasradioreflejos.com.ar\/2021\/wp-json\/wp\/v2\/categories?post=713"},{"taxonomy":"post_tag","embeddable":true,"href":"https:\/\/www.noticiasradioreflejos.com.ar\/2021\/wp-json\/wp\/v2\/tags?post=713"}],"curies":[{"name":"wp","href":"https:\/\/api.w.org\/{rel}","templated":true}]}}