{"id":71297,"date":"2022-04-29T17:58:04","date_gmt":"2022-04-29T17:58:04","guid":{"rendered":"http:\/\/www.noticiasradioreflejos.com.ar\/2021\/?p=71297"},"modified":"2022-04-29T17:58:04","modified_gmt":"2022-04-29T17:58:04","slug":"el-radicalismo-va-a-tener-y-tiene-candidato","status":"publish","type":"post","link":"https:\/\/www.noticiasradioreflejos.com.ar\/2021\/el-radicalismo-va-a-tener-y-tiene-candidato\/","title":{"rendered":"\u201cEl radicalismo va a tener y tiene candidato\u201d"},"content":{"rendered":"<p>El concejal Luis Castro de Juntos por el Cambio as\u00ed lo asegur\u00f3, aunque de igual forma reconoci\u00f3 que \u201chay problemas mucho m\u00e1s importantes en la sociedad\u201d que pensar en el 2023.<!--more--><\/p>\n<p>Poco a poco comienzan a asomarse los potenciales candidatos para el 2023. Algunos abiertamente, otros de forma solapada, pero todos ya ponen sus ojos en la campa\u00f1a.<\/p>\n<p>Al respecto el edil de Juntos por el Cambio, Luis Castro, reconoci\u00f3 que \u201cel radicalismo va a tener y tiene candidato. Luego llegar\u00e1 el momento de decir qui\u00e9n es. Pero a nivel local y nacional va a tener candidato y competiremos en las PASO\u201d.<\/p>\n<p>En ese sentido cont\u00f3 que \u201cen el caso de Sebasti\u00e1n Bassi ya lo hab\u00eda anunciado que quer\u00eda competir por la intendencia. Es sano porque para eso sirve la democracia. Es un buen concejal, un buen dirigente pol\u00edtico y un buen vecino. Pero tenemos que ser autocr\u00edticos. A nivel nacional, provincial y local se est\u00e1 hablando mucho del 2023 y las candidaturas, y los vecinos tienen otros problemas y termina siendo hasta chocante. Luego los partidos determinar\u00e1n quienes son los candidatos o si habr\u00e1 PASO, pero hay problemas mucho m\u00e1s importantes en la sociedad\u201d.<\/p>\n<p>En otro pasaje de la entrevista, y retomando el tema de la semana que ha sido la erradicaci\u00f3n de los basurales a cielo abierto, el concejal record\u00f3 que \u201cla solicitud del proyecto se ven\u00eda haciendo hace m\u00e1s de un a\u00f1o. Incluso solicitamos un pedido de informe sobre los avances de ese proyecto. Hubo una respuesta respecto de naci\u00f3n donde dijeron que no hab\u00eda avances. Por eso enviamos una nota pidiendo al \u00e1rea de medio ambiente el proyecto, porque si bien p\u00fablicamente se habl\u00f3 mucho, nosotros no ten\u00edamos nada escrito. Hace un rato elevaron la respuesta a esa nota, y ahora ser\u00e1 tiempo de analizarlo\u201d.<\/p>\n<p>En esa l\u00ednea, asegur\u00f3 que \u201cpara opinar sobre algo ten\u00edamos que saber. No es el proyecto final pero al menos tenemos algo y en base a la informaci\u00f3n que nos suministraron vamos a poder formar opini\u00f3n. Veremos c\u00f3mo va a ir avanzando de aqu\u00ed en adelante\u201d.<\/p>\n<p>Haciendo un an\u00e1lisis, Castro dijo: \u201cel error m\u00e1s grande que tuvo Tornquist respecto al basural, primero fue no trabajar en conjunto entre todos los espacios pol\u00edticos. Siempre fueron promesas de campa\u00f1a o anuncios. Somos optimistas de que no sea un anuncio m\u00e1s y que el proyecto sea positivo para el partido y el medio ambiente, porque el fin no puede justificar los medios\u201d.<\/p>\n<p>Y sobre ese punto enfatiz\u00f3 en que \u201crecibir\u00edamos 90 toneladas de basura por d\u00eda seg\u00fan lo que dijeron ayer el intendente y la directora de medio ambiente. Son cuestiones t\u00e9cnicas que escapan a nosotros, que est\u00e1 bueno que alg\u00fan profesional pueda ver el proyecto\u201d.<\/p>\n<p>Por \u00faltimo admiti\u00f3 que \u201chay que poner prioridades porque si no el estado y la pol\u00edtica nunca terminan resolviendo nada. En el distrito hay prioridades, como la vivienda, y no solo ac\u00e1, sino en la provincia y en el pa\u00eds. Es un problema grande. Hay temas que nos exceden y all\u00ed es donde deben intervenir provincia y naci\u00f3n\u201d.<\/p>\n<p><iframe loading=\"lazy\" width=\"100%\" height=\"166\" scrolling=\"no\" frameborder=\"no\" allow=\"autoplay\" src=\"https:\/\/w.soundcloud.com\/player\/?url=https%3A\/\/api.soundcloud.com\/tracks\/1259316178&#038;color=%23ff5500&#038;auto_play=false&#038;hide_related=false&#038;show_comments=true&#038;show_user=true&#038;show_reposts=false&#038;show_teaser=true\"><\/iframe><\/p>\n<div style=\"font-size: 10px; color: #cccccc;line-break: anywhere;word-break: normal;overflow: hidden;white-space: nowrap;text-overflow: ellipsis; font-family: Interstate,Lucida Grande,Lucida Sans Unicode,Lucida Sans,Garuda,Verdana,Tahoma,sans-serif;font-weight: 100;\"><a href=\"https:\/\/soundcloud.com\/fmreflejos-103-7\" title=\"fmreflejos 103.7\" target=\"_blank\" style=\"color: #cccccc; text-decoration: none;\" rel=\"noopener\">fmreflejos 103.7<\/a> \u00b7 <a href=\"https:\/\/soundcloud.com\/fmreflejos-103-7\/luis-castro-10\" title=\"Luis Castro\" target=\"_blank\" style=\"color: #cccccc; text-decoration: none;\" rel=\"noopener\">Luis Castro<\/a><\/div>\n","protected":false},"excerpt":{"rendered":"<p>El concejal Luis Castro de Juntos por el Cambio as\u00ed lo asegur\u00f3, aunque de igual forma reconoci\u00f3 que \u201chay problemas mucho m\u00e1s importantes en la sociedad\u201d que pensar en el 2023.<\/p>\n","protected":false},"author":3,"featured_media":0,"comment_status":"closed","ping_status":"closed","sticky":false,"template":"","format":"standard","meta":{"footnotes":""},"categories":[24],"tags":[48],"class_list":["post-71297","post","type-post","status-publish","format-standard","hentry","category-politica","tag-destacada"],"yoast_head":"<!-- This site is optimized with the Yoast SEO plugin v25.9 - https:\/\/yoast.com\/wordpress\/plugins\/seo\/ -->\n<title>\u201cEl radicalismo va a tener y tiene candidato\u201d - Noticias Radio Reflejos<\/title>\n<meta name=\"robots\" content=\"index, follow, max-snippet:-1, max-image-preview:large, max-video-preview:-1\" \/>\n<link rel=\"canonical\" href=\"https:\/\/www.noticiasradioreflejos.com.ar\/2021\/el-radicalismo-va-a-tener-y-tiene-candidato\/\" \/>\n<meta property=\"og:locale\" content=\"es_ES\" \/>\n<meta property=\"og:type\" content=\"article\" \/>\n<meta property=\"og:title\" content=\"\u201cEl radicalismo va a tener y tiene candidato\u201d - Noticias Radio Reflejos\" \/>\n<meta property=\"og:description\" content=\"El concejal Luis Castro de Juntos por el Cambio as\u00ed lo asegur\u00f3, aunque de igual forma reconoci\u00f3 que \u201chay problemas mucho m\u00e1s importantes en la sociedad\u201d que pensar en el 2023.\" \/>\n<meta property=\"og:url\" content=\"https:\/\/www.noticiasradioreflejos.com.ar\/2021\/el-radicalismo-va-a-tener-y-tiene-candidato\/\" \/>\n<meta property=\"og:site_name\" content=\"Noticias Radio Reflejos\" \/>\n<meta property=\"article:published_time\" content=\"2022-04-29T17:58:04+00:00\" \/>\n<meta property=\"og:image\" content=\"https:\/\/www.noticiasradioreflejos.com.ar\/2021\/wp-content\/uploads\/2021\/07\/logosol300x200.png\" \/>\n\t<meta property=\"og:image:width\" content=\"300\" \/>\n\t<meta property=\"og:image:height\" content=\"200\" \/>\n\t<meta property=\"og:image:type\" content=\"image\/png\" \/>\n<meta name=\"author\" content=\"Arnaldo Botto\" \/>\n<meta name=\"twitter:card\" content=\"summary_large_image\" \/>\n<script type=\"application\/ld+json\" class=\"yoast-schema-graph\">{\"@context\":\"https:\/\/schema.org\",\"@graph\":[{\"@type\":\"WebPage\",\"@id\":\"https:\/\/www.noticiasradioreflejos.com.ar\/2021\/el-radicalismo-va-a-tener-y-tiene-candidato\/\",\"url\":\"https:\/\/www.noticiasradioreflejos.com.ar\/2021\/el-radicalismo-va-a-tener-y-tiene-candidato\/\",\"name\":\"\u201cEl radicalismo va a tener y tiene candidato\u201d - Noticias Radio Reflejos\",\"isPartOf\":{\"@id\":\"https:\/\/www.noticiasradioreflejos.com.ar\/2021\/#website\"},\"datePublished\":\"2022-04-29T17:58:04+00:00\",\"author\":{\"@id\":\"https:\/\/www.noticiasradioreflejos.com.ar\/2021\/#\/schema\/person\/ad82545263dcc5ec0996818884fd5fb1\"},\"breadcrumb\":{\"@id\":\"https:\/\/www.noticiasradioreflejos.com.ar\/2021\/el-radicalismo-va-a-tener-y-tiene-candidato\/#breadcrumb\"},\"inLanguage\":\"es\",\"potentialAction\":[{\"@type\":\"ReadAction\",\"target\":[\"https:\/\/www.noticiasradioreflejos.com.ar\/2021\/el-radicalismo-va-a-tener-y-tiene-candidato\/\"]}]},{\"@type\":\"BreadcrumbList\",\"@id\":\"https:\/\/www.noticiasradioreflejos.com.ar\/2021\/el-radicalismo-va-a-tener-y-tiene-candidato\/#breadcrumb\",\"itemListElement\":[{\"@type\":\"ListItem\",\"position\":1,\"name\":\"Portada\",\"item\":\"https:\/\/www.noticiasradioreflejos.com.ar\/2021\/\"},{\"@type\":\"ListItem\",\"position\":2,\"name\":\"\u201cEl radicalismo va a tener y tiene candidato\u201d\"}]},{\"@type\":\"WebSite\",\"@id\":\"https:\/\/www.noticiasradioreflejos.com.ar\/2021\/#website\",\"url\":\"https:\/\/www.noticiasradioreflejos.com.ar\/2021\/\",\"name\":\"Noticias Radio Reflejos\",\"description\":\"Las noticias de mi comarca\",\"potentialAction\":[{\"@type\":\"SearchAction\",\"target\":{\"@type\":\"EntryPoint\",\"urlTemplate\":\"https:\/\/www.noticiasradioreflejos.com.ar\/2021\/?s={search_term_string}\"},\"query-input\":{\"@type\":\"PropertyValueSpecification\",\"valueRequired\":true,\"valueName\":\"search_term_string\"}}],\"inLanguage\":\"es\"},{\"@type\":\"Person\",\"@id\":\"https:\/\/www.noticiasradioreflejos.com.ar\/2021\/#\/schema\/person\/ad82545263dcc5ec0996818884fd5fb1\",\"name\":\"Arnaldo Botto\",\"image\":{\"@type\":\"ImageObject\",\"inLanguage\":\"es\",\"@id\":\"https:\/\/www.noticiasradioreflejos.com.ar\/2021\/#\/schema\/person\/image\/\",\"url\":\"https:\/\/secure.gravatar.com\/avatar\/55cb5e37c1efa326397366e6974cb338056df65cb50e7d64d1cf314e87504837?s=96&d=mm&r=g\",\"contentUrl\":\"https:\/\/secure.gravatar.com\/avatar\/55cb5e37c1efa326397366e6974cb338056df65cb50e7d64d1cf314e87504837?s=96&d=mm&r=g\",\"caption\":\"Arnaldo Botto\"},\"url\":\"https:\/\/www.noticiasradioreflejos.com.ar\/2021\/author\/arnaldo\/\"}]}<\/script>\n<!-- \/ Yoast SEO plugin. -->","yoast_head_json":{"title":"\u201cEl radicalismo va a tener y tiene candidato\u201d - Noticias Radio Reflejos","robots":{"index":"index","follow":"follow","max-snippet":"max-snippet:-1","max-image-preview":"max-image-preview:large","max-video-preview":"max-video-preview:-1"},"canonical":"https:\/\/www.noticiasradioreflejos.com.ar\/2021\/el-radicalismo-va-a-tener-y-tiene-candidato\/","og_locale":"es_ES","og_type":"article","og_title":"\u201cEl radicalismo va a tener y tiene candidato\u201d - Noticias Radio Reflejos","og_description":"El concejal Luis Castro de Juntos por el Cambio as\u00ed lo asegur\u00f3, aunque de igual forma reconoci\u00f3 que \u201chay problemas mucho m\u00e1s importantes en la sociedad\u201d que pensar en el 2023.","og_url":"https:\/\/www.noticiasradioreflejos.com.ar\/2021\/el-radicalismo-va-a-tener-y-tiene-candidato\/","og_site_name":"Noticias Radio Reflejos","article_published_time":"2022-04-29T17:58:04+00:00","og_image":[{"width":300,"height":200,"url":"https:\/\/www.noticiasradioreflejos.com.ar\/2021\/wp-content\/uploads\/2021\/07\/logosol300x200.png","type":"image\/png"}],"author":"Arnaldo Botto","twitter_card":"summary_large_image","schema":{"@context":"https:\/\/schema.org","@graph":[{"@type":"WebPage","@id":"https:\/\/www.noticiasradioreflejos.com.ar\/2021\/el-radicalismo-va-a-tener-y-tiene-candidato\/","url":"https:\/\/www.noticiasradioreflejos.com.ar\/2021\/el-radicalismo-va-a-tener-y-tiene-candidato\/","name":"\u201cEl radicalismo va a tener y tiene candidato\u201d - Noticias Radio Reflejos","isPartOf":{"@id":"https:\/\/www.noticiasradioreflejos.com.ar\/2021\/#website"},"datePublished":"2022-04-29T17:58:04+00:00","author":{"@id":"https:\/\/www.noticiasradioreflejos.com.ar\/2021\/#\/schema\/person\/ad82545263dcc5ec0996818884fd5fb1"},"breadcrumb":{"@id":"https:\/\/www.noticiasradioreflejos.com.ar\/2021\/el-radicalismo-va-a-tener-y-tiene-candidato\/#breadcrumb"},"inLanguage":"es","potentialAction":[{"@type":"ReadAction","target":["https:\/\/www.noticiasradioreflejos.com.ar\/2021\/el-radicalismo-va-a-tener-y-tiene-candidato\/"]}]},{"@type":"BreadcrumbList","@id":"https:\/\/www.noticiasradioreflejos.com.ar\/2021\/el-radicalismo-va-a-tener-y-tiene-candidato\/#breadcrumb","itemListElement":[{"@type":"ListItem","position":1,"name":"Portada","item":"https:\/\/www.noticiasradioreflejos.com.ar\/2021\/"},{"@type":"ListItem","position":2,"name":"\u201cEl radicalismo va a tener y tiene candidato\u201d"}]},{"@type":"WebSite","@id":"https:\/\/www.noticiasradioreflejos.com.ar\/2021\/#website","url":"https:\/\/www.noticiasradioreflejos.com.ar\/2021\/","name":"Noticias Radio Reflejos","description":"Las noticias de mi comarca","potentialAction":[{"@type":"SearchAction","target":{"@type":"EntryPoint","urlTemplate":"https:\/\/www.noticiasradioreflejos.com.ar\/2021\/?s={search_term_string}"},"query-input":{"@type":"PropertyValueSpecification","valueRequired":true,"valueName":"search_term_string"}}],"inLanguage":"es"},{"@type":"Person","@id":"https:\/\/www.noticiasradioreflejos.com.ar\/2021\/#\/schema\/person\/ad82545263dcc5ec0996818884fd5fb1","name":"Arnaldo Botto","image":{"@type":"ImageObject","inLanguage":"es","@id":"https:\/\/www.noticiasradioreflejos.com.ar\/2021\/#\/schema\/person\/image\/","url":"https:\/\/secure.gravatar.com\/avatar\/55cb5e37c1efa326397366e6974cb338056df65cb50e7d64d1cf314e87504837?s=96&d=mm&r=g","contentUrl":"https:\/\/secure.gravatar.com\/avatar\/55cb5e37c1efa326397366e6974cb338056df65cb50e7d64d1cf314e87504837?s=96&d=mm&r=g","caption":"Arnaldo Botto"},"url":"https:\/\/www.noticiasradioreflejos.com.ar\/2021\/author\/arnaldo\/"}]}},"_links":{"self":[{"href":"https:\/\/www.noticiasradioreflejos.com.ar\/2021\/wp-json\/wp\/v2\/posts\/71297","targetHints":{"allow":["GET"]}}],"collection":[{"href":"https:\/\/www.noticiasradioreflejos.com.ar\/2021\/wp-json\/wp\/v2\/posts"}],"about":[{"href":"https:\/\/www.noticiasradioreflejos.com.ar\/2021\/wp-json\/wp\/v2\/types\/post"}],"author":[{"embeddable":true,"href":"https:\/\/www.noticiasradioreflejos.com.ar\/2021\/wp-json\/wp\/v2\/users\/3"}],"replies":[{"embeddable":true,"href":"https:\/\/www.noticiasradioreflejos.com.ar\/2021\/wp-json\/wp\/v2\/comments?post=71297"}],"version-history":[{"count":2,"href":"https:\/\/www.noticiasradioreflejos.com.ar\/2021\/wp-json\/wp\/v2\/posts\/71297\/revisions"}],"predecessor-version":[{"id":71303,"href":"https:\/\/www.noticiasradioreflejos.com.ar\/2021\/wp-json\/wp\/v2\/posts\/71297\/revisions\/71303"}],"wp:attachment":[{"href":"https:\/\/www.noticiasradioreflejos.com.ar\/2021\/wp-json\/wp\/v2\/media?parent=71297"}],"wp:term":[{"taxonomy":"category","embeddable":true,"href":"https:\/\/www.noticiasradioreflejos.com.ar\/2021\/wp-json\/wp\/v2\/categories?post=71297"},{"taxonomy":"post_tag","embeddable":true,"href":"https:\/\/www.noticiasradioreflejos.com.ar\/2021\/wp-json\/wp\/v2\/tags?post=71297"}],"curies":[{"name":"wp","href":"https:\/\/api.w.org\/{rel}","templated":true}]}}