{"id":71249,"date":"2022-04-28T18:13:01","date_gmt":"2022-04-28T18:13:01","guid":{"rendered":"http:\/\/www.noticiasradioreflejos.com.ar\/2021\/?p=71249"},"modified":"2022-04-29T00:41:55","modified_gmt":"2022-04-29T00:41:55","slug":"sierra-de-la-ventana-una-moto-choco-contra-un-automovil","status":"publish","type":"post","link":"https:\/\/www.noticiasradioreflejos.com.ar\/2021\/sierra-de-la-ventana-una-moto-choco-contra-un-automovil\/","title":{"rendered":"Sierra de la Ventana: Una moto choc\u00f3 contra un autom\u00f3vil"},"content":{"rendered":"<p>El hecho ocurri\u00f3 a las 14,40 de este jueves 28 de abril, el conductor de la moto se encuentra en el Hospital menor \u00abDr. Aldaya\u00bb.<!--more-->Una motocicleta \u00a0que circulaba en direcci\u00f3n al norte por la Av. San Mart\u00edn impact\u00f3 contra un autom\u00f3vil marca Fiat\u00a0 en la esquina G\u00fcemes de Sierra de la Ventana.<\/p>\n<p><a title=\"WhatsApp Image 2022-04-28 at 2.58.58 PM (1)\" href=\"https:\/\/www.flickr.com\/photos\/182279889@N02\/52036266988\/in\/dateposted-public\/\" data-flickr-embed=\"true\" data-header=\"true\"><img loading=\"lazy\" decoding=\"async\" src=\"https:\/\/live.staticflickr.com\/65535\/52036266988_bc3eed5b4a_o.jpg\" alt=\"WhatsApp Image 2022-04-28 at 2.58.58 PM (1)\" width=\"1032\" height=\"581\" \/><\/a><script async src=\"\/\/embedr.flickr.com\/assets\/client-code.js\" charset=\"utf-8\"><\/script><\/p>\n<p>El\u00a0 auto un\u00a0 Fiat Uno dominio KFG 748 al mando de Jorge SOLIS (42) circulaba por la rotonda cuando una\u00a0 moto Yamaha Cripton dominio 586HNI al mando de Nicolas DOS SANTOS (20) que\u00a0 transitaba\u00a0 desde las v\u00edas hacia YPF lo impacta.<\/p>\n<p>El conductor del veh\u00edculo menor fue hospitalizado para mayores controles aunque sin heridas de consideraci\u00f3n.<\/p>\n<p>Intervienen Polic\u00eda, personal de salud\u00a0 y bomberos de la localidad.<\/p>\n<p>&nbsp;<\/p>\n<p><a title=\"WhatsApp Image 2022-04-28 at 2.59.00 PM\" href=\"https:\/\/www.flickr.com\/photos\/182279889@N02\/52036736935\/in\/dateposted-public\/\" data-flickr-embed=\"true\" data-header=\"true\"><img loading=\"lazy\" decoding=\"async\" src=\"https:\/\/live.staticflickr.com\/65535\/52036736935_3fc08eaa5e_c.jpg\" alt=\"WhatsApp Image 2022-04-28 at 2.59.00 PM\" width=\"800\" height=\"450\" \/><\/a><script async src=\"\/\/embedr.flickr.com\/assets\/client-code.js\" charset=\"utf-8\"><\/script><br \/>\n<strong><br \/>\n<\/strong><\/p>\n","protected":false},"excerpt":{"rendered":"<p>El hecho ocurri\u00f3 a las 14,40 de este jueves 28 de abril, el conductor de la moto se encuentra en el Hospital menor \u00abDr. Aldaya\u00bb.<\/p>\n","protected":false},"author":3,"featured_media":0,"comment_status":"closed","ping_status":"closed","sticky":false,"template":"","format":"standard","meta":{"footnotes":""},"categories":[29,26],"tags":[48],"class_list":["post-71249","post","type-post","status-publish","format-standard","hentry","category-policiales","category-sociedad","tag-destacada"],"yoast_head":"<!-- This site is optimized with the Yoast SEO plugin v25.9 - https:\/\/yoast.com\/wordpress\/plugins\/seo\/ -->\n<title>Sierra de la Ventana: Una moto choc\u00f3 contra un autom\u00f3vil - Noticias Radio Reflejos<\/title>\n<meta name=\"robots\" content=\"index, follow, max-snippet:-1, max-image-preview:large, max-video-preview:-1\" \/>\n<link rel=\"canonical\" href=\"https:\/\/www.noticiasradioreflejos.com.ar\/2021\/sierra-de-la-ventana-una-moto-choco-contra-un-automovil\/\" \/>\n<meta property=\"og:locale\" content=\"es_ES\" \/>\n<meta property=\"og:type\" content=\"article\" \/>\n<meta property=\"og:title\" content=\"Sierra de la Ventana: Una moto choc\u00f3 contra un autom\u00f3vil - Noticias Radio Reflejos\" \/>\n<meta property=\"og:description\" content=\"El hecho ocurri\u00f3 a las 14,40 de este jueves 28 de abril, el conductor de la moto se encuentra en el Hospital menor \u00abDr. Aldaya\u00bb.\" \/>\n<meta property=\"og:url\" content=\"https:\/\/www.noticiasradioreflejos.com.ar\/2021\/sierra-de-la-ventana-una-moto-choco-contra-un-automovil\/\" \/>\n<meta property=\"og:site_name\" content=\"Noticias Radio Reflejos\" \/>\n<meta property=\"article:published_time\" content=\"2022-04-28T18:13:01+00:00\" \/>\n<meta property=\"article:modified_time\" content=\"2022-04-29T00:41:55+00:00\" \/>\n<meta property=\"og:image\" content=\"https:\/\/live.staticflickr.com\/65535\/52036266988_bc3eed5b4a_o.jpg\" \/>\n<meta name=\"author\" content=\"Arnaldo Botto\" \/>\n<meta name=\"twitter:card\" content=\"summary_large_image\" \/>\n<script type=\"application\/ld+json\" class=\"yoast-schema-graph\">{\"@context\":\"https:\/\/schema.org\",\"@graph\":[{\"@type\":\"WebPage\",\"@id\":\"https:\/\/www.noticiasradioreflejos.com.ar\/2021\/sierra-de-la-ventana-una-moto-choco-contra-un-automovil\/\",\"url\":\"https:\/\/www.noticiasradioreflejos.com.ar\/2021\/sierra-de-la-ventana-una-moto-choco-contra-un-automovil\/\",\"name\":\"Sierra de la Ventana: Una moto choc\u00f3 contra un autom\u00f3vil - Noticias Radio Reflejos\",\"isPartOf\":{\"@id\":\"https:\/\/www.noticiasradioreflejos.com.ar\/2021\/#website\"},\"primaryImageOfPage\":{\"@id\":\"https:\/\/www.noticiasradioreflejos.com.ar\/2021\/sierra-de-la-ventana-una-moto-choco-contra-un-automovil\/#primaryimage\"},\"image\":{\"@id\":\"https:\/\/www.noticiasradioreflejos.com.ar\/2021\/sierra-de-la-ventana-una-moto-choco-contra-un-automovil\/#primaryimage\"},\"thumbnailUrl\":\"https:\/\/live.staticflickr.com\/65535\/52036266988_bc3eed5b4a_o.jpg\",\"datePublished\":\"2022-04-28T18:13:01+00:00\",\"dateModified\":\"2022-04-29T00:41:55+00:00\",\"author\":{\"@id\":\"https:\/\/www.noticiasradioreflejos.com.ar\/2021\/#\/schema\/person\/ad82545263dcc5ec0996818884fd5fb1\"},\"breadcrumb\":{\"@id\":\"https:\/\/www.noticiasradioreflejos.com.ar\/2021\/sierra-de-la-ventana-una-moto-choco-contra-un-automovil\/#breadcrumb\"},\"inLanguage\":\"es\",\"potentialAction\":[{\"@type\":\"ReadAction\",\"target\":[\"https:\/\/www.noticiasradioreflejos.com.ar\/2021\/sierra-de-la-ventana-una-moto-choco-contra-un-automovil\/\"]}]},{\"@type\":\"ImageObject\",\"inLanguage\":\"es\",\"@id\":\"https:\/\/www.noticiasradioreflejos.com.ar\/2021\/sierra-de-la-ventana-una-moto-choco-contra-un-automovil\/#primaryimage\",\"url\":\"https:\/\/live.staticflickr.com\/65535\/52036266988_bc3eed5b4a_o.jpg\",\"contentUrl\":\"https:\/\/live.staticflickr.com\/65535\/52036266988_bc3eed5b4a_o.jpg\"},{\"@type\":\"BreadcrumbList\",\"@id\":\"https:\/\/www.noticiasradioreflejos.com.ar\/2021\/sierra-de-la-ventana-una-moto-choco-contra-un-automovil\/#breadcrumb\",\"itemListElement\":[{\"@type\":\"ListItem\",\"position\":1,\"name\":\"Portada\",\"item\":\"https:\/\/www.noticiasradioreflejos.com.ar\/2021\/\"},{\"@type\":\"ListItem\",\"position\":2,\"name\":\"Sierra de la Ventana: Una moto choc\u00f3 contra un autom\u00f3vil\"}]},{\"@type\":\"WebSite\",\"@id\":\"https:\/\/www.noticiasradioreflejos.com.ar\/2021\/#website\",\"url\":\"https:\/\/www.noticiasradioreflejos.com.ar\/2021\/\",\"name\":\"Noticias Radio Reflejos\",\"description\":\"Las noticias de mi comarca\",\"potentialAction\":[{\"@type\":\"SearchAction\",\"target\":{\"@type\":\"EntryPoint\",\"urlTemplate\":\"https:\/\/www.noticiasradioreflejos.com.ar\/2021\/?s={search_term_string}\"},\"query-input\":{\"@type\":\"PropertyValueSpecification\",\"valueRequired\":true,\"valueName\":\"search_term_string\"}}],\"inLanguage\":\"es\"},{\"@type\":\"Person\",\"@id\":\"https:\/\/www.noticiasradioreflejos.com.ar\/2021\/#\/schema\/person\/ad82545263dcc5ec0996818884fd5fb1\",\"name\":\"Arnaldo Botto\",\"image\":{\"@type\":\"ImageObject\",\"inLanguage\":\"es\",\"@id\":\"https:\/\/www.noticiasradioreflejos.com.ar\/2021\/#\/schema\/person\/image\/\",\"url\":\"https:\/\/secure.gravatar.com\/avatar\/55cb5e37c1efa326397366e6974cb338056df65cb50e7d64d1cf314e87504837?s=96&d=mm&r=g\",\"contentUrl\":\"https:\/\/secure.gravatar.com\/avatar\/55cb5e37c1efa326397366e6974cb338056df65cb50e7d64d1cf314e87504837?s=96&d=mm&r=g\",\"caption\":\"Arnaldo Botto\"},\"url\":\"https:\/\/www.noticiasradioreflejos.com.ar\/2021\/author\/arnaldo\/\"}]}<\/script>\n<!-- \/ Yoast SEO plugin. -->","yoast_head_json":{"title":"Sierra de la Ventana: Una moto choc\u00f3 contra un autom\u00f3vil - Noticias Radio Reflejos","robots":{"index":"index","follow":"follow","max-snippet":"max-snippet:-1","max-image-preview":"max-image-preview:large","max-video-preview":"max-video-preview:-1"},"canonical":"https:\/\/www.noticiasradioreflejos.com.ar\/2021\/sierra-de-la-ventana-una-moto-choco-contra-un-automovil\/","og_locale":"es_ES","og_type":"article","og_title":"Sierra de la Ventana: Una moto choc\u00f3 contra un autom\u00f3vil - Noticias Radio Reflejos","og_description":"El hecho ocurri\u00f3 a las 14,40 de este jueves 28 de abril, el conductor de la moto se encuentra en el Hospital menor \u00abDr. Aldaya\u00bb.","og_url":"https:\/\/www.noticiasradioreflejos.com.ar\/2021\/sierra-de-la-ventana-una-moto-choco-contra-un-automovil\/","og_site_name":"Noticias Radio Reflejos","article_published_time":"2022-04-28T18:13:01+00:00","article_modified_time":"2022-04-29T00:41:55+00:00","og_image":[{"url":"https:\/\/live.staticflickr.com\/65535\/52036266988_bc3eed5b4a_o.jpg","type":"","width":"","height":""}],"author":"Arnaldo Botto","twitter_card":"summary_large_image","schema":{"@context":"https:\/\/schema.org","@graph":[{"@type":"WebPage","@id":"https:\/\/www.noticiasradioreflejos.com.ar\/2021\/sierra-de-la-ventana-una-moto-choco-contra-un-automovil\/","url":"https:\/\/www.noticiasradioreflejos.com.ar\/2021\/sierra-de-la-ventana-una-moto-choco-contra-un-automovil\/","name":"Sierra de la Ventana: Una moto choc\u00f3 contra un autom\u00f3vil - Noticias Radio Reflejos","isPartOf":{"@id":"https:\/\/www.noticiasradioreflejos.com.ar\/2021\/#website"},"primaryImageOfPage":{"@id":"https:\/\/www.noticiasradioreflejos.com.ar\/2021\/sierra-de-la-ventana-una-moto-choco-contra-un-automovil\/#primaryimage"},"image":{"@id":"https:\/\/www.noticiasradioreflejos.com.ar\/2021\/sierra-de-la-ventana-una-moto-choco-contra-un-automovil\/#primaryimage"},"thumbnailUrl":"https:\/\/live.staticflickr.com\/65535\/52036266988_bc3eed5b4a_o.jpg","datePublished":"2022-04-28T18:13:01+00:00","dateModified":"2022-04-29T00:41:55+00:00","author":{"@id":"https:\/\/www.noticiasradioreflejos.com.ar\/2021\/#\/schema\/person\/ad82545263dcc5ec0996818884fd5fb1"},"breadcrumb":{"@id":"https:\/\/www.noticiasradioreflejos.com.ar\/2021\/sierra-de-la-ventana-una-moto-choco-contra-un-automovil\/#breadcrumb"},"inLanguage":"es","potentialAction":[{"@type":"ReadAction","target":["https:\/\/www.noticiasradioreflejos.com.ar\/2021\/sierra-de-la-ventana-una-moto-choco-contra-un-automovil\/"]}]},{"@type":"ImageObject","inLanguage":"es","@id":"https:\/\/www.noticiasradioreflejos.com.ar\/2021\/sierra-de-la-ventana-una-moto-choco-contra-un-automovil\/#primaryimage","url":"https:\/\/live.staticflickr.com\/65535\/52036266988_bc3eed5b4a_o.jpg","contentUrl":"https:\/\/live.staticflickr.com\/65535\/52036266988_bc3eed5b4a_o.jpg"},{"@type":"BreadcrumbList","@id":"https:\/\/www.noticiasradioreflejos.com.ar\/2021\/sierra-de-la-ventana-una-moto-choco-contra-un-automovil\/#breadcrumb","itemListElement":[{"@type":"ListItem","position":1,"name":"Portada","item":"https:\/\/www.noticiasradioreflejos.com.ar\/2021\/"},{"@type":"ListItem","position":2,"name":"Sierra de la Ventana: Una moto choc\u00f3 contra un autom\u00f3vil"}]},{"@type":"WebSite","@id":"https:\/\/www.noticiasradioreflejos.com.ar\/2021\/#website","url":"https:\/\/www.noticiasradioreflejos.com.ar\/2021\/","name":"Noticias Radio Reflejos","description":"Las noticias de mi comarca","potentialAction":[{"@type":"SearchAction","target":{"@type":"EntryPoint","urlTemplate":"https:\/\/www.noticiasradioreflejos.com.ar\/2021\/?s={search_term_string}"},"query-input":{"@type":"PropertyValueSpecification","valueRequired":true,"valueName":"search_term_string"}}],"inLanguage":"es"},{"@type":"Person","@id":"https:\/\/www.noticiasradioreflejos.com.ar\/2021\/#\/schema\/person\/ad82545263dcc5ec0996818884fd5fb1","name":"Arnaldo Botto","image":{"@type":"ImageObject","inLanguage":"es","@id":"https:\/\/www.noticiasradioreflejos.com.ar\/2021\/#\/schema\/person\/image\/","url":"https:\/\/secure.gravatar.com\/avatar\/55cb5e37c1efa326397366e6974cb338056df65cb50e7d64d1cf314e87504837?s=96&d=mm&r=g","contentUrl":"https:\/\/secure.gravatar.com\/avatar\/55cb5e37c1efa326397366e6974cb338056df65cb50e7d64d1cf314e87504837?s=96&d=mm&r=g","caption":"Arnaldo Botto"},"url":"https:\/\/www.noticiasradioreflejos.com.ar\/2021\/author\/arnaldo\/"}]}},"_links":{"self":[{"href":"https:\/\/www.noticiasradioreflejos.com.ar\/2021\/wp-json\/wp\/v2\/posts\/71249","targetHints":{"allow":["GET"]}}],"collection":[{"href":"https:\/\/www.noticiasradioreflejos.com.ar\/2021\/wp-json\/wp\/v2\/posts"}],"about":[{"href":"https:\/\/www.noticiasradioreflejos.com.ar\/2021\/wp-json\/wp\/v2\/types\/post"}],"author":[{"embeddable":true,"href":"https:\/\/www.noticiasradioreflejos.com.ar\/2021\/wp-json\/wp\/v2\/users\/3"}],"replies":[{"embeddable":true,"href":"https:\/\/www.noticiasradioreflejos.com.ar\/2021\/wp-json\/wp\/v2\/comments?post=71249"}],"version-history":[{"count":4,"href":"https:\/\/www.noticiasradioreflejos.com.ar\/2021\/wp-json\/wp\/v2\/posts\/71249\/revisions"}],"predecessor-version":[{"id":71264,"href":"https:\/\/www.noticiasradioreflejos.com.ar\/2021\/wp-json\/wp\/v2\/posts\/71249\/revisions\/71264"}],"wp:attachment":[{"href":"https:\/\/www.noticiasradioreflejos.com.ar\/2021\/wp-json\/wp\/v2\/media?parent=71249"}],"wp:term":[{"taxonomy":"category","embeddable":true,"href":"https:\/\/www.noticiasradioreflejos.com.ar\/2021\/wp-json\/wp\/v2\/categories?post=71249"},{"taxonomy":"post_tag","embeddable":true,"href":"https:\/\/www.noticiasradioreflejos.com.ar\/2021\/wp-json\/wp\/v2\/tags?post=71249"}],"curies":[{"name":"wp","href":"https:\/\/api.w.org\/{rel}","templated":true}]}}