{"id":71050,"date":"2022-04-24T15:23:12","date_gmt":"2022-04-24T15:23:12","guid":{"rendered":"http:\/\/www.noticiasradioreflejos.com.ar\/2021\/?p=71050"},"modified":"2022-04-24T15:23:12","modified_gmt":"2022-04-24T15:23:12","slug":"atletas-del-distrito-participaron-de-torneo-regional-de-atletismo","status":"publish","type":"post","link":"https:\/\/www.noticiasradioreflejos.com.ar\/2021\/atletas-del-distrito-participaron-de-torneo-regional-de-atletismo\/","title":{"rendered":"Atletas del distrito participaron de torneo regional de atletismo"},"content":{"rendered":"<p>La cita se di\u00f3 el pasado s\u00e1bado 23 de abril en la ciudad de Punta Alta d\u00f3nde 38 alumnos y alumnas de entre 5 y 18 a\u00f1os de la Escuela Municipal, arribaron para ser parte de la fiesta atl\u00e9tica. En el mismo se hicieron presentes las delegaciones de Monte Hermoso, Laprida, Bah\u00eda Blanca, y la localidad organizadora.<!--more--><br \/>\n<a title=\"Atletismo en Base Naval (6)\" href=\"https:\/\/www.flickr.com\/photos\/182279889@N02\/52026512428\/in\/dateposted-public\/\" data-flickr-embed=\"true\"><img loading=\"lazy\" decoding=\"async\" src=\"https:\/\/live.staticflickr.com\/65535\/52026512428_f97724a3f9_c.jpg\" alt=\"Atletismo en Base Naval (6)\" width=\"800\" height=\"378\" \/><\/a><script async src=\"\/\/embedr.flickr.com\/assets\/client-code.js\" charset=\"utf-8\"><\/script><\/p>\n<p><a title=\"Atletismo en Base Naval (7)\" href=\"https:\/\/www.flickr.com\/photos\/182279889@N02\/52025437672\/in\/dateposted-public\/\" data-flickr-embed=\"true\"><img loading=\"lazy\" decoding=\"async\" class=\"alignleft\" src=\"https:\/\/live.staticflickr.com\/65535\/52025437672_c882262589_w.jpg\" alt=\"Atletismo en Base Naval (7)\" width=\"225\" height=\"400\" \/><\/a>Durante la ma\u00f1ana del s\u00e1bado, se realizaron visitas a los distintos puestos que componen la Base Naval Puerto Belgrano, con el permiso para ingresar en la flota \u00abAlmirante Brown\u00bb. En este mismo, los ocupantes y marinos, recibieron a los chicos y las chicas con los brazos abiertos, para luego responderles todas las dudas al finalizar el recorrido. Agradecemos las gestiones de Daniel Bravo (entrenador de Punta Alta) por facilitarnos tan hermosa experiencia.<\/p>\n<p>Por la tarde se llev\u00f3 a cabo el torneo auspiciante en donde se realizaron pruebas de velocidad, saltos, y lanzamientos para todas las edades.<\/p>\n<p>Felicitamos a los atletas como a los organizadores, y agradecemos el apoyo y colaboraci\u00f3n de los padres y profes que acompa\u00f1aron en todo momento. Deseamos que el atletismo regional siga creciendo de esta misma manera.<\/p>\n<p><a title=\"Atletismo en Base Naval (5)\" href=\"https:\/\/www.flickr.com\/photos\/182279889@N02\/52026990860\/in\/dateposted-public\/\" data-flickr-embed=\"true\"><img loading=\"lazy\" decoding=\"async\" src=\"https:\/\/live.staticflickr.com\/65535\/52026990860_6ab30c0f87_c.jpg\" alt=\"Atletismo en Base Naval (5)\" width=\"755\" height=\"800\" \/><\/a><script async src=\"\/\/embedr.flickr.com\/assets\/client-code.js\" charset=\"utf-8\"><\/script><\/p>\n<p><a title=\"Atletismo en Base Naval (4)\" href=\"https:\/\/www.flickr.com\/photos\/182279889@N02\/52026990200\/in\/dateposted-public\/\" data-flickr-embed=\"true\"><img loading=\"lazy\" decoding=\"async\" src=\"https:\/\/live.staticflickr.com\/65535\/52026990200_09956df31c_c.jpg\" alt=\"Atletismo en Base Naval (4)\" width=\"800\" height=\"450\" \/><\/a><script async src=\"\/\/embedr.flickr.com\/assets\/client-code.js\" charset=\"utf-8\"><\/script><\/p>\n<p><a title=\"Atletismo en Base Naval (3)\" href=\"https:\/\/www.flickr.com\/photos\/182279889@N02\/52026722309\/in\/dateposted-public\/\" data-flickr-embed=\"true\"><img loading=\"lazy\" decoding=\"async\" src=\"https:\/\/live.staticflickr.com\/65535\/52026722309_f0113265e7_c.jpg\" alt=\"Atletismo en Base Naval (3)\" width=\"800\" height=\"428\" \/><\/a><script async src=\"\/\/embedr.flickr.com\/assets\/client-code.js\" charset=\"utf-8\"><\/script><\/p>\n<p><a title=\"Atletismo en Base Naval (2)\" href=\"https:\/\/www.flickr.com\/photos\/182279889@N02\/52026514048\/in\/dateposted-public\/\" data-flickr-embed=\"true\"><img loading=\"lazy\" decoding=\"async\" src=\"https:\/\/live.staticflickr.com\/65535\/52026514048_2a335f704d_c.jpg\" alt=\"Atletismo en Base Naval (2)\" width=\"800\" height=\"549\" \/><\/a><script async src=\"\/\/embedr.flickr.com\/assets\/client-code.js\" charset=\"utf-8\"><\/script><\/p>\n","protected":false},"excerpt":{"rendered":"<p>La cita se di\u00f3 el pasado s\u00e1bado 23 de abril en la ciudad de Punta Alta d\u00f3nde 38 alumnos y alumnas de entre 5 y 18 a\u00f1os de la Escuela Municipal, arribaron para ser parte de la fiesta atl\u00e9tica. En el mismo se hicieron presentes las delegaciones de Monte Hermoso, Laprida, Bah\u00eda Blanca, y la [&hellip;]<\/p>\n","protected":false},"author":3,"featured_media":0,"comment_status":"closed","ping_status":"closed","sticky":false,"template":"","format":"standard","meta":{"footnotes":""},"categories":[27],"tags":[],"class_list":["post-71050","post","type-post","status-publish","format-standard","hentry","category-deportes"],"yoast_head":"<!-- This site is optimized with the Yoast SEO plugin v25.9 - https:\/\/yoast.com\/wordpress\/plugins\/seo\/ -->\n<title>Atletas del distrito participaron de torneo regional de atletismo - Noticias Radio Reflejos<\/title>\n<meta name=\"robots\" content=\"index, follow, max-snippet:-1, max-image-preview:large, max-video-preview:-1\" \/>\n<link rel=\"canonical\" href=\"https:\/\/www.noticiasradioreflejos.com.ar\/2021\/atletas-del-distrito-participaron-de-torneo-regional-de-atletismo\/\" \/>\n<meta property=\"og:locale\" content=\"es_ES\" \/>\n<meta property=\"og:type\" content=\"article\" \/>\n<meta property=\"og:title\" content=\"Atletas del distrito participaron de torneo regional de atletismo - Noticias Radio Reflejos\" \/>\n<meta property=\"og:description\" content=\"La cita se di\u00f3 el pasado s\u00e1bado 23 de abril en la ciudad de Punta Alta d\u00f3nde 38 alumnos y alumnas de entre 5 y 18 a\u00f1os de la Escuela Municipal, arribaron para ser parte de la fiesta atl\u00e9tica. En el mismo se hicieron presentes las delegaciones de Monte Hermoso, Laprida, Bah\u00eda Blanca, y la [&hellip;]\" \/>\n<meta property=\"og:url\" content=\"https:\/\/www.noticiasradioreflejos.com.ar\/2021\/atletas-del-distrito-participaron-de-torneo-regional-de-atletismo\/\" \/>\n<meta property=\"og:site_name\" content=\"Noticias Radio Reflejos\" \/>\n<meta property=\"article:published_time\" content=\"2022-04-24T15:23:12+00:00\" \/>\n<meta property=\"og:image\" content=\"https:\/\/live.staticflickr.com\/65535\/52026512428_f97724a3f9_c.jpg\" \/>\n<meta name=\"author\" content=\"Arnaldo Botto\" \/>\n<meta name=\"twitter:card\" content=\"summary_large_image\" \/>\n<script type=\"application\/ld+json\" class=\"yoast-schema-graph\">{\"@context\":\"https:\/\/schema.org\",\"@graph\":[{\"@type\":\"WebPage\",\"@id\":\"https:\/\/www.noticiasradioreflejos.com.ar\/2021\/atletas-del-distrito-participaron-de-torneo-regional-de-atletismo\/\",\"url\":\"https:\/\/www.noticiasradioreflejos.com.ar\/2021\/atletas-del-distrito-participaron-de-torneo-regional-de-atletismo\/\",\"name\":\"Atletas del distrito participaron de torneo regional de atletismo - Noticias Radio Reflejos\",\"isPartOf\":{\"@id\":\"https:\/\/www.noticiasradioreflejos.com.ar\/2021\/#website\"},\"primaryImageOfPage\":{\"@id\":\"https:\/\/www.noticiasradioreflejos.com.ar\/2021\/atletas-del-distrito-participaron-de-torneo-regional-de-atletismo\/#primaryimage\"},\"image\":{\"@id\":\"https:\/\/www.noticiasradioreflejos.com.ar\/2021\/atletas-del-distrito-participaron-de-torneo-regional-de-atletismo\/#primaryimage\"},\"thumbnailUrl\":\"https:\/\/live.staticflickr.com\/65535\/52026512428_f97724a3f9_c.jpg\",\"datePublished\":\"2022-04-24T15:23:12+00:00\",\"author\":{\"@id\":\"https:\/\/www.noticiasradioreflejos.com.ar\/2021\/#\/schema\/person\/ad82545263dcc5ec0996818884fd5fb1\"},\"breadcrumb\":{\"@id\":\"https:\/\/www.noticiasradioreflejos.com.ar\/2021\/atletas-del-distrito-participaron-de-torneo-regional-de-atletismo\/#breadcrumb\"},\"inLanguage\":\"es\",\"potentialAction\":[{\"@type\":\"ReadAction\",\"target\":[\"https:\/\/www.noticiasradioreflejos.com.ar\/2021\/atletas-del-distrito-participaron-de-torneo-regional-de-atletismo\/\"]}]},{\"@type\":\"ImageObject\",\"inLanguage\":\"es\",\"@id\":\"https:\/\/www.noticiasradioreflejos.com.ar\/2021\/atletas-del-distrito-participaron-de-torneo-regional-de-atletismo\/#primaryimage\",\"url\":\"https:\/\/live.staticflickr.com\/65535\/52026512428_f97724a3f9_c.jpg\",\"contentUrl\":\"https:\/\/live.staticflickr.com\/65535\/52026512428_f97724a3f9_c.jpg\"},{\"@type\":\"BreadcrumbList\",\"@id\":\"https:\/\/www.noticiasradioreflejos.com.ar\/2021\/atletas-del-distrito-participaron-de-torneo-regional-de-atletismo\/#breadcrumb\",\"itemListElement\":[{\"@type\":\"ListItem\",\"position\":1,\"name\":\"Portada\",\"item\":\"https:\/\/www.noticiasradioreflejos.com.ar\/2021\/\"},{\"@type\":\"ListItem\",\"position\":2,\"name\":\"Atletas del distrito participaron de torneo regional de atletismo\"}]},{\"@type\":\"WebSite\",\"@id\":\"https:\/\/www.noticiasradioreflejos.com.ar\/2021\/#website\",\"url\":\"https:\/\/www.noticiasradioreflejos.com.ar\/2021\/\",\"name\":\"Noticias Radio Reflejos\",\"description\":\"Las noticias de mi comarca\",\"potentialAction\":[{\"@type\":\"SearchAction\",\"target\":{\"@type\":\"EntryPoint\",\"urlTemplate\":\"https:\/\/www.noticiasradioreflejos.com.ar\/2021\/?s={search_term_string}\"},\"query-input\":{\"@type\":\"PropertyValueSpecification\",\"valueRequired\":true,\"valueName\":\"search_term_string\"}}],\"inLanguage\":\"es\"},{\"@type\":\"Person\",\"@id\":\"https:\/\/www.noticiasradioreflejos.com.ar\/2021\/#\/schema\/person\/ad82545263dcc5ec0996818884fd5fb1\",\"name\":\"Arnaldo Botto\",\"image\":{\"@type\":\"ImageObject\",\"inLanguage\":\"es\",\"@id\":\"https:\/\/www.noticiasradioreflejos.com.ar\/2021\/#\/schema\/person\/image\/\",\"url\":\"https:\/\/secure.gravatar.com\/avatar\/55cb5e37c1efa326397366e6974cb338056df65cb50e7d64d1cf314e87504837?s=96&d=mm&r=g\",\"contentUrl\":\"https:\/\/secure.gravatar.com\/avatar\/55cb5e37c1efa326397366e6974cb338056df65cb50e7d64d1cf314e87504837?s=96&d=mm&r=g\",\"caption\":\"Arnaldo Botto\"},\"url\":\"https:\/\/www.noticiasradioreflejos.com.ar\/2021\/author\/arnaldo\/\"}]}<\/script>\n<!-- \/ Yoast SEO plugin. -->","yoast_head_json":{"title":"Atletas del distrito participaron de torneo regional de atletismo - Noticias Radio Reflejos","robots":{"index":"index","follow":"follow","max-snippet":"max-snippet:-1","max-image-preview":"max-image-preview:large","max-video-preview":"max-video-preview:-1"},"canonical":"https:\/\/www.noticiasradioreflejos.com.ar\/2021\/atletas-del-distrito-participaron-de-torneo-regional-de-atletismo\/","og_locale":"es_ES","og_type":"article","og_title":"Atletas del distrito participaron de torneo regional de atletismo - Noticias Radio Reflejos","og_description":"La cita se di\u00f3 el pasado s\u00e1bado 23 de abril en la ciudad de Punta Alta d\u00f3nde 38 alumnos y alumnas de entre 5 y 18 a\u00f1os de la Escuela Municipal, arribaron para ser parte de la fiesta atl\u00e9tica. En el mismo se hicieron presentes las delegaciones de Monte Hermoso, Laprida, Bah\u00eda Blanca, y la [&hellip;]","og_url":"https:\/\/www.noticiasradioreflejos.com.ar\/2021\/atletas-del-distrito-participaron-de-torneo-regional-de-atletismo\/","og_site_name":"Noticias Radio Reflejos","article_published_time":"2022-04-24T15:23:12+00:00","og_image":[{"url":"https:\/\/live.staticflickr.com\/65535\/52026512428_f97724a3f9_c.jpg","type":"","width":"","height":""}],"author":"Arnaldo Botto","twitter_card":"summary_large_image","schema":{"@context":"https:\/\/schema.org","@graph":[{"@type":"WebPage","@id":"https:\/\/www.noticiasradioreflejos.com.ar\/2021\/atletas-del-distrito-participaron-de-torneo-regional-de-atletismo\/","url":"https:\/\/www.noticiasradioreflejos.com.ar\/2021\/atletas-del-distrito-participaron-de-torneo-regional-de-atletismo\/","name":"Atletas del distrito participaron de torneo regional de atletismo - Noticias Radio Reflejos","isPartOf":{"@id":"https:\/\/www.noticiasradioreflejos.com.ar\/2021\/#website"},"primaryImageOfPage":{"@id":"https:\/\/www.noticiasradioreflejos.com.ar\/2021\/atletas-del-distrito-participaron-de-torneo-regional-de-atletismo\/#primaryimage"},"image":{"@id":"https:\/\/www.noticiasradioreflejos.com.ar\/2021\/atletas-del-distrito-participaron-de-torneo-regional-de-atletismo\/#primaryimage"},"thumbnailUrl":"https:\/\/live.staticflickr.com\/65535\/52026512428_f97724a3f9_c.jpg","datePublished":"2022-04-24T15:23:12+00:00","author":{"@id":"https:\/\/www.noticiasradioreflejos.com.ar\/2021\/#\/schema\/person\/ad82545263dcc5ec0996818884fd5fb1"},"breadcrumb":{"@id":"https:\/\/www.noticiasradioreflejos.com.ar\/2021\/atletas-del-distrito-participaron-de-torneo-regional-de-atletismo\/#breadcrumb"},"inLanguage":"es","potentialAction":[{"@type":"ReadAction","target":["https:\/\/www.noticiasradioreflejos.com.ar\/2021\/atletas-del-distrito-participaron-de-torneo-regional-de-atletismo\/"]}]},{"@type":"ImageObject","inLanguage":"es","@id":"https:\/\/www.noticiasradioreflejos.com.ar\/2021\/atletas-del-distrito-participaron-de-torneo-regional-de-atletismo\/#primaryimage","url":"https:\/\/live.staticflickr.com\/65535\/52026512428_f97724a3f9_c.jpg","contentUrl":"https:\/\/live.staticflickr.com\/65535\/52026512428_f97724a3f9_c.jpg"},{"@type":"BreadcrumbList","@id":"https:\/\/www.noticiasradioreflejos.com.ar\/2021\/atletas-del-distrito-participaron-de-torneo-regional-de-atletismo\/#breadcrumb","itemListElement":[{"@type":"ListItem","position":1,"name":"Portada","item":"https:\/\/www.noticiasradioreflejos.com.ar\/2021\/"},{"@type":"ListItem","position":2,"name":"Atletas del distrito participaron de torneo regional de atletismo"}]},{"@type":"WebSite","@id":"https:\/\/www.noticiasradioreflejos.com.ar\/2021\/#website","url":"https:\/\/www.noticiasradioreflejos.com.ar\/2021\/","name":"Noticias Radio Reflejos","description":"Las noticias de mi comarca","potentialAction":[{"@type":"SearchAction","target":{"@type":"EntryPoint","urlTemplate":"https:\/\/www.noticiasradioreflejos.com.ar\/2021\/?s={search_term_string}"},"query-input":{"@type":"PropertyValueSpecification","valueRequired":true,"valueName":"search_term_string"}}],"inLanguage":"es"},{"@type":"Person","@id":"https:\/\/www.noticiasradioreflejos.com.ar\/2021\/#\/schema\/person\/ad82545263dcc5ec0996818884fd5fb1","name":"Arnaldo Botto","image":{"@type":"ImageObject","inLanguage":"es","@id":"https:\/\/www.noticiasradioreflejos.com.ar\/2021\/#\/schema\/person\/image\/","url":"https:\/\/secure.gravatar.com\/avatar\/55cb5e37c1efa326397366e6974cb338056df65cb50e7d64d1cf314e87504837?s=96&d=mm&r=g","contentUrl":"https:\/\/secure.gravatar.com\/avatar\/55cb5e37c1efa326397366e6974cb338056df65cb50e7d64d1cf314e87504837?s=96&d=mm&r=g","caption":"Arnaldo Botto"},"url":"https:\/\/www.noticiasradioreflejos.com.ar\/2021\/author\/arnaldo\/"}]}},"_links":{"self":[{"href":"https:\/\/www.noticiasradioreflejos.com.ar\/2021\/wp-json\/wp\/v2\/posts\/71050","targetHints":{"allow":["GET"]}}],"collection":[{"href":"https:\/\/www.noticiasradioreflejos.com.ar\/2021\/wp-json\/wp\/v2\/posts"}],"about":[{"href":"https:\/\/www.noticiasradioreflejos.com.ar\/2021\/wp-json\/wp\/v2\/types\/post"}],"author":[{"embeddable":true,"href":"https:\/\/www.noticiasradioreflejos.com.ar\/2021\/wp-json\/wp\/v2\/users\/3"}],"replies":[{"embeddable":true,"href":"https:\/\/www.noticiasradioreflejos.com.ar\/2021\/wp-json\/wp\/v2\/comments?post=71050"}],"version-history":[{"count":1,"href":"https:\/\/www.noticiasradioreflejos.com.ar\/2021\/wp-json\/wp\/v2\/posts\/71050\/revisions"}],"predecessor-version":[{"id":71052,"href":"https:\/\/www.noticiasradioreflejos.com.ar\/2021\/wp-json\/wp\/v2\/posts\/71050\/revisions\/71052"}],"wp:attachment":[{"href":"https:\/\/www.noticiasradioreflejos.com.ar\/2021\/wp-json\/wp\/v2\/media?parent=71050"}],"wp:term":[{"taxonomy":"category","embeddable":true,"href":"https:\/\/www.noticiasradioreflejos.com.ar\/2021\/wp-json\/wp\/v2\/categories?post=71050"},{"taxonomy":"post_tag","embeddable":true,"href":"https:\/\/www.noticiasradioreflejos.com.ar\/2021\/wp-json\/wp\/v2\/tags?post=71050"}],"curies":[{"name":"wp","href":"https:\/\/api.w.org\/{rel}","templated":true}]}}