{"id":71046,"date":"2022-04-23T16:16:24","date_gmt":"2022-04-23T16:16:24","guid":{"rendered":"http:\/\/www.noticiasradioreflejos.com.ar\/2021\/?p=71046"},"modified":"2022-04-23T16:18:31","modified_gmt":"2022-04-23T16:18:31","slug":"35-personas-rastrillaron-el-lugar-si-no-los-encontrabamos-el-frio-de-la-noche-los-hubiese-matado","status":"publish","type":"post","link":"https:\/\/www.noticiasradioreflejos.com.ar\/2021\/35-personas-rastrillaron-el-lugar-si-no-los-encontrabamos-el-frio-de-la-noche-los-hubiese-matado\/","title":{"rendered":"35 personas rastrillaron el lugar: \u00abSi no los encontr\u00e1bamos el fr\u00edo de la noche los hubiese matado\u00bb"},"content":{"rendered":"<p>As\u00ed lo confirm\u00f3 el<strong> Oficial Principal Franco Ragni<\/strong>, a cargo de la dependencia policial de Sierra de la Ventana. \u00abEvidentemente por el shock del accidente comenzaron a trepar y encontraron refugio en esa especie de cueva\u00bb afirm\u00f3.<\/p>\n<p><!--more--><\/p>\n<p><a title=\"WhatsApp Image 2022-04-23 at 2.38.17 AM\" href=\"https:\/\/www.flickr.com\/photos\/182279889@N02\/52024701245\/in\/dateposted-public\/\" data-flickr-embed=\"true\"><img loading=\"lazy\" decoding=\"async\" src=\"https:\/\/live.staticflickr.com\/65535\/52024701245_0cd7c10e57_c.jpg\" alt=\"WhatsApp Image 2022-04-23 at 2.38.17 AM\" width=\"800\" height=\"360\" \/><\/a><script async src=\"\/\/embedr.flickr.com\/assets\/client-code.js\" charset=\"utf-8\"><\/script><\/p>\n<p>Un siniestro sin precedentes en la regi\u00f3n tuvo afortunadamente un final feliz, aunque los detalles que poco a poco se van conociendo sorprenden a propios y ajenos. As\u00ed lo dej\u00f3 en claro el Oficial Principal Franco Ragni, a cargo de la dependencia policial de Sierra de la Ventana.<\/p>\n<p>Al respecto Ragni no dudo en afirmar que \u00abno tengo noci\u00f3n de un hecho similar. Anoche fuimos alertados de un accidente en el kil\u00f3metro 217 de la ruta 76 en cercan\u00eda al parque provincial. Nos constituimos con bomberos y el m\u00f3vil de Villa Ventana y encontramos una camioneta en un zanj\u00f3n, pero no encontramos a los ocupantes\u00bb.<\/p>\n<p>Continuando con el relato, mencion\u00f3 que \u00abun testigo que no vio el accidente, pero s\u00ed escuch\u00f3 el pedido de auxilio, nos dec\u00eda que ten\u00eda que estar por ah\u00ed. Hicimos un rastrillaje y no encontramos a nadie. Abarcamos 100 metros por ambas banquinas, en ambos sentidos, y no dimos con nadie. Se sumaron otros servidores para ayudarnos. Incluso llamamos a las localidades a ver si alguien lo hab\u00eda levantado, y nada\u00bb.<\/p>\n<p>Sin claudicar, el Oficial Principal remarc\u00f3 que \u00abal paso de tres horas hicimos otro rastrillaje con mucha m\u00e1s gente, subiendo incluso la ladera al costado de la ruta, con el agregado que hab\u00eda mucho viento, fr\u00edo y estaba todo oscuro. Hasta tuvimos que vadear un peque\u00f1o arroyo que se hab\u00eda hecho.\u00a0Con un bombero encontramos una campera, y un par de metros m\u00e1s adelante, hab\u00eda una roca imposible de escalar, y detr\u00e1s de esta en un accidente geogr\u00e1fico encontramos a los dos hombres, los cuales estaban abrazados\u00bb.<\/p>\n<p>Pero la historia estaba lejos de terminar. El uniformado reconoci\u00f3 que \u00absin ser un especialista de la salud se notaba que estaban cerca de la hipotermia. Luego comenz\u00f3 lo m\u00e1s dif\u00edcil que fue ponerlos en tablas largas r\u00edgidas y empezar el camino de retorno hacia la asistencia. Uno de los dos pod\u00eda responder, pero el otro, el de 25 a\u00f1os, ya hab\u00eda perdido el conocimiento\u00bb.<\/p>\n<p>Por \u00faltimo reconoci\u00f3 que \u00abhubo varios socorristas con heridas menores, pero todos felices de haberles salvado la vida, porque si no los encontr\u00e1bamos, el fr\u00edo de la noche los hubiese matado\u00bb.<\/p>\n<p>Dando detalles de lo previo, confirm\u00f3 que \u00abven\u00edan de Tornquist hacia Sierra de la Ventana. Hay justo una bajada y una curva, donde hay una vertiente. A escasos metros perdieron el control del veh\u00edculo y terminaron despistando hacia la izquierda. En el despiste terminan volcando.\u00a0Lo llamativo es que desde el accidente hasta donde los encontramos, hay 300 metros de terreno muy dif\u00edcil. Evidentemente por el shock del accidente comenzaron a trepar y encontraron refugio en esa especie de cueva\u00bb.<\/p>\n<p><iframe loading=\"lazy\" src=\"https:\/\/w.soundcloud.com\/player\/?url=https%3A\/\/api.soundcloud.com\/tracks\/1255603780&amp;color=%23ff5500&amp;auto_play=false&amp;hide_related=false&amp;show_comments=true&amp;show_user=true&amp;show_reposts=false&amp;show_teaser=true\" width=\"100%\" height=\"166\" frameborder=\"no\" scrolling=\"no\"><\/iframe><\/p>\n<div style=\"font-size: 10px; color: #cccccc; line-break: anywhere; word-break: normal; overflow: hidden; white-space: nowrap; text-overflow: ellipsis; font-family: Interstate,Lucida Grande,Lucida Sans Unicode,Lucida Sans,Garuda,Verdana,Tahoma,sans-serif; font-weight: 100;\"><a style=\"color: #cccccc; text-decoration: none;\" title=\"fmreflejos 103.7\" href=\"https:\/\/soundcloud.com\/fmreflejos-103-7\" target=\"_blank\" rel=\"noopener\">fmreflejos 103.7<\/a> \u00b7 <a style=\"color: #cccccc; text-decoration: none;\" title=\"Franco Ragni, Accidente En El Abra De La Ventana\" href=\"https:\/\/soundcloud.com\/fmreflejos-103-7\/franco-ragni-accidente-en-el-abra-de-la-ventana\" target=\"_blank\" rel=\"noopener\">Franco Ragni, Accidente En El Abra De La Ventana<\/a><\/div>\n","protected":false},"excerpt":{"rendered":"<p>As\u00ed lo confirm\u00f3 el Oficial Principal Franco Ragni, a cargo de la dependencia policial de Sierra de la Ventana. \u00abEvidentemente por el shock del accidente comenzaron a trepar y encontraron refugio en esa especie de cueva\u00bb afirm\u00f3.<\/p>\n","protected":false},"author":3,"featured_media":71048,"comment_status":"closed","ping_status":"closed","sticky":false,"template":"","format":"standard","meta":{"footnotes":""},"categories":[29],"tags":[48],"class_list":["post-71046","post","type-post","status-publish","format-standard","has-post-thumbnail","hentry","category-policiales","tag-destacada"],"yoast_head":"<!-- This site is optimized with the Yoast SEO plugin v25.9 - https:\/\/yoast.com\/wordpress\/plugins\/seo\/ -->\n<title>35 personas rastrillaron el lugar: &quot;Si no los encontr\u00e1bamos el fr\u00edo de la noche los hubiese matado&quot; - Noticias Radio Reflejos<\/title>\n<meta name=\"robots\" content=\"index, follow, max-snippet:-1, max-image-preview:large, max-video-preview:-1\" \/>\n<link rel=\"canonical\" href=\"https:\/\/www.noticiasradioreflejos.com.ar\/2021\/35-personas-rastrillaron-el-lugar-si-no-los-encontrabamos-el-frio-de-la-noche-los-hubiese-matado\/\" \/>\n<meta property=\"og:locale\" content=\"es_ES\" \/>\n<meta property=\"og:type\" content=\"article\" \/>\n<meta property=\"og:title\" content=\"35 personas rastrillaron el lugar: &quot;Si no los encontr\u00e1bamos el fr\u00edo de la noche los hubiese matado&quot; - Noticias Radio Reflejos\" \/>\n<meta property=\"og:description\" content=\"As\u00ed lo confirm\u00f3 el Oficial Principal Franco Ragni, a cargo de la dependencia policial de Sierra de la Ventana. \u00abEvidentemente por el shock del accidente comenzaron a trepar y encontraron refugio en esa especie de cueva\u00bb afirm\u00f3.\" \/>\n<meta property=\"og:url\" content=\"https:\/\/www.noticiasradioreflejos.com.ar\/2021\/35-personas-rastrillaron-el-lugar-si-no-los-encontrabamos-el-frio-de-la-noche-los-hubiese-matado\/\" \/>\n<meta property=\"og:site_name\" content=\"Noticias Radio Reflejos\" \/>\n<meta property=\"article:published_time\" content=\"2022-04-23T16:16:24+00:00\" \/>\n<meta property=\"article:modified_time\" content=\"2022-04-23T16:18:31+00:00\" \/>\n<meta property=\"og:image\" content=\"https:\/\/www.noticiasradioreflejos.com.ar\/2021\/wp-content\/uploads\/2022\/04\/Abra-vuelco-2.jpeg\" \/>\n\t<meta property=\"og:image:width\" content=\"720\" \/>\n\t<meta property=\"og:image:height\" content=\"759\" \/>\n\t<meta property=\"og:image:type\" content=\"image\/jpeg\" \/>\n<meta name=\"author\" content=\"Arnaldo Botto\" \/>\n<meta name=\"twitter:card\" content=\"summary_large_image\" \/>\n<script type=\"application\/ld+json\" class=\"yoast-schema-graph\">{\"@context\":\"https:\/\/schema.org\",\"@graph\":[{\"@type\":\"WebPage\",\"@id\":\"https:\/\/www.noticiasradioreflejos.com.ar\/2021\/35-personas-rastrillaron-el-lugar-si-no-los-encontrabamos-el-frio-de-la-noche-los-hubiese-matado\/\",\"url\":\"https:\/\/www.noticiasradioreflejos.com.ar\/2021\/35-personas-rastrillaron-el-lugar-si-no-los-encontrabamos-el-frio-de-la-noche-los-hubiese-matado\/\",\"name\":\"35 personas rastrillaron el lugar: \\\"Si no los encontr\u00e1bamos el fr\u00edo de la noche los hubiese matado\\\" - Noticias Radio Reflejos\",\"isPartOf\":{\"@id\":\"https:\/\/www.noticiasradioreflejos.com.ar\/2021\/#website\"},\"primaryImageOfPage\":{\"@id\":\"https:\/\/www.noticiasradioreflejos.com.ar\/2021\/35-personas-rastrillaron-el-lugar-si-no-los-encontrabamos-el-frio-de-la-noche-los-hubiese-matado\/#primaryimage\"},\"image\":{\"@id\":\"https:\/\/www.noticiasradioreflejos.com.ar\/2021\/35-personas-rastrillaron-el-lugar-si-no-los-encontrabamos-el-frio-de-la-noche-los-hubiese-matado\/#primaryimage\"},\"thumbnailUrl\":\"https:\/\/www.noticiasradioreflejos.com.ar\/2021\/wp-content\/uploads\/2022\/04\/Abra-vuelco-2.jpeg\",\"datePublished\":\"2022-04-23T16:16:24+00:00\",\"dateModified\":\"2022-04-23T16:18:31+00:00\",\"author\":{\"@id\":\"https:\/\/www.noticiasradioreflejos.com.ar\/2021\/#\/schema\/person\/ad82545263dcc5ec0996818884fd5fb1\"},\"breadcrumb\":{\"@id\":\"https:\/\/www.noticiasradioreflejos.com.ar\/2021\/35-personas-rastrillaron-el-lugar-si-no-los-encontrabamos-el-frio-de-la-noche-los-hubiese-matado\/#breadcrumb\"},\"inLanguage\":\"es\",\"potentialAction\":[{\"@type\":\"ReadAction\",\"target\":[\"https:\/\/www.noticiasradioreflejos.com.ar\/2021\/35-personas-rastrillaron-el-lugar-si-no-los-encontrabamos-el-frio-de-la-noche-los-hubiese-matado\/\"]}]},{\"@type\":\"ImageObject\",\"inLanguage\":\"es\",\"@id\":\"https:\/\/www.noticiasradioreflejos.com.ar\/2021\/35-personas-rastrillaron-el-lugar-si-no-los-encontrabamos-el-frio-de-la-noche-los-hubiese-matado\/#primaryimage\",\"url\":\"https:\/\/www.noticiasradioreflejos.com.ar\/2021\/wp-content\/uploads\/2022\/04\/Abra-vuelco-2.jpeg\",\"contentUrl\":\"https:\/\/www.noticiasradioreflejos.com.ar\/2021\/wp-content\/uploads\/2022\/04\/Abra-vuelco-2.jpeg\",\"width\":720,\"height\":759},{\"@type\":\"BreadcrumbList\",\"@id\":\"https:\/\/www.noticiasradioreflejos.com.ar\/2021\/35-personas-rastrillaron-el-lugar-si-no-los-encontrabamos-el-frio-de-la-noche-los-hubiese-matado\/#breadcrumb\",\"itemListElement\":[{\"@type\":\"ListItem\",\"position\":1,\"name\":\"Portada\",\"item\":\"https:\/\/www.noticiasradioreflejos.com.ar\/2021\/\"},{\"@type\":\"ListItem\",\"position\":2,\"name\":\"35 personas rastrillaron el lugar: \u00abSi no los encontr\u00e1bamos el fr\u00edo de la noche los hubiese matado\u00bb\"}]},{\"@type\":\"WebSite\",\"@id\":\"https:\/\/www.noticiasradioreflejos.com.ar\/2021\/#website\",\"url\":\"https:\/\/www.noticiasradioreflejos.com.ar\/2021\/\",\"name\":\"Noticias Radio Reflejos\",\"description\":\"Las noticias de mi comarca\",\"potentialAction\":[{\"@type\":\"SearchAction\",\"target\":{\"@type\":\"EntryPoint\",\"urlTemplate\":\"https:\/\/www.noticiasradioreflejos.com.ar\/2021\/?s={search_term_string}\"},\"query-input\":{\"@type\":\"PropertyValueSpecification\",\"valueRequired\":true,\"valueName\":\"search_term_string\"}}],\"inLanguage\":\"es\"},{\"@type\":\"Person\",\"@id\":\"https:\/\/www.noticiasradioreflejos.com.ar\/2021\/#\/schema\/person\/ad82545263dcc5ec0996818884fd5fb1\",\"name\":\"Arnaldo Botto\",\"image\":{\"@type\":\"ImageObject\",\"inLanguage\":\"es\",\"@id\":\"https:\/\/www.noticiasradioreflejos.com.ar\/2021\/#\/schema\/person\/image\/\",\"url\":\"https:\/\/secure.gravatar.com\/avatar\/55cb5e37c1efa326397366e6974cb338056df65cb50e7d64d1cf314e87504837?s=96&d=mm&r=g\",\"contentUrl\":\"https:\/\/secure.gravatar.com\/avatar\/55cb5e37c1efa326397366e6974cb338056df65cb50e7d64d1cf314e87504837?s=96&d=mm&r=g\",\"caption\":\"Arnaldo Botto\"},\"url\":\"https:\/\/www.noticiasradioreflejos.com.ar\/2021\/author\/arnaldo\/\"}]}<\/script>\n<!-- \/ Yoast SEO plugin. -->","yoast_head_json":{"title":"35 personas rastrillaron el lugar: \"Si no los encontr\u00e1bamos el fr\u00edo de la noche los hubiese matado\" - Noticias Radio Reflejos","robots":{"index":"index","follow":"follow","max-snippet":"max-snippet:-1","max-image-preview":"max-image-preview:large","max-video-preview":"max-video-preview:-1"},"canonical":"https:\/\/www.noticiasradioreflejos.com.ar\/2021\/35-personas-rastrillaron-el-lugar-si-no-los-encontrabamos-el-frio-de-la-noche-los-hubiese-matado\/","og_locale":"es_ES","og_type":"article","og_title":"35 personas rastrillaron el lugar: \"Si no los encontr\u00e1bamos el fr\u00edo de la noche los hubiese matado\" - Noticias Radio Reflejos","og_description":"As\u00ed lo confirm\u00f3 el Oficial Principal Franco Ragni, a cargo de la dependencia policial de Sierra de la Ventana. \u00abEvidentemente por el shock del accidente comenzaron a trepar y encontraron refugio en esa especie de cueva\u00bb afirm\u00f3.","og_url":"https:\/\/www.noticiasradioreflejos.com.ar\/2021\/35-personas-rastrillaron-el-lugar-si-no-los-encontrabamos-el-frio-de-la-noche-los-hubiese-matado\/","og_site_name":"Noticias Radio Reflejos","article_published_time":"2022-04-23T16:16:24+00:00","article_modified_time":"2022-04-23T16:18:31+00:00","og_image":[{"width":720,"height":759,"url":"https:\/\/www.noticiasradioreflejos.com.ar\/2021\/wp-content\/uploads\/2022\/04\/Abra-vuelco-2.jpeg","type":"image\/jpeg"}],"author":"Arnaldo Botto","twitter_card":"summary_large_image","schema":{"@context":"https:\/\/schema.org","@graph":[{"@type":"WebPage","@id":"https:\/\/www.noticiasradioreflejos.com.ar\/2021\/35-personas-rastrillaron-el-lugar-si-no-los-encontrabamos-el-frio-de-la-noche-los-hubiese-matado\/","url":"https:\/\/www.noticiasradioreflejos.com.ar\/2021\/35-personas-rastrillaron-el-lugar-si-no-los-encontrabamos-el-frio-de-la-noche-los-hubiese-matado\/","name":"35 personas rastrillaron el lugar: \"Si no los encontr\u00e1bamos el fr\u00edo de la noche los hubiese matado\" - Noticias Radio Reflejos","isPartOf":{"@id":"https:\/\/www.noticiasradioreflejos.com.ar\/2021\/#website"},"primaryImageOfPage":{"@id":"https:\/\/www.noticiasradioreflejos.com.ar\/2021\/35-personas-rastrillaron-el-lugar-si-no-los-encontrabamos-el-frio-de-la-noche-los-hubiese-matado\/#primaryimage"},"image":{"@id":"https:\/\/www.noticiasradioreflejos.com.ar\/2021\/35-personas-rastrillaron-el-lugar-si-no-los-encontrabamos-el-frio-de-la-noche-los-hubiese-matado\/#primaryimage"},"thumbnailUrl":"https:\/\/www.noticiasradioreflejos.com.ar\/2021\/wp-content\/uploads\/2022\/04\/Abra-vuelco-2.jpeg","datePublished":"2022-04-23T16:16:24+00:00","dateModified":"2022-04-23T16:18:31+00:00","author":{"@id":"https:\/\/www.noticiasradioreflejos.com.ar\/2021\/#\/schema\/person\/ad82545263dcc5ec0996818884fd5fb1"},"breadcrumb":{"@id":"https:\/\/www.noticiasradioreflejos.com.ar\/2021\/35-personas-rastrillaron-el-lugar-si-no-los-encontrabamos-el-frio-de-la-noche-los-hubiese-matado\/#breadcrumb"},"inLanguage":"es","potentialAction":[{"@type":"ReadAction","target":["https:\/\/www.noticiasradioreflejos.com.ar\/2021\/35-personas-rastrillaron-el-lugar-si-no-los-encontrabamos-el-frio-de-la-noche-los-hubiese-matado\/"]}]},{"@type":"ImageObject","inLanguage":"es","@id":"https:\/\/www.noticiasradioreflejos.com.ar\/2021\/35-personas-rastrillaron-el-lugar-si-no-los-encontrabamos-el-frio-de-la-noche-los-hubiese-matado\/#primaryimage","url":"https:\/\/www.noticiasradioreflejos.com.ar\/2021\/wp-content\/uploads\/2022\/04\/Abra-vuelco-2.jpeg","contentUrl":"https:\/\/www.noticiasradioreflejos.com.ar\/2021\/wp-content\/uploads\/2022\/04\/Abra-vuelco-2.jpeg","width":720,"height":759},{"@type":"BreadcrumbList","@id":"https:\/\/www.noticiasradioreflejos.com.ar\/2021\/35-personas-rastrillaron-el-lugar-si-no-los-encontrabamos-el-frio-de-la-noche-los-hubiese-matado\/#breadcrumb","itemListElement":[{"@type":"ListItem","position":1,"name":"Portada","item":"https:\/\/www.noticiasradioreflejos.com.ar\/2021\/"},{"@type":"ListItem","position":2,"name":"35 personas rastrillaron el lugar: \u00abSi no los encontr\u00e1bamos el fr\u00edo de la noche los hubiese matado\u00bb"}]},{"@type":"WebSite","@id":"https:\/\/www.noticiasradioreflejos.com.ar\/2021\/#website","url":"https:\/\/www.noticiasradioreflejos.com.ar\/2021\/","name":"Noticias Radio Reflejos","description":"Las noticias de mi comarca","potentialAction":[{"@type":"SearchAction","target":{"@type":"EntryPoint","urlTemplate":"https:\/\/www.noticiasradioreflejos.com.ar\/2021\/?s={search_term_string}"},"query-input":{"@type":"PropertyValueSpecification","valueRequired":true,"valueName":"search_term_string"}}],"inLanguage":"es"},{"@type":"Person","@id":"https:\/\/www.noticiasradioreflejos.com.ar\/2021\/#\/schema\/person\/ad82545263dcc5ec0996818884fd5fb1","name":"Arnaldo Botto","image":{"@type":"ImageObject","inLanguage":"es","@id":"https:\/\/www.noticiasradioreflejos.com.ar\/2021\/#\/schema\/person\/image\/","url":"https:\/\/secure.gravatar.com\/avatar\/55cb5e37c1efa326397366e6974cb338056df65cb50e7d64d1cf314e87504837?s=96&d=mm&r=g","contentUrl":"https:\/\/secure.gravatar.com\/avatar\/55cb5e37c1efa326397366e6974cb338056df65cb50e7d64d1cf314e87504837?s=96&d=mm&r=g","caption":"Arnaldo Botto"},"url":"https:\/\/www.noticiasradioreflejos.com.ar\/2021\/author\/arnaldo\/"}]}},"_links":{"self":[{"href":"https:\/\/www.noticiasradioreflejos.com.ar\/2021\/wp-json\/wp\/v2\/posts\/71046","targetHints":{"allow":["GET"]}}],"collection":[{"href":"https:\/\/www.noticiasradioreflejos.com.ar\/2021\/wp-json\/wp\/v2\/posts"}],"about":[{"href":"https:\/\/www.noticiasradioreflejos.com.ar\/2021\/wp-json\/wp\/v2\/types\/post"}],"author":[{"embeddable":true,"href":"https:\/\/www.noticiasradioreflejos.com.ar\/2021\/wp-json\/wp\/v2\/users\/3"}],"replies":[{"embeddable":true,"href":"https:\/\/www.noticiasradioreflejos.com.ar\/2021\/wp-json\/wp\/v2\/comments?post=71046"}],"version-history":[{"count":2,"href":"https:\/\/www.noticiasradioreflejos.com.ar\/2021\/wp-json\/wp\/v2\/posts\/71046\/revisions"}],"predecessor-version":[{"id":71049,"href":"https:\/\/www.noticiasradioreflejos.com.ar\/2021\/wp-json\/wp\/v2\/posts\/71046\/revisions\/71049"}],"wp:featuredmedia":[{"embeddable":true,"href":"https:\/\/www.noticiasradioreflejos.com.ar\/2021\/wp-json\/wp\/v2\/media\/71048"}],"wp:attachment":[{"href":"https:\/\/www.noticiasradioreflejos.com.ar\/2021\/wp-json\/wp\/v2\/media?parent=71046"}],"wp:term":[{"taxonomy":"category","embeddable":true,"href":"https:\/\/www.noticiasradioreflejos.com.ar\/2021\/wp-json\/wp\/v2\/categories?post=71046"},{"taxonomy":"post_tag","embeddable":true,"href":"https:\/\/www.noticiasradioreflejos.com.ar\/2021\/wp-json\/wp\/v2\/tags?post=71046"}],"curies":[{"name":"wp","href":"https:\/\/api.w.org\/{rel}","templated":true}]}}