{"id":71036,"date":"2022-04-23T04:50:45","date_gmt":"2022-04-23T04:50:45","guid":{"rendered":"http:\/\/www.noticiasradioreflejos.com.ar\/2021\/?p=71036"},"modified":"2022-04-23T12:18:56","modified_gmt":"2022-04-23T12:18:56","slug":"abra-de-la-ventana-volcaron-fueron-despedidos-del-vehiculo-y-escaparon-por-la-ladera-del-cerro-la-policia-los-atrapo","status":"publish","type":"post","link":"https:\/\/www.noticiasradioreflejos.com.ar\/2021\/abra-de-la-ventana-volcaron-fueron-despedidos-del-vehiculo-y-escaparon-por-la-ladera-del-cerro-la-policia-los-atrapo\/","title":{"rendered":"Abra de la Ventana: Volcaron, fueron despedidos del veh\u00edculo y escaparon por la ladera del cerro; la polic\u00eda los encontr\u00f3."},"content":{"rendered":"<p>El hecho ocurri\u00f3 a las 21 horas de este viernes 22 de abril en la ruta 76 al pi\u00e9 del cerro Bah\u00eda Blanca.<!--more--><br \/>\n<a title=\"vuelco en el Abra (12)\" href=\"https:\/\/www.flickr.com\/photos\/182279889@N02\/52023415834\/in\/dateposted-public\/\" data-flickr-embed=\"true\"><img loading=\"lazy\" decoding=\"async\" src=\"https:\/\/live.staticflickr.com\/65535\/52023415834_57e2ccd008_c.jpg\" alt=\"vuelco en el Abra (12)\" width=\"800\" height=\"360\" \/><\/a><script async src=\"\/\/embedr.flickr.com\/assets\/client-code.js\" charset=\"utf-8\"><\/script><\/p>\n<p>Polic\u00eda y bomberos voluntarios de Sierra de la Ventana fueron alertados cerca de las 21 horas de este viernes, cuando testigos de un vuelco piden ayuda a los servidores p\u00fablicos. Una camioneta Toyota Hilux \u00a0dominio AB 417 TVcon dos personas a bordo protagoniza un impresionante vuelco sobre la ruta 76 a unos 500 metros del acceso a la administraci\u00f3n del Parque Provincial Ernesto Tornquist en direcci\u00f3n a la ciudad cabecera.<\/p>\n<p>El veh\u00edculo qued\u00f3 totalmente destrozado, sus ocupantes fueron despedidos a varios metros del lugar del siniestro y minutos despu\u00e9s protagonizan una huida, escapando entre un bosque de retamas y ascendiendo por la ladera del cerro que se encontraba a la vera de la cinta asf\u00e1ltica en direcci\u00f3n al hotel abandonado del parque .<\/p>\n<p><a title=\"vuelco en el Abra (10)\" href=\"https:\/\/www.flickr.com\/photos\/182279889@N02\/52023169681\/in\/dateposted-public\/\" data-flickr-embed=\"true\"><img loading=\"lazy\" decoding=\"async\" src=\"https:\/\/live.staticflickr.com\/65535\/52023169681_c2f7188ce1_c.jpg\" alt=\"vuelco en el Abra (10)\" width=\"800\" height=\"360\" \/><\/a><script async src=\"\/\/embedr.flickr.com\/assets\/client-code.js\" charset=\"utf-8\"><\/script><\/p>\n<p>Efectivos de la polic\u00eda\u00a0 y bomberos\u00a0 comienzan a realizar un operativo de rastrillaje para dar con los individuos; pasadas mas de una hora no encontraban rastros de los mismos y hasta se solicit\u00f3 perros de rastreo a una unidad de Coronel Pringles. Luego de casi 2 horas de b\u00fasqueda, y tras atravesar el arroyo, y revisar metro a metro la escarpada zona circundante, la polic\u00eda los ubica dentro de una cueva y a unos mil metros del lugar del accidente.<\/p>\n<p>Las personas se encontraban shockeadas y con heridas de consideraci\u00f3n por lo debieron ser bajadas del cerro y se determina el traslado al hospital municipal Dr. Castro de Tornquist. por el estado en que qued\u00f3 la camioneta, se podr\u00eda determinar que los ocupantes se salvaron milagrosamente de la muerte.<\/p>\n<p>Debieron trabajar m\u00e1s de 35 personas entre bomberos de Sierra, Villa Ventana y polic\u00eda.<\/p>\n<p>En el veh\u00edculo se encontr\u00f3 munici\u00f3n y una abultada suma de dinero, aunque el rodado no cuenta con pedido de captura, se investiga la identidad de los dos hombres que protagonizaron este hecho.<\/p>\n<p>&nbsp;<\/p>\n<p><a title=\"Abra vuelco (2)\" href=\"https:\/\/www.flickr.com\/photos\/182279889@N02\/52024028269\/in\/dateposted-public\/\" data-flickr-embed=\"true\"><img loading=\"lazy\" decoding=\"async\" src=\"https:\/\/live.staticflickr.com\/65535\/52024028269_216c0b164e_c.jpg\" alt=\"Abra vuelco (2)\" width=\"720\" height=\"759\" \/><\/a><script async src=\"\/\/embedr.flickr.com\/assets\/client-code.js\" charset=\"utf-8\"><\/script><\/p>\n<p><span style=\"color: #ff6600;\"><strong>Los ocupantes de la Toyota al momento de ser encontrados estaban con hipotermia.<\/strong><\/span><\/p>\n<h4><strong>Parte Policial<\/strong><\/h4>\n<p>&nbsp;<\/p>\n<p>Fecha, 21:00 se recibe llamado informando accidente en ruta 76 km 217 (abra ventana), comisionados m\u00f3viles de Sierra de la Ventana, Villa Ventana y Villa Serrana Las Grutas, en conjunto con la Estaci\u00f3n Comunal Tornquist y Patrulla Rural Tornquist y Bomberos Voluntarios Sierra de la Ventana y Villa Ventana. Al arribar al lugar se constata vuelco<strong> Toyota Hilux dominio AB417TV<\/strong>.<\/p>\n<p>No se encuentra ocupante dentro ni alrededor del veh\u00edculo siniestrado, estando el mismo en posici\u00f3n invertida dentro de una zanj\u00f3n con agua. De forma mancomunada, se realizan rastrillajes en procura de establecer la ubicaci\u00f3n del ocupante en un terreno anegado al que le sigui\u00f3 una ladera de rocas muy empinadas con vegetaci\u00f3n abundante, todo con la dificultad de la ausencia de luz, que dificultaba el avance del personal. Siendo las 23:00 hs se sigue con la b\u00fasqueda del ocupante no logrando dar con la persona.<\/p>\n<p>Siendo las 00:20 hs habi\u00e9ndose realizado reiterados rastrillajes por casi 3 horas personal de Sierra de la Ventana y Villa Ventana junto con un bombero de Sierra logran dar con dos personas a 250 metros del lugar del accidente en estado inconscientes, en casi estado de hipotermia, abrazados y a reparo de un hueco en las rocas, pudi\u00e9ndose establecer que uno de los ciudadanos se trata de <strong>CORTEZ CRISTIAN OSCAR (31)<\/strong> y el segundo ciudadano<strong> MIGUELE GONZALO DAVID (25)<\/strong>, oriundos de la ciudad de Mar del Plata.<\/p>\n<p>Trasladados al nosocomio local de Tornquist, se labran actuaciones por LESIONES CULPOSAS.<\/p>\n<p>&nbsp;<\/p>\n<p><a title=\"Abra vuelco (1)\" href=\"https:\/\/www.flickr.com\/photos\/182279889@N02\/52022737972\/in\/dateposted-public\/\" data-flickr-embed=\"true\"><img loading=\"lazy\" decoding=\"async\" src=\"https:\/\/live.staticflickr.com\/65535\/52022737972_af5c00808f_c.jpg\" alt=\"Abra vuelco (1)\" width=\"800\" height=\"360\" \/><\/a><script async src=\"\/\/embedr.flickr.com\/assets\/client-code.js\" charset=\"utf-8\"><\/script><\/p>\n<p>&nbsp;<\/p>\n<p><a title=\"vuelco en el Abra (9)\" href=\"https:\/\/www.flickr.com\/photos\/182279889@N02\/52022129172\/in\/dateposted-public\/\" data-flickr-embed=\"true\"><img loading=\"lazy\" decoding=\"async\" src=\"https:\/\/live.staticflickr.com\/65535\/52022129172_bf14b79f48_c.jpg\" alt=\"vuelco en el Abra (9)\" width=\"800\" height=\"360\" \/><\/a><script async src=\"\/\/embedr.flickr.com\/assets\/client-code.js\" charset=\"utf-8\"><\/script><\/p>\n<p><a title=\"vuelco en el Abra (7)\" href=\"https:\/\/www.flickr.com\/photos\/182279889@N02\/52023415964\/in\/dateposted-public\/\" data-flickr-embed=\"true\"><img loading=\"lazy\" decoding=\"async\" src=\"https:\/\/live.staticflickr.com\/65535\/52023415964_fc63a5420e_c.jpg\" alt=\"vuelco en el Abra (7)\" width=\"800\" height=\"360\" \/><\/a><script async src=\"\/\/embedr.flickr.com\/assets\/client-code.js\" charset=\"utf-8\"><\/script><\/p>\n<p><a title=\"vuelco en el Abra (4)\" href=\"https:\/\/www.flickr.com\/photos\/182279889@N02\/52022129342\/in\/dateposted-public\/\" data-flickr-embed=\"true\"><img loading=\"lazy\" decoding=\"async\" src=\"https:\/\/live.staticflickr.com\/65535\/52022129342_0704f2c897_c.jpg\" alt=\"vuelco en el Abra (4)\" width=\"800\" height=\"360\" \/><\/a><script async src=\"\/\/embedr.flickr.com\/assets\/client-code.js\" charset=\"utf-8\"><\/script><\/p>\n<p><a title=\"vuelco en el Abra (11)\" href=\"https:\/\/www.flickr.com\/photos\/182279889@N02\/52022129117\/in\/dateposted-public\/\" data-flickr-embed=\"true\"><img loading=\"lazy\" decoding=\"async\" src=\"https:\/\/live.staticflickr.com\/65535\/52022129117_4173549e20_c.jpg\" alt=\"vuelco en el Abra (11)\" width=\"800\" height=\"360\" \/><\/a><script async src=\"\/\/embedr.flickr.com\/assets\/client-code.js\" charset=\"utf-8\"><\/script><\/p>\n","protected":false},"excerpt":{"rendered":"<p>El hecho ocurri\u00f3 a las 21 horas de este viernes 22 de abril en la ruta 76 al pi\u00e9 del cerro Bah\u00eda Blanca.<\/p>\n","protected":false},"author":3,"featured_media":0,"comment_status":"closed","ping_status":"closed","sticky":false,"template":"","format":"standard","meta":{"footnotes":""},"categories":[29],"tags":[48],"class_list":["post-71036","post","type-post","status-publish","format-standard","hentry","category-policiales","tag-destacada"],"yoast_head":"<!-- This site is optimized with the Yoast SEO plugin v25.9 - https:\/\/yoast.com\/wordpress\/plugins\/seo\/ -->\n<title>Abra de la Ventana: Volcaron, fueron despedidos del veh\u00edculo y escaparon por la ladera del cerro; la polic\u00eda los encontr\u00f3. - Noticias Radio Reflejos<\/title>\n<meta name=\"robots\" content=\"index, follow, max-snippet:-1, max-image-preview:large, max-video-preview:-1\" \/>\n<link rel=\"canonical\" href=\"https:\/\/www.noticiasradioreflejos.com.ar\/2021\/abra-de-la-ventana-volcaron-fueron-despedidos-del-vehiculo-y-escaparon-por-la-ladera-del-cerro-la-policia-los-atrapo\/\" \/>\n<meta property=\"og:locale\" content=\"es_ES\" \/>\n<meta property=\"og:type\" content=\"article\" \/>\n<meta property=\"og:title\" content=\"Abra de la Ventana: Volcaron, fueron despedidos del veh\u00edculo y escaparon por la ladera del cerro; la polic\u00eda los encontr\u00f3. - Noticias Radio Reflejos\" \/>\n<meta property=\"og:description\" content=\"El hecho ocurri\u00f3 a las 21 horas de este viernes 22 de abril en la ruta 76 al pi\u00e9 del cerro Bah\u00eda Blanca.\" \/>\n<meta property=\"og:url\" content=\"https:\/\/www.noticiasradioreflejos.com.ar\/2021\/abra-de-la-ventana-volcaron-fueron-despedidos-del-vehiculo-y-escaparon-por-la-ladera-del-cerro-la-policia-los-atrapo\/\" \/>\n<meta property=\"og:site_name\" content=\"Noticias Radio Reflejos\" \/>\n<meta property=\"article:published_time\" content=\"2022-04-23T04:50:45+00:00\" \/>\n<meta property=\"article:modified_time\" content=\"2022-04-23T12:18:56+00:00\" \/>\n<meta property=\"og:image\" content=\"https:\/\/live.staticflickr.com\/65535\/52023415834_57e2ccd008_c.jpg\" \/>\n<meta name=\"author\" content=\"Arnaldo Botto\" \/>\n<meta name=\"twitter:card\" content=\"summary_large_image\" \/>\n<script type=\"application\/ld+json\" class=\"yoast-schema-graph\">{\"@context\":\"https:\/\/schema.org\",\"@graph\":[{\"@type\":\"WebPage\",\"@id\":\"https:\/\/www.noticiasradioreflejos.com.ar\/2021\/abra-de-la-ventana-volcaron-fueron-despedidos-del-vehiculo-y-escaparon-por-la-ladera-del-cerro-la-policia-los-atrapo\/\",\"url\":\"https:\/\/www.noticiasradioreflejos.com.ar\/2021\/abra-de-la-ventana-volcaron-fueron-despedidos-del-vehiculo-y-escaparon-por-la-ladera-del-cerro-la-policia-los-atrapo\/\",\"name\":\"Abra de la Ventana: Volcaron, fueron despedidos del veh\u00edculo y escaparon por la ladera del cerro; la polic\u00eda los encontr\u00f3. - Noticias Radio Reflejos\",\"isPartOf\":{\"@id\":\"https:\/\/www.noticiasradioreflejos.com.ar\/2021\/#website\"},\"primaryImageOfPage\":{\"@id\":\"https:\/\/www.noticiasradioreflejos.com.ar\/2021\/abra-de-la-ventana-volcaron-fueron-despedidos-del-vehiculo-y-escaparon-por-la-ladera-del-cerro-la-policia-los-atrapo\/#primaryimage\"},\"image\":{\"@id\":\"https:\/\/www.noticiasradioreflejos.com.ar\/2021\/abra-de-la-ventana-volcaron-fueron-despedidos-del-vehiculo-y-escaparon-por-la-ladera-del-cerro-la-policia-los-atrapo\/#primaryimage\"},\"thumbnailUrl\":\"https:\/\/live.staticflickr.com\/65535\/52023415834_57e2ccd008_c.jpg\",\"datePublished\":\"2022-04-23T04:50:45+00:00\",\"dateModified\":\"2022-04-23T12:18:56+00:00\",\"author\":{\"@id\":\"https:\/\/www.noticiasradioreflejos.com.ar\/2021\/#\/schema\/person\/ad82545263dcc5ec0996818884fd5fb1\"},\"breadcrumb\":{\"@id\":\"https:\/\/www.noticiasradioreflejos.com.ar\/2021\/abra-de-la-ventana-volcaron-fueron-despedidos-del-vehiculo-y-escaparon-por-la-ladera-del-cerro-la-policia-los-atrapo\/#breadcrumb\"},\"inLanguage\":\"es\",\"potentialAction\":[{\"@type\":\"ReadAction\",\"target\":[\"https:\/\/www.noticiasradioreflejos.com.ar\/2021\/abra-de-la-ventana-volcaron-fueron-despedidos-del-vehiculo-y-escaparon-por-la-ladera-del-cerro-la-policia-los-atrapo\/\"]}]},{\"@type\":\"ImageObject\",\"inLanguage\":\"es\",\"@id\":\"https:\/\/www.noticiasradioreflejos.com.ar\/2021\/abra-de-la-ventana-volcaron-fueron-despedidos-del-vehiculo-y-escaparon-por-la-ladera-del-cerro-la-policia-los-atrapo\/#primaryimage\",\"url\":\"https:\/\/live.staticflickr.com\/65535\/52023415834_57e2ccd008_c.jpg\",\"contentUrl\":\"https:\/\/live.staticflickr.com\/65535\/52023415834_57e2ccd008_c.jpg\"},{\"@type\":\"BreadcrumbList\",\"@id\":\"https:\/\/www.noticiasradioreflejos.com.ar\/2021\/abra-de-la-ventana-volcaron-fueron-despedidos-del-vehiculo-y-escaparon-por-la-ladera-del-cerro-la-policia-los-atrapo\/#breadcrumb\",\"itemListElement\":[{\"@type\":\"ListItem\",\"position\":1,\"name\":\"Portada\",\"item\":\"https:\/\/www.noticiasradioreflejos.com.ar\/2021\/\"},{\"@type\":\"ListItem\",\"position\":2,\"name\":\"Abra de la Ventana: Volcaron, fueron despedidos del veh\u00edculo y escaparon por la ladera del cerro; la polic\u00eda los encontr\u00f3.\"}]},{\"@type\":\"WebSite\",\"@id\":\"https:\/\/www.noticiasradioreflejos.com.ar\/2021\/#website\",\"url\":\"https:\/\/www.noticiasradioreflejos.com.ar\/2021\/\",\"name\":\"Noticias Radio Reflejos\",\"description\":\"Las noticias de mi comarca\",\"potentialAction\":[{\"@type\":\"SearchAction\",\"target\":{\"@type\":\"EntryPoint\",\"urlTemplate\":\"https:\/\/www.noticiasradioreflejos.com.ar\/2021\/?s={search_term_string}\"},\"query-input\":{\"@type\":\"PropertyValueSpecification\",\"valueRequired\":true,\"valueName\":\"search_term_string\"}}],\"inLanguage\":\"es\"},{\"@type\":\"Person\",\"@id\":\"https:\/\/www.noticiasradioreflejos.com.ar\/2021\/#\/schema\/person\/ad82545263dcc5ec0996818884fd5fb1\",\"name\":\"Arnaldo Botto\",\"image\":{\"@type\":\"ImageObject\",\"inLanguage\":\"es\",\"@id\":\"https:\/\/www.noticiasradioreflejos.com.ar\/2021\/#\/schema\/person\/image\/\",\"url\":\"https:\/\/secure.gravatar.com\/avatar\/55cb5e37c1efa326397366e6974cb338056df65cb50e7d64d1cf314e87504837?s=96&d=mm&r=g\",\"contentUrl\":\"https:\/\/secure.gravatar.com\/avatar\/55cb5e37c1efa326397366e6974cb338056df65cb50e7d64d1cf314e87504837?s=96&d=mm&r=g\",\"caption\":\"Arnaldo Botto\"},\"url\":\"https:\/\/www.noticiasradioreflejos.com.ar\/2021\/author\/arnaldo\/\"}]}<\/script>\n<!-- \/ Yoast SEO plugin. -->","yoast_head_json":{"title":"Abra de la Ventana: Volcaron, fueron despedidos del veh\u00edculo y escaparon por la ladera del cerro; la polic\u00eda los encontr\u00f3. - Noticias Radio Reflejos","robots":{"index":"index","follow":"follow","max-snippet":"max-snippet:-1","max-image-preview":"max-image-preview:large","max-video-preview":"max-video-preview:-1"},"canonical":"https:\/\/www.noticiasradioreflejos.com.ar\/2021\/abra-de-la-ventana-volcaron-fueron-despedidos-del-vehiculo-y-escaparon-por-la-ladera-del-cerro-la-policia-los-atrapo\/","og_locale":"es_ES","og_type":"article","og_title":"Abra de la Ventana: Volcaron, fueron despedidos del veh\u00edculo y escaparon por la ladera del cerro; la polic\u00eda los encontr\u00f3. - Noticias Radio Reflejos","og_description":"El hecho ocurri\u00f3 a las 21 horas de este viernes 22 de abril en la ruta 76 al pi\u00e9 del cerro Bah\u00eda Blanca.","og_url":"https:\/\/www.noticiasradioreflejos.com.ar\/2021\/abra-de-la-ventana-volcaron-fueron-despedidos-del-vehiculo-y-escaparon-por-la-ladera-del-cerro-la-policia-los-atrapo\/","og_site_name":"Noticias Radio Reflejos","article_published_time":"2022-04-23T04:50:45+00:00","article_modified_time":"2022-04-23T12:18:56+00:00","og_image":[{"url":"https:\/\/live.staticflickr.com\/65535\/52023415834_57e2ccd008_c.jpg","type":"","width":"","height":""}],"author":"Arnaldo Botto","twitter_card":"summary_large_image","schema":{"@context":"https:\/\/schema.org","@graph":[{"@type":"WebPage","@id":"https:\/\/www.noticiasradioreflejos.com.ar\/2021\/abra-de-la-ventana-volcaron-fueron-despedidos-del-vehiculo-y-escaparon-por-la-ladera-del-cerro-la-policia-los-atrapo\/","url":"https:\/\/www.noticiasradioreflejos.com.ar\/2021\/abra-de-la-ventana-volcaron-fueron-despedidos-del-vehiculo-y-escaparon-por-la-ladera-del-cerro-la-policia-los-atrapo\/","name":"Abra de la Ventana: Volcaron, fueron despedidos del veh\u00edculo y escaparon por la ladera del cerro; la polic\u00eda los encontr\u00f3. - Noticias Radio Reflejos","isPartOf":{"@id":"https:\/\/www.noticiasradioreflejos.com.ar\/2021\/#website"},"primaryImageOfPage":{"@id":"https:\/\/www.noticiasradioreflejos.com.ar\/2021\/abra-de-la-ventana-volcaron-fueron-despedidos-del-vehiculo-y-escaparon-por-la-ladera-del-cerro-la-policia-los-atrapo\/#primaryimage"},"image":{"@id":"https:\/\/www.noticiasradioreflejos.com.ar\/2021\/abra-de-la-ventana-volcaron-fueron-despedidos-del-vehiculo-y-escaparon-por-la-ladera-del-cerro-la-policia-los-atrapo\/#primaryimage"},"thumbnailUrl":"https:\/\/live.staticflickr.com\/65535\/52023415834_57e2ccd008_c.jpg","datePublished":"2022-04-23T04:50:45+00:00","dateModified":"2022-04-23T12:18:56+00:00","author":{"@id":"https:\/\/www.noticiasradioreflejos.com.ar\/2021\/#\/schema\/person\/ad82545263dcc5ec0996818884fd5fb1"},"breadcrumb":{"@id":"https:\/\/www.noticiasradioreflejos.com.ar\/2021\/abra-de-la-ventana-volcaron-fueron-despedidos-del-vehiculo-y-escaparon-por-la-ladera-del-cerro-la-policia-los-atrapo\/#breadcrumb"},"inLanguage":"es","potentialAction":[{"@type":"ReadAction","target":["https:\/\/www.noticiasradioreflejos.com.ar\/2021\/abra-de-la-ventana-volcaron-fueron-despedidos-del-vehiculo-y-escaparon-por-la-ladera-del-cerro-la-policia-los-atrapo\/"]}]},{"@type":"ImageObject","inLanguage":"es","@id":"https:\/\/www.noticiasradioreflejos.com.ar\/2021\/abra-de-la-ventana-volcaron-fueron-despedidos-del-vehiculo-y-escaparon-por-la-ladera-del-cerro-la-policia-los-atrapo\/#primaryimage","url":"https:\/\/live.staticflickr.com\/65535\/52023415834_57e2ccd008_c.jpg","contentUrl":"https:\/\/live.staticflickr.com\/65535\/52023415834_57e2ccd008_c.jpg"},{"@type":"BreadcrumbList","@id":"https:\/\/www.noticiasradioreflejos.com.ar\/2021\/abra-de-la-ventana-volcaron-fueron-despedidos-del-vehiculo-y-escaparon-por-la-ladera-del-cerro-la-policia-los-atrapo\/#breadcrumb","itemListElement":[{"@type":"ListItem","position":1,"name":"Portada","item":"https:\/\/www.noticiasradioreflejos.com.ar\/2021\/"},{"@type":"ListItem","position":2,"name":"Abra de la Ventana: Volcaron, fueron despedidos del veh\u00edculo y escaparon por la ladera del cerro; la polic\u00eda los encontr\u00f3."}]},{"@type":"WebSite","@id":"https:\/\/www.noticiasradioreflejos.com.ar\/2021\/#website","url":"https:\/\/www.noticiasradioreflejos.com.ar\/2021\/","name":"Noticias Radio Reflejos","description":"Las noticias de mi comarca","potentialAction":[{"@type":"SearchAction","target":{"@type":"EntryPoint","urlTemplate":"https:\/\/www.noticiasradioreflejos.com.ar\/2021\/?s={search_term_string}"},"query-input":{"@type":"PropertyValueSpecification","valueRequired":true,"valueName":"search_term_string"}}],"inLanguage":"es"},{"@type":"Person","@id":"https:\/\/www.noticiasradioreflejos.com.ar\/2021\/#\/schema\/person\/ad82545263dcc5ec0996818884fd5fb1","name":"Arnaldo Botto","image":{"@type":"ImageObject","inLanguage":"es","@id":"https:\/\/www.noticiasradioreflejos.com.ar\/2021\/#\/schema\/person\/image\/","url":"https:\/\/secure.gravatar.com\/avatar\/55cb5e37c1efa326397366e6974cb338056df65cb50e7d64d1cf314e87504837?s=96&d=mm&r=g","contentUrl":"https:\/\/secure.gravatar.com\/avatar\/55cb5e37c1efa326397366e6974cb338056df65cb50e7d64d1cf314e87504837?s=96&d=mm&r=g","caption":"Arnaldo Botto"},"url":"https:\/\/www.noticiasradioreflejos.com.ar\/2021\/author\/arnaldo\/"}]}},"_links":{"self":[{"href":"https:\/\/www.noticiasradioreflejos.com.ar\/2021\/wp-json\/wp\/v2\/posts\/71036","targetHints":{"allow":["GET"]}}],"collection":[{"href":"https:\/\/www.noticiasradioreflejos.com.ar\/2021\/wp-json\/wp\/v2\/posts"}],"about":[{"href":"https:\/\/www.noticiasradioreflejos.com.ar\/2021\/wp-json\/wp\/v2\/types\/post"}],"author":[{"embeddable":true,"href":"https:\/\/www.noticiasradioreflejos.com.ar\/2021\/wp-json\/wp\/v2\/users\/3"}],"replies":[{"embeddable":true,"href":"https:\/\/www.noticiasradioreflejos.com.ar\/2021\/wp-json\/wp\/v2\/comments?post=71036"}],"version-history":[{"count":7,"href":"https:\/\/www.noticiasradioreflejos.com.ar\/2021\/wp-json\/wp\/v2\/posts\/71036\/revisions"}],"predecessor-version":[{"id":71044,"href":"https:\/\/www.noticiasradioreflejos.com.ar\/2021\/wp-json\/wp\/v2\/posts\/71036\/revisions\/71044"}],"wp:attachment":[{"href":"https:\/\/www.noticiasradioreflejos.com.ar\/2021\/wp-json\/wp\/v2\/media?parent=71036"}],"wp:term":[{"taxonomy":"category","embeddable":true,"href":"https:\/\/www.noticiasradioreflejos.com.ar\/2021\/wp-json\/wp\/v2\/categories?post=71036"},{"taxonomy":"post_tag","embeddable":true,"href":"https:\/\/www.noticiasradioreflejos.com.ar\/2021\/wp-json\/wp\/v2\/tags?post=71036"}],"curies":[{"name":"wp","href":"https:\/\/api.w.org\/{rel}","templated":true}]}}