{"id":71003,"date":"2022-04-22T19:10:01","date_gmt":"2022-04-22T19:10:01","guid":{"rendered":"http:\/\/www.noticiasradioreflejos.com.ar\/2021\/?p=71003"},"modified":"2022-04-22T19:10:01","modified_gmt":"2022-04-22T19:10:01","slug":"natalia-molina-es-un-orgullo-ser-parte-de-esta-edicion-de-lujo","status":"publish","type":"post","link":"https:\/\/www.noticiasradioreflejos.com.ar\/2021\/natalia-molina-es-un-orgullo-ser-parte-de-esta-edicion-de-lujo\/","title":{"rendered":"Natalia Molina: \u201cEs un orgullo ser parte de esta edici\u00f3n de lujo\u201d"},"content":{"rendered":"<p>La escritora de la comarca serrana coment\u00f3 las vivencias y sentires de ser parte de \u201cPasajeras esas Nubes\u201d el primer libro de poes\u00edas que lanz\u00f3 el sello editorial del estado provincial.<!--more--><\/p>\n<p>Si bien escribir no es algo nuevo para Natalia Molina, ser parte de \u201cPasajeras esas Nubes\u201d engloban varios mimos hacia su persona y su carrera, comenzando por el hecho de haber sido uno de las siete seleccionadas para darle vida a la obra.<\/p>\n<p>Al respeto, y d\u00e1ndole un marco hist\u00f3rico al libro, asegur\u00f3 que \u201cRoberta Iannamico fue convocada por Ediciones Bonaerenses para presentar un proyecto de antolog\u00eda. Arm\u00f3 un proyecto donde inclu\u00eda a siete escritoras y una de ellas fui yo\u201d.<\/p>\n<p><a title=\"unnamed\" href=\"https:\/\/www.flickr.com\/photos\/182279889@N02\/52017315963\/in\/dateposted-public\/\" data-flickr-embed=\"true\"><img loading=\"lazy\" decoding=\"async\" class=\"alignleft\" src=\"https:\/\/live.staticflickr.com\/65535\/52017315963_bd029b9f7d.jpg\" alt=\"unnamed\" width=\"298\" height=\"425\" \/><\/a>Sobre los motivos de su selecci\u00f3n, coment\u00f3 que \u201cnos convoc\u00f3 a nosotras porque nos hemos encontrado en distintas actividades relacionadas con la poes\u00eda, y a ra\u00edz de eso somos compa\u00f1eras de camino. Incluso nos ha encontrado en actividades de militancia po\u00e9tica. De hecho en el pr\u00f3logo explica c\u00f3mo fue la elecci\u00f3n\u201d.<\/p>\n<p>Al momento de recordar los primeros pasos de esta obra, cont\u00f3 que \u201carrancamos en junio del a\u00f1o pasado. La idea era de hacer una elecci\u00f3n de poemas, en retrospectiva de obra, en donde haya poemas de los libros que hemos publicado cada una, y despu\u00e9s poemas in\u00e9ditos. Hay 20 p\u00e1ginas de cada una aproximadamente\u201d.<\/p>\n<p>&nbsp;<\/p>\n<p>&nbsp;<\/p>\n<p>&nbsp;<\/p>\n<p>&nbsp;<\/p>\n<p><a title=\"Natalia Molina (2)\" href=\"https:\/\/www.flickr.com\/photos\/182279889@N02\/52022773645\/in\/dateposted-public\/\" data-flickr-embed=\"true\"><img loading=\"lazy\" decoding=\"async\" class=\"alignleft\" src=\"https:\/\/live.staticflickr.com\/65535\/52022773645_c73b7d15aa_c.jpg\" alt=\"Natalia Molina (2)\" width=\"305\" height=\"381\" \/><\/a>De igual manera resalt\u00f3 que \u201ces un orgullo ser parte de esta edici\u00f3n de lujo. Pronto se va a presentar en la Feria del Libro de Buenos Aires. Podr\u00eda ser el 6 de mayo en el stand de la provincia. Este libro va a ser distribuido en bibliotecas populares, p\u00fablicas y escolares de la provincia de Buenos Aires. Por el momento no saldr\u00e1 a la venta. Se tiene que ver. Es el primer libro de poes\u00edas que publica esta editorial\u201d.<\/p>\n<p>Ante la pregunta de su recorrido, Natalia record\u00f3 que \u201che publicado cuatro libros propios, tambi\u00e9n he trabajado en antolog\u00edas y tambi\u00e9n he prologado. Soy diplomada en bibliotecolog\u00eda social y despu\u00e9s termin\u00e9 de cursar la carrera de bibliotecaria escolar, me quedan rendir unos finales para recibirme; y tambi\u00e9n estudi\u00e9 periodismo pero no me recib\u00ed\u201d.<\/p>\n<p>&nbsp;<\/p>\n<p>&nbsp;<\/p>\n<p><iframe loading=\"lazy\" src=\"https:\/\/w.soundcloud.com\/player\/?url=https%3A\/\/api.soundcloud.com\/tracks\/1255108423&amp;color=%23ff5500&amp;auto_play=false&amp;hide_related=false&amp;show_comments=true&amp;show_user=true&amp;show_reposts=false&amp;show_teaser=true\" width=\"100%\" height=\"166\" frameborder=\"no\" scrolling=\"no\"><\/iframe><\/p>\n<div style=\"font-size: 10px; color: #cccccc; line-break: anywhere; word-break: normal; overflow: hidden; white-space: nowrap; text-overflow: ellipsis; font-family: Interstate,Lucida Grande,Lucida Sans Unicode,Lucida Sans,Garuda,Verdana,Tahoma,sans-serif; font-weight: 100;\"><a style=\"color: #cccccc; text-decoration: none;\" title=\"fmreflejos 103.7\" href=\"https:\/\/soundcloud.com\/fmreflejos-103-7\" target=\"_blank\" rel=\"noopener\">fmreflejos 103.7<\/a> \u00b7 <a style=\"color: #cccccc; text-decoration: none;\" title=\"Natalia Molina\" href=\"https:\/\/soundcloud.com\/fmreflejos-103-7\/natalia-molina-3\" target=\"_blank\" rel=\"noopener\">Natalia Molina<\/a><\/div>\n","protected":false},"excerpt":{"rendered":"<p>La escritora de la comarca serrana coment\u00f3 las vivencias y sentires de ser parte de \u201cPasajeras esas Nubes\u201d el primer libro de poes\u00edas que lanz\u00f3 el sello editorial del estado provincial.<\/p>\n","protected":false},"author":3,"featured_media":0,"comment_status":"closed","ping_status":"closed","sticky":false,"template":"","format":"standard","meta":{"footnotes":""},"categories":[35,34,26],"tags":[48],"class_list":["post-71003","post","type-post","status-publish","format-standard","hentry","category-cultura","category-educacion","category-sociedad","tag-destacada"],"yoast_head":"<!-- This site is optimized with the Yoast SEO plugin v25.9 - https:\/\/yoast.com\/wordpress\/plugins\/seo\/ -->\n<title>Natalia Molina: \u201cEs un orgullo ser parte de esta edici\u00f3n de lujo\u201d - Noticias Radio Reflejos<\/title>\n<meta name=\"robots\" content=\"index, follow, max-snippet:-1, max-image-preview:large, max-video-preview:-1\" \/>\n<link rel=\"canonical\" href=\"https:\/\/www.noticiasradioreflejos.com.ar\/2021\/natalia-molina-es-un-orgullo-ser-parte-de-esta-edicion-de-lujo\/\" \/>\n<meta property=\"og:locale\" content=\"es_ES\" \/>\n<meta property=\"og:type\" content=\"article\" \/>\n<meta property=\"og:title\" content=\"Natalia Molina: \u201cEs un orgullo ser parte de esta edici\u00f3n de lujo\u201d - Noticias Radio Reflejos\" \/>\n<meta property=\"og:description\" content=\"La escritora de la comarca serrana coment\u00f3 las vivencias y sentires de ser parte de \u201cPasajeras esas Nubes\u201d el primer libro de poes\u00edas que lanz\u00f3 el sello editorial del estado provincial.\" \/>\n<meta property=\"og:url\" content=\"https:\/\/www.noticiasradioreflejos.com.ar\/2021\/natalia-molina-es-un-orgullo-ser-parte-de-esta-edicion-de-lujo\/\" \/>\n<meta property=\"og:site_name\" content=\"Noticias Radio Reflejos\" \/>\n<meta property=\"article:published_time\" content=\"2022-04-22T19:10:01+00:00\" \/>\n<meta property=\"og:image\" content=\"https:\/\/live.staticflickr.com\/65535\/52017315963_bd029b9f7d.jpg\" \/>\n<meta name=\"author\" content=\"Arnaldo Botto\" \/>\n<meta name=\"twitter:card\" content=\"summary_large_image\" \/>\n<script type=\"application\/ld+json\" class=\"yoast-schema-graph\">{\"@context\":\"https:\/\/schema.org\",\"@graph\":[{\"@type\":\"WebPage\",\"@id\":\"https:\/\/www.noticiasradioreflejos.com.ar\/2021\/natalia-molina-es-un-orgullo-ser-parte-de-esta-edicion-de-lujo\/\",\"url\":\"https:\/\/www.noticiasradioreflejos.com.ar\/2021\/natalia-molina-es-un-orgullo-ser-parte-de-esta-edicion-de-lujo\/\",\"name\":\"Natalia Molina: \u201cEs un orgullo ser parte de esta edici\u00f3n de lujo\u201d - Noticias Radio Reflejos\",\"isPartOf\":{\"@id\":\"https:\/\/www.noticiasradioreflejos.com.ar\/2021\/#website\"},\"primaryImageOfPage\":{\"@id\":\"https:\/\/www.noticiasradioreflejos.com.ar\/2021\/natalia-molina-es-un-orgullo-ser-parte-de-esta-edicion-de-lujo\/#primaryimage\"},\"image\":{\"@id\":\"https:\/\/www.noticiasradioreflejos.com.ar\/2021\/natalia-molina-es-un-orgullo-ser-parte-de-esta-edicion-de-lujo\/#primaryimage\"},\"thumbnailUrl\":\"https:\/\/live.staticflickr.com\/65535\/52017315963_bd029b9f7d.jpg\",\"datePublished\":\"2022-04-22T19:10:01+00:00\",\"author\":{\"@id\":\"https:\/\/www.noticiasradioreflejos.com.ar\/2021\/#\/schema\/person\/ad82545263dcc5ec0996818884fd5fb1\"},\"breadcrumb\":{\"@id\":\"https:\/\/www.noticiasradioreflejos.com.ar\/2021\/natalia-molina-es-un-orgullo-ser-parte-de-esta-edicion-de-lujo\/#breadcrumb\"},\"inLanguage\":\"es\",\"potentialAction\":[{\"@type\":\"ReadAction\",\"target\":[\"https:\/\/www.noticiasradioreflejos.com.ar\/2021\/natalia-molina-es-un-orgullo-ser-parte-de-esta-edicion-de-lujo\/\"]}]},{\"@type\":\"ImageObject\",\"inLanguage\":\"es\",\"@id\":\"https:\/\/www.noticiasradioreflejos.com.ar\/2021\/natalia-molina-es-un-orgullo-ser-parte-de-esta-edicion-de-lujo\/#primaryimage\",\"url\":\"https:\/\/live.staticflickr.com\/65535\/52017315963_bd029b9f7d.jpg\",\"contentUrl\":\"https:\/\/live.staticflickr.com\/65535\/52017315963_bd029b9f7d.jpg\"},{\"@type\":\"BreadcrumbList\",\"@id\":\"https:\/\/www.noticiasradioreflejos.com.ar\/2021\/natalia-molina-es-un-orgullo-ser-parte-de-esta-edicion-de-lujo\/#breadcrumb\",\"itemListElement\":[{\"@type\":\"ListItem\",\"position\":1,\"name\":\"Portada\",\"item\":\"https:\/\/www.noticiasradioreflejos.com.ar\/2021\/\"},{\"@type\":\"ListItem\",\"position\":2,\"name\":\"Natalia Molina: \u201cEs un orgullo ser parte de esta edici\u00f3n de lujo\u201d\"}]},{\"@type\":\"WebSite\",\"@id\":\"https:\/\/www.noticiasradioreflejos.com.ar\/2021\/#website\",\"url\":\"https:\/\/www.noticiasradioreflejos.com.ar\/2021\/\",\"name\":\"Noticias Radio Reflejos\",\"description\":\"Las noticias de mi comarca\",\"potentialAction\":[{\"@type\":\"SearchAction\",\"target\":{\"@type\":\"EntryPoint\",\"urlTemplate\":\"https:\/\/www.noticiasradioreflejos.com.ar\/2021\/?s={search_term_string}\"},\"query-input\":{\"@type\":\"PropertyValueSpecification\",\"valueRequired\":true,\"valueName\":\"search_term_string\"}}],\"inLanguage\":\"es\"},{\"@type\":\"Person\",\"@id\":\"https:\/\/www.noticiasradioreflejos.com.ar\/2021\/#\/schema\/person\/ad82545263dcc5ec0996818884fd5fb1\",\"name\":\"Arnaldo Botto\",\"image\":{\"@type\":\"ImageObject\",\"inLanguage\":\"es\",\"@id\":\"https:\/\/www.noticiasradioreflejos.com.ar\/2021\/#\/schema\/person\/image\/\",\"url\":\"https:\/\/secure.gravatar.com\/avatar\/55cb5e37c1efa326397366e6974cb338056df65cb50e7d64d1cf314e87504837?s=96&d=mm&r=g\",\"contentUrl\":\"https:\/\/secure.gravatar.com\/avatar\/55cb5e37c1efa326397366e6974cb338056df65cb50e7d64d1cf314e87504837?s=96&d=mm&r=g\",\"caption\":\"Arnaldo Botto\"},\"url\":\"https:\/\/www.noticiasradioreflejos.com.ar\/2021\/author\/arnaldo\/\"}]}<\/script>\n<!-- \/ Yoast SEO plugin. -->","yoast_head_json":{"title":"Natalia Molina: \u201cEs un orgullo ser parte de esta edici\u00f3n de lujo\u201d - Noticias Radio Reflejos","robots":{"index":"index","follow":"follow","max-snippet":"max-snippet:-1","max-image-preview":"max-image-preview:large","max-video-preview":"max-video-preview:-1"},"canonical":"https:\/\/www.noticiasradioreflejos.com.ar\/2021\/natalia-molina-es-un-orgullo-ser-parte-de-esta-edicion-de-lujo\/","og_locale":"es_ES","og_type":"article","og_title":"Natalia Molina: \u201cEs un orgullo ser parte de esta edici\u00f3n de lujo\u201d - Noticias Radio Reflejos","og_description":"La escritora de la comarca serrana coment\u00f3 las vivencias y sentires de ser parte de \u201cPasajeras esas Nubes\u201d el primer libro de poes\u00edas que lanz\u00f3 el sello editorial del estado provincial.","og_url":"https:\/\/www.noticiasradioreflejos.com.ar\/2021\/natalia-molina-es-un-orgullo-ser-parte-de-esta-edicion-de-lujo\/","og_site_name":"Noticias Radio Reflejos","article_published_time":"2022-04-22T19:10:01+00:00","og_image":[{"url":"https:\/\/live.staticflickr.com\/65535\/52017315963_bd029b9f7d.jpg","type":"","width":"","height":""}],"author":"Arnaldo Botto","twitter_card":"summary_large_image","schema":{"@context":"https:\/\/schema.org","@graph":[{"@type":"WebPage","@id":"https:\/\/www.noticiasradioreflejos.com.ar\/2021\/natalia-molina-es-un-orgullo-ser-parte-de-esta-edicion-de-lujo\/","url":"https:\/\/www.noticiasradioreflejos.com.ar\/2021\/natalia-molina-es-un-orgullo-ser-parte-de-esta-edicion-de-lujo\/","name":"Natalia Molina: \u201cEs un orgullo ser parte de esta edici\u00f3n de lujo\u201d - Noticias Radio Reflejos","isPartOf":{"@id":"https:\/\/www.noticiasradioreflejos.com.ar\/2021\/#website"},"primaryImageOfPage":{"@id":"https:\/\/www.noticiasradioreflejos.com.ar\/2021\/natalia-molina-es-un-orgullo-ser-parte-de-esta-edicion-de-lujo\/#primaryimage"},"image":{"@id":"https:\/\/www.noticiasradioreflejos.com.ar\/2021\/natalia-molina-es-un-orgullo-ser-parte-de-esta-edicion-de-lujo\/#primaryimage"},"thumbnailUrl":"https:\/\/live.staticflickr.com\/65535\/52017315963_bd029b9f7d.jpg","datePublished":"2022-04-22T19:10:01+00:00","author":{"@id":"https:\/\/www.noticiasradioreflejos.com.ar\/2021\/#\/schema\/person\/ad82545263dcc5ec0996818884fd5fb1"},"breadcrumb":{"@id":"https:\/\/www.noticiasradioreflejos.com.ar\/2021\/natalia-molina-es-un-orgullo-ser-parte-de-esta-edicion-de-lujo\/#breadcrumb"},"inLanguage":"es","potentialAction":[{"@type":"ReadAction","target":["https:\/\/www.noticiasradioreflejos.com.ar\/2021\/natalia-molina-es-un-orgullo-ser-parte-de-esta-edicion-de-lujo\/"]}]},{"@type":"ImageObject","inLanguage":"es","@id":"https:\/\/www.noticiasradioreflejos.com.ar\/2021\/natalia-molina-es-un-orgullo-ser-parte-de-esta-edicion-de-lujo\/#primaryimage","url":"https:\/\/live.staticflickr.com\/65535\/52017315963_bd029b9f7d.jpg","contentUrl":"https:\/\/live.staticflickr.com\/65535\/52017315963_bd029b9f7d.jpg"},{"@type":"BreadcrumbList","@id":"https:\/\/www.noticiasradioreflejos.com.ar\/2021\/natalia-molina-es-un-orgullo-ser-parte-de-esta-edicion-de-lujo\/#breadcrumb","itemListElement":[{"@type":"ListItem","position":1,"name":"Portada","item":"https:\/\/www.noticiasradioreflejos.com.ar\/2021\/"},{"@type":"ListItem","position":2,"name":"Natalia Molina: \u201cEs un orgullo ser parte de esta edici\u00f3n de lujo\u201d"}]},{"@type":"WebSite","@id":"https:\/\/www.noticiasradioreflejos.com.ar\/2021\/#website","url":"https:\/\/www.noticiasradioreflejos.com.ar\/2021\/","name":"Noticias Radio Reflejos","description":"Las noticias de mi comarca","potentialAction":[{"@type":"SearchAction","target":{"@type":"EntryPoint","urlTemplate":"https:\/\/www.noticiasradioreflejos.com.ar\/2021\/?s={search_term_string}"},"query-input":{"@type":"PropertyValueSpecification","valueRequired":true,"valueName":"search_term_string"}}],"inLanguage":"es"},{"@type":"Person","@id":"https:\/\/www.noticiasradioreflejos.com.ar\/2021\/#\/schema\/person\/ad82545263dcc5ec0996818884fd5fb1","name":"Arnaldo Botto","image":{"@type":"ImageObject","inLanguage":"es","@id":"https:\/\/www.noticiasradioreflejos.com.ar\/2021\/#\/schema\/person\/image\/","url":"https:\/\/secure.gravatar.com\/avatar\/55cb5e37c1efa326397366e6974cb338056df65cb50e7d64d1cf314e87504837?s=96&d=mm&r=g","contentUrl":"https:\/\/secure.gravatar.com\/avatar\/55cb5e37c1efa326397366e6974cb338056df65cb50e7d64d1cf314e87504837?s=96&d=mm&r=g","caption":"Arnaldo Botto"},"url":"https:\/\/www.noticiasradioreflejos.com.ar\/2021\/author\/arnaldo\/"}]}},"_links":{"self":[{"href":"https:\/\/www.noticiasradioreflejos.com.ar\/2021\/wp-json\/wp\/v2\/posts\/71003","targetHints":{"allow":["GET"]}}],"collection":[{"href":"https:\/\/www.noticiasradioreflejos.com.ar\/2021\/wp-json\/wp\/v2\/posts"}],"about":[{"href":"https:\/\/www.noticiasradioreflejos.com.ar\/2021\/wp-json\/wp\/v2\/types\/post"}],"author":[{"embeddable":true,"href":"https:\/\/www.noticiasradioreflejos.com.ar\/2021\/wp-json\/wp\/v2\/users\/3"}],"replies":[{"embeddable":true,"href":"https:\/\/www.noticiasradioreflejos.com.ar\/2021\/wp-json\/wp\/v2\/comments?post=71003"}],"version-history":[{"count":4,"href":"https:\/\/www.noticiasradioreflejos.com.ar\/2021\/wp-json\/wp\/v2\/posts\/71003\/revisions"}],"predecessor-version":[{"id":71026,"href":"https:\/\/www.noticiasradioreflejos.com.ar\/2021\/wp-json\/wp\/v2\/posts\/71003\/revisions\/71026"}],"wp:attachment":[{"href":"https:\/\/www.noticiasradioreflejos.com.ar\/2021\/wp-json\/wp\/v2\/media?parent=71003"}],"wp:term":[{"taxonomy":"category","embeddable":true,"href":"https:\/\/www.noticiasradioreflejos.com.ar\/2021\/wp-json\/wp\/v2\/categories?post=71003"},{"taxonomy":"post_tag","embeddable":true,"href":"https:\/\/www.noticiasradioreflejos.com.ar\/2021\/wp-json\/wp\/v2\/tags?post=71003"}],"curies":[{"name":"wp","href":"https:\/\/api.w.org\/{rel}","templated":true}]}}