{"id":710,"date":"2016-09-09T14:43:56","date_gmt":"2016-09-09T14:43:56","guid":{"rendered":"http:\/\/noticiasradioreflejos.com.ar\/noticias\/?p=710"},"modified":"2016-09-09T14:43:56","modified_gmt":"2016-09-09T14:43:56","slug":"39-anos-del-fallecimiento-de-balbin","status":"publish","type":"post","link":"https:\/\/www.noticiasradioreflejos.com.ar\/2021\/39-anos-del-fallecimiento-de-balbin\/","title":{"rendered":"39 a\u00f1os del fallecimiento de Balb\u00edn"},"content":{"rendered":"<div>Fue un fervoroso militante reformista en la Universidad Nacional de La Plata, donde estudi\u00f3 la carrera de abogado. Balb\u00edn fue quien se puso al frente del Comit\u00e9 Radical de la secci\u00f3n primera de La Plata, luego del golpe de estado de 1930, con el fin de comenzar la tarea reorganizadora del radicalismo, y de resistir al r\u00e9gimen conservador recientemente instalado por la fuerza de las armas.<\/div>\n<p><!--more--><\/p>\n<div>Su lucha fue constante por las Instituciones del pa\u00eds. Cuando fue depuesto Arturo Ill\u00eda y a pesar de la dureza de la dictadura de Ongan\u00eda, Balb\u00edn continu\u00f3 en la b\u00fasqueda incansable de recuperar la pol\u00edtica y volver al sistema democr\u00e1tico. En este sentido, el 14 de noviembre de 1970, impuls\u00f3 la conformaci\u00f3n de la \u00abHora del Pueblo\u201d, con el prop\u00f3sito de recuperar las Instituciones republicanas.<\/div>\n<div>El \u00faltimo Balb\u00edn, es el que perdurar\u00e1 en el imaginario de los argentinos, aquel, que despoj\u00e1ndose de sus viejas luchas, dio los pasos necesarios para la consolidaci\u00f3n de la democracia y las instituciones republicanas del pa\u00eds. Su apuesta por la uni\u00f3n nacional, continu\u00f3 en la organizaci\u00f3n de \u00abLa Multipartidaria\u201d, cuyos logros no alcanz\u00f3 a ver, pero s\u00ed imaginar.<\/div>\n<div><\/div>\n<div>Juventud Radical Tornquist<\/div>\n","protected":false},"excerpt":{"rendered":"<p>Fue un fervoroso militante reformista en la Universidad Nacional de La Plata, donde estudi\u00f3 la carrera de abogado. Balb\u00edn fue quien se puso al frente del Comit\u00e9 Radical de la secci\u00f3n primera de La Plata, luego del golpe de estado de 1930, con el fin de comenzar la tarea reorganizadora del radicalismo, y de resistir [&hellip;]<\/p>\n","protected":false},"author":3,"featured_media":0,"comment_status":"closed","ping_status":"open","sticky":false,"template":"","format":"standard","meta":{"footnotes":""},"categories":[24],"tags":[],"class_list":["post-710","post","type-post","status-publish","format-standard","hentry","category-politica"],"yoast_head":"<!-- This site is optimized with the Yoast SEO plugin v25.9 - https:\/\/yoast.com\/wordpress\/plugins\/seo\/ -->\n<title>39 a\u00f1os del fallecimiento de Balb\u00edn - Noticias Radio Reflejos<\/title>\n<meta name=\"robots\" content=\"index, follow, max-snippet:-1, max-image-preview:large, max-video-preview:-1\" \/>\n<link rel=\"canonical\" href=\"https:\/\/www.noticiasradioreflejos.com.ar\/2021\/39-anos-del-fallecimiento-de-balbin\/\" \/>\n<meta property=\"og:locale\" content=\"es_ES\" \/>\n<meta property=\"og:type\" content=\"article\" \/>\n<meta property=\"og:title\" content=\"39 a\u00f1os del fallecimiento de Balb\u00edn - Noticias Radio Reflejos\" \/>\n<meta property=\"og:description\" content=\"Fue un fervoroso militante reformista en la Universidad Nacional de La Plata, donde estudi\u00f3 la carrera de abogado. Balb\u00edn fue quien se puso al frente del Comit\u00e9 Radical de la secci\u00f3n primera de La Plata, luego del golpe de estado de 1930, con el fin de comenzar la tarea reorganizadora del radicalismo, y de resistir [&hellip;]\" \/>\n<meta property=\"og:url\" content=\"https:\/\/www.noticiasradioreflejos.com.ar\/2021\/39-anos-del-fallecimiento-de-balbin\/\" \/>\n<meta property=\"og:site_name\" content=\"Noticias Radio Reflejos\" \/>\n<meta property=\"article:published_time\" content=\"2016-09-09T14:43:56+00:00\" \/>\n<meta property=\"og:image\" content=\"https:\/\/www.noticiasradioreflejos.com.ar\/2021\/wp-content\/uploads\/2021\/07\/logosol300x200.png\" \/>\n\t<meta property=\"og:image:width\" content=\"300\" \/>\n\t<meta property=\"og:image:height\" content=\"200\" \/>\n\t<meta property=\"og:image:type\" content=\"image\/png\" \/>\n<meta name=\"author\" content=\"Arnaldo Botto\" \/>\n<meta name=\"twitter:card\" content=\"summary_large_image\" \/>\n<script type=\"application\/ld+json\" class=\"yoast-schema-graph\">{\"@context\":\"https:\/\/schema.org\",\"@graph\":[{\"@type\":\"WebPage\",\"@id\":\"https:\/\/www.noticiasradioreflejos.com.ar\/2021\/39-anos-del-fallecimiento-de-balbin\/\",\"url\":\"https:\/\/www.noticiasradioreflejos.com.ar\/2021\/39-anos-del-fallecimiento-de-balbin\/\",\"name\":\"39 a\u00f1os del fallecimiento de Balb\u00edn - Noticias Radio Reflejos\",\"isPartOf\":{\"@id\":\"https:\/\/www.noticiasradioreflejos.com.ar\/2021\/#website\"},\"datePublished\":\"2016-09-09T14:43:56+00:00\",\"author\":{\"@id\":\"https:\/\/www.noticiasradioreflejos.com.ar\/2021\/#\/schema\/person\/ad82545263dcc5ec0996818884fd5fb1\"},\"breadcrumb\":{\"@id\":\"https:\/\/www.noticiasradioreflejos.com.ar\/2021\/39-anos-del-fallecimiento-de-balbin\/#breadcrumb\"},\"inLanguage\":\"es\",\"potentialAction\":[{\"@type\":\"ReadAction\",\"target\":[\"https:\/\/www.noticiasradioreflejos.com.ar\/2021\/39-anos-del-fallecimiento-de-balbin\/\"]}]},{\"@type\":\"BreadcrumbList\",\"@id\":\"https:\/\/www.noticiasradioreflejos.com.ar\/2021\/39-anos-del-fallecimiento-de-balbin\/#breadcrumb\",\"itemListElement\":[{\"@type\":\"ListItem\",\"position\":1,\"name\":\"Portada\",\"item\":\"https:\/\/www.noticiasradioreflejos.com.ar\/2021\/\"},{\"@type\":\"ListItem\",\"position\":2,\"name\":\"39 a\u00f1os del fallecimiento de Balb\u00edn\"}]},{\"@type\":\"WebSite\",\"@id\":\"https:\/\/www.noticiasradioreflejos.com.ar\/2021\/#website\",\"url\":\"https:\/\/www.noticiasradioreflejos.com.ar\/2021\/\",\"name\":\"Noticias Radio Reflejos\",\"description\":\"Las noticias de mi comarca\",\"potentialAction\":[{\"@type\":\"SearchAction\",\"target\":{\"@type\":\"EntryPoint\",\"urlTemplate\":\"https:\/\/www.noticiasradioreflejos.com.ar\/2021\/?s={search_term_string}\"},\"query-input\":{\"@type\":\"PropertyValueSpecification\",\"valueRequired\":true,\"valueName\":\"search_term_string\"}}],\"inLanguage\":\"es\"},{\"@type\":\"Person\",\"@id\":\"https:\/\/www.noticiasradioreflejos.com.ar\/2021\/#\/schema\/person\/ad82545263dcc5ec0996818884fd5fb1\",\"name\":\"Arnaldo Botto\",\"image\":{\"@type\":\"ImageObject\",\"inLanguage\":\"es\",\"@id\":\"https:\/\/www.noticiasradioreflejos.com.ar\/2021\/#\/schema\/person\/image\/\",\"url\":\"https:\/\/secure.gravatar.com\/avatar\/55cb5e37c1efa326397366e6974cb338056df65cb50e7d64d1cf314e87504837?s=96&d=mm&r=g\",\"contentUrl\":\"https:\/\/secure.gravatar.com\/avatar\/55cb5e37c1efa326397366e6974cb338056df65cb50e7d64d1cf314e87504837?s=96&d=mm&r=g\",\"caption\":\"Arnaldo Botto\"},\"url\":\"https:\/\/www.noticiasradioreflejos.com.ar\/2021\/author\/arnaldo\/\"}]}<\/script>\n<!-- \/ Yoast SEO plugin. -->","yoast_head_json":{"title":"39 a\u00f1os del fallecimiento de Balb\u00edn - Noticias Radio Reflejos","robots":{"index":"index","follow":"follow","max-snippet":"max-snippet:-1","max-image-preview":"max-image-preview:large","max-video-preview":"max-video-preview:-1"},"canonical":"https:\/\/www.noticiasradioreflejos.com.ar\/2021\/39-anos-del-fallecimiento-de-balbin\/","og_locale":"es_ES","og_type":"article","og_title":"39 a\u00f1os del fallecimiento de Balb\u00edn - Noticias Radio Reflejos","og_description":"Fue un fervoroso militante reformista en la Universidad Nacional de La Plata, donde estudi\u00f3 la carrera de abogado. Balb\u00edn fue quien se puso al frente del Comit\u00e9 Radical de la secci\u00f3n primera de La Plata, luego del golpe de estado de 1930, con el fin de comenzar la tarea reorganizadora del radicalismo, y de resistir [&hellip;]","og_url":"https:\/\/www.noticiasradioreflejos.com.ar\/2021\/39-anos-del-fallecimiento-de-balbin\/","og_site_name":"Noticias Radio Reflejos","article_published_time":"2016-09-09T14:43:56+00:00","og_image":[{"width":300,"height":200,"url":"https:\/\/www.noticiasradioreflejos.com.ar\/2021\/wp-content\/uploads\/2021\/07\/logosol300x200.png","type":"image\/png"}],"author":"Arnaldo Botto","twitter_card":"summary_large_image","schema":{"@context":"https:\/\/schema.org","@graph":[{"@type":"WebPage","@id":"https:\/\/www.noticiasradioreflejos.com.ar\/2021\/39-anos-del-fallecimiento-de-balbin\/","url":"https:\/\/www.noticiasradioreflejos.com.ar\/2021\/39-anos-del-fallecimiento-de-balbin\/","name":"39 a\u00f1os del fallecimiento de Balb\u00edn - Noticias Radio Reflejos","isPartOf":{"@id":"https:\/\/www.noticiasradioreflejos.com.ar\/2021\/#website"},"datePublished":"2016-09-09T14:43:56+00:00","author":{"@id":"https:\/\/www.noticiasradioreflejos.com.ar\/2021\/#\/schema\/person\/ad82545263dcc5ec0996818884fd5fb1"},"breadcrumb":{"@id":"https:\/\/www.noticiasradioreflejos.com.ar\/2021\/39-anos-del-fallecimiento-de-balbin\/#breadcrumb"},"inLanguage":"es","potentialAction":[{"@type":"ReadAction","target":["https:\/\/www.noticiasradioreflejos.com.ar\/2021\/39-anos-del-fallecimiento-de-balbin\/"]}]},{"@type":"BreadcrumbList","@id":"https:\/\/www.noticiasradioreflejos.com.ar\/2021\/39-anos-del-fallecimiento-de-balbin\/#breadcrumb","itemListElement":[{"@type":"ListItem","position":1,"name":"Portada","item":"https:\/\/www.noticiasradioreflejos.com.ar\/2021\/"},{"@type":"ListItem","position":2,"name":"39 a\u00f1os del fallecimiento de Balb\u00edn"}]},{"@type":"WebSite","@id":"https:\/\/www.noticiasradioreflejos.com.ar\/2021\/#website","url":"https:\/\/www.noticiasradioreflejos.com.ar\/2021\/","name":"Noticias Radio Reflejos","description":"Las noticias de mi comarca","potentialAction":[{"@type":"SearchAction","target":{"@type":"EntryPoint","urlTemplate":"https:\/\/www.noticiasradioreflejos.com.ar\/2021\/?s={search_term_string}"},"query-input":{"@type":"PropertyValueSpecification","valueRequired":true,"valueName":"search_term_string"}}],"inLanguage":"es"},{"@type":"Person","@id":"https:\/\/www.noticiasradioreflejos.com.ar\/2021\/#\/schema\/person\/ad82545263dcc5ec0996818884fd5fb1","name":"Arnaldo Botto","image":{"@type":"ImageObject","inLanguage":"es","@id":"https:\/\/www.noticiasradioreflejos.com.ar\/2021\/#\/schema\/person\/image\/","url":"https:\/\/secure.gravatar.com\/avatar\/55cb5e37c1efa326397366e6974cb338056df65cb50e7d64d1cf314e87504837?s=96&d=mm&r=g","contentUrl":"https:\/\/secure.gravatar.com\/avatar\/55cb5e37c1efa326397366e6974cb338056df65cb50e7d64d1cf314e87504837?s=96&d=mm&r=g","caption":"Arnaldo Botto"},"url":"https:\/\/www.noticiasradioreflejos.com.ar\/2021\/author\/arnaldo\/"}]}},"_links":{"self":[{"href":"https:\/\/www.noticiasradioreflejos.com.ar\/2021\/wp-json\/wp\/v2\/posts\/710","targetHints":{"allow":["GET"]}}],"collection":[{"href":"https:\/\/www.noticiasradioreflejos.com.ar\/2021\/wp-json\/wp\/v2\/posts"}],"about":[{"href":"https:\/\/www.noticiasradioreflejos.com.ar\/2021\/wp-json\/wp\/v2\/types\/post"}],"author":[{"embeddable":true,"href":"https:\/\/www.noticiasradioreflejos.com.ar\/2021\/wp-json\/wp\/v2\/users\/3"}],"replies":[{"embeddable":true,"href":"https:\/\/www.noticiasradioreflejos.com.ar\/2021\/wp-json\/wp\/v2\/comments?post=710"}],"version-history":[{"count":0,"href":"https:\/\/www.noticiasradioreflejos.com.ar\/2021\/wp-json\/wp\/v2\/posts\/710\/revisions"}],"wp:attachment":[{"href":"https:\/\/www.noticiasradioreflejos.com.ar\/2021\/wp-json\/wp\/v2\/media?parent=710"}],"wp:term":[{"taxonomy":"category","embeddable":true,"href":"https:\/\/www.noticiasradioreflejos.com.ar\/2021\/wp-json\/wp\/v2\/categories?post=710"},{"taxonomy":"post_tag","embeddable":true,"href":"https:\/\/www.noticiasradioreflejos.com.ar\/2021\/wp-json\/wp\/v2\/tags?post=710"}],"curies":[{"name":"wp","href":"https:\/\/api.w.org\/{rel}","templated":true}]}}