{"id":70976,"date":"2022-04-22T11:25:04","date_gmt":"2022-04-22T11:25:04","guid":{"rendered":"http:\/\/www.noticiasradioreflejos.com.ar\/2021\/?p=70976"},"modified":"2022-04-22T11:25:04","modified_gmt":"2022-04-22T11:25:04","slug":"condenan-a-una-pareja-a-4-anos-y-3-meses-de-prision-por-vender-cocaina-en-suarez","status":"publish","type":"post","link":"https:\/\/www.noticiasradioreflejos.com.ar\/2021\/condenan-a-una-pareja-a-4-anos-y-3-meses-de-prision-por-vender-cocaina-en-suarez\/","title":{"rendered":"Condenan a una pareja a 4 a\u00f1os y 3 meses de prisi\u00f3n por vender coca\u00edna en Su\u00e1rez"},"content":{"rendered":"<p>El Tribunal Oral Criminal N.\u00ba 1 conden\u00f3 \u2013 en juicio abreviado \u2013 a Sof\u00eda Macarena Doleschan y Javier Dami\u00e1n Videla a la pena de 4 a\u00f1os y 3 meses de prisi\u00f3n por el delito de comercializaci\u00f3n de estupefacientes en dosis fraccionadas destinadas a potenciales consumidores en Coronel Su\u00e1rez.<!--more--><\/p>\n<p>Seg\u00fan la investigaci\u00f3n a cargo de la\u00a0<strong>UFIJ N\u00ba19,\u00a0<\/strong>se los acus\u00f3 por haber comercializado coca\u00edna, al menos entre el 19 de mayo de 2021 y el 18 de junio de 2021, en puntos preacordados de la ciudad de Coronel Su\u00e1rez y en su domicilio particular; y haber tenido en su poder con fines de comercializaci\u00f3n 13,3 gramos de coca\u00edna.<\/p>\n<p>Esa sustancia fue incautada, el 18 de junio de 2021 en el domicilio de calle Urquiza al 200 de Su\u00e1rez por personal de la Estaci\u00f3n Comunal de esa localidad, en cumplimiento de la orden de allanamiento dispuesta por el Juzgado de Garant\u00edas N\u00b0 2 a cargo del Dr. Guillermo M\u00e9rcuri, y fue hallada fraccionada en 19 envoltorios de nylon color verde.<\/p>\n<p><strong>Fuente: Agencia de Noticias Judiciales<\/strong><\/p>\n","protected":false},"excerpt":{"rendered":"<p>El Tribunal Oral Criminal N.\u00ba 1 conden\u00f3 \u2013 en juicio abreviado \u2013 a Sof\u00eda Macarena Doleschan y Javier Dami\u00e1n Videla a la pena de 4 a\u00f1os y 3 meses de prisi\u00f3n por el delito de comercializaci\u00f3n de estupefacientes en dosis fraccionadas destinadas a potenciales consumidores en Coronel Su\u00e1rez.<\/p>\n","protected":false},"author":3,"featured_media":64448,"comment_status":"closed","ping_status":"closed","sticky":false,"template":"","format":"standard","meta":{"footnotes":""},"categories":[57],"tags":[],"class_list":["post-70976","post","type-post","status-publish","format-standard","has-post-thumbnail","hentry","category-judiciales"],"yoast_head":"<!-- This site is optimized with the Yoast SEO plugin v25.9 - https:\/\/yoast.com\/wordpress\/plugins\/seo\/ -->\n<title>Condenan a una pareja a 4 a\u00f1os y 3 meses de prisi\u00f3n por vender coca\u00edna en Su\u00e1rez - Noticias Radio Reflejos<\/title>\n<meta name=\"robots\" content=\"index, follow, max-snippet:-1, max-image-preview:large, max-video-preview:-1\" \/>\n<link rel=\"canonical\" href=\"https:\/\/www.noticiasradioreflejos.com.ar\/2021\/condenan-a-una-pareja-a-4-anos-y-3-meses-de-prision-por-vender-cocaina-en-suarez\/\" \/>\n<meta property=\"og:locale\" content=\"es_ES\" \/>\n<meta property=\"og:type\" content=\"article\" \/>\n<meta property=\"og:title\" content=\"Condenan a una pareja a 4 a\u00f1os y 3 meses de prisi\u00f3n por vender coca\u00edna en Su\u00e1rez - Noticias Radio Reflejos\" \/>\n<meta property=\"og:description\" content=\"El Tribunal Oral Criminal N.\u00ba 1 conden\u00f3 \u2013 en juicio abreviado \u2013 a Sof\u00eda Macarena Doleschan y Javier Dami\u00e1n Videla a la pena de 4 a\u00f1os y 3 meses de prisi\u00f3n por el delito de comercializaci\u00f3n de estupefacientes en dosis fraccionadas destinadas a potenciales consumidores en Coronel Su\u00e1rez.\" \/>\n<meta property=\"og:url\" content=\"https:\/\/www.noticiasradioreflejos.com.ar\/2021\/condenan-a-una-pareja-a-4-anos-y-3-meses-de-prision-por-vender-cocaina-en-suarez\/\" \/>\n<meta property=\"og:site_name\" content=\"Noticias Radio Reflejos\" \/>\n<meta property=\"article:published_time\" content=\"2022-04-22T11:25:04+00:00\" \/>\n<meta property=\"og:image\" content=\"https:\/\/www.noticiasradioreflejos.com.ar\/2021\/wp-content\/uploads\/2021\/11\/justicia.jpg\" \/>\n\t<meta property=\"og:image:width\" content=\"1200\" \/>\n\t<meta property=\"og:image:height\" content=\"1200\" \/>\n\t<meta property=\"og:image:type\" content=\"image\/jpeg\" \/>\n<meta name=\"author\" content=\"Arnaldo Botto\" \/>\n<meta name=\"twitter:card\" content=\"summary_large_image\" \/>\n<script type=\"application\/ld+json\" class=\"yoast-schema-graph\">{\"@context\":\"https:\/\/schema.org\",\"@graph\":[{\"@type\":\"WebPage\",\"@id\":\"https:\/\/www.noticiasradioreflejos.com.ar\/2021\/condenan-a-una-pareja-a-4-anos-y-3-meses-de-prision-por-vender-cocaina-en-suarez\/\",\"url\":\"https:\/\/www.noticiasradioreflejos.com.ar\/2021\/condenan-a-una-pareja-a-4-anos-y-3-meses-de-prision-por-vender-cocaina-en-suarez\/\",\"name\":\"Condenan a una pareja a 4 a\u00f1os y 3 meses de prisi\u00f3n por vender coca\u00edna en Su\u00e1rez - Noticias Radio Reflejos\",\"isPartOf\":{\"@id\":\"https:\/\/www.noticiasradioreflejos.com.ar\/2021\/#website\"},\"primaryImageOfPage\":{\"@id\":\"https:\/\/www.noticiasradioreflejos.com.ar\/2021\/condenan-a-una-pareja-a-4-anos-y-3-meses-de-prision-por-vender-cocaina-en-suarez\/#primaryimage\"},\"image\":{\"@id\":\"https:\/\/www.noticiasradioreflejos.com.ar\/2021\/condenan-a-una-pareja-a-4-anos-y-3-meses-de-prision-por-vender-cocaina-en-suarez\/#primaryimage\"},\"thumbnailUrl\":\"https:\/\/www.noticiasradioreflejos.com.ar\/2021\/wp-content\/uploads\/2021\/11\/justicia.jpg\",\"datePublished\":\"2022-04-22T11:25:04+00:00\",\"author\":{\"@id\":\"https:\/\/www.noticiasradioreflejos.com.ar\/2021\/#\/schema\/person\/ad82545263dcc5ec0996818884fd5fb1\"},\"breadcrumb\":{\"@id\":\"https:\/\/www.noticiasradioreflejos.com.ar\/2021\/condenan-a-una-pareja-a-4-anos-y-3-meses-de-prision-por-vender-cocaina-en-suarez\/#breadcrumb\"},\"inLanguage\":\"es\",\"potentialAction\":[{\"@type\":\"ReadAction\",\"target\":[\"https:\/\/www.noticiasradioreflejos.com.ar\/2021\/condenan-a-una-pareja-a-4-anos-y-3-meses-de-prision-por-vender-cocaina-en-suarez\/\"]}]},{\"@type\":\"ImageObject\",\"inLanguage\":\"es\",\"@id\":\"https:\/\/www.noticiasradioreflejos.com.ar\/2021\/condenan-a-una-pareja-a-4-anos-y-3-meses-de-prision-por-vender-cocaina-en-suarez\/#primaryimage\",\"url\":\"https:\/\/www.noticiasradioreflejos.com.ar\/2021\/wp-content\/uploads\/2021\/11\/justicia.jpg\",\"contentUrl\":\"https:\/\/www.noticiasradioreflejos.com.ar\/2021\/wp-content\/uploads\/2021\/11\/justicia.jpg\",\"width\":1200,\"height\":1200},{\"@type\":\"BreadcrumbList\",\"@id\":\"https:\/\/www.noticiasradioreflejos.com.ar\/2021\/condenan-a-una-pareja-a-4-anos-y-3-meses-de-prision-por-vender-cocaina-en-suarez\/#breadcrumb\",\"itemListElement\":[{\"@type\":\"ListItem\",\"position\":1,\"name\":\"Portada\",\"item\":\"https:\/\/www.noticiasradioreflejos.com.ar\/2021\/\"},{\"@type\":\"ListItem\",\"position\":2,\"name\":\"Condenan a una pareja a 4 a\u00f1os y 3 meses de prisi\u00f3n por vender coca\u00edna en Su\u00e1rez\"}]},{\"@type\":\"WebSite\",\"@id\":\"https:\/\/www.noticiasradioreflejos.com.ar\/2021\/#website\",\"url\":\"https:\/\/www.noticiasradioreflejos.com.ar\/2021\/\",\"name\":\"Noticias Radio Reflejos\",\"description\":\"Las noticias de mi comarca\",\"potentialAction\":[{\"@type\":\"SearchAction\",\"target\":{\"@type\":\"EntryPoint\",\"urlTemplate\":\"https:\/\/www.noticiasradioreflejos.com.ar\/2021\/?s={search_term_string}\"},\"query-input\":{\"@type\":\"PropertyValueSpecification\",\"valueRequired\":true,\"valueName\":\"search_term_string\"}}],\"inLanguage\":\"es\"},{\"@type\":\"Person\",\"@id\":\"https:\/\/www.noticiasradioreflejos.com.ar\/2021\/#\/schema\/person\/ad82545263dcc5ec0996818884fd5fb1\",\"name\":\"Arnaldo Botto\",\"image\":{\"@type\":\"ImageObject\",\"inLanguage\":\"es\",\"@id\":\"https:\/\/www.noticiasradioreflejos.com.ar\/2021\/#\/schema\/person\/image\/\",\"url\":\"https:\/\/secure.gravatar.com\/avatar\/55cb5e37c1efa326397366e6974cb338056df65cb50e7d64d1cf314e87504837?s=96&d=mm&r=g\",\"contentUrl\":\"https:\/\/secure.gravatar.com\/avatar\/55cb5e37c1efa326397366e6974cb338056df65cb50e7d64d1cf314e87504837?s=96&d=mm&r=g\",\"caption\":\"Arnaldo Botto\"},\"url\":\"https:\/\/www.noticiasradioreflejos.com.ar\/2021\/author\/arnaldo\/\"}]}<\/script>\n<!-- \/ Yoast SEO plugin. -->","yoast_head_json":{"title":"Condenan a una pareja a 4 a\u00f1os y 3 meses de prisi\u00f3n por vender coca\u00edna en Su\u00e1rez - Noticias Radio Reflejos","robots":{"index":"index","follow":"follow","max-snippet":"max-snippet:-1","max-image-preview":"max-image-preview:large","max-video-preview":"max-video-preview:-1"},"canonical":"https:\/\/www.noticiasradioreflejos.com.ar\/2021\/condenan-a-una-pareja-a-4-anos-y-3-meses-de-prision-por-vender-cocaina-en-suarez\/","og_locale":"es_ES","og_type":"article","og_title":"Condenan a una pareja a 4 a\u00f1os y 3 meses de prisi\u00f3n por vender coca\u00edna en Su\u00e1rez - Noticias Radio Reflejos","og_description":"El Tribunal Oral Criminal N.\u00ba 1 conden\u00f3 \u2013 en juicio abreviado \u2013 a Sof\u00eda Macarena Doleschan y Javier Dami\u00e1n Videla a la pena de 4 a\u00f1os y 3 meses de prisi\u00f3n por el delito de comercializaci\u00f3n de estupefacientes en dosis fraccionadas destinadas a potenciales consumidores en Coronel Su\u00e1rez.","og_url":"https:\/\/www.noticiasradioreflejos.com.ar\/2021\/condenan-a-una-pareja-a-4-anos-y-3-meses-de-prision-por-vender-cocaina-en-suarez\/","og_site_name":"Noticias Radio Reflejos","article_published_time":"2022-04-22T11:25:04+00:00","og_image":[{"width":1200,"height":1200,"url":"https:\/\/www.noticiasradioreflejos.com.ar\/2021\/wp-content\/uploads\/2021\/11\/justicia.jpg","type":"image\/jpeg"}],"author":"Arnaldo Botto","twitter_card":"summary_large_image","schema":{"@context":"https:\/\/schema.org","@graph":[{"@type":"WebPage","@id":"https:\/\/www.noticiasradioreflejos.com.ar\/2021\/condenan-a-una-pareja-a-4-anos-y-3-meses-de-prision-por-vender-cocaina-en-suarez\/","url":"https:\/\/www.noticiasradioreflejos.com.ar\/2021\/condenan-a-una-pareja-a-4-anos-y-3-meses-de-prision-por-vender-cocaina-en-suarez\/","name":"Condenan a una pareja a 4 a\u00f1os y 3 meses de prisi\u00f3n por vender coca\u00edna en Su\u00e1rez - Noticias Radio Reflejos","isPartOf":{"@id":"https:\/\/www.noticiasradioreflejos.com.ar\/2021\/#website"},"primaryImageOfPage":{"@id":"https:\/\/www.noticiasradioreflejos.com.ar\/2021\/condenan-a-una-pareja-a-4-anos-y-3-meses-de-prision-por-vender-cocaina-en-suarez\/#primaryimage"},"image":{"@id":"https:\/\/www.noticiasradioreflejos.com.ar\/2021\/condenan-a-una-pareja-a-4-anos-y-3-meses-de-prision-por-vender-cocaina-en-suarez\/#primaryimage"},"thumbnailUrl":"https:\/\/www.noticiasradioreflejos.com.ar\/2021\/wp-content\/uploads\/2021\/11\/justicia.jpg","datePublished":"2022-04-22T11:25:04+00:00","author":{"@id":"https:\/\/www.noticiasradioreflejos.com.ar\/2021\/#\/schema\/person\/ad82545263dcc5ec0996818884fd5fb1"},"breadcrumb":{"@id":"https:\/\/www.noticiasradioreflejos.com.ar\/2021\/condenan-a-una-pareja-a-4-anos-y-3-meses-de-prision-por-vender-cocaina-en-suarez\/#breadcrumb"},"inLanguage":"es","potentialAction":[{"@type":"ReadAction","target":["https:\/\/www.noticiasradioreflejos.com.ar\/2021\/condenan-a-una-pareja-a-4-anos-y-3-meses-de-prision-por-vender-cocaina-en-suarez\/"]}]},{"@type":"ImageObject","inLanguage":"es","@id":"https:\/\/www.noticiasradioreflejos.com.ar\/2021\/condenan-a-una-pareja-a-4-anos-y-3-meses-de-prision-por-vender-cocaina-en-suarez\/#primaryimage","url":"https:\/\/www.noticiasradioreflejos.com.ar\/2021\/wp-content\/uploads\/2021\/11\/justicia.jpg","contentUrl":"https:\/\/www.noticiasradioreflejos.com.ar\/2021\/wp-content\/uploads\/2021\/11\/justicia.jpg","width":1200,"height":1200},{"@type":"BreadcrumbList","@id":"https:\/\/www.noticiasradioreflejos.com.ar\/2021\/condenan-a-una-pareja-a-4-anos-y-3-meses-de-prision-por-vender-cocaina-en-suarez\/#breadcrumb","itemListElement":[{"@type":"ListItem","position":1,"name":"Portada","item":"https:\/\/www.noticiasradioreflejos.com.ar\/2021\/"},{"@type":"ListItem","position":2,"name":"Condenan a una pareja a 4 a\u00f1os y 3 meses de prisi\u00f3n por vender coca\u00edna en Su\u00e1rez"}]},{"@type":"WebSite","@id":"https:\/\/www.noticiasradioreflejos.com.ar\/2021\/#website","url":"https:\/\/www.noticiasradioreflejos.com.ar\/2021\/","name":"Noticias Radio Reflejos","description":"Las noticias de mi comarca","potentialAction":[{"@type":"SearchAction","target":{"@type":"EntryPoint","urlTemplate":"https:\/\/www.noticiasradioreflejos.com.ar\/2021\/?s={search_term_string}"},"query-input":{"@type":"PropertyValueSpecification","valueRequired":true,"valueName":"search_term_string"}}],"inLanguage":"es"},{"@type":"Person","@id":"https:\/\/www.noticiasradioreflejos.com.ar\/2021\/#\/schema\/person\/ad82545263dcc5ec0996818884fd5fb1","name":"Arnaldo Botto","image":{"@type":"ImageObject","inLanguage":"es","@id":"https:\/\/www.noticiasradioreflejos.com.ar\/2021\/#\/schema\/person\/image\/","url":"https:\/\/secure.gravatar.com\/avatar\/55cb5e37c1efa326397366e6974cb338056df65cb50e7d64d1cf314e87504837?s=96&d=mm&r=g","contentUrl":"https:\/\/secure.gravatar.com\/avatar\/55cb5e37c1efa326397366e6974cb338056df65cb50e7d64d1cf314e87504837?s=96&d=mm&r=g","caption":"Arnaldo Botto"},"url":"https:\/\/www.noticiasradioreflejos.com.ar\/2021\/author\/arnaldo\/"}]}},"_links":{"self":[{"href":"https:\/\/www.noticiasradioreflejos.com.ar\/2021\/wp-json\/wp\/v2\/posts\/70976","targetHints":{"allow":["GET"]}}],"collection":[{"href":"https:\/\/www.noticiasradioreflejos.com.ar\/2021\/wp-json\/wp\/v2\/posts"}],"about":[{"href":"https:\/\/www.noticiasradioreflejos.com.ar\/2021\/wp-json\/wp\/v2\/types\/post"}],"author":[{"embeddable":true,"href":"https:\/\/www.noticiasradioreflejos.com.ar\/2021\/wp-json\/wp\/v2\/users\/3"}],"replies":[{"embeddable":true,"href":"https:\/\/www.noticiasradioreflejos.com.ar\/2021\/wp-json\/wp\/v2\/comments?post=70976"}],"version-history":[{"count":1,"href":"https:\/\/www.noticiasradioreflejos.com.ar\/2021\/wp-json\/wp\/v2\/posts\/70976\/revisions"}],"predecessor-version":[{"id":70977,"href":"https:\/\/www.noticiasradioreflejos.com.ar\/2021\/wp-json\/wp\/v2\/posts\/70976\/revisions\/70977"}],"wp:featuredmedia":[{"embeddable":true,"href":"https:\/\/www.noticiasradioreflejos.com.ar\/2021\/wp-json\/wp\/v2\/media\/64448"}],"wp:attachment":[{"href":"https:\/\/www.noticiasradioreflejos.com.ar\/2021\/wp-json\/wp\/v2\/media?parent=70976"}],"wp:term":[{"taxonomy":"category","embeddable":true,"href":"https:\/\/www.noticiasradioreflejos.com.ar\/2021\/wp-json\/wp\/v2\/categories?post=70976"},{"taxonomy":"post_tag","embeddable":true,"href":"https:\/\/www.noticiasradioreflejos.com.ar\/2021\/wp-json\/wp\/v2\/tags?post=70976"}],"curies":[{"name":"wp","href":"https:\/\/api.w.org\/{rel}","templated":true}]}}