{"id":70938,"date":"2022-04-21T18:11:06","date_gmt":"2022-04-21T18:11:06","guid":{"rendered":"http:\/\/www.noticiasradioreflejos.com.ar\/2021\/?p=70938"},"modified":"2022-04-21T18:11:06","modified_gmt":"2022-04-21T18:11:06","slug":"anses-fernanda-raverta-anuncio-que-ya-esta-abierta-la-inscripcion-al-refuerzo-de-ingresos","status":"publish","type":"post","link":"https:\/\/www.noticiasradioreflejos.com.ar\/2021\/anses-fernanda-raverta-anuncio-que-ya-esta-abierta-la-inscripcion-al-refuerzo-de-ingresos\/","title":{"rendered":"ANSES: Fernanda Raverta anunci\u00f3 que ya est\u00e1 abierta la inscripci\u00f3n al refuerzo de ingresos"},"content":{"rendered":"<p>La directora ejecutiva de ANSES, Fernanda Raverta, se reuni\u00f3 hoy con periodistas previsionales para informar y despejar todas las dudas sobre el inicio de la inscripci\u00f3n del Refuerzo de Ingresos anunciado por el presidente de la Naci\u00f3n, Alberto Fern\u00e1ndez.<!--more--><\/p>\n<p>INSCRIPCI\u00d3N AL REFUERZO DE INGRESOS<\/p>\n<p>La inscripci\u00f3n, que es exclusivamente para trabajadoras y trabajadores informales, de casas particulares, monotributistas sociales y de las categor\u00edas A y B, comenzar\u00e1 el 21 de abril, se extender\u00e1 hasta el 7 de mayo y se realizar\u00e1 \u00fanicamente a trav\u00e9s del sitio web oficial de la ANSES, www.anses.gob.ar.<\/p>\n<p>         Jubilados y pensionados no deben inscribirse ya que cobrar\u00e1n el Refuerzo con el calendario de haberes habitual.<\/p>\n<p>LA INSCRIPCI\u00d3N SER\u00c1 MUY SENCILLA Y SE REALIZAR\u00c1 EN DOS ETAPAS:<\/p>\n<p>PRIMERA ETAPA: INICIO DE INSCRIPCI\u00d3N (DESDE EL 21 DE ABRIL)<\/p>\n<p>La persona que quiera solicitar el Refuerzo deber\u00e1 ingresar a www.anses.gob.ar y entrar al aplicativo de Mi ANSES, para lo cual deber\u00e1 tener a mano su CUIL y Clave de la Seguridad Social.<\/p>\n<p>En caso de que no recuerde su CUIL podr\u00e1 consultarlo en el momento, al igual que podr\u00e1 crear su Clave de la Seguridad Social. Va a contar con informaci\u00f3n y tutoriales para hacerlo en nuestra p\u00e1gina web.<\/p>\n<p>Una vez que la persona haya ingresado a Mi ANSES, deber\u00e1 elegir la opci\u00f3n Refuerzo de Ingresos y seguir los pasos para completar y actualizar sus datos de contacto (domicilio, tel\u00e9fono y correo electr\u00f3nico).<\/p>\n<p>SEGUNDA Y \u00daLTIMA ETAPA DE INSCRIPCI\u00d3N (DESDE EL 28 DE ABRIL)<\/p>\n<p>La persona que ya actualiz\u00f3 sus datos de contacto, a partir del 28 de abril deber\u00e1 ingresar nuevamente en Mi ANSES para finalizar con la inscripci\u00f3n: completar la declaraci\u00f3n jurada y validar\/cargar su cuenta bancaria a trav\u00e9s del CBU, donde va a cobrar el refuerzo.<\/p>\n<p>A PARTIR DEL 5 DE MAYO SE INFORMAR\u00c1 QUI\u00c9NES COBRAR\u00c1N EL REFUERZO<\/p>\n<p>Despu\u00e9s de realizar los cruces de informaci\u00f3n con los distintos organismos y las evaluaciones de la situaci\u00f3n patrimonial, socioecon\u00f3mica y de consumo de las y los solicitantes con el objetivo de verificar que cumplan las distintas condicionalidades para acceder al Refuerzo de Ingresos, las personas podr\u00e1n ingresar a partir del 5 de mayo a Mi ANSES para saber si les corresponde el derecho.<\/p>\n<p>A PARTIR DEL 19 DE MAYO INICIAR\u00c1 EL CRONOGRAMA DE PAGOS DEL REFUERZO DE INGRESOS<\/p>\n<p>Cabe destacar que, los m\u00e1s de 6.2 millones de jubiladas, jubilados, pensionadas y pensionados que recibir\u00e1n el bono de 12 mil pesos, comenzar\u00e1n a cobrarlo desde principio de mayo, en forma autom\u00e1tica y junto con su haber en el cronograma de pagos habitual.<\/p>\n","protected":false},"excerpt":{"rendered":"<p>La directora ejecutiva de ANSES, Fernanda Raverta, se reuni\u00f3 hoy con periodistas previsionales para informar y despejar todas las dudas sobre el inicio de la inscripci\u00f3n del Refuerzo de Ingresos anunciado por el presidente de la Naci\u00f3n, Alberto Fern\u00e1ndez.<\/p>\n","protected":false},"author":3,"featured_media":0,"comment_status":"closed","ping_status":"closed","sticky":false,"template":"","format":"standard","meta":{"footnotes":""},"categories":[1],"tags":[],"class_list":["post-70938","post","type-post","status-publish","format-standard","hentry","category-sin-categoria"],"yoast_head":"<!-- This site is optimized with the Yoast SEO plugin v25.9 - https:\/\/yoast.com\/wordpress\/plugins\/seo\/ -->\n<title>ANSES: Fernanda Raverta anunci\u00f3 que ya est\u00e1 abierta la inscripci\u00f3n al refuerzo de ingresos - Noticias Radio Reflejos<\/title>\n<meta name=\"robots\" content=\"index, follow, max-snippet:-1, max-image-preview:large, max-video-preview:-1\" \/>\n<link rel=\"canonical\" href=\"https:\/\/www.noticiasradioreflejos.com.ar\/2021\/anses-fernanda-raverta-anuncio-que-ya-esta-abierta-la-inscripcion-al-refuerzo-de-ingresos\/\" \/>\n<meta property=\"og:locale\" content=\"es_ES\" \/>\n<meta property=\"og:type\" content=\"article\" \/>\n<meta property=\"og:title\" content=\"ANSES: Fernanda Raverta anunci\u00f3 que ya est\u00e1 abierta la inscripci\u00f3n al refuerzo de ingresos - Noticias Radio Reflejos\" \/>\n<meta property=\"og:description\" content=\"La directora ejecutiva de ANSES, Fernanda Raverta, se reuni\u00f3 hoy con periodistas previsionales para informar y despejar todas las dudas sobre el inicio de la inscripci\u00f3n del Refuerzo de Ingresos anunciado por el presidente de la Naci\u00f3n, Alberto Fern\u00e1ndez.\" \/>\n<meta property=\"og:url\" content=\"https:\/\/www.noticiasradioreflejos.com.ar\/2021\/anses-fernanda-raverta-anuncio-que-ya-esta-abierta-la-inscripcion-al-refuerzo-de-ingresos\/\" \/>\n<meta property=\"og:site_name\" content=\"Noticias Radio Reflejos\" \/>\n<meta property=\"article:published_time\" content=\"2022-04-21T18:11:06+00:00\" \/>\n<meta property=\"og:image\" content=\"https:\/\/www.noticiasradioreflejos.com.ar\/2021\/wp-content\/uploads\/2021\/07\/logosol300x200.png\" \/>\n\t<meta property=\"og:image:width\" content=\"300\" \/>\n\t<meta property=\"og:image:height\" content=\"200\" \/>\n\t<meta property=\"og:image:type\" content=\"image\/png\" \/>\n<meta name=\"author\" content=\"Arnaldo Botto\" \/>\n<meta name=\"twitter:card\" content=\"summary_large_image\" \/>\n<script type=\"application\/ld+json\" class=\"yoast-schema-graph\">{\"@context\":\"https:\/\/schema.org\",\"@graph\":[{\"@type\":\"WebPage\",\"@id\":\"https:\/\/www.noticiasradioreflejos.com.ar\/2021\/anses-fernanda-raverta-anuncio-que-ya-esta-abierta-la-inscripcion-al-refuerzo-de-ingresos\/\",\"url\":\"https:\/\/www.noticiasradioreflejos.com.ar\/2021\/anses-fernanda-raverta-anuncio-que-ya-esta-abierta-la-inscripcion-al-refuerzo-de-ingresos\/\",\"name\":\"ANSES: Fernanda Raverta anunci\u00f3 que ya est\u00e1 abierta la inscripci\u00f3n al refuerzo de ingresos - Noticias Radio Reflejos\",\"isPartOf\":{\"@id\":\"https:\/\/www.noticiasradioreflejos.com.ar\/2021\/#website\"},\"datePublished\":\"2022-04-21T18:11:06+00:00\",\"author\":{\"@id\":\"https:\/\/www.noticiasradioreflejos.com.ar\/2021\/#\/schema\/person\/ad82545263dcc5ec0996818884fd5fb1\"},\"breadcrumb\":{\"@id\":\"https:\/\/www.noticiasradioreflejos.com.ar\/2021\/anses-fernanda-raverta-anuncio-que-ya-esta-abierta-la-inscripcion-al-refuerzo-de-ingresos\/#breadcrumb\"},\"inLanguage\":\"es\",\"potentialAction\":[{\"@type\":\"ReadAction\",\"target\":[\"https:\/\/www.noticiasradioreflejos.com.ar\/2021\/anses-fernanda-raverta-anuncio-que-ya-esta-abierta-la-inscripcion-al-refuerzo-de-ingresos\/\"]}]},{\"@type\":\"BreadcrumbList\",\"@id\":\"https:\/\/www.noticiasradioreflejos.com.ar\/2021\/anses-fernanda-raverta-anuncio-que-ya-esta-abierta-la-inscripcion-al-refuerzo-de-ingresos\/#breadcrumb\",\"itemListElement\":[{\"@type\":\"ListItem\",\"position\":1,\"name\":\"Portada\",\"item\":\"https:\/\/www.noticiasradioreflejos.com.ar\/2021\/\"},{\"@type\":\"ListItem\",\"position\":2,\"name\":\"ANSES: Fernanda Raverta anunci\u00f3 que ya est\u00e1 abierta la inscripci\u00f3n al refuerzo de ingresos\"}]},{\"@type\":\"WebSite\",\"@id\":\"https:\/\/www.noticiasradioreflejos.com.ar\/2021\/#website\",\"url\":\"https:\/\/www.noticiasradioreflejos.com.ar\/2021\/\",\"name\":\"Noticias Radio Reflejos\",\"description\":\"Las noticias de mi comarca\",\"potentialAction\":[{\"@type\":\"SearchAction\",\"target\":{\"@type\":\"EntryPoint\",\"urlTemplate\":\"https:\/\/www.noticiasradioreflejos.com.ar\/2021\/?s={search_term_string}\"},\"query-input\":{\"@type\":\"PropertyValueSpecification\",\"valueRequired\":true,\"valueName\":\"search_term_string\"}}],\"inLanguage\":\"es\"},{\"@type\":\"Person\",\"@id\":\"https:\/\/www.noticiasradioreflejos.com.ar\/2021\/#\/schema\/person\/ad82545263dcc5ec0996818884fd5fb1\",\"name\":\"Arnaldo Botto\",\"image\":{\"@type\":\"ImageObject\",\"inLanguage\":\"es\",\"@id\":\"https:\/\/www.noticiasradioreflejos.com.ar\/2021\/#\/schema\/person\/image\/\",\"url\":\"https:\/\/secure.gravatar.com\/avatar\/55cb5e37c1efa326397366e6974cb338056df65cb50e7d64d1cf314e87504837?s=96&d=mm&r=g\",\"contentUrl\":\"https:\/\/secure.gravatar.com\/avatar\/55cb5e37c1efa326397366e6974cb338056df65cb50e7d64d1cf314e87504837?s=96&d=mm&r=g\",\"caption\":\"Arnaldo Botto\"},\"url\":\"https:\/\/www.noticiasradioreflejos.com.ar\/2021\/author\/arnaldo\/\"}]}<\/script>\n<!-- \/ Yoast SEO plugin. -->","yoast_head_json":{"title":"ANSES: Fernanda Raverta anunci\u00f3 que ya est\u00e1 abierta la inscripci\u00f3n al refuerzo de ingresos - Noticias Radio Reflejos","robots":{"index":"index","follow":"follow","max-snippet":"max-snippet:-1","max-image-preview":"max-image-preview:large","max-video-preview":"max-video-preview:-1"},"canonical":"https:\/\/www.noticiasradioreflejos.com.ar\/2021\/anses-fernanda-raverta-anuncio-que-ya-esta-abierta-la-inscripcion-al-refuerzo-de-ingresos\/","og_locale":"es_ES","og_type":"article","og_title":"ANSES: Fernanda Raverta anunci\u00f3 que ya est\u00e1 abierta la inscripci\u00f3n al refuerzo de ingresos - Noticias Radio Reflejos","og_description":"La directora ejecutiva de ANSES, Fernanda Raverta, se reuni\u00f3 hoy con periodistas previsionales para informar y despejar todas las dudas sobre el inicio de la inscripci\u00f3n del Refuerzo de Ingresos anunciado por el presidente de la Naci\u00f3n, Alberto Fern\u00e1ndez.","og_url":"https:\/\/www.noticiasradioreflejos.com.ar\/2021\/anses-fernanda-raverta-anuncio-que-ya-esta-abierta-la-inscripcion-al-refuerzo-de-ingresos\/","og_site_name":"Noticias Radio Reflejos","article_published_time":"2022-04-21T18:11:06+00:00","og_image":[{"width":300,"height":200,"url":"https:\/\/www.noticiasradioreflejos.com.ar\/2021\/wp-content\/uploads\/2021\/07\/logosol300x200.png","type":"image\/png"}],"author":"Arnaldo Botto","twitter_card":"summary_large_image","schema":{"@context":"https:\/\/schema.org","@graph":[{"@type":"WebPage","@id":"https:\/\/www.noticiasradioreflejos.com.ar\/2021\/anses-fernanda-raverta-anuncio-que-ya-esta-abierta-la-inscripcion-al-refuerzo-de-ingresos\/","url":"https:\/\/www.noticiasradioreflejos.com.ar\/2021\/anses-fernanda-raverta-anuncio-que-ya-esta-abierta-la-inscripcion-al-refuerzo-de-ingresos\/","name":"ANSES: Fernanda Raverta anunci\u00f3 que ya est\u00e1 abierta la inscripci\u00f3n al refuerzo de ingresos - Noticias Radio Reflejos","isPartOf":{"@id":"https:\/\/www.noticiasradioreflejos.com.ar\/2021\/#website"},"datePublished":"2022-04-21T18:11:06+00:00","author":{"@id":"https:\/\/www.noticiasradioreflejos.com.ar\/2021\/#\/schema\/person\/ad82545263dcc5ec0996818884fd5fb1"},"breadcrumb":{"@id":"https:\/\/www.noticiasradioreflejos.com.ar\/2021\/anses-fernanda-raverta-anuncio-que-ya-esta-abierta-la-inscripcion-al-refuerzo-de-ingresos\/#breadcrumb"},"inLanguage":"es","potentialAction":[{"@type":"ReadAction","target":["https:\/\/www.noticiasradioreflejos.com.ar\/2021\/anses-fernanda-raverta-anuncio-que-ya-esta-abierta-la-inscripcion-al-refuerzo-de-ingresos\/"]}]},{"@type":"BreadcrumbList","@id":"https:\/\/www.noticiasradioreflejos.com.ar\/2021\/anses-fernanda-raverta-anuncio-que-ya-esta-abierta-la-inscripcion-al-refuerzo-de-ingresos\/#breadcrumb","itemListElement":[{"@type":"ListItem","position":1,"name":"Portada","item":"https:\/\/www.noticiasradioreflejos.com.ar\/2021\/"},{"@type":"ListItem","position":2,"name":"ANSES: Fernanda Raverta anunci\u00f3 que ya est\u00e1 abierta la inscripci\u00f3n al refuerzo de ingresos"}]},{"@type":"WebSite","@id":"https:\/\/www.noticiasradioreflejos.com.ar\/2021\/#website","url":"https:\/\/www.noticiasradioreflejos.com.ar\/2021\/","name":"Noticias Radio Reflejos","description":"Las noticias de mi comarca","potentialAction":[{"@type":"SearchAction","target":{"@type":"EntryPoint","urlTemplate":"https:\/\/www.noticiasradioreflejos.com.ar\/2021\/?s={search_term_string}"},"query-input":{"@type":"PropertyValueSpecification","valueRequired":true,"valueName":"search_term_string"}}],"inLanguage":"es"},{"@type":"Person","@id":"https:\/\/www.noticiasradioreflejos.com.ar\/2021\/#\/schema\/person\/ad82545263dcc5ec0996818884fd5fb1","name":"Arnaldo Botto","image":{"@type":"ImageObject","inLanguage":"es","@id":"https:\/\/www.noticiasradioreflejos.com.ar\/2021\/#\/schema\/person\/image\/","url":"https:\/\/secure.gravatar.com\/avatar\/55cb5e37c1efa326397366e6974cb338056df65cb50e7d64d1cf314e87504837?s=96&d=mm&r=g","contentUrl":"https:\/\/secure.gravatar.com\/avatar\/55cb5e37c1efa326397366e6974cb338056df65cb50e7d64d1cf314e87504837?s=96&d=mm&r=g","caption":"Arnaldo Botto"},"url":"https:\/\/www.noticiasradioreflejos.com.ar\/2021\/author\/arnaldo\/"}]}},"_links":{"self":[{"href":"https:\/\/www.noticiasradioreflejos.com.ar\/2021\/wp-json\/wp\/v2\/posts\/70938","targetHints":{"allow":["GET"]}}],"collection":[{"href":"https:\/\/www.noticiasradioreflejos.com.ar\/2021\/wp-json\/wp\/v2\/posts"}],"about":[{"href":"https:\/\/www.noticiasradioreflejos.com.ar\/2021\/wp-json\/wp\/v2\/types\/post"}],"author":[{"embeddable":true,"href":"https:\/\/www.noticiasradioreflejos.com.ar\/2021\/wp-json\/wp\/v2\/users\/3"}],"replies":[{"embeddable":true,"href":"https:\/\/www.noticiasradioreflejos.com.ar\/2021\/wp-json\/wp\/v2\/comments?post=70938"}],"version-history":[{"count":1,"href":"https:\/\/www.noticiasradioreflejos.com.ar\/2021\/wp-json\/wp\/v2\/posts\/70938\/revisions"}],"predecessor-version":[{"id":70940,"href":"https:\/\/www.noticiasradioreflejos.com.ar\/2021\/wp-json\/wp\/v2\/posts\/70938\/revisions\/70940"}],"wp:attachment":[{"href":"https:\/\/www.noticiasradioreflejos.com.ar\/2021\/wp-json\/wp\/v2\/media?parent=70938"}],"wp:term":[{"taxonomy":"category","embeddable":true,"href":"https:\/\/www.noticiasradioreflejos.com.ar\/2021\/wp-json\/wp\/v2\/categories?post=70938"},{"taxonomy":"post_tag","embeddable":true,"href":"https:\/\/www.noticiasradioreflejos.com.ar\/2021\/wp-json\/wp\/v2\/tags?post=70938"}],"curies":[{"name":"wp","href":"https:\/\/api.w.org\/{rel}","templated":true}]}}