{"id":70873,"date":"2022-04-20T17:53:02","date_gmt":"2022-04-20T17:53:02","guid":{"rendered":"http:\/\/www.noticiasradioreflejos.com.ar\/2021\/?p=70873"},"modified":"2022-04-20T17:53:02","modified_gmt":"2022-04-20T17:53:02","slug":"compartiendo-pinceles-vuelve-mejor-que-nunca","status":"publish","type":"post","link":"https:\/\/www.noticiasradioreflejos.com.ar\/2021\/compartiendo-pinceles-vuelve-mejor-que-nunca\/","title":{"rendered":"\u201cCompartiendo Pinceles vuelve mejor que nunca\u201d"},"content":{"rendered":"<p>El artista Carlos Giusti adelant\u00f3 lo que ser\u00e1 el taller que brindar\u00e1 este fin de semana en el Centro Cultural. \u201cNo se necesita experiencia, sino ganas\u201d dijo.<!--more--><\/p>\n<p>Mucha expectativa ha generado en toda la comarca el relanzamiento del taller \u201cCompartiendo Pinceles\u201d el cual est\u00e1 a cargo del artista Carlos Giusti. \u201cEl \u00faltimo taller que dimos fue en el 2016. Despu\u00e9s por diversas razones se cort\u00f3, y ahora volvemos mejores que nunca. Con much\u00edsimas ganas. Con el Centro Cultural a disposici\u00f3n. Y muy contentos\u201d asegur\u00f3.<\/p>\n<p>Al respecto afirm\u00f3 que \u201ces para gente de 15 a\u00f1os en adelante, con voluntad de hacer o retomar. El taller es casi di\u00e1logo, pero tambi\u00e9n apunta a todas esas personas que alguna vez quisieron hacerlo pero no pudieron\u201d.<\/p>\n<p><a title=\"Taller intensivo de dibujo y pintura\" href=\"https:\/\/www.flickr.com\/photos\/182279889@N02\/52015954333\/in\/dateposted-public\/\" data-flickr-embed=\"true\"><img loading=\"lazy\" decoding=\"async\" class=\"alignleft\" src=\"https:\/\/live.staticflickr.com\/65535\/52015954333_9020a67c8d_z.jpg\" alt=\"Taller intensivo de dibujo y pintura\" width=\"487\" height=\"409\" \/><\/a>Siguiendo en esa l\u00ednea, mencion\u00f3 que \u201cla idea es hacer el taller de 10 a 18, tanto s\u00e1bado como domingo. No se necesita experiencia, sino ganas. Habr\u00e1 gente que ya tiene experiencia, pero me ilusiono con que vaya mucha gente joven\u201d.<\/p>\n<p>En ese punto cont\u00f3 que \u201cla idea es acompa\u00f1ar a los j\u00f3venes que van al secundario, y que por ah\u00ed no se animan a mostrar su arte o quieren tener otra mirada. Vamos a ser muchos artistas que estaremos todos colaborando y ayudando\u201d.<\/p>\n<p>Por \u00faltimo record\u00f3 que \u201ccada uno debe traer sus materiales, de acuerdo a lo que trabaja o lo que tiene en su casa. Muchas veces han manoteado la cartuchera del hijo para venir. Hojas o telas, lo que quieran trabajar. Pero como somos vecinos, muchos se hacen una escapada, van y compran. Pueden ser l\u00e1pices de colores, t\u00e9mperas comunes, tinta china\u2026 lo que quieran usar\u201d.<\/p>\n<p><iframe loading=\"lazy\" src=\"https:\/\/w.soundcloud.com\/player\/?url=https%3A\/\/api.soundcloud.com\/tracks\/1253675395&amp;color=%23ff5500&amp;auto_play=false&amp;hide_related=false&amp;show_comments=true&amp;show_user=true&amp;show_reposts=false&amp;show_teaser=true\" width=\"100%\" height=\"166\" frameborder=\"no\" scrolling=\"no\"><\/iframe><\/p>\n<div style=\"font-size: 10px; color: #cccccc; line-break: anywhere; word-break: normal; overflow: hidden; white-space: nowrap; text-overflow: ellipsis; font-family: Interstate,Lucida Grande,Lucida Sans Unicode,Lucida Sans,Garuda,Verdana,Tahoma,sans-serif; font-weight: 100;\"><a style=\"color: #cccccc; text-decoration: none;\" title=\"fmreflejos 103.7\" href=\"https:\/\/soundcloud.com\/fmreflejos-103-7\" target=\"_blank\" rel=\"noopener\">fmreflejos 103.7<\/a> \u00b7 <a style=\"color: #cccccc; text-decoration: none;\" title=\"Carlos Giusti\" href=\"https:\/\/soundcloud.com\/fmreflejos-103-7\/carlos-giusti-4\" target=\"_blank\" rel=\"noopener\">Carlos Giusti<\/a><\/div>\n","protected":false},"excerpt":{"rendered":"<p>El artista Carlos Giusti adelant\u00f3 lo que ser\u00e1 el taller que brindar\u00e1 este fin de semana en el Centro Cultural. \u201cNo se necesita experiencia, sino ganas\u201d dijo.<\/p>\n","protected":false},"author":3,"featured_media":0,"comment_status":"closed","ping_status":"closed","sticky":false,"template":"","format":"standard","meta":{"footnotes":""},"categories":[35,26],"tags":[48],"class_list":["post-70873","post","type-post","status-publish","format-standard","hentry","category-cultura","category-sociedad","tag-destacada"],"yoast_head":"<!-- This site is optimized with the Yoast SEO plugin v25.9 - https:\/\/yoast.com\/wordpress\/plugins\/seo\/ -->\n<title>\u201cCompartiendo Pinceles vuelve mejor que nunca\u201d - Noticias Radio Reflejos<\/title>\n<meta name=\"robots\" content=\"index, follow, max-snippet:-1, max-image-preview:large, max-video-preview:-1\" \/>\n<link rel=\"canonical\" href=\"https:\/\/www.noticiasradioreflejos.com.ar\/2021\/compartiendo-pinceles-vuelve-mejor-que-nunca\/\" \/>\n<meta property=\"og:locale\" content=\"es_ES\" \/>\n<meta property=\"og:type\" content=\"article\" \/>\n<meta property=\"og:title\" content=\"\u201cCompartiendo Pinceles vuelve mejor que nunca\u201d - Noticias Radio Reflejos\" \/>\n<meta property=\"og:description\" content=\"El artista Carlos Giusti adelant\u00f3 lo que ser\u00e1 el taller que brindar\u00e1 este fin de semana en el Centro Cultural. \u201cNo se necesita experiencia, sino ganas\u201d dijo.\" \/>\n<meta property=\"og:url\" content=\"https:\/\/www.noticiasradioreflejos.com.ar\/2021\/compartiendo-pinceles-vuelve-mejor-que-nunca\/\" \/>\n<meta property=\"og:site_name\" content=\"Noticias Radio Reflejos\" \/>\n<meta property=\"article:published_time\" content=\"2022-04-20T17:53:02+00:00\" \/>\n<meta property=\"og:image\" content=\"https:\/\/live.staticflickr.com\/65535\/52015954333_9020a67c8d_z.jpg\" \/>\n<meta name=\"author\" content=\"Arnaldo Botto\" \/>\n<meta name=\"twitter:card\" content=\"summary_large_image\" \/>\n<script type=\"application\/ld+json\" class=\"yoast-schema-graph\">{\"@context\":\"https:\/\/schema.org\",\"@graph\":[{\"@type\":\"WebPage\",\"@id\":\"https:\/\/www.noticiasradioreflejos.com.ar\/2021\/compartiendo-pinceles-vuelve-mejor-que-nunca\/\",\"url\":\"https:\/\/www.noticiasradioreflejos.com.ar\/2021\/compartiendo-pinceles-vuelve-mejor-que-nunca\/\",\"name\":\"\u201cCompartiendo Pinceles vuelve mejor que nunca\u201d - Noticias Radio Reflejos\",\"isPartOf\":{\"@id\":\"https:\/\/www.noticiasradioreflejos.com.ar\/2021\/#website\"},\"primaryImageOfPage\":{\"@id\":\"https:\/\/www.noticiasradioreflejos.com.ar\/2021\/compartiendo-pinceles-vuelve-mejor-que-nunca\/#primaryimage\"},\"image\":{\"@id\":\"https:\/\/www.noticiasradioreflejos.com.ar\/2021\/compartiendo-pinceles-vuelve-mejor-que-nunca\/#primaryimage\"},\"thumbnailUrl\":\"https:\/\/live.staticflickr.com\/65535\/52015954333_9020a67c8d_z.jpg\",\"datePublished\":\"2022-04-20T17:53:02+00:00\",\"author\":{\"@id\":\"https:\/\/www.noticiasradioreflejos.com.ar\/2021\/#\/schema\/person\/ad82545263dcc5ec0996818884fd5fb1\"},\"breadcrumb\":{\"@id\":\"https:\/\/www.noticiasradioreflejos.com.ar\/2021\/compartiendo-pinceles-vuelve-mejor-que-nunca\/#breadcrumb\"},\"inLanguage\":\"es\",\"potentialAction\":[{\"@type\":\"ReadAction\",\"target\":[\"https:\/\/www.noticiasradioreflejos.com.ar\/2021\/compartiendo-pinceles-vuelve-mejor-que-nunca\/\"]}]},{\"@type\":\"ImageObject\",\"inLanguage\":\"es\",\"@id\":\"https:\/\/www.noticiasradioreflejos.com.ar\/2021\/compartiendo-pinceles-vuelve-mejor-que-nunca\/#primaryimage\",\"url\":\"https:\/\/live.staticflickr.com\/65535\/52015954333_9020a67c8d_z.jpg\",\"contentUrl\":\"https:\/\/live.staticflickr.com\/65535\/52015954333_9020a67c8d_z.jpg\"},{\"@type\":\"BreadcrumbList\",\"@id\":\"https:\/\/www.noticiasradioreflejos.com.ar\/2021\/compartiendo-pinceles-vuelve-mejor-que-nunca\/#breadcrumb\",\"itemListElement\":[{\"@type\":\"ListItem\",\"position\":1,\"name\":\"Portada\",\"item\":\"https:\/\/www.noticiasradioreflejos.com.ar\/2021\/\"},{\"@type\":\"ListItem\",\"position\":2,\"name\":\"\u201cCompartiendo Pinceles vuelve mejor que nunca\u201d\"}]},{\"@type\":\"WebSite\",\"@id\":\"https:\/\/www.noticiasradioreflejos.com.ar\/2021\/#website\",\"url\":\"https:\/\/www.noticiasradioreflejos.com.ar\/2021\/\",\"name\":\"Noticias Radio Reflejos\",\"description\":\"Las noticias de mi comarca\",\"potentialAction\":[{\"@type\":\"SearchAction\",\"target\":{\"@type\":\"EntryPoint\",\"urlTemplate\":\"https:\/\/www.noticiasradioreflejos.com.ar\/2021\/?s={search_term_string}\"},\"query-input\":{\"@type\":\"PropertyValueSpecification\",\"valueRequired\":true,\"valueName\":\"search_term_string\"}}],\"inLanguage\":\"es\"},{\"@type\":\"Person\",\"@id\":\"https:\/\/www.noticiasradioreflejos.com.ar\/2021\/#\/schema\/person\/ad82545263dcc5ec0996818884fd5fb1\",\"name\":\"Arnaldo Botto\",\"image\":{\"@type\":\"ImageObject\",\"inLanguage\":\"es\",\"@id\":\"https:\/\/www.noticiasradioreflejos.com.ar\/2021\/#\/schema\/person\/image\/\",\"url\":\"https:\/\/secure.gravatar.com\/avatar\/55cb5e37c1efa326397366e6974cb338056df65cb50e7d64d1cf314e87504837?s=96&d=mm&r=g\",\"contentUrl\":\"https:\/\/secure.gravatar.com\/avatar\/55cb5e37c1efa326397366e6974cb338056df65cb50e7d64d1cf314e87504837?s=96&d=mm&r=g\",\"caption\":\"Arnaldo Botto\"},\"url\":\"https:\/\/www.noticiasradioreflejos.com.ar\/2021\/author\/arnaldo\/\"}]}<\/script>\n<!-- \/ Yoast SEO plugin. -->","yoast_head_json":{"title":"\u201cCompartiendo Pinceles vuelve mejor que nunca\u201d - Noticias Radio Reflejos","robots":{"index":"index","follow":"follow","max-snippet":"max-snippet:-1","max-image-preview":"max-image-preview:large","max-video-preview":"max-video-preview:-1"},"canonical":"https:\/\/www.noticiasradioreflejos.com.ar\/2021\/compartiendo-pinceles-vuelve-mejor-que-nunca\/","og_locale":"es_ES","og_type":"article","og_title":"\u201cCompartiendo Pinceles vuelve mejor que nunca\u201d - Noticias Radio Reflejos","og_description":"El artista Carlos Giusti adelant\u00f3 lo que ser\u00e1 el taller que brindar\u00e1 este fin de semana en el Centro Cultural. \u201cNo se necesita experiencia, sino ganas\u201d dijo.","og_url":"https:\/\/www.noticiasradioreflejos.com.ar\/2021\/compartiendo-pinceles-vuelve-mejor-que-nunca\/","og_site_name":"Noticias Radio Reflejos","article_published_time":"2022-04-20T17:53:02+00:00","og_image":[{"url":"https:\/\/live.staticflickr.com\/65535\/52015954333_9020a67c8d_z.jpg","type":"","width":"","height":""}],"author":"Arnaldo Botto","twitter_card":"summary_large_image","schema":{"@context":"https:\/\/schema.org","@graph":[{"@type":"WebPage","@id":"https:\/\/www.noticiasradioreflejos.com.ar\/2021\/compartiendo-pinceles-vuelve-mejor-que-nunca\/","url":"https:\/\/www.noticiasradioreflejos.com.ar\/2021\/compartiendo-pinceles-vuelve-mejor-que-nunca\/","name":"\u201cCompartiendo Pinceles vuelve mejor que nunca\u201d - Noticias Radio Reflejos","isPartOf":{"@id":"https:\/\/www.noticiasradioreflejos.com.ar\/2021\/#website"},"primaryImageOfPage":{"@id":"https:\/\/www.noticiasradioreflejos.com.ar\/2021\/compartiendo-pinceles-vuelve-mejor-que-nunca\/#primaryimage"},"image":{"@id":"https:\/\/www.noticiasradioreflejos.com.ar\/2021\/compartiendo-pinceles-vuelve-mejor-que-nunca\/#primaryimage"},"thumbnailUrl":"https:\/\/live.staticflickr.com\/65535\/52015954333_9020a67c8d_z.jpg","datePublished":"2022-04-20T17:53:02+00:00","author":{"@id":"https:\/\/www.noticiasradioreflejos.com.ar\/2021\/#\/schema\/person\/ad82545263dcc5ec0996818884fd5fb1"},"breadcrumb":{"@id":"https:\/\/www.noticiasradioreflejos.com.ar\/2021\/compartiendo-pinceles-vuelve-mejor-que-nunca\/#breadcrumb"},"inLanguage":"es","potentialAction":[{"@type":"ReadAction","target":["https:\/\/www.noticiasradioreflejos.com.ar\/2021\/compartiendo-pinceles-vuelve-mejor-que-nunca\/"]}]},{"@type":"ImageObject","inLanguage":"es","@id":"https:\/\/www.noticiasradioreflejos.com.ar\/2021\/compartiendo-pinceles-vuelve-mejor-que-nunca\/#primaryimage","url":"https:\/\/live.staticflickr.com\/65535\/52015954333_9020a67c8d_z.jpg","contentUrl":"https:\/\/live.staticflickr.com\/65535\/52015954333_9020a67c8d_z.jpg"},{"@type":"BreadcrumbList","@id":"https:\/\/www.noticiasradioreflejos.com.ar\/2021\/compartiendo-pinceles-vuelve-mejor-que-nunca\/#breadcrumb","itemListElement":[{"@type":"ListItem","position":1,"name":"Portada","item":"https:\/\/www.noticiasradioreflejos.com.ar\/2021\/"},{"@type":"ListItem","position":2,"name":"\u201cCompartiendo Pinceles vuelve mejor que nunca\u201d"}]},{"@type":"WebSite","@id":"https:\/\/www.noticiasradioreflejos.com.ar\/2021\/#website","url":"https:\/\/www.noticiasradioreflejos.com.ar\/2021\/","name":"Noticias Radio Reflejos","description":"Las noticias de mi comarca","potentialAction":[{"@type":"SearchAction","target":{"@type":"EntryPoint","urlTemplate":"https:\/\/www.noticiasradioreflejos.com.ar\/2021\/?s={search_term_string}"},"query-input":{"@type":"PropertyValueSpecification","valueRequired":true,"valueName":"search_term_string"}}],"inLanguage":"es"},{"@type":"Person","@id":"https:\/\/www.noticiasradioreflejos.com.ar\/2021\/#\/schema\/person\/ad82545263dcc5ec0996818884fd5fb1","name":"Arnaldo Botto","image":{"@type":"ImageObject","inLanguage":"es","@id":"https:\/\/www.noticiasradioreflejos.com.ar\/2021\/#\/schema\/person\/image\/","url":"https:\/\/secure.gravatar.com\/avatar\/55cb5e37c1efa326397366e6974cb338056df65cb50e7d64d1cf314e87504837?s=96&d=mm&r=g","contentUrl":"https:\/\/secure.gravatar.com\/avatar\/55cb5e37c1efa326397366e6974cb338056df65cb50e7d64d1cf314e87504837?s=96&d=mm&r=g","caption":"Arnaldo Botto"},"url":"https:\/\/www.noticiasradioreflejos.com.ar\/2021\/author\/arnaldo\/"}]}},"_links":{"self":[{"href":"https:\/\/www.noticiasradioreflejos.com.ar\/2021\/wp-json\/wp\/v2\/posts\/70873","targetHints":{"allow":["GET"]}}],"collection":[{"href":"https:\/\/www.noticiasradioreflejos.com.ar\/2021\/wp-json\/wp\/v2\/posts"}],"about":[{"href":"https:\/\/www.noticiasradioreflejos.com.ar\/2021\/wp-json\/wp\/v2\/types\/post"}],"author":[{"embeddable":true,"href":"https:\/\/www.noticiasradioreflejos.com.ar\/2021\/wp-json\/wp\/v2\/users\/3"}],"replies":[{"embeddable":true,"href":"https:\/\/www.noticiasradioreflejos.com.ar\/2021\/wp-json\/wp\/v2\/comments?post=70873"}],"version-history":[{"count":2,"href":"https:\/\/www.noticiasradioreflejos.com.ar\/2021\/wp-json\/wp\/v2\/posts\/70873\/revisions"}],"predecessor-version":[{"id":70876,"href":"https:\/\/www.noticiasradioreflejos.com.ar\/2021\/wp-json\/wp\/v2\/posts\/70873\/revisions\/70876"}],"wp:attachment":[{"href":"https:\/\/www.noticiasradioreflejos.com.ar\/2021\/wp-json\/wp\/v2\/media?parent=70873"}],"wp:term":[{"taxonomy":"category","embeddable":true,"href":"https:\/\/www.noticiasradioreflejos.com.ar\/2021\/wp-json\/wp\/v2\/categories?post=70873"},{"taxonomy":"post_tag","embeddable":true,"href":"https:\/\/www.noticiasradioreflejos.com.ar\/2021\/wp-json\/wp\/v2\/tags?post=70873"}],"curies":[{"name":"wp","href":"https:\/\/api.w.org\/{rel}","templated":true}]}}