{"id":70860,"date":"2022-04-20T17:36:20","date_gmt":"2022-04-20T17:36:20","guid":{"rendered":"http:\/\/www.noticiasradioreflejos.com.ar\/2021\/?p=70860"},"modified":"2022-04-20T17:38:58","modified_gmt":"2022-04-20T17:38:58","slug":"un-docente-que-ve-a-un-alumno-que-llega-golpeado-de-la-casa-tiene-la-obligacion-de-denunciar","status":"publish","type":"post","link":"https:\/\/www.noticiasradioreflejos.com.ar\/2021\/un-docente-que-ve-a-un-alumno-que-llega-golpeado-de-la-casa-tiene-la-obligacion-de-denunciar\/","title":{"rendered":"\u201cUn docente que ve a un alumno que llega golpeado de la casa tiene la obligaci\u00f3n de denunciar\u201d"},"content":{"rendered":"<p>As\u00ed lo confirm\u00f3 la Dra. Paula Goldin, la cual se expres\u00f3 sobre la violencia familiar y los alcances de la Ley Provincial 12.569.<\/p>\n<p>Con tristeza, pero al mismo tiempo, con la necesidad de divulgar y que se conozca del tema, la Dra. Paula Goldin confirm\u00f3 que a diario atienden en su estudio situaciones de violencia familiar.<\/p>\n<p>Al respecto dej\u00f3 en claro que \u201cla violencia es un tipo de abuso. En el marco de la familia, cuando una persona o varias incurren en maltratos de diversos tipos hacia otros miembros de esa familia. En provincia de Buenos Aires existe la ley 12.569 que da marco a todo esto\u201d.<\/p>\n<p>Y detallando sobre esto, afirm\u00f3 que \u201cviolencia no solo es maltrato f\u00edsico. Tambi\u00e9n est\u00e1 la psicol\u00f3gica o la sexual. Pero tambi\u00e9n est\u00e1 la econ\u00f3mica cuando se perturba a otra persona menos cavando sus recursos. La simb\u00f3lica, que implica patrones estereotipados, como <em>pareces una vieja<\/em>, <em>lloras como una nena<\/em> o <em>pareces un maric\u00f3n<\/em>\u201d.<\/p>\n<p>Apuntando directamente a lo que ocurre en la cotidianeidad, mencion\u00f3 que \u201cun docente que ve a un nene o una nena que llega golpeada de la casa, tiene la obligaci\u00f3n de denunciar. Lo mismo que un m\u00e9dico cuando atiende a un menor, un anciano o incapaz\u201d.<\/p>\n<p>Ese paso \u201cpuede hacerse en comisar\u00edas, en el Juzgado de Paz, en la Fiscal\u00eda\u2026 cualquiera de estos lugares son recepcionantes de denuncias por violencias familiares. Lo primero que hacen estos lugares es darle parte al juzgado que corresponde. Si fuese en Sierra, ser\u00eda al de Tornquist. Si fuese en Villa La Arcadia, recaer\u00eda en Su\u00e1rez\u201d.<\/p>\n<p>Continuando con el camino de la denuncia, \u201cel juez tiene 48hs para expedirse al respecto y tomar las medidas que considere pertinentes. Puede ser una perimetral; esto cuando no vive en el hogar, pero cuando est\u00e1, lo puede excluir del hogar. Incluso lo puede condenar a una cuota alimentaria provisoria, puede otorgar el cuidado personal de los hijos a quien est\u00e1 conviviendo y fue v\u00edctima; lo mismo que la atribuci\u00f3n del inmueble\u201d.<\/p>\n<p>De todas maneras la Dra. Goldin remarc\u00f3 que \u201ctodas estas medidas son temporarias. Tienen un plazo m\u00e1ximo de 180 d\u00edas y puede extenderse. Aquel que est\u00e1 cansado de su esposo o esposa, no es esta ley el camino, salvo que sean v\u00edctimas de violencia. Hay mucha gente que cree que con esto suplanta el divorcio y no es as\u00ed\u201d.<\/p>\n<p>Aclarando este punto, refiri\u00f3 que \u201cquien es excluido o le dan una restricci\u00f3n no tiene oportunidad de defenderse con esta ley. De ah\u00ed que ser\u00eda injusto que esta medida sea definitiva, porque no dan oportunidad a la otra parte de ofrecer pruebas. Por eso que esta ley busca cesar la violencia. No es una soluci\u00f3n definitiva. S\u00ed de inmediatez\u201d.<\/p>\n<p>Por \u00faltimo, y buscando aconsejar, desliz\u00f3: \u201ctraten de buscar profesionales especializados en derecho de familia. Porque cuando hay una conflictiva grave en esa familia, y hay que lidiar con eso, a veces el abogado por no ser especialista hace agua. Es muy importante buscar a alguien capacitado\u201d.<\/p>\n<p>\u201cEs imposible ir al oculista y pedirle que nos opere la ap\u00e9ndice, pero s\u00ed al com\u00fan de la gente se le ocurre ir a un abogado laboralista y pretender que haga un juicio de derecho administrativo. Los abogados podemos tener dos o tres especialidades fuertes, pero dedicarse a todo se torna complejo para entender en profundidad\u201d.<\/p>\n<p><iframe loading=\"lazy\" src=\"https:\/\/w.soundcloud.com\/player\/?url=https%3A\/\/api.soundcloud.com\/tracks\/1253667085&amp;color=%23ff5500&amp;auto_play=false&amp;hide_related=false&amp;show_comments=true&amp;show_user=true&amp;show_reposts=false&amp;show_teaser=true\" width=\"100%\" height=\"166\" frameborder=\"no\" scrolling=\"no\"><\/iframe><\/p>\n<div style=\"font-size: 10px; color: #cccccc; line-break: anywhere; word-break: normal; overflow: hidden; white-space: nowrap; text-overflow: ellipsis; font-family: Interstate,Lucida Grande,Lucida Sans Unicode,Lucida Sans,Garuda,Verdana,Tahoma,sans-serif; font-weight: 100;\"><a style=\"color: #cccccc; text-decoration: none;\" title=\"fmreflejos 103.7\" href=\"https:\/\/soundcloud.com\/fmreflejos-103-7\" target=\"_blank\" rel=\"noopener\">fmreflejos 103.7<\/a> \u00b7 <a style=\"color: #cccccc; text-decoration: none;\" title=\"Paula Goldin\" href=\"https:\/\/soundcloud.com\/fmreflejos-103-7\/paula-goldin-6\" target=\"_blank\" rel=\"noopener\">Paula Goldin<\/a><\/div>\n","protected":false},"excerpt":{"rendered":"<p>As\u00ed lo confirm\u00f3 la Dra. Paula Goldin, la cual se expres\u00f3 sobre la violencia familiar y los alcances de la Ley Provincial 12.569. Con tristeza, pero al mismo tiempo, con la necesidad de divulgar y que se conozca del tema, la Dra. Paula Goldin confirm\u00f3 que a diario atienden en su estudio situaciones de violencia [&hellip;]<\/p>\n","protected":false},"author":3,"featured_media":70868,"comment_status":"closed","ping_status":"closed","sticky":false,"template":"","format":"standard","meta":{"footnotes":""},"categories":[57],"tags":[48],"class_list":["post-70860","post","type-post","status-publish","format-standard","has-post-thumbnail","hentry","category-judiciales","tag-destacada"],"yoast_head":"<!-- This site is optimized with the Yoast SEO plugin v25.9 - https:\/\/yoast.com\/wordpress\/plugins\/seo\/ -->\n<title>\u201cUn docente que ve a un alumno que llega golpeado de la casa tiene la obligaci\u00f3n de denunciar\u201d - Noticias Radio Reflejos<\/title>\n<meta name=\"robots\" content=\"index, follow, max-snippet:-1, max-image-preview:large, max-video-preview:-1\" \/>\n<link rel=\"canonical\" href=\"https:\/\/www.noticiasradioreflejos.com.ar\/2021\/un-docente-que-ve-a-un-alumno-que-llega-golpeado-de-la-casa-tiene-la-obligacion-de-denunciar\/\" \/>\n<meta property=\"og:locale\" content=\"es_ES\" \/>\n<meta property=\"og:type\" content=\"article\" \/>\n<meta property=\"og:title\" content=\"\u201cUn docente que ve a un alumno que llega golpeado de la casa tiene la obligaci\u00f3n de denunciar\u201d - Noticias Radio Reflejos\" \/>\n<meta property=\"og:description\" content=\"As\u00ed lo confirm\u00f3 la Dra. Paula Goldin, la cual se expres\u00f3 sobre la violencia familiar y los alcances de la Ley Provincial 12.569. Con tristeza, pero al mismo tiempo, con la necesidad de divulgar y que se conozca del tema, la Dra. Paula Goldin confirm\u00f3 que a diario atienden en su estudio situaciones de violencia [&hellip;]\" \/>\n<meta property=\"og:url\" content=\"https:\/\/www.noticiasradioreflejos.com.ar\/2021\/un-docente-que-ve-a-un-alumno-que-llega-golpeado-de-la-casa-tiene-la-obligacion-de-denunciar\/\" \/>\n<meta property=\"og:site_name\" content=\"Noticias Radio Reflejos\" \/>\n<meta property=\"article:published_time\" content=\"2022-04-20T17:36:20+00:00\" \/>\n<meta property=\"article:modified_time\" content=\"2022-04-20T17:38:58+00:00\" \/>\n<meta property=\"og:image\" content=\"https:\/\/www.noticiasradioreflejos.com.ar\/2021\/wp-content\/uploads\/2022\/04\/Violencia-simbolica.png\" \/>\n\t<meta property=\"og:image:width\" content=\"700\" \/>\n\t<meta property=\"og:image:height\" content=\"393\" \/>\n\t<meta property=\"og:image:type\" content=\"image\/png\" \/>\n<meta name=\"author\" content=\"Arnaldo Botto\" \/>\n<meta name=\"twitter:card\" content=\"summary_large_image\" \/>\n<script type=\"application\/ld+json\" class=\"yoast-schema-graph\">{\"@context\":\"https:\/\/schema.org\",\"@graph\":[{\"@type\":\"WebPage\",\"@id\":\"https:\/\/www.noticiasradioreflejos.com.ar\/2021\/un-docente-que-ve-a-un-alumno-que-llega-golpeado-de-la-casa-tiene-la-obligacion-de-denunciar\/\",\"url\":\"https:\/\/www.noticiasradioreflejos.com.ar\/2021\/un-docente-que-ve-a-un-alumno-que-llega-golpeado-de-la-casa-tiene-la-obligacion-de-denunciar\/\",\"name\":\"\u201cUn docente que ve a un alumno que llega golpeado de la casa tiene la obligaci\u00f3n de denunciar\u201d - Noticias Radio Reflejos\",\"isPartOf\":{\"@id\":\"https:\/\/www.noticiasradioreflejos.com.ar\/2021\/#website\"},\"primaryImageOfPage\":{\"@id\":\"https:\/\/www.noticiasradioreflejos.com.ar\/2021\/un-docente-que-ve-a-un-alumno-que-llega-golpeado-de-la-casa-tiene-la-obligacion-de-denunciar\/#primaryimage\"},\"image\":{\"@id\":\"https:\/\/www.noticiasradioreflejos.com.ar\/2021\/un-docente-que-ve-a-un-alumno-que-llega-golpeado-de-la-casa-tiene-la-obligacion-de-denunciar\/#primaryimage\"},\"thumbnailUrl\":\"https:\/\/www.noticiasradioreflejos.com.ar\/2021\/wp-content\/uploads\/2022\/04\/Violencia-simbolica.png\",\"datePublished\":\"2022-04-20T17:36:20+00:00\",\"dateModified\":\"2022-04-20T17:38:58+00:00\",\"author\":{\"@id\":\"https:\/\/www.noticiasradioreflejos.com.ar\/2021\/#\/schema\/person\/ad82545263dcc5ec0996818884fd5fb1\"},\"breadcrumb\":{\"@id\":\"https:\/\/www.noticiasradioreflejos.com.ar\/2021\/un-docente-que-ve-a-un-alumno-que-llega-golpeado-de-la-casa-tiene-la-obligacion-de-denunciar\/#breadcrumb\"},\"inLanguage\":\"es\",\"potentialAction\":[{\"@type\":\"ReadAction\",\"target\":[\"https:\/\/www.noticiasradioreflejos.com.ar\/2021\/un-docente-que-ve-a-un-alumno-que-llega-golpeado-de-la-casa-tiene-la-obligacion-de-denunciar\/\"]}]},{\"@type\":\"ImageObject\",\"inLanguage\":\"es\",\"@id\":\"https:\/\/www.noticiasradioreflejos.com.ar\/2021\/un-docente-que-ve-a-un-alumno-que-llega-golpeado-de-la-casa-tiene-la-obligacion-de-denunciar\/#primaryimage\",\"url\":\"https:\/\/www.noticiasradioreflejos.com.ar\/2021\/wp-content\/uploads\/2022\/04\/Violencia-simbolica.png\",\"contentUrl\":\"https:\/\/www.noticiasradioreflejos.com.ar\/2021\/wp-content\/uploads\/2022\/04\/Violencia-simbolica.png\",\"width\":700,\"height\":393},{\"@type\":\"BreadcrumbList\",\"@id\":\"https:\/\/www.noticiasradioreflejos.com.ar\/2021\/un-docente-que-ve-a-un-alumno-que-llega-golpeado-de-la-casa-tiene-la-obligacion-de-denunciar\/#breadcrumb\",\"itemListElement\":[{\"@type\":\"ListItem\",\"position\":1,\"name\":\"Portada\",\"item\":\"https:\/\/www.noticiasradioreflejos.com.ar\/2021\/\"},{\"@type\":\"ListItem\",\"position\":2,\"name\":\"\u201cUn docente que ve a un alumno que llega golpeado de la casa tiene la obligaci\u00f3n de denunciar\u201d\"}]},{\"@type\":\"WebSite\",\"@id\":\"https:\/\/www.noticiasradioreflejos.com.ar\/2021\/#website\",\"url\":\"https:\/\/www.noticiasradioreflejos.com.ar\/2021\/\",\"name\":\"Noticias Radio Reflejos\",\"description\":\"Las noticias de mi comarca\",\"potentialAction\":[{\"@type\":\"SearchAction\",\"target\":{\"@type\":\"EntryPoint\",\"urlTemplate\":\"https:\/\/www.noticiasradioreflejos.com.ar\/2021\/?s={search_term_string}\"},\"query-input\":{\"@type\":\"PropertyValueSpecification\",\"valueRequired\":true,\"valueName\":\"search_term_string\"}}],\"inLanguage\":\"es\"},{\"@type\":\"Person\",\"@id\":\"https:\/\/www.noticiasradioreflejos.com.ar\/2021\/#\/schema\/person\/ad82545263dcc5ec0996818884fd5fb1\",\"name\":\"Arnaldo Botto\",\"image\":{\"@type\":\"ImageObject\",\"inLanguage\":\"es\",\"@id\":\"https:\/\/www.noticiasradioreflejos.com.ar\/2021\/#\/schema\/person\/image\/\",\"url\":\"https:\/\/secure.gravatar.com\/avatar\/55cb5e37c1efa326397366e6974cb338056df65cb50e7d64d1cf314e87504837?s=96&d=mm&r=g\",\"contentUrl\":\"https:\/\/secure.gravatar.com\/avatar\/55cb5e37c1efa326397366e6974cb338056df65cb50e7d64d1cf314e87504837?s=96&d=mm&r=g\",\"caption\":\"Arnaldo Botto\"},\"url\":\"https:\/\/www.noticiasradioreflejos.com.ar\/2021\/author\/arnaldo\/\"}]}<\/script>\n<!-- \/ Yoast SEO plugin. -->","yoast_head_json":{"title":"\u201cUn docente que ve a un alumno que llega golpeado de la casa tiene la obligaci\u00f3n de denunciar\u201d - Noticias Radio Reflejos","robots":{"index":"index","follow":"follow","max-snippet":"max-snippet:-1","max-image-preview":"max-image-preview:large","max-video-preview":"max-video-preview:-1"},"canonical":"https:\/\/www.noticiasradioreflejos.com.ar\/2021\/un-docente-que-ve-a-un-alumno-que-llega-golpeado-de-la-casa-tiene-la-obligacion-de-denunciar\/","og_locale":"es_ES","og_type":"article","og_title":"\u201cUn docente que ve a un alumno que llega golpeado de la casa tiene la obligaci\u00f3n de denunciar\u201d - Noticias Radio Reflejos","og_description":"As\u00ed lo confirm\u00f3 la Dra. Paula Goldin, la cual se expres\u00f3 sobre la violencia familiar y los alcances de la Ley Provincial 12.569. Con tristeza, pero al mismo tiempo, con la necesidad de divulgar y que se conozca del tema, la Dra. Paula Goldin confirm\u00f3 que a diario atienden en su estudio situaciones de violencia [&hellip;]","og_url":"https:\/\/www.noticiasradioreflejos.com.ar\/2021\/un-docente-que-ve-a-un-alumno-que-llega-golpeado-de-la-casa-tiene-la-obligacion-de-denunciar\/","og_site_name":"Noticias Radio Reflejos","article_published_time":"2022-04-20T17:36:20+00:00","article_modified_time":"2022-04-20T17:38:58+00:00","og_image":[{"width":700,"height":393,"url":"https:\/\/www.noticiasradioreflejos.com.ar\/2021\/wp-content\/uploads\/2022\/04\/Violencia-simbolica.png","type":"image\/png"}],"author":"Arnaldo Botto","twitter_card":"summary_large_image","schema":{"@context":"https:\/\/schema.org","@graph":[{"@type":"WebPage","@id":"https:\/\/www.noticiasradioreflejos.com.ar\/2021\/un-docente-que-ve-a-un-alumno-que-llega-golpeado-de-la-casa-tiene-la-obligacion-de-denunciar\/","url":"https:\/\/www.noticiasradioreflejos.com.ar\/2021\/un-docente-que-ve-a-un-alumno-que-llega-golpeado-de-la-casa-tiene-la-obligacion-de-denunciar\/","name":"\u201cUn docente que ve a un alumno que llega golpeado de la casa tiene la obligaci\u00f3n de denunciar\u201d - Noticias Radio Reflejos","isPartOf":{"@id":"https:\/\/www.noticiasradioreflejos.com.ar\/2021\/#website"},"primaryImageOfPage":{"@id":"https:\/\/www.noticiasradioreflejos.com.ar\/2021\/un-docente-que-ve-a-un-alumno-que-llega-golpeado-de-la-casa-tiene-la-obligacion-de-denunciar\/#primaryimage"},"image":{"@id":"https:\/\/www.noticiasradioreflejos.com.ar\/2021\/un-docente-que-ve-a-un-alumno-que-llega-golpeado-de-la-casa-tiene-la-obligacion-de-denunciar\/#primaryimage"},"thumbnailUrl":"https:\/\/www.noticiasradioreflejos.com.ar\/2021\/wp-content\/uploads\/2022\/04\/Violencia-simbolica.png","datePublished":"2022-04-20T17:36:20+00:00","dateModified":"2022-04-20T17:38:58+00:00","author":{"@id":"https:\/\/www.noticiasradioreflejos.com.ar\/2021\/#\/schema\/person\/ad82545263dcc5ec0996818884fd5fb1"},"breadcrumb":{"@id":"https:\/\/www.noticiasradioreflejos.com.ar\/2021\/un-docente-que-ve-a-un-alumno-que-llega-golpeado-de-la-casa-tiene-la-obligacion-de-denunciar\/#breadcrumb"},"inLanguage":"es","potentialAction":[{"@type":"ReadAction","target":["https:\/\/www.noticiasradioreflejos.com.ar\/2021\/un-docente-que-ve-a-un-alumno-que-llega-golpeado-de-la-casa-tiene-la-obligacion-de-denunciar\/"]}]},{"@type":"ImageObject","inLanguage":"es","@id":"https:\/\/www.noticiasradioreflejos.com.ar\/2021\/un-docente-que-ve-a-un-alumno-que-llega-golpeado-de-la-casa-tiene-la-obligacion-de-denunciar\/#primaryimage","url":"https:\/\/www.noticiasradioreflejos.com.ar\/2021\/wp-content\/uploads\/2022\/04\/Violencia-simbolica.png","contentUrl":"https:\/\/www.noticiasradioreflejos.com.ar\/2021\/wp-content\/uploads\/2022\/04\/Violencia-simbolica.png","width":700,"height":393},{"@type":"BreadcrumbList","@id":"https:\/\/www.noticiasradioreflejos.com.ar\/2021\/un-docente-que-ve-a-un-alumno-que-llega-golpeado-de-la-casa-tiene-la-obligacion-de-denunciar\/#breadcrumb","itemListElement":[{"@type":"ListItem","position":1,"name":"Portada","item":"https:\/\/www.noticiasradioreflejos.com.ar\/2021\/"},{"@type":"ListItem","position":2,"name":"\u201cUn docente que ve a un alumno que llega golpeado de la casa tiene la obligaci\u00f3n de denunciar\u201d"}]},{"@type":"WebSite","@id":"https:\/\/www.noticiasradioreflejos.com.ar\/2021\/#website","url":"https:\/\/www.noticiasradioreflejos.com.ar\/2021\/","name":"Noticias Radio Reflejos","description":"Las noticias de mi comarca","potentialAction":[{"@type":"SearchAction","target":{"@type":"EntryPoint","urlTemplate":"https:\/\/www.noticiasradioreflejos.com.ar\/2021\/?s={search_term_string}"},"query-input":{"@type":"PropertyValueSpecification","valueRequired":true,"valueName":"search_term_string"}}],"inLanguage":"es"},{"@type":"Person","@id":"https:\/\/www.noticiasradioreflejos.com.ar\/2021\/#\/schema\/person\/ad82545263dcc5ec0996818884fd5fb1","name":"Arnaldo Botto","image":{"@type":"ImageObject","inLanguage":"es","@id":"https:\/\/www.noticiasradioreflejos.com.ar\/2021\/#\/schema\/person\/image\/","url":"https:\/\/secure.gravatar.com\/avatar\/55cb5e37c1efa326397366e6974cb338056df65cb50e7d64d1cf314e87504837?s=96&d=mm&r=g","contentUrl":"https:\/\/secure.gravatar.com\/avatar\/55cb5e37c1efa326397366e6974cb338056df65cb50e7d64d1cf314e87504837?s=96&d=mm&r=g","caption":"Arnaldo Botto"},"url":"https:\/\/www.noticiasradioreflejos.com.ar\/2021\/author\/arnaldo\/"}]}},"_links":{"self":[{"href":"https:\/\/www.noticiasradioreflejos.com.ar\/2021\/wp-json\/wp\/v2\/posts\/70860","targetHints":{"allow":["GET"]}}],"collection":[{"href":"https:\/\/www.noticiasradioreflejos.com.ar\/2021\/wp-json\/wp\/v2\/posts"}],"about":[{"href":"https:\/\/www.noticiasradioreflejos.com.ar\/2021\/wp-json\/wp\/v2\/types\/post"}],"author":[{"embeddable":true,"href":"https:\/\/www.noticiasradioreflejos.com.ar\/2021\/wp-json\/wp\/v2\/users\/3"}],"replies":[{"embeddable":true,"href":"https:\/\/www.noticiasradioreflejos.com.ar\/2021\/wp-json\/wp\/v2\/comments?post=70860"}],"version-history":[{"count":3,"href":"https:\/\/www.noticiasradioreflejos.com.ar\/2021\/wp-json\/wp\/v2\/posts\/70860\/revisions"}],"predecessor-version":[{"id":70870,"href":"https:\/\/www.noticiasradioreflejos.com.ar\/2021\/wp-json\/wp\/v2\/posts\/70860\/revisions\/70870"}],"wp:featuredmedia":[{"embeddable":true,"href":"https:\/\/www.noticiasradioreflejos.com.ar\/2021\/wp-json\/wp\/v2\/media\/70868"}],"wp:attachment":[{"href":"https:\/\/www.noticiasradioreflejos.com.ar\/2021\/wp-json\/wp\/v2\/media?parent=70860"}],"wp:term":[{"taxonomy":"category","embeddable":true,"href":"https:\/\/www.noticiasradioreflejos.com.ar\/2021\/wp-json\/wp\/v2\/categories?post=70860"},{"taxonomy":"post_tag","embeddable":true,"href":"https:\/\/www.noticiasradioreflejos.com.ar\/2021\/wp-json\/wp\/v2\/tags?post=70860"}],"curies":[{"name":"wp","href":"https:\/\/api.w.org\/{rel}","templated":true}]}}