{"id":70858,"date":"2022-04-20T17:27:05","date_gmt":"2022-04-20T17:27:05","guid":{"rendered":"http:\/\/www.noticiasradioreflejos.com.ar\/2021\/?p=70858"},"modified":"2022-04-21T11:51:49","modified_gmt":"2022-04-21T11:51:49","slug":"la-peluqueria-masculina-vive-un-boom-revolucionario","status":"publish","type":"post","link":"https:\/\/www.noticiasradioreflejos.com.ar\/2021\/la-peluqueria-masculina-vive-un-boom-revolucionario\/","title":{"rendered":"\u201cLa peluquer\u00eda masculina vive un boom revolucionario\u201d"},"content":{"rendered":"<p>Miembro de la Escuela T\u00e9cnica de Est\u00e9tica y Peluquer\u00eda (ETEP), detall\u00f3 c\u00f3mo el campo de la est\u00e9tica masculina contin\u00faa en franco ascenso, generando una salida laboral r\u00e1pida y asegurada.<!--more--><\/p>\n<p><a title=\"Matias Ca\u00f1o (1)\" href=\"https:\/\/www.flickr.com\/photos\/182279889@N02\/52019681369\/in\/dateposted-public\/\" data-flickr-embed=\"true\"><img loading=\"lazy\" decoding=\"async\" src=\"https:\/\/live.staticflickr.com\/65535\/52019681369_d8eb64a2a5_c.jpg\" alt=\"Matias Ca\u00f1o (1)\" width=\"800\" height=\"600\" \/><\/a><script async src=\"\/\/embedr.flickr.com\/assets\/client-code.js\" charset=\"utf-8\"><\/script><\/p>\n<p>El marco hist\u00f3rico muchas veces ayuda a entender los por qu\u00e9 actuales. Y en ese camino, Mat\u00edas Ca\u00f1o, miembro de la Escuela T\u00e9cnica de Est\u00e9tica y Peluquer\u00eda (ETEP) explic\u00f3 los motivos por los cuales el cuidado personal masculino sigue en franco ascenso.<\/p>\n<p>\u201cLa peluquer\u00eda masculina vive un boom revolucionario. Se habla de entre 12 y 18 a\u00f1os atr\u00e1s, cuando el hombre comenz\u00f3 a darle m\u00e1s importancia a su imagen. Nuestros abuelos o padres, se cortaban el pelo porque les molestaba en la cara. Ahora los hombres se depilan, se cuidan las manos, se cortan el pelo mucho m\u00e1s seguido\u201d afirm\u00f3.<\/p>\n<p><a title=\"Matias Ca\u00f1o (3)\" href=\"https:\/\/www.flickr.com\/photos\/182279889@N02\/52018391607\/in\/dateposted-public\/\" data-flickr-embed=\"true\"><img loading=\"lazy\" decoding=\"async\" src=\"https:\/\/live.staticflickr.com\/65535\/52018391607_55d1a304aa_c.jpg\" alt=\"Matias Ca\u00f1o (3)\" width=\"800\" height=\"800\" \/><\/a><script async src=\"\/\/embedr.flickr.com\/assets\/client-code.js\" charset=\"utf-8\"><\/script><\/p>\n<p>Y siguiendo esa l\u00ednea, coment\u00f3 que \u201cclaramente el f\u00fatbol dio su bocadito. Al estar todo m\u00e1s medi\u00e1tico, se dice que los futbolistas van llevando la moda masculina. De ah\u00ed que se empezaron a ver m\u00e1s barber\u00edas. Antes las peluquer\u00edas eran para las damas. De ah\u00ed que se desarroll\u00f3 m\u00e1s el nicho de los hombres y todos los productos tanto para su cabello como para su barba\u201d.<\/p>\n<p><a title=\"ETEP (3)\" href=\"https:\/\/www.flickr.com\/photos\/182279889@N02\/52000164196\/in\/dateposted-public\/\" data-flickr-embed=\"true\"><img loading=\"lazy\" decoding=\"async\" class=\"alignleft\" src=\"https:\/\/live.staticflickr.com\/65535\/52000164196_75a3919be8_c.jpg\" alt=\"ETEP (3)\" width=\"403\" height=\"546\" \/><\/a><script async src=\"\/\/embedr.flickr.com\/assets\/client-code.js\" charset=\"utf-8\"><\/script>En otro pasaje de la charla, y con el inminente arribo de la fecha de inicio de los cursos que estar\u00e1n dictando desde mayo en el Centro de Jubilados, el estilista asegur\u00f3 que \u201ctenemos alumnos, aunque los consideramos colegas, desde 13 a\u00f1os, como Guido, como hemos tenido gente con m\u00e1s de 60 a\u00f1os, que cumplieron su sue\u00f1o y desarrollaron lo que m\u00e1s les gusta\u201d.<\/p>\n<p>Sobre los dotes que hay que tener al momento de lanzarse a este rubro, Mat\u00edas fue muy sincero: \u201clo \u00fanico que se necesita es un poquito de pasi\u00f3n, el resto es todo desarrollable. Las destrezas finas que uno necesita desarrollar, van en la pr\u00e1ctica. Simplemente hay que tener ganas. El resto de los condimentos, todo el equipo de ETEP nos encargamos de despertar los m\u00fasculos y tendones que quiz\u00e1s est\u00e1n un poquito dormidos\u201d.<\/p>\n<p>&nbsp;<\/p>\n<p>&nbsp;<\/p>\n<p>Y abonando esa teor\u00eda, cerr\u00f3 comentando que \u201carrancamos con cabezales de pr\u00e1ctica, para ir puliendo t\u00e9cnicas y destrezas finas, y ya cuando lo tienen incorporado pasamos a modelos reales\u201d.<\/p>\n<p>&nbsp;<\/p>\n<p><iframe loading=\"lazy\" src=\"https:\/\/w.soundcloud.com\/player\/?url=https%3A\/\/api.soundcloud.com\/tracks\/1253651071&amp;color=%23ff5500&amp;auto_play=false&amp;hide_related=false&amp;show_comments=true&amp;show_user=true&amp;show_reposts=false&amp;show_teaser=true\" width=\"100%\" height=\"166\" frameborder=\"no\" scrolling=\"no\"><\/iframe><\/p>\n<div style=\"font-size: 10px; color: #cccccc; line-break: anywhere; word-break: normal; overflow: hidden; white-space: nowrap; text-overflow: ellipsis; font-family: Interstate,Lucida Grande,Lucida Sans Unicode,Lucida Sans,Garuda,Verdana,Tahoma,sans-serif; font-weight: 100;\"><a style=\"color: #cccccc; text-decoration: none;\" title=\"fmreflejos 103.7\" href=\"https:\/\/soundcloud.com\/fmreflejos-103-7\" target=\"_blank\" rel=\"noopener\">fmreflejos 103.7<\/a> \u00b7 <a style=\"color: #cccccc; text-decoration: none;\" title=\"Matias Ca\u00f1o\" href=\"https:\/\/soundcloud.com\/fmreflejos-103-7\/matias-cano\" target=\"_blank\" rel=\"noopener\">Matias Ca\u00f1o<\/a><\/div>\n","protected":false},"excerpt":{"rendered":"<p>Miembro de la Escuela T\u00e9cnica de Est\u00e9tica y Peluquer\u00eda (ETEP), detall\u00f3 c\u00f3mo el campo de la est\u00e9tica masculina contin\u00faa en franco ascenso, generando una salida laboral r\u00e1pida y asegurada.<\/p>\n","protected":false},"author":3,"featured_media":0,"comment_status":"closed","ping_status":"closed","sticky":false,"template":"","format":"standard","meta":{"footnotes":""},"categories":[26],"tags":[48],"class_list":["post-70858","post","type-post","status-publish","format-standard","hentry","category-sociedad","tag-destacada"],"yoast_head":"<!-- This site is optimized with the Yoast SEO plugin v25.9 - https:\/\/yoast.com\/wordpress\/plugins\/seo\/ -->\n<title>\u201cLa peluquer\u00eda masculina vive un boom revolucionario\u201d - Noticias Radio Reflejos<\/title>\n<meta name=\"robots\" content=\"index, follow, max-snippet:-1, max-image-preview:large, max-video-preview:-1\" \/>\n<link rel=\"canonical\" href=\"https:\/\/www.noticiasradioreflejos.com.ar\/2021\/la-peluqueria-masculina-vive-un-boom-revolucionario\/\" \/>\n<meta property=\"og:locale\" content=\"es_ES\" \/>\n<meta property=\"og:type\" content=\"article\" \/>\n<meta property=\"og:title\" content=\"\u201cLa peluquer\u00eda masculina vive un boom revolucionario\u201d - Noticias Radio Reflejos\" \/>\n<meta property=\"og:description\" content=\"Miembro de la Escuela T\u00e9cnica de Est\u00e9tica y Peluquer\u00eda (ETEP), detall\u00f3 c\u00f3mo el campo de la est\u00e9tica masculina contin\u00faa en franco ascenso, generando una salida laboral r\u00e1pida y asegurada.\" \/>\n<meta property=\"og:url\" content=\"https:\/\/www.noticiasradioreflejos.com.ar\/2021\/la-peluqueria-masculina-vive-un-boom-revolucionario\/\" \/>\n<meta property=\"og:site_name\" content=\"Noticias Radio Reflejos\" \/>\n<meta property=\"article:published_time\" content=\"2022-04-20T17:27:05+00:00\" \/>\n<meta property=\"article:modified_time\" content=\"2022-04-21T11:51:49+00:00\" \/>\n<meta property=\"og:image\" content=\"https:\/\/live.staticflickr.com\/65535\/52019681369_d8eb64a2a5_c.jpg\" \/>\n<meta name=\"author\" content=\"Arnaldo Botto\" \/>\n<meta name=\"twitter:card\" content=\"summary_large_image\" \/>\n<script type=\"application\/ld+json\" class=\"yoast-schema-graph\">{\"@context\":\"https:\/\/schema.org\",\"@graph\":[{\"@type\":\"WebPage\",\"@id\":\"https:\/\/www.noticiasradioreflejos.com.ar\/2021\/la-peluqueria-masculina-vive-un-boom-revolucionario\/\",\"url\":\"https:\/\/www.noticiasradioreflejos.com.ar\/2021\/la-peluqueria-masculina-vive-un-boom-revolucionario\/\",\"name\":\"\u201cLa peluquer\u00eda masculina vive un boom revolucionario\u201d - Noticias Radio Reflejos\",\"isPartOf\":{\"@id\":\"https:\/\/www.noticiasradioreflejos.com.ar\/2021\/#website\"},\"primaryImageOfPage\":{\"@id\":\"https:\/\/www.noticiasradioreflejos.com.ar\/2021\/la-peluqueria-masculina-vive-un-boom-revolucionario\/#primaryimage\"},\"image\":{\"@id\":\"https:\/\/www.noticiasradioreflejos.com.ar\/2021\/la-peluqueria-masculina-vive-un-boom-revolucionario\/#primaryimage\"},\"thumbnailUrl\":\"https:\/\/live.staticflickr.com\/65535\/52019681369_d8eb64a2a5_c.jpg\",\"datePublished\":\"2022-04-20T17:27:05+00:00\",\"dateModified\":\"2022-04-21T11:51:49+00:00\",\"author\":{\"@id\":\"https:\/\/www.noticiasradioreflejos.com.ar\/2021\/#\/schema\/person\/ad82545263dcc5ec0996818884fd5fb1\"},\"breadcrumb\":{\"@id\":\"https:\/\/www.noticiasradioreflejos.com.ar\/2021\/la-peluqueria-masculina-vive-un-boom-revolucionario\/#breadcrumb\"},\"inLanguage\":\"es\",\"potentialAction\":[{\"@type\":\"ReadAction\",\"target\":[\"https:\/\/www.noticiasradioreflejos.com.ar\/2021\/la-peluqueria-masculina-vive-un-boom-revolucionario\/\"]}]},{\"@type\":\"ImageObject\",\"inLanguage\":\"es\",\"@id\":\"https:\/\/www.noticiasradioreflejos.com.ar\/2021\/la-peluqueria-masculina-vive-un-boom-revolucionario\/#primaryimage\",\"url\":\"https:\/\/live.staticflickr.com\/65535\/52019681369_d8eb64a2a5_c.jpg\",\"contentUrl\":\"https:\/\/live.staticflickr.com\/65535\/52019681369_d8eb64a2a5_c.jpg\"},{\"@type\":\"BreadcrumbList\",\"@id\":\"https:\/\/www.noticiasradioreflejos.com.ar\/2021\/la-peluqueria-masculina-vive-un-boom-revolucionario\/#breadcrumb\",\"itemListElement\":[{\"@type\":\"ListItem\",\"position\":1,\"name\":\"Portada\",\"item\":\"https:\/\/www.noticiasradioreflejos.com.ar\/2021\/\"},{\"@type\":\"ListItem\",\"position\":2,\"name\":\"\u201cLa peluquer\u00eda masculina vive un boom revolucionario\u201d\"}]},{\"@type\":\"WebSite\",\"@id\":\"https:\/\/www.noticiasradioreflejos.com.ar\/2021\/#website\",\"url\":\"https:\/\/www.noticiasradioreflejos.com.ar\/2021\/\",\"name\":\"Noticias Radio Reflejos\",\"description\":\"Las noticias de mi comarca\",\"potentialAction\":[{\"@type\":\"SearchAction\",\"target\":{\"@type\":\"EntryPoint\",\"urlTemplate\":\"https:\/\/www.noticiasradioreflejos.com.ar\/2021\/?s={search_term_string}\"},\"query-input\":{\"@type\":\"PropertyValueSpecification\",\"valueRequired\":true,\"valueName\":\"search_term_string\"}}],\"inLanguage\":\"es\"},{\"@type\":\"Person\",\"@id\":\"https:\/\/www.noticiasradioreflejos.com.ar\/2021\/#\/schema\/person\/ad82545263dcc5ec0996818884fd5fb1\",\"name\":\"Arnaldo Botto\",\"image\":{\"@type\":\"ImageObject\",\"inLanguage\":\"es\",\"@id\":\"https:\/\/www.noticiasradioreflejos.com.ar\/2021\/#\/schema\/person\/image\/\",\"url\":\"https:\/\/secure.gravatar.com\/avatar\/55cb5e37c1efa326397366e6974cb338056df65cb50e7d64d1cf314e87504837?s=96&d=mm&r=g\",\"contentUrl\":\"https:\/\/secure.gravatar.com\/avatar\/55cb5e37c1efa326397366e6974cb338056df65cb50e7d64d1cf314e87504837?s=96&d=mm&r=g\",\"caption\":\"Arnaldo Botto\"},\"url\":\"https:\/\/www.noticiasradioreflejos.com.ar\/2021\/author\/arnaldo\/\"}]}<\/script>\n<!-- \/ Yoast SEO plugin. -->","yoast_head_json":{"title":"\u201cLa peluquer\u00eda masculina vive un boom revolucionario\u201d - Noticias Radio Reflejos","robots":{"index":"index","follow":"follow","max-snippet":"max-snippet:-1","max-image-preview":"max-image-preview:large","max-video-preview":"max-video-preview:-1"},"canonical":"https:\/\/www.noticiasradioreflejos.com.ar\/2021\/la-peluqueria-masculina-vive-un-boom-revolucionario\/","og_locale":"es_ES","og_type":"article","og_title":"\u201cLa peluquer\u00eda masculina vive un boom revolucionario\u201d - Noticias Radio Reflejos","og_description":"Miembro de la Escuela T\u00e9cnica de Est\u00e9tica y Peluquer\u00eda (ETEP), detall\u00f3 c\u00f3mo el campo de la est\u00e9tica masculina contin\u00faa en franco ascenso, generando una salida laboral r\u00e1pida y asegurada.","og_url":"https:\/\/www.noticiasradioreflejos.com.ar\/2021\/la-peluqueria-masculina-vive-un-boom-revolucionario\/","og_site_name":"Noticias Radio Reflejos","article_published_time":"2022-04-20T17:27:05+00:00","article_modified_time":"2022-04-21T11:51:49+00:00","og_image":[{"url":"https:\/\/live.staticflickr.com\/65535\/52019681369_d8eb64a2a5_c.jpg","type":"","width":"","height":""}],"author":"Arnaldo Botto","twitter_card":"summary_large_image","schema":{"@context":"https:\/\/schema.org","@graph":[{"@type":"WebPage","@id":"https:\/\/www.noticiasradioreflejos.com.ar\/2021\/la-peluqueria-masculina-vive-un-boom-revolucionario\/","url":"https:\/\/www.noticiasradioreflejos.com.ar\/2021\/la-peluqueria-masculina-vive-un-boom-revolucionario\/","name":"\u201cLa peluquer\u00eda masculina vive un boom revolucionario\u201d - Noticias Radio Reflejos","isPartOf":{"@id":"https:\/\/www.noticiasradioreflejos.com.ar\/2021\/#website"},"primaryImageOfPage":{"@id":"https:\/\/www.noticiasradioreflejos.com.ar\/2021\/la-peluqueria-masculina-vive-un-boom-revolucionario\/#primaryimage"},"image":{"@id":"https:\/\/www.noticiasradioreflejos.com.ar\/2021\/la-peluqueria-masculina-vive-un-boom-revolucionario\/#primaryimage"},"thumbnailUrl":"https:\/\/live.staticflickr.com\/65535\/52019681369_d8eb64a2a5_c.jpg","datePublished":"2022-04-20T17:27:05+00:00","dateModified":"2022-04-21T11:51:49+00:00","author":{"@id":"https:\/\/www.noticiasradioreflejos.com.ar\/2021\/#\/schema\/person\/ad82545263dcc5ec0996818884fd5fb1"},"breadcrumb":{"@id":"https:\/\/www.noticiasradioreflejos.com.ar\/2021\/la-peluqueria-masculina-vive-un-boom-revolucionario\/#breadcrumb"},"inLanguage":"es","potentialAction":[{"@type":"ReadAction","target":["https:\/\/www.noticiasradioreflejos.com.ar\/2021\/la-peluqueria-masculina-vive-un-boom-revolucionario\/"]}]},{"@type":"ImageObject","inLanguage":"es","@id":"https:\/\/www.noticiasradioreflejos.com.ar\/2021\/la-peluqueria-masculina-vive-un-boom-revolucionario\/#primaryimage","url":"https:\/\/live.staticflickr.com\/65535\/52019681369_d8eb64a2a5_c.jpg","contentUrl":"https:\/\/live.staticflickr.com\/65535\/52019681369_d8eb64a2a5_c.jpg"},{"@type":"BreadcrumbList","@id":"https:\/\/www.noticiasradioreflejos.com.ar\/2021\/la-peluqueria-masculina-vive-un-boom-revolucionario\/#breadcrumb","itemListElement":[{"@type":"ListItem","position":1,"name":"Portada","item":"https:\/\/www.noticiasradioreflejos.com.ar\/2021\/"},{"@type":"ListItem","position":2,"name":"\u201cLa peluquer\u00eda masculina vive un boom revolucionario\u201d"}]},{"@type":"WebSite","@id":"https:\/\/www.noticiasradioreflejos.com.ar\/2021\/#website","url":"https:\/\/www.noticiasradioreflejos.com.ar\/2021\/","name":"Noticias Radio Reflejos","description":"Las noticias de mi comarca","potentialAction":[{"@type":"SearchAction","target":{"@type":"EntryPoint","urlTemplate":"https:\/\/www.noticiasradioreflejos.com.ar\/2021\/?s={search_term_string}"},"query-input":{"@type":"PropertyValueSpecification","valueRequired":true,"valueName":"search_term_string"}}],"inLanguage":"es"},{"@type":"Person","@id":"https:\/\/www.noticiasradioreflejos.com.ar\/2021\/#\/schema\/person\/ad82545263dcc5ec0996818884fd5fb1","name":"Arnaldo Botto","image":{"@type":"ImageObject","inLanguage":"es","@id":"https:\/\/www.noticiasradioreflejos.com.ar\/2021\/#\/schema\/person\/image\/","url":"https:\/\/secure.gravatar.com\/avatar\/55cb5e37c1efa326397366e6974cb338056df65cb50e7d64d1cf314e87504837?s=96&d=mm&r=g","contentUrl":"https:\/\/secure.gravatar.com\/avatar\/55cb5e37c1efa326397366e6974cb338056df65cb50e7d64d1cf314e87504837?s=96&d=mm&r=g","caption":"Arnaldo Botto"},"url":"https:\/\/www.noticiasradioreflejos.com.ar\/2021\/author\/arnaldo\/"}]}},"_links":{"self":[{"href":"https:\/\/www.noticiasradioreflejos.com.ar\/2021\/wp-json\/wp\/v2\/posts\/70858","targetHints":{"allow":["GET"]}}],"collection":[{"href":"https:\/\/www.noticiasradioreflejos.com.ar\/2021\/wp-json\/wp\/v2\/posts"}],"about":[{"href":"https:\/\/www.noticiasradioreflejos.com.ar\/2021\/wp-json\/wp\/v2\/types\/post"}],"author":[{"embeddable":true,"href":"https:\/\/www.noticiasradioreflejos.com.ar\/2021\/wp-json\/wp\/v2\/users\/3"}],"replies":[{"embeddable":true,"href":"https:\/\/www.noticiasradioreflejos.com.ar\/2021\/wp-json\/wp\/v2\/comments?post=70858"}],"version-history":[{"count":4,"href":"https:\/\/www.noticiasradioreflejos.com.ar\/2021\/wp-json\/wp\/v2\/posts\/70858\/revisions"}],"predecessor-version":[{"id":70905,"href":"https:\/\/www.noticiasradioreflejos.com.ar\/2021\/wp-json\/wp\/v2\/posts\/70858\/revisions\/70905"}],"wp:attachment":[{"href":"https:\/\/www.noticiasradioreflejos.com.ar\/2021\/wp-json\/wp\/v2\/media?parent=70858"}],"wp:term":[{"taxonomy":"category","embeddable":true,"href":"https:\/\/www.noticiasradioreflejos.com.ar\/2021\/wp-json\/wp\/v2\/categories?post=70858"},{"taxonomy":"post_tag","embeddable":true,"href":"https:\/\/www.noticiasradioreflejos.com.ar\/2021\/wp-json\/wp\/v2\/tags?post=70858"}],"curies":[{"name":"wp","href":"https:\/\/api.w.org\/{rel}","templated":true}]}}