{"id":70849,"date":"2022-04-20T15:28:02","date_gmt":"2022-04-20T15:28:02","guid":{"rendered":"http:\/\/www.noticiasradioreflejos.com.ar\/2021\/?p=70849"},"modified":"2022-04-20T15:29:36","modified_gmt":"2022-04-20T15:29:36","slug":"allanaron-en-bahia-por-tenencia-y-distribucion-de-material-de-abuso-infantil","status":"publish","type":"post","link":"https:\/\/www.noticiasradioreflejos.com.ar\/2021\/allanaron-en-bahia-por-tenencia-y-distribucion-de-material-de-abuso-infantil\/","title":{"rendered":"Allanaron en Bah\u00eda por tenencia y distribuci\u00f3n de material de abuso infantil"},"content":{"rendered":"<p>La UFI N\u00ba 20, a cargo del fiscal Rodolfo De Lucia, pidi\u00f3 la realizaci\u00f3n de 6 allanamientos en Bah\u00eda y en localidades de la zona, por tenencia y\/o distribuci\u00f3n de material de abuso o explotaci\u00f3n sexual infantil.<\/p>\n<p><!--more--><\/p>\n<div class=\"mvp-post-main-out left relative\">\n<div class=\"mvp-post-main-in\">\n<div id=\"mvp-post-content\" class=\"left relative\">\n<div id=\"mvp-content-wrap\" class=\"left relative\">\n<div class=\"mvp-post-soc-out right relative\">\n<div class=\"mvp-post-soc-in\">\n<div id=\"mvp-content-body\" class=\"left relative\">\n<div id=\"mvp-content-body-top\" class=\"left relative\">\n<div id=\"mvp-content-main\" class=\"left relative\">\n<div id=\"textbody\">\n<p>Cinco se originaron luego de que se recibiera diversos alertas de NCMEC (National Center for Missing and Exploited Children) y el restante fruto de una investigaci\u00f3n que desarroll\u00f3 Interpol Chile, donde se detect\u00f3 a una persona que estaba descargando material con contenido de abuso de menores desde Bah\u00eda Blanca<\/p>\n<div class=\"code-block code-block-11\"><\/div>\n<p>Personal de la Direcci\u00f3n Investigaciones Cibercrimen de la Polic\u00eda de Buenos Aires realiz\u00f3 los procedimientos en calle Patagones al 3500 y Los Adobes al 400 de Bah\u00eda, Chacabuco al 400 de Punta Alta, Lequerica 1200 de Dorrego, Calle 9 al 1300 de Pedro Luro; y Democracia y Sarmiento de Mayor Buratovich.<\/p>\n<figure class=\"wp-block-image size-full\"><picture><source srcset=\"https:\/\/www.labrujula24.com\/wp-content\/webp-express\/webp-images\/uploads\/2022\/04\/cibercrimen2-1024x771-1.jpg.webp 1024w, https:\/\/www.labrujula24.com\/wp-content\/webp-express\/webp-images\/uploads\/2022\/04\/cibercrimen2-1024x771-1-768x578.jpg.webp 768w\" type=\"image\/webp\" sizes=\"(max-width: 1024px) 100vw, 1024px\" \/><img loading=\"lazy\" decoding=\"async\" class=\"wp-image-208315 webpexpress-processed\" src=\"https:\/\/www.labrujula24.com\/wp-content\/uploads\/2022\/04\/cibercrimen2-1024x771-1.jpg\" sizes=\"auto, (max-width: 1024px) 100vw, 1024px\" srcset=\"https:\/\/www.labrujula24.com\/wp-content\/uploads\/2022\/04\/cibercrimen2-1024x771-1.jpg 1024w, https:\/\/www.labrujula24.com\/wp-content\/uploads\/2022\/04\/cibercrimen2-1024x771-1-768x578.jpg 768w\" alt=\"\" width=\"1024\" height=\"771\" \/><\/picture><\/figure>\n<p>En todos los domicilios los resultados fueron positivos respecto del hallazgo de cuentas o direcciones desde donde se hab\u00eda bajado o compartido material. Adem\u00e1s incautaron tel\u00e9fonos celulares, computadoras y otros elementos tecnol\u00f3gicos que ser\u00e1n peritados a fin de encontrar mayores elementos de inter\u00e9s para la causa.<\/p>\n<div class=\"code-block code-block-1\">\n<div id=\"div-gpt-ad-1591628267637-0\"><\/div>\n<\/div>\n<p><strong>Los moradores de de Punta Alta y de Pedro Luro quedaron detenidos porque en los procedimientos se encontraron armas, situaci\u00f3n que ser\u00e1 investigada en la UFIJ 15.\u00a0<\/strong>Adem\u00e1s, fuentes consultadas por la redacci\u00f3n de\u00a0<strong>La Br\u00fajula 24<\/strong>\u00a0mencionaron que en el caso del lurense, en medio del operativo se autolesion\u00f3 con un cuchillo, por lo que fue trasladado a un hospital. Fueron solo una herida leve.<\/p>\n<figure class=\"wp-block-image size-full\"><picture><source srcset=\"https:\/\/www.labrujula24.com\/wp-content\/webp-express\/webp-images\/uploads\/2022\/04\/cibercrimen-1200x1200-1.jpg.webp 1200w, https:\/\/www.labrujula24.com\/wp-content\/webp-express\/webp-images\/uploads\/2022\/04\/cibercrimen-1200x1200-1-768x768.jpg.webp 768w, https:\/\/www.labrujula24.com\/wp-content\/webp-express\/webp-images\/uploads\/2022\/04\/cibercrimen-1200x1200-1-80x80.jpg.webp 80w\" type=\"image\/webp\" sizes=\"(max-width: 1200px) 100vw, 1200px\" \/><img loading=\"lazy\" decoding=\"async\" class=\"wp-image-208314 webpexpress-processed\" src=\"https:\/\/www.labrujula24.com\/wp-content\/uploads\/2022\/04\/cibercrimen-1200x1200-1.jpg\" sizes=\"auto, (max-width: 1200px) 100vw, 1200px\" srcset=\"https:\/\/www.labrujula24.com\/wp-content\/uploads\/2022\/04\/cibercrimen-1200x1200-1.jpg 1200w, https:\/\/www.labrujula24.com\/wp-content\/uploads\/2022\/04\/cibercrimen-1200x1200-1-768x768.jpg 768w, https:\/\/www.labrujula24.com\/wp-content\/uploads\/2022\/04\/cibercrimen-1200x1200-1-80x80.jpg 80w\" alt=\"\" width=\"1200\" height=\"1200\" \/><\/picture><\/figure>\n<p><strong><br \/>\nFuente La Br\u00fajula<\/strong><\/p>\n<\/div>\n<\/div>\n<\/div>\n<\/div>\n<\/div>\n<\/div>\n<\/div>\n<\/div>\n<\/div>\n<\/div>\n","protected":false},"excerpt":{"rendered":"<p>La UFI N\u00ba 20, a cargo del fiscal Rodolfo De Lucia, pidi\u00f3 la realizaci\u00f3n de 6 allanamientos en Bah\u00eda y en localidades de la zona, por tenencia y\/o distribuci\u00f3n de material de abuso o explotaci\u00f3n sexual infantil.<\/p>\n","protected":false},"author":3,"featured_media":0,"comment_status":"closed","ping_status":"closed","sticky":false,"template":"","format":"standard","meta":{"footnotes":""},"categories":[24],"tags":[],"class_list":["post-70849","post","type-post","status-publish","format-standard","hentry","category-politica"],"yoast_head":"<!-- This site is optimized with the Yoast SEO plugin v25.9 - https:\/\/yoast.com\/wordpress\/plugins\/seo\/ -->\n<title>Allanaron en Bah\u00eda por tenencia y distribuci\u00f3n de material de abuso infantil - Noticias Radio Reflejos<\/title>\n<meta name=\"robots\" content=\"index, follow, max-snippet:-1, max-image-preview:large, max-video-preview:-1\" \/>\n<link rel=\"canonical\" href=\"https:\/\/www.noticiasradioreflejos.com.ar\/2021\/allanaron-en-bahia-por-tenencia-y-distribucion-de-material-de-abuso-infantil\/\" \/>\n<meta property=\"og:locale\" content=\"es_ES\" \/>\n<meta property=\"og:type\" content=\"article\" \/>\n<meta property=\"og:title\" content=\"Allanaron en Bah\u00eda por tenencia y distribuci\u00f3n de material de abuso infantil - Noticias Radio Reflejos\" \/>\n<meta property=\"og:description\" content=\"La UFI N\u00ba 20, a cargo del fiscal Rodolfo De Lucia, pidi\u00f3 la realizaci\u00f3n de 6 allanamientos en Bah\u00eda y en localidades de la zona, por tenencia y\/o distribuci\u00f3n de material de abuso o explotaci\u00f3n sexual infantil.\" \/>\n<meta property=\"og:url\" content=\"https:\/\/www.noticiasradioreflejos.com.ar\/2021\/allanaron-en-bahia-por-tenencia-y-distribucion-de-material-de-abuso-infantil\/\" \/>\n<meta property=\"og:site_name\" content=\"Noticias Radio Reflejos\" \/>\n<meta property=\"article:published_time\" content=\"2022-04-20T15:28:02+00:00\" \/>\n<meta property=\"article:modified_time\" content=\"2022-04-20T15:29:36+00:00\" \/>\n<meta property=\"og:image\" content=\"https:\/\/www.labrujula24.com\/wp-content\/uploads\/2022\/04\/cibercrimen2-1024x771-1.jpg\" \/>\n<meta name=\"author\" content=\"Arnaldo Botto\" \/>\n<meta name=\"twitter:card\" content=\"summary_large_image\" \/>\n<script type=\"application\/ld+json\" class=\"yoast-schema-graph\">{\"@context\":\"https:\/\/schema.org\",\"@graph\":[{\"@type\":\"WebPage\",\"@id\":\"https:\/\/www.noticiasradioreflejos.com.ar\/2021\/allanaron-en-bahia-por-tenencia-y-distribucion-de-material-de-abuso-infantil\/\",\"url\":\"https:\/\/www.noticiasradioreflejos.com.ar\/2021\/allanaron-en-bahia-por-tenencia-y-distribucion-de-material-de-abuso-infantil\/\",\"name\":\"Allanaron en Bah\u00eda por tenencia y distribuci\u00f3n de material de abuso infantil - Noticias Radio Reflejos\",\"isPartOf\":{\"@id\":\"https:\/\/www.noticiasradioreflejos.com.ar\/2021\/#website\"},\"primaryImageOfPage\":{\"@id\":\"https:\/\/www.noticiasradioreflejos.com.ar\/2021\/allanaron-en-bahia-por-tenencia-y-distribucion-de-material-de-abuso-infantil\/#primaryimage\"},\"image\":{\"@id\":\"https:\/\/www.noticiasradioreflejos.com.ar\/2021\/allanaron-en-bahia-por-tenencia-y-distribucion-de-material-de-abuso-infantil\/#primaryimage\"},\"thumbnailUrl\":\"https:\/\/www.labrujula24.com\/wp-content\/uploads\/2022\/04\/cibercrimen2-1024x771-1.jpg\",\"datePublished\":\"2022-04-20T15:28:02+00:00\",\"dateModified\":\"2022-04-20T15:29:36+00:00\",\"author\":{\"@id\":\"https:\/\/www.noticiasradioreflejos.com.ar\/2021\/#\/schema\/person\/ad82545263dcc5ec0996818884fd5fb1\"},\"breadcrumb\":{\"@id\":\"https:\/\/www.noticiasradioreflejos.com.ar\/2021\/allanaron-en-bahia-por-tenencia-y-distribucion-de-material-de-abuso-infantil\/#breadcrumb\"},\"inLanguage\":\"es\",\"potentialAction\":[{\"@type\":\"ReadAction\",\"target\":[\"https:\/\/www.noticiasradioreflejos.com.ar\/2021\/allanaron-en-bahia-por-tenencia-y-distribucion-de-material-de-abuso-infantil\/\"]}]},{\"@type\":\"ImageObject\",\"inLanguage\":\"es\",\"@id\":\"https:\/\/www.noticiasradioreflejos.com.ar\/2021\/allanaron-en-bahia-por-tenencia-y-distribucion-de-material-de-abuso-infantil\/#primaryimage\",\"url\":\"https:\/\/www.labrujula24.com\/wp-content\/uploads\/2022\/04\/cibercrimen2-1024x771-1.jpg\",\"contentUrl\":\"https:\/\/www.labrujula24.com\/wp-content\/uploads\/2022\/04\/cibercrimen2-1024x771-1.jpg\"},{\"@type\":\"BreadcrumbList\",\"@id\":\"https:\/\/www.noticiasradioreflejos.com.ar\/2021\/allanaron-en-bahia-por-tenencia-y-distribucion-de-material-de-abuso-infantil\/#breadcrumb\",\"itemListElement\":[{\"@type\":\"ListItem\",\"position\":1,\"name\":\"Portada\",\"item\":\"https:\/\/www.noticiasradioreflejos.com.ar\/2021\/\"},{\"@type\":\"ListItem\",\"position\":2,\"name\":\"Allanaron en Bah\u00eda por tenencia y distribuci\u00f3n de material de abuso infantil\"}]},{\"@type\":\"WebSite\",\"@id\":\"https:\/\/www.noticiasradioreflejos.com.ar\/2021\/#website\",\"url\":\"https:\/\/www.noticiasradioreflejos.com.ar\/2021\/\",\"name\":\"Noticias Radio Reflejos\",\"description\":\"Las noticias de mi comarca\",\"potentialAction\":[{\"@type\":\"SearchAction\",\"target\":{\"@type\":\"EntryPoint\",\"urlTemplate\":\"https:\/\/www.noticiasradioreflejos.com.ar\/2021\/?s={search_term_string}\"},\"query-input\":{\"@type\":\"PropertyValueSpecification\",\"valueRequired\":true,\"valueName\":\"search_term_string\"}}],\"inLanguage\":\"es\"},{\"@type\":\"Person\",\"@id\":\"https:\/\/www.noticiasradioreflejos.com.ar\/2021\/#\/schema\/person\/ad82545263dcc5ec0996818884fd5fb1\",\"name\":\"Arnaldo Botto\",\"image\":{\"@type\":\"ImageObject\",\"inLanguage\":\"es\",\"@id\":\"https:\/\/www.noticiasradioreflejos.com.ar\/2021\/#\/schema\/person\/image\/\",\"url\":\"https:\/\/secure.gravatar.com\/avatar\/55cb5e37c1efa326397366e6974cb338056df65cb50e7d64d1cf314e87504837?s=96&d=mm&r=g\",\"contentUrl\":\"https:\/\/secure.gravatar.com\/avatar\/55cb5e37c1efa326397366e6974cb338056df65cb50e7d64d1cf314e87504837?s=96&d=mm&r=g\",\"caption\":\"Arnaldo Botto\"},\"url\":\"https:\/\/www.noticiasradioreflejos.com.ar\/2021\/author\/arnaldo\/\"}]}<\/script>\n<!-- \/ Yoast SEO plugin. -->","yoast_head_json":{"title":"Allanaron en Bah\u00eda por tenencia y distribuci\u00f3n de material de abuso infantil - Noticias Radio Reflejos","robots":{"index":"index","follow":"follow","max-snippet":"max-snippet:-1","max-image-preview":"max-image-preview:large","max-video-preview":"max-video-preview:-1"},"canonical":"https:\/\/www.noticiasradioreflejos.com.ar\/2021\/allanaron-en-bahia-por-tenencia-y-distribucion-de-material-de-abuso-infantil\/","og_locale":"es_ES","og_type":"article","og_title":"Allanaron en Bah\u00eda por tenencia y distribuci\u00f3n de material de abuso infantil - Noticias Radio Reflejos","og_description":"La UFI N\u00ba 20, a cargo del fiscal Rodolfo De Lucia, pidi\u00f3 la realizaci\u00f3n de 6 allanamientos en Bah\u00eda y en localidades de la zona, por tenencia y\/o distribuci\u00f3n de material de abuso o explotaci\u00f3n sexual infantil.","og_url":"https:\/\/www.noticiasradioreflejos.com.ar\/2021\/allanaron-en-bahia-por-tenencia-y-distribucion-de-material-de-abuso-infantil\/","og_site_name":"Noticias Radio Reflejos","article_published_time":"2022-04-20T15:28:02+00:00","article_modified_time":"2022-04-20T15:29:36+00:00","og_image":[{"url":"https:\/\/www.labrujula24.com\/wp-content\/uploads\/2022\/04\/cibercrimen2-1024x771-1.jpg","type":"","width":"","height":""}],"author":"Arnaldo Botto","twitter_card":"summary_large_image","schema":{"@context":"https:\/\/schema.org","@graph":[{"@type":"WebPage","@id":"https:\/\/www.noticiasradioreflejos.com.ar\/2021\/allanaron-en-bahia-por-tenencia-y-distribucion-de-material-de-abuso-infantil\/","url":"https:\/\/www.noticiasradioreflejos.com.ar\/2021\/allanaron-en-bahia-por-tenencia-y-distribucion-de-material-de-abuso-infantil\/","name":"Allanaron en Bah\u00eda por tenencia y distribuci\u00f3n de material de abuso infantil - Noticias Radio Reflejos","isPartOf":{"@id":"https:\/\/www.noticiasradioreflejos.com.ar\/2021\/#website"},"primaryImageOfPage":{"@id":"https:\/\/www.noticiasradioreflejos.com.ar\/2021\/allanaron-en-bahia-por-tenencia-y-distribucion-de-material-de-abuso-infantil\/#primaryimage"},"image":{"@id":"https:\/\/www.noticiasradioreflejos.com.ar\/2021\/allanaron-en-bahia-por-tenencia-y-distribucion-de-material-de-abuso-infantil\/#primaryimage"},"thumbnailUrl":"https:\/\/www.labrujula24.com\/wp-content\/uploads\/2022\/04\/cibercrimen2-1024x771-1.jpg","datePublished":"2022-04-20T15:28:02+00:00","dateModified":"2022-04-20T15:29:36+00:00","author":{"@id":"https:\/\/www.noticiasradioreflejos.com.ar\/2021\/#\/schema\/person\/ad82545263dcc5ec0996818884fd5fb1"},"breadcrumb":{"@id":"https:\/\/www.noticiasradioreflejos.com.ar\/2021\/allanaron-en-bahia-por-tenencia-y-distribucion-de-material-de-abuso-infantil\/#breadcrumb"},"inLanguage":"es","potentialAction":[{"@type":"ReadAction","target":["https:\/\/www.noticiasradioreflejos.com.ar\/2021\/allanaron-en-bahia-por-tenencia-y-distribucion-de-material-de-abuso-infantil\/"]}]},{"@type":"ImageObject","inLanguage":"es","@id":"https:\/\/www.noticiasradioreflejos.com.ar\/2021\/allanaron-en-bahia-por-tenencia-y-distribucion-de-material-de-abuso-infantil\/#primaryimage","url":"https:\/\/www.labrujula24.com\/wp-content\/uploads\/2022\/04\/cibercrimen2-1024x771-1.jpg","contentUrl":"https:\/\/www.labrujula24.com\/wp-content\/uploads\/2022\/04\/cibercrimen2-1024x771-1.jpg"},{"@type":"BreadcrumbList","@id":"https:\/\/www.noticiasradioreflejos.com.ar\/2021\/allanaron-en-bahia-por-tenencia-y-distribucion-de-material-de-abuso-infantil\/#breadcrumb","itemListElement":[{"@type":"ListItem","position":1,"name":"Portada","item":"https:\/\/www.noticiasradioreflejos.com.ar\/2021\/"},{"@type":"ListItem","position":2,"name":"Allanaron en Bah\u00eda por tenencia y distribuci\u00f3n de material de abuso infantil"}]},{"@type":"WebSite","@id":"https:\/\/www.noticiasradioreflejos.com.ar\/2021\/#website","url":"https:\/\/www.noticiasradioreflejos.com.ar\/2021\/","name":"Noticias Radio Reflejos","description":"Las noticias de mi comarca","potentialAction":[{"@type":"SearchAction","target":{"@type":"EntryPoint","urlTemplate":"https:\/\/www.noticiasradioreflejos.com.ar\/2021\/?s={search_term_string}"},"query-input":{"@type":"PropertyValueSpecification","valueRequired":true,"valueName":"search_term_string"}}],"inLanguage":"es"},{"@type":"Person","@id":"https:\/\/www.noticiasradioreflejos.com.ar\/2021\/#\/schema\/person\/ad82545263dcc5ec0996818884fd5fb1","name":"Arnaldo Botto","image":{"@type":"ImageObject","inLanguage":"es","@id":"https:\/\/www.noticiasradioreflejos.com.ar\/2021\/#\/schema\/person\/image\/","url":"https:\/\/secure.gravatar.com\/avatar\/55cb5e37c1efa326397366e6974cb338056df65cb50e7d64d1cf314e87504837?s=96&d=mm&r=g","contentUrl":"https:\/\/secure.gravatar.com\/avatar\/55cb5e37c1efa326397366e6974cb338056df65cb50e7d64d1cf314e87504837?s=96&d=mm&r=g","caption":"Arnaldo Botto"},"url":"https:\/\/www.noticiasradioreflejos.com.ar\/2021\/author\/arnaldo\/"}]}},"_links":{"self":[{"href":"https:\/\/www.noticiasradioreflejos.com.ar\/2021\/wp-json\/wp\/v2\/posts\/70849","targetHints":{"allow":["GET"]}}],"collection":[{"href":"https:\/\/www.noticiasradioreflejos.com.ar\/2021\/wp-json\/wp\/v2\/posts"}],"about":[{"href":"https:\/\/www.noticiasradioreflejos.com.ar\/2021\/wp-json\/wp\/v2\/types\/post"}],"author":[{"embeddable":true,"href":"https:\/\/www.noticiasradioreflejos.com.ar\/2021\/wp-json\/wp\/v2\/users\/3"}],"replies":[{"embeddable":true,"href":"https:\/\/www.noticiasradioreflejos.com.ar\/2021\/wp-json\/wp\/v2\/comments?post=70849"}],"version-history":[{"count":2,"href":"https:\/\/www.noticiasradioreflejos.com.ar\/2021\/wp-json\/wp\/v2\/posts\/70849\/revisions"}],"predecessor-version":[{"id":70852,"href":"https:\/\/www.noticiasradioreflejos.com.ar\/2021\/wp-json\/wp\/v2\/posts\/70849\/revisions\/70852"}],"wp:attachment":[{"href":"https:\/\/www.noticiasradioreflejos.com.ar\/2021\/wp-json\/wp\/v2\/media?parent=70849"}],"wp:term":[{"taxonomy":"category","embeddable":true,"href":"https:\/\/www.noticiasradioreflejos.com.ar\/2021\/wp-json\/wp\/v2\/categories?post=70849"},{"taxonomy":"post_tag","embeddable":true,"href":"https:\/\/www.noticiasradioreflejos.com.ar\/2021\/wp-json\/wp\/v2\/tags?post=70849"}],"curies":[{"name":"wp","href":"https:\/\/api.w.org\/{rel}","templated":true}]}}