{"id":70845,"date":"2022-04-20T13:00:54","date_gmt":"2022-04-20T13:00:54","guid":{"rendered":"http:\/\/www.noticiasradioreflejos.com.ar\/2021\/?p=70845"},"modified":"2022-04-20T17:41:55","modified_gmt":"2022-04-20T17:41:55","slug":"los-gremios-estatales-discuten-una-compensacion-paritaria-ante-el-proceso-inflacionario","status":"publish","type":"post","link":"https:\/\/www.noticiasradioreflejos.com.ar\/2021\/los-gremios-estatales-discuten-una-compensacion-paritaria-ante-el-proceso-inflacionario\/","title":{"rendered":"Los gremios estatales discuten una compensaci\u00f3n paritaria ante el proceso inflacionario"},"content":{"rendered":"<p>ATE y UPCN negociar\u00e1n este mi\u00e9rcoles en la cartera laboral el cierre definitivo de la paritaria y demandar\u00e1n una compensaci\u00f3n por la suba de precios de forma previa al inicio de la discusi\u00f3n de este a\u00f1o.<!--more--><\/p>\n<figure class=\"mb-3\"><img decoding=\"async\" src=\"https:\/\/www.telam.com.ar\/thumbs\/bluesteel\/advf\/imagenes\/2022\/02\/61fc4ce534123_900.jpg\" alt=\"El encuentro en el Ministerio de Trabajo fue convocado por los funcionarios ministeriales desde las 14Foto archivo\" width=\"100%\" height=\"100%\" \/><\/p>\n<div class=\"media-icons\"><\/div><figcaption>El encuentro en el Ministerio de Trabajo fue convocado por los funcionarios ministeriales desde las 14.(Foto archivo)<\/figcaption><\/figure>\n<p>Los gremios estatales ATE y UPCN, que hab\u00edan reclamado la urgente revisi\u00f3n del acuerdo salarial cuyo \u00faltimo tramo se abon\u00f3 en febrero, negociar\u00e1n este mi\u00e9rcoles en la cartera laboral el cierre definitivo de la paritaria y demandar\u00e1n una compensaci\u00f3n por la suba de precios de forma previa al inicio de la discusi\u00f3n de este a\u00f1o.<\/p>\n<p>El encuentro en la dependencia laboral de la Avenida Callao al 100\u00a0<strong>fue convocado por los funcionarios ministeriales desde las 14.<\/strong><\/p>\n<p>El titular nacional de la Asociaci\u00f3n Trabajadores del Estado (ATE), Hugo Godoy, sostuvo hoy en un documento que \u00abel objetivo del di\u00e1logo ser\u00e1\u00a0<strong>garantizar que de manera real se produzca un incremento salarial por arriba de la inflaci\u00f3n\u00bb.<\/strong><\/p>\n<p><strong>La ATE y la Uni\u00f3n del Personal Civil de la Naci\u00f3n (UPCN)\u00a0<\/strong>que conduce Andr\u00e9s Rodr\u00edguez discutir\u00e1n una compensaci\u00f3n de la paritaria 2021-22 ante el proceso inflacionario, luego de que el Gobierno aceptase reabrir la negociaci\u00f3n colectiva.<\/p>\n<p><strong>Con la revisi\u00f3n de febrero<\/strong>, los trabajadores estatales hab\u00edan obtenido\u00a0<strong>una pauta salarial total del 54%<\/strong>, aunque al conocerse las cifras de inflaci\u00f3n de marzo \u00faltimo, de 6,7%, reclamaron reabrir la paritaria para lograr \u00abun mejor piso de forma previa al inicio de la discusi\u00f3n convencional 2022-23\u00bb, dijo Godoy.<\/p>\n<p>Para el dirigente gremial, el impacto inflacionario de marzo \u00abse extender\u00e1 en abril y mayo\u00bb<strong>,<\/strong>\u00a0por lo que \u00ab<strong>es preciso superar el aumento total del 54% a partir de mayo para garantizar que se le haya ganado realmente a la inflaci\u00f3n\u00bb.<\/strong><\/p>\n<p><strong>Funcionarios y sindicalistas volver\u00e1n a negociar a mediados de mayo la paritaria del nuevo per\u00edodo 2022-23,\u00a0<\/strong>en la que la ATE ratificar\u00e1 su reclamo para acelerar los mecanismos de pases a planta y de recategorizaciones, entre otros temas.<\/p>\n<p><strong>La secretaria de Gesti\u00f3n y Empleo P\u00fablico de la Naci\u00f3n, Ana Castellani<\/strong>, se\u00f1al\u00f3 el fin de semana a T\u00e9lam que los gremios fueron convocados para revisar la paritaria del per\u00edodo ante el reclamo de las organizaciones sindicales, y reafirm\u00f3 que \u00abel compromiso es que los salarios le ganen a la inflaci\u00f3n, por lo que se revisar\u00e1n los n\u00fameros en funci\u00f3n de los incrementos de febrero y marzo\u00bb.<\/p>\n<p>Luego de la \u00faltima revisi\u00f3n de enero en el contexto del convenio colectivo de trabajo,\u00a0<strong>se hab\u00eda acordado un 14% adicional en dos tramos para el actual per\u00edodo paritario, lo que totaliz\u00f3 una recomposici\u00f3n del 54%.<\/strong><\/p>\n","protected":false},"excerpt":{"rendered":"<p>ATE y UPCN negociar\u00e1n este mi\u00e9rcoles en la cartera laboral el cierre definitivo de la paritaria y demandar\u00e1n una compensaci\u00f3n por la suba de precios de forma previa al inicio de la discusi\u00f3n de este a\u00f1o.<\/p>\n","protected":false},"author":3,"featured_media":0,"comment_status":"closed","ping_status":"closed","sticky":false,"template":"","format":"standard","meta":{"footnotes":""},"categories":[26],"tags":[],"class_list":["post-70845","post","type-post","status-publish","format-standard","hentry","category-sociedad"],"yoast_head":"<!-- This site is optimized with the Yoast SEO plugin v25.9 - https:\/\/yoast.com\/wordpress\/plugins\/seo\/ -->\n<title>Los gremios estatales discuten una compensaci\u00f3n paritaria ante el proceso inflacionario - Noticias Radio Reflejos<\/title>\n<meta name=\"robots\" content=\"index, follow, max-snippet:-1, max-image-preview:large, max-video-preview:-1\" \/>\n<link rel=\"canonical\" href=\"https:\/\/www.noticiasradioreflejos.com.ar\/2021\/los-gremios-estatales-discuten-una-compensacion-paritaria-ante-el-proceso-inflacionario\/\" \/>\n<meta property=\"og:locale\" content=\"es_ES\" \/>\n<meta property=\"og:type\" content=\"article\" \/>\n<meta property=\"og:title\" content=\"Los gremios estatales discuten una compensaci\u00f3n paritaria ante el proceso inflacionario - Noticias Radio Reflejos\" \/>\n<meta property=\"og:description\" content=\"ATE y UPCN negociar\u00e1n este mi\u00e9rcoles en la cartera laboral el cierre definitivo de la paritaria y demandar\u00e1n una compensaci\u00f3n por la suba de precios de forma previa al inicio de la discusi\u00f3n de este a\u00f1o.\" \/>\n<meta property=\"og:url\" content=\"https:\/\/www.noticiasradioreflejos.com.ar\/2021\/los-gremios-estatales-discuten-una-compensacion-paritaria-ante-el-proceso-inflacionario\/\" \/>\n<meta property=\"og:site_name\" content=\"Noticias Radio Reflejos\" \/>\n<meta property=\"article:published_time\" content=\"2022-04-20T13:00:54+00:00\" \/>\n<meta property=\"article:modified_time\" content=\"2022-04-20T17:41:55+00:00\" \/>\n<meta property=\"og:image\" content=\"https:\/\/www.telam.com.ar\/thumbs\/bluesteel\/advf\/imagenes\/2022\/02\/61fc4ce534123_900.jpg\" \/>\n<meta name=\"author\" content=\"Arnaldo Botto\" \/>\n<meta name=\"twitter:card\" content=\"summary_large_image\" \/>\n<script type=\"application\/ld+json\" class=\"yoast-schema-graph\">{\"@context\":\"https:\/\/schema.org\",\"@graph\":[{\"@type\":\"WebPage\",\"@id\":\"https:\/\/www.noticiasradioreflejos.com.ar\/2021\/los-gremios-estatales-discuten-una-compensacion-paritaria-ante-el-proceso-inflacionario\/\",\"url\":\"https:\/\/www.noticiasradioreflejos.com.ar\/2021\/los-gremios-estatales-discuten-una-compensacion-paritaria-ante-el-proceso-inflacionario\/\",\"name\":\"Los gremios estatales discuten una compensaci\u00f3n paritaria ante el proceso inflacionario - Noticias Radio Reflejos\",\"isPartOf\":{\"@id\":\"https:\/\/www.noticiasradioreflejos.com.ar\/2021\/#website\"},\"primaryImageOfPage\":{\"@id\":\"https:\/\/www.noticiasradioreflejos.com.ar\/2021\/los-gremios-estatales-discuten-una-compensacion-paritaria-ante-el-proceso-inflacionario\/#primaryimage\"},\"image\":{\"@id\":\"https:\/\/www.noticiasradioreflejos.com.ar\/2021\/los-gremios-estatales-discuten-una-compensacion-paritaria-ante-el-proceso-inflacionario\/#primaryimage\"},\"thumbnailUrl\":\"https:\/\/www.telam.com.ar\/thumbs\/bluesteel\/advf\/imagenes\/2022\/02\/61fc4ce534123_900.jpg\",\"datePublished\":\"2022-04-20T13:00:54+00:00\",\"dateModified\":\"2022-04-20T17:41:55+00:00\",\"author\":{\"@id\":\"https:\/\/www.noticiasradioreflejos.com.ar\/2021\/#\/schema\/person\/ad82545263dcc5ec0996818884fd5fb1\"},\"breadcrumb\":{\"@id\":\"https:\/\/www.noticiasradioreflejos.com.ar\/2021\/los-gremios-estatales-discuten-una-compensacion-paritaria-ante-el-proceso-inflacionario\/#breadcrumb\"},\"inLanguage\":\"es\",\"potentialAction\":[{\"@type\":\"ReadAction\",\"target\":[\"https:\/\/www.noticiasradioreflejos.com.ar\/2021\/los-gremios-estatales-discuten-una-compensacion-paritaria-ante-el-proceso-inflacionario\/\"]}]},{\"@type\":\"ImageObject\",\"inLanguage\":\"es\",\"@id\":\"https:\/\/www.noticiasradioreflejos.com.ar\/2021\/los-gremios-estatales-discuten-una-compensacion-paritaria-ante-el-proceso-inflacionario\/#primaryimage\",\"url\":\"https:\/\/www.telam.com.ar\/thumbs\/bluesteel\/advf\/imagenes\/2022\/02\/61fc4ce534123_900.jpg\",\"contentUrl\":\"https:\/\/www.telam.com.ar\/thumbs\/bluesteel\/advf\/imagenes\/2022\/02\/61fc4ce534123_900.jpg\"},{\"@type\":\"BreadcrumbList\",\"@id\":\"https:\/\/www.noticiasradioreflejos.com.ar\/2021\/los-gremios-estatales-discuten-una-compensacion-paritaria-ante-el-proceso-inflacionario\/#breadcrumb\",\"itemListElement\":[{\"@type\":\"ListItem\",\"position\":1,\"name\":\"Portada\",\"item\":\"https:\/\/www.noticiasradioreflejos.com.ar\/2021\/\"},{\"@type\":\"ListItem\",\"position\":2,\"name\":\"Los gremios estatales discuten una compensaci\u00f3n paritaria ante el proceso inflacionario\"}]},{\"@type\":\"WebSite\",\"@id\":\"https:\/\/www.noticiasradioreflejos.com.ar\/2021\/#website\",\"url\":\"https:\/\/www.noticiasradioreflejos.com.ar\/2021\/\",\"name\":\"Noticias Radio Reflejos\",\"description\":\"Las noticias de mi comarca\",\"potentialAction\":[{\"@type\":\"SearchAction\",\"target\":{\"@type\":\"EntryPoint\",\"urlTemplate\":\"https:\/\/www.noticiasradioreflejos.com.ar\/2021\/?s={search_term_string}\"},\"query-input\":{\"@type\":\"PropertyValueSpecification\",\"valueRequired\":true,\"valueName\":\"search_term_string\"}}],\"inLanguage\":\"es\"},{\"@type\":\"Person\",\"@id\":\"https:\/\/www.noticiasradioreflejos.com.ar\/2021\/#\/schema\/person\/ad82545263dcc5ec0996818884fd5fb1\",\"name\":\"Arnaldo Botto\",\"image\":{\"@type\":\"ImageObject\",\"inLanguage\":\"es\",\"@id\":\"https:\/\/www.noticiasradioreflejos.com.ar\/2021\/#\/schema\/person\/image\/\",\"url\":\"https:\/\/secure.gravatar.com\/avatar\/55cb5e37c1efa326397366e6974cb338056df65cb50e7d64d1cf314e87504837?s=96&d=mm&r=g\",\"contentUrl\":\"https:\/\/secure.gravatar.com\/avatar\/55cb5e37c1efa326397366e6974cb338056df65cb50e7d64d1cf314e87504837?s=96&d=mm&r=g\",\"caption\":\"Arnaldo Botto\"},\"url\":\"https:\/\/www.noticiasradioreflejos.com.ar\/2021\/author\/arnaldo\/\"}]}<\/script>\n<!-- \/ Yoast SEO plugin. -->","yoast_head_json":{"title":"Los gremios estatales discuten una compensaci\u00f3n paritaria ante el proceso inflacionario - Noticias Radio Reflejos","robots":{"index":"index","follow":"follow","max-snippet":"max-snippet:-1","max-image-preview":"max-image-preview:large","max-video-preview":"max-video-preview:-1"},"canonical":"https:\/\/www.noticiasradioreflejos.com.ar\/2021\/los-gremios-estatales-discuten-una-compensacion-paritaria-ante-el-proceso-inflacionario\/","og_locale":"es_ES","og_type":"article","og_title":"Los gremios estatales discuten una compensaci\u00f3n paritaria ante el proceso inflacionario - Noticias Radio Reflejos","og_description":"ATE y UPCN negociar\u00e1n este mi\u00e9rcoles en la cartera laboral el cierre definitivo de la paritaria y demandar\u00e1n una compensaci\u00f3n por la suba de precios de forma previa al inicio de la discusi\u00f3n de este a\u00f1o.","og_url":"https:\/\/www.noticiasradioreflejos.com.ar\/2021\/los-gremios-estatales-discuten-una-compensacion-paritaria-ante-el-proceso-inflacionario\/","og_site_name":"Noticias Radio Reflejos","article_published_time":"2022-04-20T13:00:54+00:00","article_modified_time":"2022-04-20T17:41:55+00:00","og_image":[{"url":"https:\/\/www.telam.com.ar\/thumbs\/bluesteel\/advf\/imagenes\/2022\/02\/61fc4ce534123_900.jpg","type":"","width":"","height":""}],"author":"Arnaldo Botto","twitter_card":"summary_large_image","schema":{"@context":"https:\/\/schema.org","@graph":[{"@type":"WebPage","@id":"https:\/\/www.noticiasradioreflejos.com.ar\/2021\/los-gremios-estatales-discuten-una-compensacion-paritaria-ante-el-proceso-inflacionario\/","url":"https:\/\/www.noticiasradioreflejos.com.ar\/2021\/los-gremios-estatales-discuten-una-compensacion-paritaria-ante-el-proceso-inflacionario\/","name":"Los gremios estatales discuten una compensaci\u00f3n paritaria ante el proceso inflacionario - Noticias Radio Reflejos","isPartOf":{"@id":"https:\/\/www.noticiasradioreflejos.com.ar\/2021\/#website"},"primaryImageOfPage":{"@id":"https:\/\/www.noticiasradioreflejos.com.ar\/2021\/los-gremios-estatales-discuten-una-compensacion-paritaria-ante-el-proceso-inflacionario\/#primaryimage"},"image":{"@id":"https:\/\/www.noticiasradioreflejos.com.ar\/2021\/los-gremios-estatales-discuten-una-compensacion-paritaria-ante-el-proceso-inflacionario\/#primaryimage"},"thumbnailUrl":"https:\/\/www.telam.com.ar\/thumbs\/bluesteel\/advf\/imagenes\/2022\/02\/61fc4ce534123_900.jpg","datePublished":"2022-04-20T13:00:54+00:00","dateModified":"2022-04-20T17:41:55+00:00","author":{"@id":"https:\/\/www.noticiasradioreflejos.com.ar\/2021\/#\/schema\/person\/ad82545263dcc5ec0996818884fd5fb1"},"breadcrumb":{"@id":"https:\/\/www.noticiasradioreflejos.com.ar\/2021\/los-gremios-estatales-discuten-una-compensacion-paritaria-ante-el-proceso-inflacionario\/#breadcrumb"},"inLanguage":"es","potentialAction":[{"@type":"ReadAction","target":["https:\/\/www.noticiasradioreflejos.com.ar\/2021\/los-gremios-estatales-discuten-una-compensacion-paritaria-ante-el-proceso-inflacionario\/"]}]},{"@type":"ImageObject","inLanguage":"es","@id":"https:\/\/www.noticiasradioreflejos.com.ar\/2021\/los-gremios-estatales-discuten-una-compensacion-paritaria-ante-el-proceso-inflacionario\/#primaryimage","url":"https:\/\/www.telam.com.ar\/thumbs\/bluesteel\/advf\/imagenes\/2022\/02\/61fc4ce534123_900.jpg","contentUrl":"https:\/\/www.telam.com.ar\/thumbs\/bluesteel\/advf\/imagenes\/2022\/02\/61fc4ce534123_900.jpg"},{"@type":"BreadcrumbList","@id":"https:\/\/www.noticiasradioreflejos.com.ar\/2021\/los-gremios-estatales-discuten-una-compensacion-paritaria-ante-el-proceso-inflacionario\/#breadcrumb","itemListElement":[{"@type":"ListItem","position":1,"name":"Portada","item":"https:\/\/www.noticiasradioreflejos.com.ar\/2021\/"},{"@type":"ListItem","position":2,"name":"Los gremios estatales discuten una compensaci\u00f3n paritaria ante el proceso inflacionario"}]},{"@type":"WebSite","@id":"https:\/\/www.noticiasradioreflejos.com.ar\/2021\/#website","url":"https:\/\/www.noticiasradioreflejos.com.ar\/2021\/","name":"Noticias Radio Reflejos","description":"Las noticias de mi comarca","potentialAction":[{"@type":"SearchAction","target":{"@type":"EntryPoint","urlTemplate":"https:\/\/www.noticiasradioreflejos.com.ar\/2021\/?s={search_term_string}"},"query-input":{"@type":"PropertyValueSpecification","valueRequired":true,"valueName":"search_term_string"}}],"inLanguage":"es"},{"@type":"Person","@id":"https:\/\/www.noticiasradioreflejos.com.ar\/2021\/#\/schema\/person\/ad82545263dcc5ec0996818884fd5fb1","name":"Arnaldo Botto","image":{"@type":"ImageObject","inLanguage":"es","@id":"https:\/\/www.noticiasradioreflejos.com.ar\/2021\/#\/schema\/person\/image\/","url":"https:\/\/secure.gravatar.com\/avatar\/55cb5e37c1efa326397366e6974cb338056df65cb50e7d64d1cf314e87504837?s=96&d=mm&r=g","contentUrl":"https:\/\/secure.gravatar.com\/avatar\/55cb5e37c1efa326397366e6974cb338056df65cb50e7d64d1cf314e87504837?s=96&d=mm&r=g","caption":"Arnaldo Botto"},"url":"https:\/\/www.noticiasradioreflejos.com.ar\/2021\/author\/arnaldo\/"}]}},"_links":{"self":[{"href":"https:\/\/www.noticiasradioreflejos.com.ar\/2021\/wp-json\/wp\/v2\/posts\/70845","targetHints":{"allow":["GET"]}}],"collection":[{"href":"https:\/\/www.noticiasradioreflejos.com.ar\/2021\/wp-json\/wp\/v2\/posts"}],"about":[{"href":"https:\/\/www.noticiasradioreflejos.com.ar\/2021\/wp-json\/wp\/v2\/types\/post"}],"author":[{"embeddable":true,"href":"https:\/\/www.noticiasradioreflejos.com.ar\/2021\/wp-json\/wp\/v2\/users\/3"}],"replies":[{"embeddable":true,"href":"https:\/\/www.noticiasradioreflejos.com.ar\/2021\/wp-json\/wp\/v2\/comments?post=70845"}],"version-history":[{"count":1,"href":"https:\/\/www.noticiasradioreflejos.com.ar\/2021\/wp-json\/wp\/v2\/posts\/70845\/revisions"}],"predecessor-version":[{"id":70846,"href":"https:\/\/www.noticiasradioreflejos.com.ar\/2021\/wp-json\/wp\/v2\/posts\/70845\/revisions\/70846"}],"wp:attachment":[{"href":"https:\/\/www.noticiasradioreflejos.com.ar\/2021\/wp-json\/wp\/v2\/media?parent=70845"}],"wp:term":[{"taxonomy":"category","embeddable":true,"href":"https:\/\/www.noticiasradioreflejos.com.ar\/2021\/wp-json\/wp\/v2\/categories?post=70845"},{"taxonomy":"post_tag","embeddable":true,"href":"https:\/\/www.noticiasradioreflejos.com.ar\/2021\/wp-json\/wp\/v2\/tags?post=70845"}],"curies":[{"name":"wp","href":"https:\/\/api.w.org\/{rel}","templated":true}]}}