{"id":70842,"date":"2022-04-20T12:04:01","date_gmt":"2022-04-20T12:04:01","guid":{"rendered":"http:\/\/www.noticiasradioreflejos.com.ar\/2021\/?p=70842"},"modified":"2022-04-20T12:04:01","modified_gmt":"2022-04-20T12:04:01","slug":"malvinas-la-guerra-que-termino-una-semana-despues-y-en-las-puertas-de-la-antartida","status":"publish","type":"post","link":"https:\/\/www.noticiasradioreflejos.com.ar\/2021\/malvinas-la-guerra-que-termino-una-semana-despues-y-en-las-puertas-de-la-antartida\/","title":{"rendered":"Malvinas, la guerra que termin\u00f3 una semana despu\u00e9s y en las puertas de la Ant\u00e1rtida"},"content":{"rendered":"<p>Aunque la rendici\u00f3n no implicaba el desalojo y clausura de la base cient\u00edfica de las islas Sandwich del Sur, los brit\u00e1nicos, con un despliegue militar desproporcionado, invad\u00edan la estaci\u00f3n mientras los \u00a0argentinos quemaban informaci\u00f3n confidencial e inutilizaban algunos equipos. Luego de desalojarla, la dinamitar\u00edan.<!--more--><\/p>\n<p>POR JULIO MOSLE<\/p>\n<figure class=\"mb-3\"><img decoding=\"async\" src=\"https:\/\/www.telam.com.ar\/thumbs\/bluesteel\/advf\/imagenes\/2022\/04\/625f2d284f1c3_900.jpg\" alt=\"Malvinas estacin cientfica Corbeta Uruguay Foto archivo\" width=\"100%\" height=\"100%\" \/><\/p>\n<div class=\"media-icons\"><\/div><figcaption>Malvinas, estaci\u00f3n cient\u00edfica \u00abCorbeta Uruguay\u00bb (Foto archivo)<\/figcaption><\/figure>\n<p>A pesar de que el 14 de junio de 1982 las autoridades militares argentinas hab\u00edan acordado con los comandantes brit\u00e1nicos el cese al fuego que le puso fin a la Guerra de Malvinas, el \u00faltimo y menos conocido de los episodios de ese conflicto fue la\u00a0<strong>\u00abOperaci\u00f3n Keyhole\u00bb<\/strong>, en la que<strong>\u00a0seis d\u00edas despu\u00e9s<\/strong>\u00a0una fuerza de tareas de al menos cuatro buques, helic\u00f3pteros y dos pelotones de infantes de la marina real desalojaron la estaci\u00f3n cient\u00edfica \u00abCorbeta Uruguay\u00bb que Argentina operaba en las islas Sandwich del Sur desde marzo de 1977.<\/p>\n<p>El historiador del Instituto Ant\u00e1rtico Argentino (IAA), Pablo Fontana, afirm\u00f3 en di\u00e1logo con T\u00e9lam que \u00abla creaci\u00f3n de la Estaci\u00f3n Cient\u00edfica &#8216;Corbeta Uruguay&#8217; formaba parte de un plan que llevaba ya\u00a0<strong>varias d\u00e9cadas<\/strong>\u00ab.<\/p>\n<p>\u00abSu origen data de las primeras presidencias de (Juan Domingo)\u00a0<strong>Per\u00f3n<\/strong>, cuando tuvo lugar un despliegue considerable de presencia argentina en la Ant\u00e1rtida en un contexto de tensa\u00a0<strong>pugna con los intereses del imperio brit\u00e1nico<\/strong>: en menos de diez a\u00f1os (1947-1955) Argentina hab\u00eda pasado\u00a0<strong>de poseer una sola base ant\u00e1rtica a detentar ocho bases permanentes y varios refugios<\/strong>, adem\u00e1s de un rompehielos y el primer instituto ant\u00e1rtico del mundo\u00bb, ampli\u00f3.<\/p>\n<p>Fontana sostuvo que \u00abya en 1952 buques de la Armada Argentina realizan\u00a0<strong>relevamientos y desembarcos en estas islas deshabitadas,<\/strong>\u00a0instalando tambi\u00e9n objetos que<strong>\u00a0testimonian nuestra soberan\u00eda<\/strong>; en enero de 1955 el rompehielos ARA &#8216;General San Mart\u00edn&#8217; construye en la isla Morrel el Refugio Esquivel, que constituye la primera instalaci\u00f3n habitacional de todo el archipi\u00e9lago y en ese momento surge el plan de instalar all\u00ed una base\u00bb.<\/p>\n<p>\u00abEn la campa\u00f1a siguiente un grupo de tres argentinos lo ocupa\u00a0<strong>durante el verano<\/strong>, lo que constituye la\u00a0<strong>primera presencia humana no permanente<\/strong>, m\u00e1s all\u00e1 de un simple desembarco, en las islas Sandwich del Sur. Pero la isla vecina entr\u00f3 en erupci\u00f3n y debieron ser evacuados; posiblemente esto, m\u00e1s un cambio de rumbo geopol\u00edtico dado luego del golpe de 1955, la cooperaci\u00f3n cient\u00edfica del A\u00f1o Geof\u00edsico Internacional 1957\/8 y las negociaciones para la firma del\u00a0<strong>Tratado Ant\u00e1rtico en 1958\/9<\/strong>, llevaron a cancelar los planes\u00bb, agreg\u00f3.<\/p>\n<p>En la primera mitad de los a\u00f1os &#8217;70, en un marco de creciente tensi\u00f3n en el Atl\u00e1ntico Sur profundizado por la crisis del petr\u00f3leo, se retoma el proyecto; el 30 de octubre de 1975 la presidenta Mar\u00eda Estela Mart\u00ednez de Per\u00f3n emite un<strong>\u00a0decreto secreto<\/strong>\u00a0en el que dispon\u00eda la\u00a0<strong>instalaci\u00f3n de la base<\/strong>\u00a0bajo el nombre de \u00abOperaci\u00f3n Sol\u00bb.<\/p>\n<figure class=\"mb-3\"><img decoding=\"async\" src=\"https:\/\/www.telam.com.ar\/thumbs\/bluesteel\/advf\/imagenes\/2022\/04\/625f2d283af4c_900.jpg\" alt=\"Foto archivo\" width=\"100%\" height=\"100%\" \/><\/p>\n<div class=\"media-icons\"><\/div><figcaption>(Foto archivo)<\/figcaption><\/figure>\n<p>En el verano 1976\/77 se instala la \u00abEstaci\u00f3n Cient\u00edfica Corbeta Uruguay\u00bb a 350 metros al este del Refugio Esquivel, y el siguiente verano se transform\u00f3 en una\u00a0<strong>base permanente con una dotaci\u00f3n de diez personas<\/strong>, siendo la primera y \u00fanica presencia de ese tipo en ese archipi\u00e9lago.<\/p>\n<p>El historiador remarc\u00f3 que \u00abal principio el gobierno laborista brit\u00e1nico realiz\u00f3 una\u00a0<strong>protesta diplom\u00e1tica<\/strong>\u00a0pero sin hacerla p\u00fablica; Argentina respondi\u00f3 que se trataba de una estaci\u00f3n cient\u00edfica que brindaba apoyo al\u00a0<strong>Programa Ant\u00e1rtico Argentino<\/strong>\u00a0y que se encontraba<strong>\u00a0dentro de territorio argentino<\/strong>. Los hechos se hicieron p\u00fablicos en el Reino Unido reci\u00e9n a mediados de 1978 y si bien hubo predisposici\u00f3n por parte del gobierno brit\u00e1nico por llevar adelante una\u00a0<strong>cooperaci\u00f3n cient\u00edfica<\/strong>, los isle\u00f1os lo frenaron\u00bb.<\/p>\n<p>Fontana se\u00f1al\u00f3 que \u00abesta base se encontraba integrada al Programa Ant\u00e1rtico Argentino, tanto desde el punto de vista cient\u00edfico como log\u00edstico; en ella se realizaban importantes estudios de diversas disciplinas, en particular de\u00a0<strong>meteorolog\u00eda<\/strong>, medici\u00f3n de\u00a0<strong>radiaci\u00f3n solar<\/strong>\u00a0y\u00a0<strong>radiosondeos<\/strong>, destac\u00e1ndose los trabajos de\u00a0<strong>sismolog\u00eda<\/strong>, siendo estas islas uno de los sitios con mayor cantidad de sismos en el mundo. Tambi\u00e9n se realizaron trabajos de biolog\u00eda con la colonia de\u00a0<strong>ping\u00fcinos\u00a0<\/strong>del lugar y de\u00a0<strong>glaciolog\u00eda<\/strong>\u00ab.<\/p>\n<p>\u00abSu reabastecimiento y relevo de dotaci\u00f3n era\u00a0<strong>similar al de cualquier otra base ant\u00e1rtica<\/strong>, el cual se realizaba por medio del\u00a0<strong>rompehielos argentino<\/strong>, y dispon\u00eda de un color espec\u00edfico tambi\u00e9n para identificar su carga, sistema que se utiliza en las bases ant\u00e1rticas; en cuanto a su ubicaci\u00f3n, por un lado, la base estaba en un archipi\u00e9lago subant\u00e1rtico, encontr\u00e1ndose al sur de la convergencia ant\u00e1rtica, que es la l\u00ednea en donde las aguas fr\u00edas de la corriente circumpolar ant\u00e1rtica se sumergen bajo las aguas c\u00e1lidas que provienen del norte, siendo esta l\u00ednea din\u00e1mica considerada el l\u00edmite natural de la Ant\u00e1rtida\u00bb, detall\u00f3.<\/p>\n<p>La base se encontraba 60 kil\u00f3metros al norte del paralelo 60\u02da de latitud Sur,\u00a0<strong>l\u00edmite de aplicaci\u00f3n del Tratado Ant\u00e1rtico<\/strong>, por lo que no se encontraba protegida por el mismo. \u00abDe haberlo estado, dif\u00edcilmente podr\u00edan haberla desalojado, sin entrar en una violaci\u00f3n directa del Tratado\u00bb, consider\u00f3 el historiador.<\/p>\n<figure class=\"mb-3\"><img decoding=\"async\" src=\"https:\/\/www.telam.com.ar\/thumbs\/bluesteel\/advf\/imagenes\/2022\/04\/625f2d2825a2f_900.jpg\" alt=\"Foto archivo\" width=\"100%\" height=\"100%\" \/><\/p>\n<div class=\"media-icons\"><\/div><figcaption>(Foto archivo)<\/figcaption><\/figure>\n<p>En ese sentido record\u00f3 que \u00abla rendici\u00f3n de las fuerzas argentinas el 14 de junio de 1982 en Puerto Argentino no implicaba y tambi\u00e9n hac\u00eda innecesarios el desalojo y clausura de la base, que adem\u00e1s se desempe\u00f1aba como una estaci\u00f3n cient\u00edfica\u00bb.<\/p>\n<p>\u00abPrecisamente, a medianoche de ese mismo d\u00eda las fuerzas brit\u00e1nicas decidieron hacerlo, utilizando cuatro buques, seis helic\u00f3pteros, decenas de infantes de marina y adem\u00e1s de varios comandos; frente a esta\u00a0<strong>desproporcionada fuerza<\/strong>, la peque\u00f1a dotaci\u00f3n argentina respondi\u00f3 por radio que\u00a0<strong>ellos estaban en suelo argentino<\/strong>\u00a0y que eran una base cient\u00edfica\u00bb, detall\u00f3.<\/p>\n<p>\u00abEl 19 de junio los brit\u00e1nicos llegaron al lugar y con mala meteorolog\u00eda comenzaron a hacer\u00a0<strong>vuelos de distracci\u00f3n<\/strong>\u00a0para simular\u00a0<strong>desembarcos\u00a0<\/strong>en distintas partes de la isla, adem\u00e1s de desembarcar un grupo de\u00a0<strong>infantes\u00a0<\/strong>y realizar\u00a0<strong>disparos\u00a0<\/strong>de artiller\u00eda intimidatorios,\u00a0<strong>mientras los argentinos quemaban la informaci\u00f3n confidencial e inutilizaban algunos equipos<\/strong>, sin responder a los ultim\u00e1tum del comandante brit\u00e1nico\u00bb, describi\u00f3.<\/p>\n<p>\u00abFinalmente, a pocos minutos de ser arrasados por la artiller\u00eda, la dotaci\u00f3n se rindi\u00f3 en la noche del d\u00eda 20 de junio, en lo que podr\u00eda considerarse el \u00faltimo acto del conflicto del Atl\u00e1ntico Sur de 1982, el cual fue a su vez el primero de car\u00e1cter subant\u00e1rtico, ya que comenz\u00f3 en las Georgias del Sur y finaliz\u00f3 en las Sandwich del Sur\u00bb, complet\u00f3 el investigador.<\/p>\n<p>Respecto del abandono de la base por parte de las fuerzas brit\u00e1nicas, Fontana evalu\u00f3 que \u00aboperar aquellas instalaciones hubiera significado un reconocimiento de la gran capacidad log\u00edstica y cient\u00edfica argentina, ya que hab\u00edamos logrado algo que ellos hasta el d\u00eda de hoy no lo hicieron, instalar y operar una base permanente en aquel archipi\u00e9lago volc\u00e1nico, de costas acantiladas y repletas de glaciares, con la peor meteorolog\u00eda del planeta, acompa\u00f1adas de sismos y erupciones constantes. Una verdadera haza\u00f1a\u00bb.<\/p>\n<p>\u00abSi bien las islas Sandwich del Sur se encuentran dentro del \u00e1rea de la Comisi\u00f3n para la Conservaci\u00f3n de los Recursos Vivos Marinos Ant\u00e1rticos y sujetas a sus medidas de conservaci\u00f3n,\u00a0<strong>el Reino Unido contin\u00faa emitiendo licencias de pesca ilegales y por fuera de dicha Convenci\u00f3n, con un claro inter\u00e9s econ\u00f3mico<\/strong>\u00ab, advirti\u00f3 Fontana.<\/p>\n<p>En el verano 1982\/83 la base fue dinamitada por comandos brit\u00e1nicos, muriendo una considerable cantidad de ping\u00fcinos con las explosiones. Se argument\u00f3 que la decisi\u00f3n se tom\u00f3 al encontrarse con la bandera brit\u00e1nica en el suelo y la argentina en el m\u00e1stil de la base a comienzos de ese verano, pero posiblemente la premier brit\u00e1nica Margaret Thatcher procedi\u00f3 de esa forma porque a mediano o largo plazo posiblemente iba a tener presi\u00f3n para permitir a Argentina continuar con los trabajos cient\u00edficos que durante cinco a\u00f1os se realizaron en el lugar de forma ininterrumpida.<\/p>\n<p>Fontana cont\u00f3 que \u00aba<strong>ctualmente de la base solo quedan las ruinas<\/strong>; en cuanto al Refugio Esquivel, si bien el mismo se encuentra tumbado, se mantiene en una pieza con su robusta estructura\u00bb.<\/p>\n<p>Estas islas, junto con el l\u00edmite Este de la Ant\u00e1rtida Argentina, fijado precisamente por la proyecci\u00f3n de ellas hacia el Sur, constituyen el extremo oriental del territorio argentino, y as\u00ed como se afirma que el centro del pa\u00eds est\u00e1 situado en la isla Grande de Tierra del Fuego al considerar el Polo Sur como el l\u00edmite austral, en realidad est\u00e1 situado en el Atl\u00e1ntico Sur, al sureste de las Islas Malvinas, al ser el meridiano 25\u02da Oeste el l\u00edmite oriental del territorio argentino.<\/p>\n","protected":false},"excerpt":{"rendered":"<p>Aunque la rendici\u00f3n no implicaba el desalojo y clausura de la base cient\u00edfica de las islas Sandwich del Sur, los brit\u00e1nicos, con un despliegue militar desproporcionado, invad\u00edan la estaci\u00f3n mientras los \u00a0argentinos quemaban informaci\u00f3n confidencial e inutilizaban algunos equipos. Luego de desalojarla, la dinamitar\u00edan.<\/p>\n","protected":false},"author":3,"featured_media":0,"comment_status":"closed","ping_status":"closed","sticky":false,"template":"","format":"standard","meta":{"footnotes":""},"categories":[24,26],"tags":[],"class_list":["post-70842","post","type-post","status-publish","format-standard","hentry","category-politica","category-sociedad"],"yoast_head":"<!-- This site is optimized with the Yoast SEO plugin v25.9 - https:\/\/yoast.com\/wordpress\/plugins\/seo\/ -->\n<title>Malvinas, la guerra que termin\u00f3 una semana despu\u00e9s y en las puertas de la Ant\u00e1rtida - Noticias Radio Reflejos<\/title>\n<meta name=\"robots\" content=\"index, follow, max-snippet:-1, max-image-preview:large, max-video-preview:-1\" \/>\n<link rel=\"canonical\" href=\"https:\/\/www.noticiasradioreflejos.com.ar\/2021\/malvinas-la-guerra-que-termino-una-semana-despues-y-en-las-puertas-de-la-antartida\/\" \/>\n<meta property=\"og:locale\" content=\"es_ES\" \/>\n<meta property=\"og:type\" content=\"article\" \/>\n<meta property=\"og:title\" content=\"Malvinas, la guerra que termin\u00f3 una semana despu\u00e9s y en las puertas de la Ant\u00e1rtida - Noticias Radio Reflejos\" \/>\n<meta property=\"og:description\" content=\"Aunque la rendici\u00f3n no implicaba el desalojo y clausura de la base cient\u00edfica de las islas Sandwich del Sur, los brit\u00e1nicos, con un despliegue militar desproporcionado, invad\u00edan la estaci\u00f3n mientras los \u00a0argentinos quemaban informaci\u00f3n confidencial e inutilizaban algunos equipos. Luego de desalojarla, la dinamitar\u00edan.\" \/>\n<meta property=\"og:url\" content=\"https:\/\/www.noticiasradioreflejos.com.ar\/2021\/malvinas-la-guerra-que-termino-una-semana-despues-y-en-las-puertas-de-la-antartida\/\" \/>\n<meta property=\"og:site_name\" content=\"Noticias Radio Reflejos\" \/>\n<meta property=\"article:published_time\" content=\"2022-04-20T12:04:01+00:00\" \/>\n<meta property=\"og:image\" content=\"https:\/\/www.telam.com.ar\/thumbs\/bluesteel\/advf\/imagenes\/2022\/04\/625f2d284f1c3_900.jpg\" \/>\n<meta name=\"author\" content=\"Arnaldo Botto\" \/>\n<meta name=\"twitter:card\" content=\"summary_large_image\" \/>\n<script type=\"application\/ld+json\" class=\"yoast-schema-graph\">{\"@context\":\"https:\/\/schema.org\",\"@graph\":[{\"@type\":\"WebPage\",\"@id\":\"https:\/\/www.noticiasradioreflejos.com.ar\/2021\/malvinas-la-guerra-que-termino-una-semana-despues-y-en-las-puertas-de-la-antartida\/\",\"url\":\"https:\/\/www.noticiasradioreflejos.com.ar\/2021\/malvinas-la-guerra-que-termino-una-semana-despues-y-en-las-puertas-de-la-antartida\/\",\"name\":\"Malvinas, la guerra que termin\u00f3 una semana despu\u00e9s y en las puertas de la Ant\u00e1rtida - Noticias Radio Reflejos\",\"isPartOf\":{\"@id\":\"https:\/\/www.noticiasradioreflejos.com.ar\/2021\/#website\"},\"primaryImageOfPage\":{\"@id\":\"https:\/\/www.noticiasradioreflejos.com.ar\/2021\/malvinas-la-guerra-que-termino-una-semana-despues-y-en-las-puertas-de-la-antartida\/#primaryimage\"},\"image\":{\"@id\":\"https:\/\/www.noticiasradioreflejos.com.ar\/2021\/malvinas-la-guerra-que-termino-una-semana-despues-y-en-las-puertas-de-la-antartida\/#primaryimage\"},\"thumbnailUrl\":\"https:\/\/www.telam.com.ar\/thumbs\/bluesteel\/advf\/imagenes\/2022\/04\/625f2d284f1c3_900.jpg\",\"datePublished\":\"2022-04-20T12:04:01+00:00\",\"author\":{\"@id\":\"https:\/\/www.noticiasradioreflejos.com.ar\/2021\/#\/schema\/person\/ad82545263dcc5ec0996818884fd5fb1\"},\"breadcrumb\":{\"@id\":\"https:\/\/www.noticiasradioreflejos.com.ar\/2021\/malvinas-la-guerra-que-termino-una-semana-despues-y-en-las-puertas-de-la-antartida\/#breadcrumb\"},\"inLanguage\":\"es\",\"potentialAction\":[{\"@type\":\"ReadAction\",\"target\":[\"https:\/\/www.noticiasradioreflejos.com.ar\/2021\/malvinas-la-guerra-que-termino-una-semana-despues-y-en-las-puertas-de-la-antartida\/\"]}]},{\"@type\":\"ImageObject\",\"inLanguage\":\"es\",\"@id\":\"https:\/\/www.noticiasradioreflejos.com.ar\/2021\/malvinas-la-guerra-que-termino-una-semana-despues-y-en-las-puertas-de-la-antartida\/#primaryimage\",\"url\":\"https:\/\/www.telam.com.ar\/thumbs\/bluesteel\/advf\/imagenes\/2022\/04\/625f2d284f1c3_900.jpg\",\"contentUrl\":\"https:\/\/www.telam.com.ar\/thumbs\/bluesteel\/advf\/imagenes\/2022\/04\/625f2d284f1c3_900.jpg\"},{\"@type\":\"BreadcrumbList\",\"@id\":\"https:\/\/www.noticiasradioreflejos.com.ar\/2021\/malvinas-la-guerra-que-termino-una-semana-despues-y-en-las-puertas-de-la-antartida\/#breadcrumb\",\"itemListElement\":[{\"@type\":\"ListItem\",\"position\":1,\"name\":\"Portada\",\"item\":\"https:\/\/www.noticiasradioreflejos.com.ar\/2021\/\"},{\"@type\":\"ListItem\",\"position\":2,\"name\":\"Malvinas, la guerra que termin\u00f3 una semana despu\u00e9s y en las puertas de la Ant\u00e1rtida\"}]},{\"@type\":\"WebSite\",\"@id\":\"https:\/\/www.noticiasradioreflejos.com.ar\/2021\/#website\",\"url\":\"https:\/\/www.noticiasradioreflejos.com.ar\/2021\/\",\"name\":\"Noticias Radio Reflejos\",\"description\":\"Las noticias de mi comarca\",\"potentialAction\":[{\"@type\":\"SearchAction\",\"target\":{\"@type\":\"EntryPoint\",\"urlTemplate\":\"https:\/\/www.noticiasradioreflejos.com.ar\/2021\/?s={search_term_string}\"},\"query-input\":{\"@type\":\"PropertyValueSpecification\",\"valueRequired\":true,\"valueName\":\"search_term_string\"}}],\"inLanguage\":\"es\"},{\"@type\":\"Person\",\"@id\":\"https:\/\/www.noticiasradioreflejos.com.ar\/2021\/#\/schema\/person\/ad82545263dcc5ec0996818884fd5fb1\",\"name\":\"Arnaldo Botto\",\"image\":{\"@type\":\"ImageObject\",\"inLanguage\":\"es\",\"@id\":\"https:\/\/www.noticiasradioreflejos.com.ar\/2021\/#\/schema\/person\/image\/\",\"url\":\"https:\/\/secure.gravatar.com\/avatar\/55cb5e37c1efa326397366e6974cb338056df65cb50e7d64d1cf314e87504837?s=96&d=mm&r=g\",\"contentUrl\":\"https:\/\/secure.gravatar.com\/avatar\/55cb5e37c1efa326397366e6974cb338056df65cb50e7d64d1cf314e87504837?s=96&d=mm&r=g\",\"caption\":\"Arnaldo Botto\"},\"url\":\"https:\/\/www.noticiasradioreflejos.com.ar\/2021\/author\/arnaldo\/\"}]}<\/script>\n<!-- \/ Yoast SEO plugin. -->","yoast_head_json":{"title":"Malvinas, la guerra que termin\u00f3 una semana despu\u00e9s y en las puertas de la Ant\u00e1rtida - Noticias Radio Reflejos","robots":{"index":"index","follow":"follow","max-snippet":"max-snippet:-1","max-image-preview":"max-image-preview:large","max-video-preview":"max-video-preview:-1"},"canonical":"https:\/\/www.noticiasradioreflejos.com.ar\/2021\/malvinas-la-guerra-que-termino-una-semana-despues-y-en-las-puertas-de-la-antartida\/","og_locale":"es_ES","og_type":"article","og_title":"Malvinas, la guerra que termin\u00f3 una semana despu\u00e9s y en las puertas de la Ant\u00e1rtida - Noticias Radio Reflejos","og_description":"Aunque la rendici\u00f3n no implicaba el desalojo y clausura de la base cient\u00edfica de las islas Sandwich del Sur, los brit\u00e1nicos, con un despliegue militar desproporcionado, invad\u00edan la estaci\u00f3n mientras los \u00a0argentinos quemaban informaci\u00f3n confidencial e inutilizaban algunos equipos. Luego de desalojarla, la dinamitar\u00edan.","og_url":"https:\/\/www.noticiasradioreflejos.com.ar\/2021\/malvinas-la-guerra-que-termino-una-semana-despues-y-en-las-puertas-de-la-antartida\/","og_site_name":"Noticias Radio Reflejos","article_published_time":"2022-04-20T12:04:01+00:00","og_image":[{"url":"https:\/\/www.telam.com.ar\/thumbs\/bluesteel\/advf\/imagenes\/2022\/04\/625f2d284f1c3_900.jpg","type":"","width":"","height":""}],"author":"Arnaldo Botto","twitter_card":"summary_large_image","schema":{"@context":"https:\/\/schema.org","@graph":[{"@type":"WebPage","@id":"https:\/\/www.noticiasradioreflejos.com.ar\/2021\/malvinas-la-guerra-que-termino-una-semana-despues-y-en-las-puertas-de-la-antartida\/","url":"https:\/\/www.noticiasradioreflejos.com.ar\/2021\/malvinas-la-guerra-que-termino-una-semana-despues-y-en-las-puertas-de-la-antartida\/","name":"Malvinas, la guerra que termin\u00f3 una semana despu\u00e9s y en las puertas de la Ant\u00e1rtida - Noticias Radio Reflejos","isPartOf":{"@id":"https:\/\/www.noticiasradioreflejos.com.ar\/2021\/#website"},"primaryImageOfPage":{"@id":"https:\/\/www.noticiasradioreflejos.com.ar\/2021\/malvinas-la-guerra-que-termino-una-semana-despues-y-en-las-puertas-de-la-antartida\/#primaryimage"},"image":{"@id":"https:\/\/www.noticiasradioreflejos.com.ar\/2021\/malvinas-la-guerra-que-termino-una-semana-despues-y-en-las-puertas-de-la-antartida\/#primaryimage"},"thumbnailUrl":"https:\/\/www.telam.com.ar\/thumbs\/bluesteel\/advf\/imagenes\/2022\/04\/625f2d284f1c3_900.jpg","datePublished":"2022-04-20T12:04:01+00:00","author":{"@id":"https:\/\/www.noticiasradioreflejos.com.ar\/2021\/#\/schema\/person\/ad82545263dcc5ec0996818884fd5fb1"},"breadcrumb":{"@id":"https:\/\/www.noticiasradioreflejos.com.ar\/2021\/malvinas-la-guerra-que-termino-una-semana-despues-y-en-las-puertas-de-la-antartida\/#breadcrumb"},"inLanguage":"es","potentialAction":[{"@type":"ReadAction","target":["https:\/\/www.noticiasradioreflejos.com.ar\/2021\/malvinas-la-guerra-que-termino-una-semana-despues-y-en-las-puertas-de-la-antartida\/"]}]},{"@type":"ImageObject","inLanguage":"es","@id":"https:\/\/www.noticiasradioreflejos.com.ar\/2021\/malvinas-la-guerra-que-termino-una-semana-despues-y-en-las-puertas-de-la-antartida\/#primaryimage","url":"https:\/\/www.telam.com.ar\/thumbs\/bluesteel\/advf\/imagenes\/2022\/04\/625f2d284f1c3_900.jpg","contentUrl":"https:\/\/www.telam.com.ar\/thumbs\/bluesteel\/advf\/imagenes\/2022\/04\/625f2d284f1c3_900.jpg"},{"@type":"BreadcrumbList","@id":"https:\/\/www.noticiasradioreflejos.com.ar\/2021\/malvinas-la-guerra-que-termino-una-semana-despues-y-en-las-puertas-de-la-antartida\/#breadcrumb","itemListElement":[{"@type":"ListItem","position":1,"name":"Portada","item":"https:\/\/www.noticiasradioreflejos.com.ar\/2021\/"},{"@type":"ListItem","position":2,"name":"Malvinas, la guerra que termin\u00f3 una semana despu\u00e9s y en las puertas de la Ant\u00e1rtida"}]},{"@type":"WebSite","@id":"https:\/\/www.noticiasradioreflejos.com.ar\/2021\/#website","url":"https:\/\/www.noticiasradioreflejos.com.ar\/2021\/","name":"Noticias Radio Reflejos","description":"Las noticias de mi comarca","potentialAction":[{"@type":"SearchAction","target":{"@type":"EntryPoint","urlTemplate":"https:\/\/www.noticiasradioreflejos.com.ar\/2021\/?s={search_term_string}"},"query-input":{"@type":"PropertyValueSpecification","valueRequired":true,"valueName":"search_term_string"}}],"inLanguage":"es"},{"@type":"Person","@id":"https:\/\/www.noticiasradioreflejos.com.ar\/2021\/#\/schema\/person\/ad82545263dcc5ec0996818884fd5fb1","name":"Arnaldo Botto","image":{"@type":"ImageObject","inLanguage":"es","@id":"https:\/\/www.noticiasradioreflejos.com.ar\/2021\/#\/schema\/person\/image\/","url":"https:\/\/secure.gravatar.com\/avatar\/55cb5e37c1efa326397366e6974cb338056df65cb50e7d64d1cf314e87504837?s=96&d=mm&r=g","contentUrl":"https:\/\/secure.gravatar.com\/avatar\/55cb5e37c1efa326397366e6974cb338056df65cb50e7d64d1cf314e87504837?s=96&d=mm&r=g","caption":"Arnaldo Botto"},"url":"https:\/\/www.noticiasradioreflejos.com.ar\/2021\/author\/arnaldo\/"}]}},"_links":{"self":[{"href":"https:\/\/www.noticiasradioreflejos.com.ar\/2021\/wp-json\/wp\/v2\/posts\/70842","targetHints":{"allow":["GET"]}}],"collection":[{"href":"https:\/\/www.noticiasradioreflejos.com.ar\/2021\/wp-json\/wp\/v2\/posts"}],"about":[{"href":"https:\/\/www.noticiasradioreflejos.com.ar\/2021\/wp-json\/wp\/v2\/types\/post"}],"author":[{"embeddable":true,"href":"https:\/\/www.noticiasradioreflejos.com.ar\/2021\/wp-json\/wp\/v2\/users\/3"}],"replies":[{"embeddable":true,"href":"https:\/\/www.noticiasradioreflejos.com.ar\/2021\/wp-json\/wp\/v2\/comments?post=70842"}],"version-history":[{"count":1,"href":"https:\/\/www.noticiasradioreflejos.com.ar\/2021\/wp-json\/wp\/v2\/posts\/70842\/revisions"}],"predecessor-version":[{"id":70844,"href":"https:\/\/www.noticiasradioreflejos.com.ar\/2021\/wp-json\/wp\/v2\/posts\/70842\/revisions\/70844"}],"wp:attachment":[{"href":"https:\/\/www.noticiasradioreflejos.com.ar\/2021\/wp-json\/wp\/v2\/media?parent=70842"}],"wp:term":[{"taxonomy":"category","embeddable":true,"href":"https:\/\/www.noticiasradioreflejos.com.ar\/2021\/wp-json\/wp\/v2\/categories?post=70842"},{"taxonomy":"post_tag","embeddable":true,"href":"https:\/\/www.noticiasradioreflejos.com.ar\/2021\/wp-json\/wp\/v2\/tags?post=70842"}],"curies":[{"name":"wp","href":"https:\/\/api.w.org\/{rel}","templated":true}]}}