{"id":70837,"date":"2022-04-20T11:57:03","date_gmt":"2022-04-20T11:57:03","guid":{"rendered":"http:\/\/www.noticiasradioreflejos.com.ar\/2021\/?p=70837"},"modified":"2022-04-20T11:57:03","modified_gmt":"2022-04-20T11:57:03","slug":"el-parlasur-tratara-la-expulsion-de-rodriguez-simon","status":"publish","type":"post","link":"https:\/\/www.noticiasradioreflejos.com.ar\/2021\/el-parlasur-tratara-la-expulsion-de-rodriguez-simon\/","title":{"rendered":"El Parlasur tratar\u00e1 la expulsi\u00f3n de Rodr\u00edguez Sim\u00f3n"},"content":{"rendered":"<p>La Comisi\u00f3n de Presupuesto y Asuntos Internos del organismo debe abordar el tema en una reuni\u00f3n prevista de manera virtual. Para lograr el quorum debe conectarse al menos un parlamentario de cada pa\u00eds.<!--more--><\/p>\n<figure class=\"mb-3\">\n<div class=\"media-icons\"><\/div><figcaption>a eventual expulsi\u00f3n de Rodr\u00edguez Sim\u00f3n del Parlasur cuenta con el aval de al menos seis de los diez miembros de la comisi\u00f3n.<\/figcaption><\/figure>\n<p>La\u00a0<strong>Comisi\u00f3n de Presupuesto y Asuntos Internos del Parlamento del Mercosur<\/strong>\u00a0buscar\u00e1 este mi\u00e9rcoles avanzar con el\u00a0<strong>tratamiento de la expulsi\u00f3n<\/strong>\u00a0de ese cuerpo del parlamentario\u00a0<strong>Fabi\u00e1n \u00abPep\u00edn\u00bb Rodr\u00edguez Sim\u00f3n<\/strong>, quien fuera\u00a0<strong>declarado en rebeld\u00eda por la justicia argentina<\/strong>\u00a0tras no presentarse a prestar declaraci\u00f3n indagatoria en una causa en la que se lo acusa por supuesta\u00a0<strong>extorsi\u00f3n<\/strong>.<\/p>\n<p>La reuni\u00f3n de comisi\u00f3n est\u00e1 convocada para las 8.30 y se llevar\u00e1 a cabo de manera virtual, de modo que habr\u00e1 quorum si a la hora se\u00f1alada se conectan al menos un parlamentario de cada pa\u00eds miembro del Parlasur, seg\u00fan explicaron fuentes de ese organismo que recordaron que los \u00faltimos dos intentos naufragaron porque los parlamentarios de Brasil no se presentaron.<\/p>\n<blockquote class=\"\"><p>Para disponer la expulsi\u00f3n de uno de sus miembros, el Parlamento del Mercosur debe reunir 77 votos, las dos terceras partes de sus miembros<\/p><\/blockquote>\n<p><strong>La eventual expulsi\u00f3n<\/strong>\u00a0de \u00abPep\u00edn\u00bb del parlamento sudamericano cuenta con el\u00a0<strong>aval de, al menos, seis de los diez miembros de la comisi\u00f3n<\/strong>\u00a0por lo que las fuentes consultadas por esta agencia estimaron que si se logra el qu\u00f3rum no habr\u00e1 mayor dificultad para que sea firmado el dictamen de mayor\u00eda en esa direcci\u00f3n.<\/p>\n<figure class=\"mb-3\"><img decoding=\"async\" src=\"https:\/\/www.telam.com.ar\/thumbs\/bluesteel\/advf\/imagenes\/2021\/05\/60a39dbdb42e4_900.jpg\" alt=\"Rodrguez Simn fue declarado en rebelda tras no presentarse en una causa en la que se lo acusa por extorsin\" width=\"100%\" height=\"100%\" \/><\/p>\n<div class=\"media-icons\"><\/div><figcaption>Rodr\u00edguez Sim\u00f3n fue declarado en rebeld\u00eda tras no presentarse en una causa en la que se lo acusa por extorsi\u00f3n.<\/figcaption><\/figure>\n<p>El dictamen impulsado por el oficialismo argentino sostiene que Rodr\u00edguez Sim\u00f3n deber\u00eda perder su mandato como parlamentario del Mercosur porque incurri\u00f3\u00a0<strong>\u00abgraves actos de falta de decoro\u00bb<\/strong>, al haber sido declarado en rebeld\u00eda por parte de la jueza Mar\u00eda Romilda Servini, quien lo convoc\u00f3 a indagatoria en la causa en la que se investigan la supuesta extorsi\u00f3n a los due\u00f1os del Grupo Indalo.<\/p>\n<blockquote class=\"\"><p>En caso de que la Comisi\u00f3n de Presupuesto y Asuntos Internos del Parlasur logre sesionar\u00a0 este mi\u00e9rcoles, se prev\u00e9 que ser\u00e1n firmados los dict\u00e1menes de mayor\u00eda y de minor\u00eda que luego ser\u00e1n remitidos a la mesa directiva para luego ser tratado en una sesi\u00f3n plenaria<\/p><\/blockquote>\n<p>\u00abEl Pleno del Parlamento del Mercosur no es ni juez ni parte para meritar los hechos il\u00edcitos que se le endilgan al Sr. Rodr\u00edguez Sim\u00f3n, sin embargo, tiene el deber de velar por una conducta decorosa de sus miembros\u00bb, sostiene el dictamen, seg\u00fan le adelantaron a T\u00e9lam fuentes parlamentarias que explicaron que lo que se le reclama es no haberse presentado en la causa en la que fue requerido.<\/p>\n<p>El dictamen que promueve la destituci\u00f3n de Rodr\u00edguez Sim\u00f3n fue alcanzado luego de que se activaran los mecanismos necesarios dentro del Parlasur, es decir que se reuniera la prueba y que el propio \u00abPep\u00edn\u00bb ofreciera un descargo en el que sostuvo que es v\u00edctima de una persecuci\u00f3n.<\/p>\n<p>En caso de que la Comisi\u00f3n de Presupuesto y Asuntos Internos del Parlasur logre sesionar hoy, se prev\u00e9 que ser\u00e1n firmados los dict\u00e1menes de mayor\u00eda y de minor\u00eda que luego ser\u00e1n remitidos a la mesa directiva para luego ser tratado en una sesi\u00f3n plenaria.<\/p>\n<p>Para disponer la expulsi\u00f3n de uno de sus miembros, el Parlamento del Mercosur debe reunir 77 votos, las dos terceras partes de sus miembros.<\/p>\n","protected":false},"excerpt":{"rendered":"<p>La Comisi\u00f3n de Presupuesto y Asuntos Internos del organismo debe abordar el tema en una reuni\u00f3n prevista de manera virtual. Para lograr el quorum debe conectarse al menos un parlamentario de cada pa\u00eds.<\/p>\n","protected":false},"author":3,"featured_media":0,"comment_status":"closed","ping_status":"closed","sticky":false,"template":"","format":"standard","meta":{"footnotes":""},"categories":[57,24],"tags":[],"class_list":["post-70837","post","type-post","status-publish","format-standard","hentry","category-judiciales","category-politica"],"yoast_head":"<!-- This site is optimized with the Yoast SEO plugin v25.9 - https:\/\/yoast.com\/wordpress\/plugins\/seo\/ -->\n<title>El Parlasur tratar\u00e1 la expulsi\u00f3n de Rodr\u00edguez Sim\u00f3n - Noticias Radio Reflejos<\/title>\n<meta name=\"robots\" content=\"index, follow, max-snippet:-1, max-image-preview:large, max-video-preview:-1\" \/>\n<link rel=\"canonical\" href=\"https:\/\/www.noticiasradioreflejos.com.ar\/2021\/el-parlasur-tratara-la-expulsion-de-rodriguez-simon\/\" \/>\n<meta property=\"og:locale\" content=\"es_ES\" \/>\n<meta property=\"og:type\" content=\"article\" \/>\n<meta property=\"og:title\" content=\"El Parlasur tratar\u00e1 la expulsi\u00f3n de Rodr\u00edguez Sim\u00f3n - Noticias Radio Reflejos\" \/>\n<meta property=\"og:description\" content=\"La Comisi\u00f3n de Presupuesto y Asuntos Internos del organismo debe abordar el tema en una reuni\u00f3n prevista de manera virtual. Para lograr el quorum debe conectarse al menos un parlamentario de cada pa\u00eds.\" \/>\n<meta property=\"og:url\" content=\"https:\/\/www.noticiasradioreflejos.com.ar\/2021\/el-parlasur-tratara-la-expulsion-de-rodriguez-simon\/\" \/>\n<meta property=\"og:site_name\" content=\"Noticias Radio Reflejos\" \/>\n<meta property=\"article:published_time\" content=\"2022-04-20T11:57:03+00:00\" \/>\n<meta property=\"og:image\" content=\"https:\/\/www.telam.com.ar\/thumbs\/bluesteel\/advf\/imagenes\/2021\/05\/60a39dbdb42e4_900.jpg\" \/>\n<meta name=\"author\" content=\"Arnaldo Botto\" \/>\n<meta name=\"twitter:card\" content=\"summary_large_image\" \/>\n<script type=\"application\/ld+json\" class=\"yoast-schema-graph\">{\"@context\":\"https:\/\/schema.org\",\"@graph\":[{\"@type\":\"WebPage\",\"@id\":\"https:\/\/www.noticiasradioreflejos.com.ar\/2021\/el-parlasur-tratara-la-expulsion-de-rodriguez-simon\/\",\"url\":\"https:\/\/www.noticiasradioreflejos.com.ar\/2021\/el-parlasur-tratara-la-expulsion-de-rodriguez-simon\/\",\"name\":\"El Parlasur tratar\u00e1 la expulsi\u00f3n de Rodr\u00edguez Sim\u00f3n - Noticias Radio Reflejos\",\"isPartOf\":{\"@id\":\"https:\/\/www.noticiasradioreflejos.com.ar\/2021\/#website\"},\"primaryImageOfPage\":{\"@id\":\"https:\/\/www.noticiasradioreflejos.com.ar\/2021\/el-parlasur-tratara-la-expulsion-de-rodriguez-simon\/#primaryimage\"},\"image\":{\"@id\":\"https:\/\/www.noticiasradioreflejos.com.ar\/2021\/el-parlasur-tratara-la-expulsion-de-rodriguez-simon\/#primaryimage\"},\"thumbnailUrl\":\"https:\/\/www.telam.com.ar\/thumbs\/bluesteel\/advf\/imagenes\/2021\/05\/60a39dbdb42e4_900.jpg\",\"datePublished\":\"2022-04-20T11:57:03+00:00\",\"author\":{\"@id\":\"https:\/\/www.noticiasradioreflejos.com.ar\/2021\/#\/schema\/person\/ad82545263dcc5ec0996818884fd5fb1\"},\"breadcrumb\":{\"@id\":\"https:\/\/www.noticiasradioreflejos.com.ar\/2021\/el-parlasur-tratara-la-expulsion-de-rodriguez-simon\/#breadcrumb\"},\"inLanguage\":\"es\",\"potentialAction\":[{\"@type\":\"ReadAction\",\"target\":[\"https:\/\/www.noticiasradioreflejos.com.ar\/2021\/el-parlasur-tratara-la-expulsion-de-rodriguez-simon\/\"]}]},{\"@type\":\"ImageObject\",\"inLanguage\":\"es\",\"@id\":\"https:\/\/www.noticiasradioreflejos.com.ar\/2021\/el-parlasur-tratara-la-expulsion-de-rodriguez-simon\/#primaryimage\",\"url\":\"https:\/\/www.telam.com.ar\/thumbs\/bluesteel\/advf\/imagenes\/2021\/05\/60a39dbdb42e4_900.jpg\",\"contentUrl\":\"https:\/\/www.telam.com.ar\/thumbs\/bluesteel\/advf\/imagenes\/2021\/05\/60a39dbdb42e4_900.jpg\"},{\"@type\":\"BreadcrumbList\",\"@id\":\"https:\/\/www.noticiasradioreflejos.com.ar\/2021\/el-parlasur-tratara-la-expulsion-de-rodriguez-simon\/#breadcrumb\",\"itemListElement\":[{\"@type\":\"ListItem\",\"position\":1,\"name\":\"Portada\",\"item\":\"https:\/\/www.noticiasradioreflejos.com.ar\/2021\/\"},{\"@type\":\"ListItem\",\"position\":2,\"name\":\"El Parlasur tratar\u00e1 la expulsi\u00f3n de Rodr\u00edguez Sim\u00f3n\"}]},{\"@type\":\"WebSite\",\"@id\":\"https:\/\/www.noticiasradioreflejos.com.ar\/2021\/#website\",\"url\":\"https:\/\/www.noticiasradioreflejos.com.ar\/2021\/\",\"name\":\"Noticias Radio Reflejos\",\"description\":\"Las noticias de mi comarca\",\"potentialAction\":[{\"@type\":\"SearchAction\",\"target\":{\"@type\":\"EntryPoint\",\"urlTemplate\":\"https:\/\/www.noticiasradioreflejos.com.ar\/2021\/?s={search_term_string}\"},\"query-input\":{\"@type\":\"PropertyValueSpecification\",\"valueRequired\":true,\"valueName\":\"search_term_string\"}}],\"inLanguage\":\"es\"},{\"@type\":\"Person\",\"@id\":\"https:\/\/www.noticiasradioreflejos.com.ar\/2021\/#\/schema\/person\/ad82545263dcc5ec0996818884fd5fb1\",\"name\":\"Arnaldo Botto\",\"image\":{\"@type\":\"ImageObject\",\"inLanguage\":\"es\",\"@id\":\"https:\/\/www.noticiasradioreflejos.com.ar\/2021\/#\/schema\/person\/image\/\",\"url\":\"https:\/\/secure.gravatar.com\/avatar\/55cb5e37c1efa326397366e6974cb338056df65cb50e7d64d1cf314e87504837?s=96&d=mm&r=g\",\"contentUrl\":\"https:\/\/secure.gravatar.com\/avatar\/55cb5e37c1efa326397366e6974cb338056df65cb50e7d64d1cf314e87504837?s=96&d=mm&r=g\",\"caption\":\"Arnaldo Botto\"},\"url\":\"https:\/\/www.noticiasradioreflejos.com.ar\/2021\/author\/arnaldo\/\"}]}<\/script>\n<!-- \/ Yoast SEO plugin. -->","yoast_head_json":{"title":"El Parlasur tratar\u00e1 la expulsi\u00f3n de Rodr\u00edguez Sim\u00f3n - Noticias Radio Reflejos","robots":{"index":"index","follow":"follow","max-snippet":"max-snippet:-1","max-image-preview":"max-image-preview:large","max-video-preview":"max-video-preview:-1"},"canonical":"https:\/\/www.noticiasradioreflejos.com.ar\/2021\/el-parlasur-tratara-la-expulsion-de-rodriguez-simon\/","og_locale":"es_ES","og_type":"article","og_title":"El Parlasur tratar\u00e1 la expulsi\u00f3n de Rodr\u00edguez Sim\u00f3n - Noticias Radio Reflejos","og_description":"La Comisi\u00f3n de Presupuesto y Asuntos Internos del organismo debe abordar el tema en una reuni\u00f3n prevista de manera virtual. Para lograr el quorum debe conectarse al menos un parlamentario de cada pa\u00eds.","og_url":"https:\/\/www.noticiasradioreflejos.com.ar\/2021\/el-parlasur-tratara-la-expulsion-de-rodriguez-simon\/","og_site_name":"Noticias Radio Reflejos","article_published_time":"2022-04-20T11:57:03+00:00","og_image":[{"url":"https:\/\/www.telam.com.ar\/thumbs\/bluesteel\/advf\/imagenes\/2021\/05\/60a39dbdb42e4_900.jpg","type":"","width":"","height":""}],"author":"Arnaldo Botto","twitter_card":"summary_large_image","schema":{"@context":"https:\/\/schema.org","@graph":[{"@type":"WebPage","@id":"https:\/\/www.noticiasradioreflejos.com.ar\/2021\/el-parlasur-tratara-la-expulsion-de-rodriguez-simon\/","url":"https:\/\/www.noticiasradioreflejos.com.ar\/2021\/el-parlasur-tratara-la-expulsion-de-rodriguez-simon\/","name":"El Parlasur tratar\u00e1 la expulsi\u00f3n de Rodr\u00edguez Sim\u00f3n - Noticias Radio Reflejos","isPartOf":{"@id":"https:\/\/www.noticiasradioreflejos.com.ar\/2021\/#website"},"primaryImageOfPage":{"@id":"https:\/\/www.noticiasradioreflejos.com.ar\/2021\/el-parlasur-tratara-la-expulsion-de-rodriguez-simon\/#primaryimage"},"image":{"@id":"https:\/\/www.noticiasradioreflejos.com.ar\/2021\/el-parlasur-tratara-la-expulsion-de-rodriguez-simon\/#primaryimage"},"thumbnailUrl":"https:\/\/www.telam.com.ar\/thumbs\/bluesteel\/advf\/imagenes\/2021\/05\/60a39dbdb42e4_900.jpg","datePublished":"2022-04-20T11:57:03+00:00","author":{"@id":"https:\/\/www.noticiasradioreflejos.com.ar\/2021\/#\/schema\/person\/ad82545263dcc5ec0996818884fd5fb1"},"breadcrumb":{"@id":"https:\/\/www.noticiasradioreflejos.com.ar\/2021\/el-parlasur-tratara-la-expulsion-de-rodriguez-simon\/#breadcrumb"},"inLanguage":"es","potentialAction":[{"@type":"ReadAction","target":["https:\/\/www.noticiasradioreflejos.com.ar\/2021\/el-parlasur-tratara-la-expulsion-de-rodriguez-simon\/"]}]},{"@type":"ImageObject","inLanguage":"es","@id":"https:\/\/www.noticiasradioreflejos.com.ar\/2021\/el-parlasur-tratara-la-expulsion-de-rodriguez-simon\/#primaryimage","url":"https:\/\/www.telam.com.ar\/thumbs\/bluesteel\/advf\/imagenes\/2021\/05\/60a39dbdb42e4_900.jpg","contentUrl":"https:\/\/www.telam.com.ar\/thumbs\/bluesteel\/advf\/imagenes\/2021\/05\/60a39dbdb42e4_900.jpg"},{"@type":"BreadcrumbList","@id":"https:\/\/www.noticiasradioreflejos.com.ar\/2021\/el-parlasur-tratara-la-expulsion-de-rodriguez-simon\/#breadcrumb","itemListElement":[{"@type":"ListItem","position":1,"name":"Portada","item":"https:\/\/www.noticiasradioreflejos.com.ar\/2021\/"},{"@type":"ListItem","position":2,"name":"El Parlasur tratar\u00e1 la expulsi\u00f3n de Rodr\u00edguez Sim\u00f3n"}]},{"@type":"WebSite","@id":"https:\/\/www.noticiasradioreflejos.com.ar\/2021\/#website","url":"https:\/\/www.noticiasradioreflejos.com.ar\/2021\/","name":"Noticias Radio Reflejos","description":"Las noticias de mi comarca","potentialAction":[{"@type":"SearchAction","target":{"@type":"EntryPoint","urlTemplate":"https:\/\/www.noticiasradioreflejos.com.ar\/2021\/?s={search_term_string}"},"query-input":{"@type":"PropertyValueSpecification","valueRequired":true,"valueName":"search_term_string"}}],"inLanguage":"es"},{"@type":"Person","@id":"https:\/\/www.noticiasradioreflejos.com.ar\/2021\/#\/schema\/person\/ad82545263dcc5ec0996818884fd5fb1","name":"Arnaldo Botto","image":{"@type":"ImageObject","inLanguage":"es","@id":"https:\/\/www.noticiasradioreflejos.com.ar\/2021\/#\/schema\/person\/image\/","url":"https:\/\/secure.gravatar.com\/avatar\/55cb5e37c1efa326397366e6974cb338056df65cb50e7d64d1cf314e87504837?s=96&d=mm&r=g","contentUrl":"https:\/\/secure.gravatar.com\/avatar\/55cb5e37c1efa326397366e6974cb338056df65cb50e7d64d1cf314e87504837?s=96&d=mm&r=g","caption":"Arnaldo Botto"},"url":"https:\/\/www.noticiasradioreflejos.com.ar\/2021\/author\/arnaldo\/"}]}},"_links":{"self":[{"href":"https:\/\/www.noticiasradioreflejos.com.ar\/2021\/wp-json\/wp\/v2\/posts\/70837","targetHints":{"allow":["GET"]}}],"collection":[{"href":"https:\/\/www.noticiasradioreflejos.com.ar\/2021\/wp-json\/wp\/v2\/posts"}],"about":[{"href":"https:\/\/www.noticiasradioreflejos.com.ar\/2021\/wp-json\/wp\/v2\/types\/post"}],"author":[{"embeddable":true,"href":"https:\/\/www.noticiasradioreflejos.com.ar\/2021\/wp-json\/wp\/v2\/users\/3"}],"replies":[{"embeddable":true,"href":"https:\/\/www.noticiasradioreflejos.com.ar\/2021\/wp-json\/wp\/v2\/comments?post=70837"}],"version-history":[{"count":1,"href":"https:\/\/www.noticiasradioreflejos.com.ar\/2021\/wp-json\/wp\/v2\/posts\/70837\/revisions"}],"predecessor-version":[{"id":70839,"href":"https:\/\/www.noticiasradioreflejos.com.ar\/2021\/wp-json\/wp\/v2\/posts\/70837\/revisions\/70839"}],"wp:attachment":[{"href":"https:\/\/www.noticiasradioreflejos.com.ar\/2021\/wp-json\/wp\/v2\/media?parent=70837"}],"wp:term":[{"taxonomy":"category","embeddable":true,"href":"https:\/\/www.noticiasradioreflejos.com.ar\/2021\/wp-json\/wp\/v2\/categories?post=70837"},{"taxonomy":"post_tag","embeddable":true,"href":"https:\/\/www.noticiasradioreflejos.com.ar\/2021\/wp-json\/wp\/v2\/tags?post=70837"}],"curies":[{"name":"wp","href":"https:\/\/api.w.org\/{rel}","templated":true}]}}