{"id":70835,"date":"2022-04-20T11:54:32","date_gmt":"2022-04-20T11:54:32","guid":{"rendered":"http:\/\/www.noticiasradioreflejos.com.ar\/2021\/?p=70835"},"modified":"2022-04-20T11:54:32","modified_gmt":"2022-04-20T11:54:32","slug":"refuerzo-de-ingresos-para-un-crecimiento-con-inclusion","status":"publish","type":"post","link":"https:\/\/www.noticiasradioreflejos.com.ar\/2021\/refuerzo-de-ingresos-para-un-crecimiento-con-inclusion\/","title":{"rendered":"Refuerzo de ingresos para un crecimiento con inclusi\u00f3n"},"content":{"rendered":"<p style=\"font-weight: 400;\">Para sostener el poder adquisitivo de las argentinas y argentinos y garantizar que el crecimiento del pa\u00eds llegue a todas y todos, el Presidente de la Naci\u00f3n anunci\u00f3 un REFUERZO DE INGRESOS para trabajadoras y trabajadores informales y de casas particulares, monotributistas sociales y de las categor\u00edas A y B y jubilados y pensionados.<!--more--><\/p>\n<p style=\"font-weight: 400;\"><strong>HAY DOS TIPOS DE REFUERZO DE INGRESOS<\/strong><\/p>\n<p style=\"font-weight: 400;\"><strong>REFUERZO 1 &#8211; Refuerzo de Ingresos de 12 mil pesos en un solo pago a cobrarse en el mes de mayo en forma autom\u00e1tica<\/strong><\/p>\n<p style=\"font-weight: 400;\">Este refuerzo es para jubilados y pensionados que perciben hasta dos haberes m\u00ednimos. Incluye a jubilados y jubiladas del SIPA, Pensiones No Contributivas (PNC) y Pensi\u00f3n Universal para el Adulto Mayor (PUAM).<\/p>\n<p style=\"font-weight: 400;\"><strong>Las y los jubilados y pensionados no deber\u00e1n realizar ninguna inscripci\u00f3n.<\/strong>\u00a0Percibir\u00e1n el refuerzo de 12 mil pesos en forma autom\u00e1tica junto con su haber en el cronograma de pagos de mayo y sin la necesidad de realizar ning\u00fan tipo de tr\u00e1mite.<\/p>\n<p style=\"font-weight: 400;\"><strong>REFUERZO 2 &#8211; Refuerzo de Ingresos de 18 mil pesos (Se pagar\u00e1n 9 mil en mayo y 9 mil pesos en junio). Podr\u00e1n solicitarlo:<\/strong><\/p>\n<p style=\"font-weight: 400;\">&#8211; Trabajadoras y trabajadores sin ingresos formales<\/p>\n<p style=\"font-weight: 400;\">&#8211; Monotributistas A y B<\/p>\n<p style=\"font-weight: 400;\">&#8211; Monotributistas sociales<\/p>\n<p style=\"font-weight: 400;\">&#8211; Trabajadoras y trabajadores de casas particulares<\/p>\n<p style=\"font-weight: 400;\">\n<p style=\"font-weight: 400;\">En este caso,\u00a0<strong>todas y todos los trabajadores sin ingresos formales que se encuentran en condiciones de solicitar el refuerzo de 18 mil pesos deber\u00e1n inscribirse<\/strong>\u00a0\u00fanicamente a trav\u00e9s de la p\u00e1gina web de ANSES.<\/p>\n<p style=\"font-weight: 400;\"><strong>COMPATIBILIDADES E INCOMPATIBILIDADES<\/strong><\/p>\n<p style=\"font-weight: 400;\">El cobro del refuerzo de ingresos es compatible con la Asignaci\u00f3n Universal por Hijo, la Asignaci\u00f3n por Embarazo para Protecci\u00f3n social, la Prestaci\u00f3n por Desempleo, con Potenciar Trabajo, con estar inscripto en el Registro Nacional de trabajadores de la Econom\u00eda Popular y con los planes alimentarios provinciales y municipales.<\/p>\n<p style=\"font-weight: 400;\">Por otra parte, con el objetivo de que el refuerzo de ingresos llegue efectivamente a las ciudadanas y ciudadanos para los cuales se implement\u00f3 esta medida, ANSES evaluar\u00e1 la situaci\u00f3n patrimonial, socioecon\u00f3mica y de consumo de las y los solicitantes.<\/p>\n<p style=\"font-weight: 400;\"><strong>IMPORTANTE<\/strong><\/p>\n<p style=\"font-weight: 400;\">Con el objetivo de prevenir posibles estafas, recordamos que la inscripci\u00f3n ser\u00e1 individual, no requiere de ning\u00fan tipo de intermediario y se realizar\u00e1 \u00fanicamente a trav\u00e9s de la p\u00e1gina oficial de ANSES.<\/p>\n<p style=\"font-weight: 400;\">\u00a0La fecha de inicio de inscripci\u00f3n ser\u00e1 informada por los canales oficiales del organismo en las pr\u00f3ximas horas.<\/p>\n","protected":false},"excerpt":{"rendered":"<p>Para sostener el poder adquisitivo de las argentinas y argentinos y garantizar que el crecimiento del pa\u00eds llegue a todas y todos, el Presidente de la Naci\u00f3n anunci\u00f3 un REFUERZO DE INGRESOS para trabajadoras y trabajadores informales y de casas particulares, monotributistas sociales y de las categor\u00edas A y B y jubilados y pensionados.<\/p>\n","protected":false},"author":3,"featured_media":0,"comment_status":"closed","ping_status":"closed","sticky":false,"template":"","format":"standard","meta":{"footnotes":""},"categories":[24,26],"tags":[],"class_list":["post-70835","post","type-post","status-publish","format-standard","hentry","category-politica","category-sociedad"],"yoast_head":"<!-- This site is optimized with the Yoast SEO plugin v25.9 - https:\/\/yoast.com\/wordpress\/plugins\/seo\/ -->\n<title>Refuerzo de ingresos para un crecimiento con inclusi\u00f3n - Noticias Radio Reflejos<\/title>\n<meta name=\"robots\" content=\"index, follow, max-snippet:-1, max-image-preview:large, max-video-preview:-1\" \/>\n<link rel=\"canonical\" href=\"https:\/\/www.noticiasradioreflejos.com.ar\/2021\/refuerzo-de-ingresos-para-un-crecimiento-con-inclusion\/\" \/>\n<meta property=\"og:locale\" content=\"es_ES\" \/>\n<meta property=\"og:type\" content=\"article\" \/>\n<meta property=\"og:title\" content=\"Refuerzo de ingresos para un crecimiento con inclusi\u00f3n - Noticias Radio Reflejos\" \/>\n<meta property=\"og:description\" content=\"Para sostener el poder adquisitivo de las argentinas y argentinos y garantizar que el crecimiento del pa\u00eds llegue a todas y todos, el Presidente de la Naci\u00f3n anunci\u00f3 un REFUERZO DE INGRESOS para trabajadoras y trabajadores informales y de casas particulares, monotributistas sociales y de las categor\u00edas A y B y jubilados y pensionados.\" \/>\n<meta property=\"og:url\" content=\"https:\/\/www.noticiasradioreflejos.com.ar\/2021\/refuerzo-de-ingresos-para-un-crecimiento-con-inclusion\/\" \/>\n<meta property=\"og:site_name\" content=\"Noticias Radio Reflejos\" \/>\n<meta property=\"article:published_time\" content=\"2022-04-20T11:54:32+00:00\" \/>\n<meta property=\"og:image\" content=\"https:\/\/www.noticiasradioreflejos.com.ar\/2021\/wp-content\/uploads\/2021\/07\/logosol300x200.png\" \/>\n\t<meta property=\"og:image:width\" content=\"300\" \/>\n\t<meta property=\"og:image:height\" content=\"200\" \/>\n\t<meta property=\"og:image:type\" content=\"image\/png\" \/>\n<meta name=\"author\" content=\"Arnaldo Botto\" \/>\n<meta name=\"twitter:card\" content=\"summary_large_image\" \/>\n<script type=\"application\/ld+json\" class=\"yoast-schema-graph\">{\"@context\":\"https:\/\/schema.org\",\"@graph\":[{\"@type\":\"WebPage\",\"@id\":\"https:\/\/www.noticiasradioreflejos.com.ar\/2021\/refuerzo-de-ingresos-para-un-crecimiento-con-inclusion\/\",\"url\":\"https:\/\/www.noticiasradioreflejos.com.ar\/2021\/refuerzo-de-ingresos-para-un-crecimiento-con-inclusion\/\",\"name\":\"Refuerzo de ingresos para un crecimiento con inclusi\u00f3n - Noticias Radio Reflejos\",\"isPartOf\":{\"@id\":\"https:\/\/www.noticiasradioreflejos.com.ar\/2021\/#website\"},\"datePublished\":\"2022-04-20T11:54:32+00:00\",\"author\":{\"@id\":\"https:\/\/www.noticiasradioreflejos.com.ar\/2021\/#\/schema\/person\/ad82545263dcc5ec0996818884fd5fb1\"},\"breadcrumb\":{\"@id\":\"https:\/\/www.noticiasradioreflejos.com.ar\/2021\/refuerzo-de-ingresos-para-un-crecimiento-con-inclusion\/#breadcrumb\"},\"inLanguage\":\"es\",\"potentialAction\":[{\"@type\":\"ReadAction\",\"target\":[\"https:\/\/www.noticiasradioreflejos.com.ar\/2021\/refuerzo-de-ingresos-para-un-crecimiento-con-inclusion\/\"]}]},{\"@type\":\"BreadcrumbList\",\"@id\":\"https:\/\/www.noticiasradioreflejos.com.ar\/2021\/refuerzo-de-ingresos-para-un-crecimiento-con-inclusion\/#breadcrumb\",\"itemListElement\":[{\"@type\":\"ListItem\",\"position\":1,\"name\":\"Portada\",\"item\":\"https:\/\/www.noticiasradioreflejos.com.ar\/2021\/\"},{\"@type\":\"ListItem\",\"position\":2,\"name\":\"Refuerzo de ingresos para un crecimiento con inclusi\u00f3n\"}]},{\"@type\":\"WebSite\",\"@id\":\"https:\/\/www.noticiasradioreflejos.com.ar\/2021\/#website\",\"url\":\"https:\/\/www.noticiasradioreflejos.com.ar\/2021\/\",\"name\":\"Noticias Radio Reflejos\",\"description\":\"Las noticias de mi comarca\",\"potentialAction\":[{\"@type\":\"SearchAction\",\"target\":{\"@type\":\"EntryPoint\",\"urlTemplate\":\"https:\/\/www.noticiasradioreflejos.com.ar\/2021\/?s={search_term_string}\"},\"query-input\":{\"@type\":\"PropertyValueSpecification\",\"valueRequired\":true,\"valueName\":\"search_term_string\"}}],\"inLanguage\":\"es\"},{\"@type\":\"Person\",\"@id\":\"https:\/\/www.noticiasradioreflejos.com.ar\/2021\/#\/schema\/person\/ad82545263dcc5ec0996818884fd5fb1\",\"name\":\"Arnaldo Botto\",\"image\":{\"@type\":\"ImageObject\",\"inLanguage\":\"es\",\"@id\":\"https:\/\/www.noticiasradioreflejos.com.ar\/2021\/#\/schema\/person\/image\/\",\"url\":\"https:\/\/secure.gravatar.com\/avatar\/55cb5e37c1efa326397366e6974cb338056df65cb50e7d64d1cf314e87504837?s=96&d=mm&r=g\",\"contentUrl\":\"https:\/\/secure.gravatar.com\/avatar\/55cb5e37c1efa326397366e6974cb338056df65cb50e7d64d1cf314e87504837?s=96&d=mm&r=g\",\"caption\":\"Arnaldo Botto\"},\"url\":\"https:\/\/www.noticiasradioreflejos.com.ar\/2021\/author\/arnaldo\/\"}]}<\/script>\n<!-- \/ Yoast SEO plugin. -->","yoast_head_json":{"title":"Refuerzo de ingresos para un crecimiento con inclusi\u00f3n - Noticias Radio Reflejos","robots":{"index":"index","follow":"follow","max-snippet":"max-snippet:-1","max-image-preview":"max-image-preview:large","max-video-preview":"max-video-preview:-1"},"canonical":"https:\/\/www.noticiasradioreflejos.com.ar\/2021\/refuerzo-de-ingresos-para-un-crecimiento-con-inclusion\/","og_locale":"es_ES","og_type":"article","og_title":"Refuerzo de ingresos para un crecimiento con inclusi\u00f3n - Noticias Radio Reflejos","og_description":"Para sostener el poder adquisitivo de las argentinas y argentinos y garantizar que el crecimiento del pa\u00eds llegue a todas y todos, el Presidente de la Naci\u00f3n anunci\u00f3 un REFUERZO DE INGRESOS para trabajadoras y trabajadores informales y de casas particulares, monotributistas sociales y de las categor\u00edas A y B y jubilados y pensionados.","og_url":"https:\/\/www.noticiasradioreflejos.com.ar\/2021\/refuerzo-de-ingresos-para-un-crecimiento-con-inclusion\/","og_site_name":"Noticias Radio Reflejos","article_published_time":"2022-04-20T11:54:32+00:00","og_image":[{"width":300,"height":200,"url":"https:\/\/www.noticiasradioreflejos.com.ar\/2021\/wp-content\/uploads\/2021\/07\/logosol300x200.png","type":"image\/png"}],"author":"Arnaldo Botto","twitter_card":"summary_large_image","schema":{"@context":"https:\/\/schema.org","@graph":[{"@type":"WebPage","@id":"https:\/\/www.noticiasradioreflejos.com.ar\/2021\/refuerzo-de-ingresos-para-un-crecimiento-con-inclusion\/","url":"https:\/\/www.noticiasradioreflejos.com.ar\/2021\/refuerzo-de-ingresos-para-un-crecimiento-con-inclusion\/","name":"Refuerzo de ingresos para un crecimiento con inclusi\u00f3n - Noticias Radio Reflejos","isPartOf":{"@id":"https:\/\/www.noticiasradioreflejos.com.ar\/2021\/#website"},"datePublished":"2022-04-20T11:54:32+00:00","author":{"@id":"https:\/\/www.noticiasradioreflejos.com.ar\/2021\/#\/schema\/person\/ad82545263dcc5ec0996818884fd5fb1"},"breadcrumb":{"@id":"https:\/\/www.noticiasradioreflejos.com.ar\/2021\/refuerzo-de-ingresos-para-un-crecimiento-con-inclusion\/#breadcrumb"},"inLanguage":"es","potentialAction":[{"@type":"ReadAction","target":["https:\/\/www.noticiasradioreflejos.com.ar\/2021\/refuerzo-de-ingresos-para-un-crecimiento-con-inclusion\/"]}]},{"@type":"BreadcrumbList","@id":"https:\/\/www.noticiasradioreflejos.com.ar\/2021\/refuerzo-de-ingresos-para-un-crecimiento-con-inclusion\/#breadcrumb","itemListElement":[{"@type":"ListItem","position":1,"name":"Portada","item":"https:\/\/www.noticiasradioreflejos.com.ar\/2021\/"},{"@type":"ListItem","position":2,"name":"Refuerzo de ingresos para un crecimiento con inclusi\u00f3n"}]},{"@type":"WebSite","@id":"https:\/\/www.noticiasradioreflejos.com.ar\/2021\/#website","url":"https:\/\/www.noticiasradioreflejos.com.ar\/2021\/","name":"Noticias Radio Reflejos","description":"Las noticias de mi comarca","potentialAction":[{"@type":"SearchAction","target":{"@type":"EntryPoint","urlTemplate":"https:\/\/www.noticiasradioreflejos.com.ar\/2021\/?s={search_term_string}"},"query-input":{"@type":"PropertyValueSpecification","valueRequired":true,"valueName":"search_term_string"}}],"inLanguage":"es"},{"@type":"Person","@id":"https:\/\/www.noticiasradioreflejos.com.ar\/2021\/#\/schema\/person\/ad82545263dcc5ec0996818884fd5fb1","name":"Arnaldo Botto","image":{"@type":"ImageObject","inLanguage":"es","@id":"https:\/\/www.noticiasradioreflejos.com.ar\/2021\/#\/schema\/person\/image\/","url":"https:\/\/secure.gravatar.com\/avatar\/55cb5e37c1efa326397366e6974cb338056df65cb50e7d64d1cf314e87504837?s=96&d=mm&r=g","contentUrl":"https:\/\/secure.gravatar.com\/avatar\/55cb5e37c1efa326397366e6974cb338056df65cb50e7d64d1cf314e87504837?s=96&d=mm&r=g","caption":"Arnaldo Botto"},"url":"https:\/\/www.noticiasradioreflejos.com.ar\/2021\/author\/arnaldo\/"}]}},"_links":{"self":[{"href":"https:\/\/www.noticiasradioreflejos.com.ar\/2021\/wp-json\/wp\/v2\/posts\/70835","targetHints":{"allow":["GET"]}}],"collection":[{"href":"https:\/\/www.noticiasradioreflejos.com.ar\/2021\/wp-json\/wp\/v2\/posts"}],"about":[{"href":"https:\/\/www.noticiasradioreflejos.com.ar\/2021\/wp-json\/wp\/v2\/types\/post"}],"author":[{"embeddable":true,"href":"https:\/\/www.noticiasradioreflejos.com.ar\/2021\/wp-json\/wp\/v2\/users\/3"}],"replies":[{"embeddable":true,"href":"https:\/\/www.noticiasradioreflejos.com.ar\/2021\/wp-json\/wp\/v2\/comments?post=70835"}],"version-history":[{"count":1,"href":"https:\/\/www.noticiasradioreflejos.com.ar\/2021\/wp-json\/wp\/v2\/posts\/70835\/revisions"}],"predecessor-version":[{"id":70836,"href":"https:\/\/www.noticiasradioreflejos.com.ar\/2021\/wp-json\/wp\/v2\/posts\/70835\/revisions\/70836"}],"wp:attachment":[{"href":"https:\/\/www.noticiasradioreflejos.com.ar\/2021\/wp-json\/wp\/v2\/media?parent=70835"}],"wp:term":[{"taxonomy":"category","embeddable":true,"href":"https:\/\/www.noticiasradioreflejos.com.ar\/2021\/wp-json\/wp\/v2\/categories?post=70835"},{"taxonomy":"post_tag","embeddable":true,"href":"https:\/\/www.noticiasradioreflejos.com.ar\/2021\/wp-json\/wp\/v2\/tags?post=70835"}],"curies":[{"name":"wp","href":"https:\/\/api.w.org\/{rel}","templated":true}]}}