{"id":70832,"date":"2022-04-20T10:50:36","date_gmt":"2022-04-20T10:50:36","guid":{"rendered":"http:\/\/www.noticiasradioreflejos.com.ar\/2021\/?p=70832"},"modified":"2022-04-20T10:50:36","modified_gmt":"2022-04-20T10:50:36","slug":"quinto-dia-de-busqueda-sin-rastros-del-nino-desaparecido-en-el-lago-musters-en-chubut","status":"publish","type":"post","link":"https:\/\/www.noticiasradioreflejos.com.ar\/2021\/quinto-dia-de-busqueda-sin-rastros-del-nino-desaparecido-en-el-lago-musters-en-chubut\/","title":{"rendered":"Quinto d\u00eda de b\u00fasqueda sin rastros del ni\u00f1o desaparecido en el Lago Musters, en Chubut"},"content":{"rendered":"<p>El bote inflable en el que Baruc Pacheco, de 4 a\u00f1os, navegaba con su hermana mayor que ya fue encontrada muerta, fue arrastrado por el viento y el oleaje. Prefectura Naval Argentina, bomberos voluntarios, Guardia Urbana Municipal y polic\u00eda de la provincia no pudieron hallarlo en los rastrillajes.<!--more--><\/p>\n<figure class=\"mb-3\"><img decoding=\"async\" src=\"https:\/\/www.telam.com.ar\/thumbs\/bluesteel\/advf\/imagenes\/2018\/12\/5c1fd53231194_900.jpg\" alt=\"El Lago Musters tiene una superficie de 342 km\" width=\"100%\" height=\"100%\" \/><\/p>\n<div class=\"media-icons\"><\/div><figcaption>El Lago Musters tiene una superficie de 342 km\u00b2.<\/figcaption><\/figure>\n<p><strong>Efectivos de la Prefectura Naval Argentina, bomberos voluntarios, Guardia Urbana Municipal y la polic\u00eda de la localidad chubutense de Sarmiento<\/strong>, continuaron este martes, sin novedad, los\u00a0<strong>rastrillajes en la b\u00fasqueda del ni\u00f1o de cuatro a\u00f1os que desapareci\u00f3 el viernes pasado<\/strong>\u00a0en el Lago Musters, provincia de Chubut, cuando el bote en el que viajaba con su hermana fuera arrastrado a causa de los fuertes vientos.<\/p>\n<p>\u00abContinuamos con los rastrillajes, sin novedad, por el momento\u00bb dijo esta noche a Telam\u00a0<strong>Bruno Germillac, subcomisario de la comisar\u00eda de la localidad chubutense de Sarmiento.<\/strong><\/p>\n<p>La actividad se realiza con unos 70 efectivos entre personal de la polic\u00eda, defensa civil, bomberos de la zona, guardia urbana de la localidad de Sarmiento y particulares que se sumaron a la b\u00fasqueda, que se concentr\u00f3 sobre la zona conocida como \u00ablas piedras\u00bb, sobre el Este del lago.<\/p>\n<p><strong>El bote inflable<\/strong>\u00a0en el que Baruc Pacheco, de 4 a\u00f1os, navegaba con su hermana Luna Pacheco, de 21, f<strong>ue arrastrado por el viento y el oleaje el viernes pasado.<\/strong><\/p>\n<p>Si bien no se saben las razones por las cuales terminaron en el agua,<strong>\u00a0se sospecha que se arrojaron, desesperados, por no poder dominar la embarcaci\u00f3n mientras \u00e9sta se alejaba de la costa.<\/strong><\/p>\n<p>\u00abPor lo que sabemos, el chico iba con un wader (una especie de mameluco impermeable para pescar) que de ninguna manera es recomendable para utilizar sobre una embarcaci\u00f3n porque, de producirse una ca\u00edda se adhiere al cuerpo o se llena de agua y la persona es arrastrada al fondo\u00bb explic\u00f3 oportunamente a T\u00e9lam\u00a0<strong>el director de Defensa Civil del Chubut, Jos\u00e9 Mazzei.<\/strong><\/p>\n<p>Estiman que el ni\u00f1o no apareci\u00f3 por el wader, y s\u00ed\u00a0<strong>el cuerpo de su hermana, que fue encontrada sin ropa el s\u00e1bado pasado, cuando se la extrajo del lago.<\/strong><\/p>\n<p><strong>Tambi\u00e9n se encontr\u00f3 el bote en condiciones de navegabilidad,<\/strong>\u00a0flotando no muy lejos del cuerpo de la joven.<\/p>\n<p>El protocolo de b\u00fasqueda fue activado el viernes, en pleno fin de semana largo por Semana Santa.<\/p>\n<figure class=\"mb-3\"><img decoding=\"async\" src=\"https:\/\/www.telam.com.ar\/thumbs\/bluesteel\/advf\/imagenes\/2022\/04\/625c50b498d98_900.jpg\" alt=\"Prefectura bomberos voluntarios Guardia Urbana Municipal y la policia de Chubut intensifican la bsqueda de Baruc\" width=\"100%\" height=\"100%\" \/><\/p>\n<div class=\"media-icons\"><\/div><figcaption>Prefectura, bomberos voluntarios, Guardia Urbana Municipal y la policia de Chubut intensifican la b\u00fasqueda de Baruc.<\/figcaption><\/figure>\n<p>Los testigos indicaron a las autoridades que\u00a0<strong>ambos hermanos, oriundos de Comodoro Rivadavia<\/strong>, arribaron a la costa oeste del Lago, al que ingresaron en un bote inflable de color azul, con intenciones de probar su funcionamiento.<\/p>\n<p>Seg\u00fan Germillac, tambi\u00e9n iba en el bote una mujer adulta, quien se arroj\u00f3 con el fin de evitar que los fuertes vientos arrastren la embarcaci\u00f3n inflable.<\/p>\n<p>Seg\u00fan el director de defensa civil Mazzei, es \u00abtotalmente desaconsejable introducirse en un espejo de agua de estas caracter\u00edsticas (tiene una superficie de 342 km\u00b2) porque el bote inflable tiene mucha flotabilidad pero se transforma en ingobernable cuando hay viento y se comporta como una palangana a la que es imposible darle direcci\u00f3n\u00bb.<\/p>\n<p>El Lago Musters est\u00e1 al sudoeste de la provincia del Chubut, y, junto al Lago Colhu\u00e9 Huapi (que se sec\u00f3), conforma la fase terminal de la cuenca endorreica del R\u00edo Senguer.<\/p>\n<p>&nbsp;<\/p>\n<p><span style=\"color: #000080;\"><strong>Fuente TELAM<\/strong><\/span><\/p>\n","protected":false},"excerpt":{"rendered":"<p>El bote inflable en el que Baruc Pacheco, de 4 a\u00f1os, navegaba con su hermana mayor que ya fue encontrada muerta, fue arrastrado por el viento y el oleaje. Prefectura Naval Argentina, bomberos voluntarios, Guardia Urbana Municipal y polic\u00eda de la provincia no pudieron hallarlo en los rastrillajes.<\/p>\n","protected":false},"author":3,"featured_media":0,"comment_status":"closed","ping_status":"closed","sticky":false,"template":"","format":"standard","meta":{"footnotes":""},"categories":[29],"tags":[],"class_list":["post-70832","post","type-post","status-publish","format-standard","hentry","category-policiales"],"yoast_head":"<!-- This site is optimized with the Yoast SEO plugin v25.9 - https:\/\/yoast.com\/wordpress\/plugins\/seo\/ -->\n<title>Quinto d\u00eda de b\u00fasqueda sin rastros del ni\u00f1o desaparecido en el Lago Musters, en Chubut - Noticias Radio Reflejos<\/title>\n<meta name=\"robots\" content=\"index, follow, max-snippet:-1, max-image-preview:large, max-video-preview:-1\" \/>\n<link rel=\"canonical\" href=\"https:\/\/www.noticiasradioreflejos.com.ar\/2021\/quinto-dia-de-busqueda-sin-rastros-del-nino-desaparecido-en-el-lago-musters-en-chubut\/\" \/>\n<meta property=\"og:locale\" content=\"es_ES\" \/>\n<meta property=\"og:type\" content=\"article\" \/>\n<meta property=\"og:title\" content=\"Quinto d\u00eda de b\u00fasqueda sin rastros del ni\u00f1o desaparecido en el Lago Musters, en Chubut - Noticias Radio Reflejos\" \/>\n<meta property=\"og:description\" content=\"El bote inflable en el que Baruc Pacheco, de 4 a\u00f1os, navegaba con su hermana mayor que ya fue encontrada muerta, fue arrastrado por el viento y el oleaje. Prefectura Naval Argentina, bomberos voluntarios, Guardia Urbana Municipal y polic\u00eda de la provincia no pudieron hallarlo en los rastrillajes.\" \/>\n<meta property=\"og:url\" content=\"https:\/\/www.noticiasradioreflejos.com.ar\/2021\/quinto-dia-de-busqueda-sin-rastros-del-nino-desaparecido-en-el-lago-musters-en-chubut\/\" \/>\n<meta property=\"og:site_name\" content=\"Noticias Radio Reflejos\" \/>\n<meta property=\"article:published_time\" content=\"2022-04-20T10:50:36+00:00\" \/>\n<meta property=\"og:image\" content=\"https:\/\/www.telam.com.ar\/thumbs\/bluesteel\/advf\/imagenes\/2018\/12\/5c1fd53231194_900.jpg\" \/>\n<meta name=\"author\" content=\"Arnaldo Botto\" \/>\n<meta name=\"twitter:card\" content=\"summary_large_image\" \/>\n<script type=\"application\/ld+json\" class=\"yoast-schema-graph\">{\"@context\":\"https:\/\/schema.org\",\"@graph\":[{\"@type\":\"WebPage\",\"@id\":\"https:\/\/www.noticiasradioreflejos.com.ar\/2021\/quinto-dia-de-busqueda-sin-rastros-del-nino-desaparecido-en-el-lago-musters-en-chubut\/\",\"url\":\"https:\/\/www.noticiasradioreflejos.com.ar\/2021\/quinto-dia-de-busqueda-sin-rastros-del-nino-desaparecido-en-el-lago-musters-en-chubut\/\",\"name\":\"Quinto d\u00eda de b\u00fasqueda sin rastros del ni\u00f1o desaparecido en el Lago Musters, en Chubut - Noticias Radio Reflejos\",\"isPartOf\":{\"@id\":\"https:\/\/www.noticiasradioreflejos.com.ar\/2021\/#website\"},\"primaryImageOfPage\":{\"@id\":\"https:\/\/www.noticiasradioreflejos.com.ar\/2021\/quinto-dia-de-busqueda-sin-rastros-del-nino-desaparecido-en-el-lago-musters-en-chubut\/#primaryimage\"},\"image\":{\"@id\":\"https:\/\/www.noticiasradioreflejos.com.ar\/2021\/quinto-dia-de-busqueda-sin-rastros-del-nino-desaparecido-en-el-lago-musters-en-chubut\/#primaryimage\"},\"thumbnailUrl\":\"https:\/\/www.telam.com.ar\/thumbs\/bluesteel\/advf\/imagenes\/2018\/12\/5c1fd53231194_900.jpg\",\"datePublished\":\"2022-04-20T10:50:36+00:00\",\"author\":{\"@id\":\"https:\/\/www.noticiasradioreflejos.com.ar\/2021\/#\/schema\/person\/ad82545263dcc5ec0996818884fd5fb1\"},\"breadcrumb\":{\"@id\":\"https:\/\/www.noticiasradioreflejos.com.ar\/2021\/quinto-dia-de-busqueda-sin-rastros-del-nino-desaparecido-en-el-lago-musters-en-chubut\/#breadcrumb\"},\"inLanguage\":\"es\",\"potentialAction\":[{\"@type\":\"ReadAction\",\"target\":[\"https:\/\/www.noticiasradioreflejos.com.ar\/2021\/quinto-dia-de-busqueda-sin-rastros-del-nino-desaparecido-en-el-lago-musters-en-chubut\/\"]}]},{\"@type\":\"ImageObject\",\"inLanguage\":\"es\",\"@id\":\"https:\/\/www.noticiasradioreflejos.com.ar\/2021\/quinto-dia-de-busqueda-sin-rastros-del-nino-desaparecido-en-el-lago-musters-en-chubut\/#primaryimage\",\"url\":\"https:\/\/www.telam.com.ar\/thumbs\/bluesteel\/advf\/imagenes\/2018\/12\/5c1fd53231194_900.jpg\",\"contentUrl\":\"https:\/\/www.telam.com.ar\/thumbs\/bluesteel\/advf\/imagenes\/2018\/12\/5c1fd53231194_900.jpg\"},{\"@type\":\"BreadcrumbList\",\"@id\":\"https:\/\/www.noticiasradioreflejos.com.ar\/2021\/quinto-dia-de-busqueda-sin-rastros-del-nino-desaparecido-en-el-lago-musters-en-chubut\/#breadcrumb\",\"itemListElement\":[{\"@type\":\"ListItem\",\"position\":1,\"name\":\"Portada\",\"item\":\"https:\/\/www.noticiasradioreflejos.com.ar\/2021\/\"},{\"@type\":\"ListItem\",\"position\":2,\"name\":\"Quinto d\u00eda de b\u00fasqueda sin rastros del ni\u00f1o desaparecido en el Lago Musters, en Chubut\"}]},{\"@type\":\"WebSite\",\"@id\":\"https:\/\/www.noticiasradioreflejos.com.ar\/2021\/#website\",\"url\":\"https:\/\/www.noticiasradioreflejos.com.ar\/2021\/\",\"name\":\"Noticias Radio Reflejos\",\"description\":\"Las noticias de mi comarca\",\"potentialAction\":[{\"@type\":\"SearchAction\",\"target\":{\"@type\":\"EntryPoint\",\"urlTemplate\":\"https:\/\/www.noticiasradioreflejos.com.ar\/2021\/?s={search_term_string}\"},\"query-input\":{\"@type\":\"PropertyValueSpecification\",\"valueRequired\":true,\"valueName\":\"search_term_string\"}}],\"inLanguage\":\"es\"},{\"@type\":\"Person\",\"@id\":\"https:\/\/www.noticiasradioreflejos.com.ar\/2021\/#\/schema\/person\/ad82545263dcc5ec0996818884fd5fb1\",\"name\":\"Arnaldo Botto\",\"image\":{\"@type\":\"ImageObject\",\"inLanguage\":\"es\",\"@id\":\"https:\/\/www.noticiasradioreflejos.com.ar\/2021\/#\/schema\/person\/image\/\",\"url\":\"https:\/\/secure.gravatar.com\/avatar\/55cb5e37c1efa326397366e6974cb338056df65cb50e7d64d1cf314e87504837?s=96&d=mm&r=g\",\"contentUrl\":\"https:\/\/secure.gravatar.com\/avatar\/55cb5e37c1efa326397366e6974cb338056df65cb50e7d64d1cf314e87504837?s=96&d=mm&r=g\",\"caption\":\"Arnaldo Botto\"},\"url\":\"https:\/\/www.noticiasradioreflejos.com.ar\/2021\/author\/arnaldo\/\"}]}<\/script>\n<!-- \/ Yoast SEO plugin. -->","yoast_head_json":{"title":"Quinto d\u00eda de b\u00fasqueda sin rastros del ni\u00f1o desaparecido en el Lago Musters, en Chubut - Noticias Radio Reflejos","robots":{"index":"index","follow":"follow","max-snippet":"max-snippet:-1","max-image-preview":"max-image-preview:large","max-video-preview":"max-video-preview:-1"},"canonical":"https:\/\/www.noticiasradioreflejos.com.ar\/2021\/quinto-dia-de-busqueda-sin-rastros-del-nino-desaparecido-en-el-lago-musters-en-chubut\/","og_locale":"es_ES","og_type":"article","og_title":"Quinto d\u00eda de b\u00fasqueda sin rastros del ni\u00f1o desaparecido en el Lago Musters, en Chubut - Noticias Radio Reflejos","og_description":"El bote inflable en el que Baruc Pacheco, de 4 a\u00f1os, navegaba con su hermana mayor que ya fue encontrada muerta, fue arrastrado por el viento y el oleaje. Prefectura Naval Argentina, bomberos voluntarios, Guardia Urbana Municipal y polic\u00eda de la provincia no pudieron hallarlo en los rastrillajes.","og_url":"https:\/\/www.noticiasradioreflejos.com.ar\/2021\/quinto-dia-de-busqueda-sin-rastros-del-nino-desaparecido-en-el-lago-musters-en-chubut\/","og_site_name":"Noticias Radio Reflejos","article_published_time":"2022-04-20T10:50:36+00:00","og_image":[{"url":"https:\/\/www.telam.com.ar\/thumbs\/bluesteel\/advf\/imagenes\/2018\/12\/5c1fd53231194_900.jpg","type":"","width":"","height":""}],"author":"Arnaldo Botto","twitter_card":"summary_large_image","schema":{"@context":"https:\/\/schema.org","@graph":[{"@type":"WebPage","@id":"https:\/\/www.noticiasradioreflejos.com.ar\/2021\/quinto-dia-de-busqueda-sin-rastros-del-nino-desaparecido-en-el-lago-musters-en-chubut\/","url":"https:\/\/www.noticiasradioreflejos.com.ar\/2021\/quinto-dia-de-busqueda-sin-rastros-del-nino-desaparecido-en-el-lago-musters-en-chubut\/","name":"Quinto d\u00eda de b\u00fasqueda sin rastros del ni\u00f1o desaparecido en el Lago Musters, en Chubut - Noticias Radio Reflejos","isPartOf":{"@id":"https:\/\/www.noticiasradioreflejos.com.ar\/2021\/#website"},"primaryImageOfPage":{"@id":"https:\/\/www.noticiasradioreflejos.com.ar\/2021\/quinto-dia-de-busqueda-sin-rastros-del-nino-desaparecido-en-el-lago-musters-en-chubut\/#primaryimage"},"image":{"@id":"https:\/\/www.noticiasradioreflejos.com.ar\/2021\/quinto-dia-de-busqueda-sin-rastros-del-nino-desaparecido-en-el-lago-musters-en-chubut\/#primaryimage"},"thumbnailUrl":"https:\/\/www.telam.com.ar\/thumbs\/bluesteel\/advf\/imagenes\/2018\/12\/5c1fd53231194_900.jpg","datePublished":"2022-04-20T10:50:36+00:00","author":{"@id":"https:\/\/www.noticiasradioreflejos.com.ar\/2021\/#\/schema\/person\/ad82545263dcc5ec0996818884fd5fb1"},"breadcrumb":{"@id":"https:\/\/www.noticiasradioreflejos.com.ar\/2021\/quinto-dia-de-busqueda-sin-rastros-del-nino-desaparecido-en-el-lago-musters-en-chubut\/#breadcrumb"},"inLanguage":"es","potentialAction":[{"@type":"ReadAction","target":["https:\/\/www.noticiasradioreflejos.com.ar\/2021\/quinto-dia-de-busqueda-sin-rastros-del-nino-desaparecido-en-el-lago-musters-en-chubut\/"]}]},{"@type":"ImageObject","inLanguage":"es","@id":"https:\/\/www.noticiasradioreflejos.com.ar\/2021\/quinto-dia-de-busqueda-sin-rastros-del-nino-desaparecido-en-el-lago-musters-en-chubut\/#primaryimage","url":"https:\/\/www.telam.com.ar\/thumbs\/bluesteel\/advf\/imagenes\/2018\/12\/5c1fd53231194_900.jpg","contentUrl":"https:\/\/www.telam.com.ar\/thumbs\/bluesteel\/advf\/imagenes\/2018\/12\/5c1fd53231194_900.jpg"},{"@type":"BreadcrumbList","@id":"https:\/\/www.noticiasradioreflejos.com.ar\/2021\/quinto-dia-de-busqueda-sin-rastros-del-nino-desaparecido-en-el-lago-musters-en-chubut\/#breadcrumb","itemListElement":[{"@type":"ListItem","position":1,"name":"Portada","item":"https:\/\/www.noticiasradioreflejos.com.ar\/2021\/"},{"@type":"ListItem","position":2,"name":"Quinto d\u00eda de b\u00fasqueda sin rastros del ni\u00f1o desaparecido en el Lago Musters, en Chubut"}]},{"@type":"WebSite","@id":"https:\/\/www.noticiasradioreflejos.com.ar\/2021\/#website","url":"https:\/\/www.noticiasradioreflejos.com.ar\/2021\/","name":"Noticias Radio Reflejos","description":"Las noticias de mi comarca","potentialAction":[{"@type":"SearchAction","target":{"@type":"EntryPoint","urlTemplate":"https:\/\/www.noticiasradioreflejos.com.ar\/2021\/?s={search_term_string}"},"query-input":{"@type":"PropertyValueSpecification","valueRequired":true,"valueName":"search_term_string"}}],"inLanguage":"es"},{"@type":"Person","@id":"https:\/\/www.noticiasradioreflejos.com.ar\/2021\/#\/schema\/person\/ad82545263dcc5ec0996818884fd5fb1","name":"Arnaldo Botto","image":{"@type":"ImageObject","inLanguage":"es","@id":"https:\/\/www.noticiasradioreflejos.com.ar\/2021\/#\/schema\/person\/image\/","url":"https:\/\/secure.gravatar.com\/avatar\/55cb5e37c1efa326397366e6974cb338056df65cb50e7d64d1cf314e87504837?s=96&d=mm&r=g","contentUrl":"https:\/\/secure.gravatar.com\/avatar\/55cb5e37c1efa326397366e6974cb338056df65cb50e7d64d1cf314e87504837?s=96&d=mm&r=g","caption":"Arnaldo Botto"},"url":"https:\/\/www.noticiasradioreflejos.com.ar\/2021\/author\/arnaldo\/"}]}},"_links":{"self":[{"href":"https:\/\/www.noticiasradioreflejos.com.ar\/2021\/wp-json\/wp\/v2\/posts\/70832","targetHints":{"allow":["GET"]}}],"collection":[{"href":"https:\/\/www.noticiasradioreflejos.com.ar\/2021\/wp-json\/wp\/v2\/posts"}],"about":[{"href":"https:\/\/www.noticiasradioreflejos.com.ar\/2021\/wp-json\/wp\/v2\/types\/post"}],"author":[{"embeddable":true,"href":"https:\/\/www.noticiasradioreflejos.com.ar\/2021\/wp-json\/wp\/v2\/users\/3"}],"replies":[{"embeddable":true,"href":"https:\/\/www.noticiasradioreflejos.com.ar\/2021\/wp-json\/wp\/v2\/comments?post=70832"}],"version-history":[{"count":1,"href":"https:\/\/www.noticiasradioreflejos.com.ar\/2021\/wp-json\/wp\/v2\/posts\/70832\/revisions"}],"predecessor-version":[{"id":70834,"href":"https:\/\/www.noticiasradioreflejos.com.ar\/2021\/wp-json\/wp\/v2\/posts\/70832\/revisions\/70834"}],"wp:attachment":[{"href":"https:\/\/www.noticiasradioreflejos.com.ar\/2021\/wp-json\/wp\/v2\/media?parent=70832"}],"wp:term":[{"taxonomy":"category","embeddable":true,"href":"https:\/\/www.noticiasradioreflejos.com.ar\/2021\/wp-json\/wp\/v2\/categories?post=70832"},{"taxonomy":"post_tag","embeddable":true,"href":"https:\/\/www.noticiasradioreflejos.com.ar\/2021\/wp-json\/wp\/v2\/tags?post=70832"}],"curies":[{"name":"wp","href":"https:\/\/api.w.org\/{rel}","templated":true}]}}