{"id":70827,"date":"2022-04-20T10:40:45","date_gmt":"2022-04-20T10:40:45","guid":{"rendered":"http:\/\/www.noticiasradioreflejos.com.ar\/2021\/?p=70827"},"modified":"2022-04-20T10:40:45","modified_gmt":"2022-04-20T10:40:45","slug":"senado-avanza-el-proyecto-para-pagar-la-deuda-con-los-dolares-fugados","status":"publish","type":"post","link":"https:\/\/www.noticiasradioreflejos.com.ar\/2021\/senado-avanza-el-proyecto-para-pagar-la-deuda-con-los-dolares-fugados\/","title":{"rendered":"Senado: Avanza el proyecto para pagar la deuda con\u00a0los d\u00f3lares fugados"},"content":{"rendered":"<div class=\"section-2-col article-header\">\n<div class=\"col 2-col\">\n<p>El oficialismo incorpor\u00f3 modificaciones propuestas por especialistas y pretende tratarlo en el recinto de la C\u00e1mara alta la pr\u00f3xima semana.<\/p>\n<\/div>\n<\/div>\n<p><!--more--><\/p>\n<div class=\"section-2-col article-main-image\">\n<div class=\"col 1-col\">\n<div class=\"article-info\"><\/div>\n<\/div>\n<div class=\"col 2-col\">\n<div class=\"article-main-media-image__container\">\n<div class=\"image-wrapper\">\n<figure>\n<figure class=\"object-fit-block--contain intrinsic-container intrinsic-container-3x2\"><img decoding=\"async\" class=\" \" src=\"https:\/\/images.pagina12.com.ar\/styles\/focal_3_2_960x640\/public\/2022-04\/469205-whatsapp-20image-202022-04-19-20at-208-18-58-20pm-0.jpeg?itok=n46MQy5s\" alt=\"La discusi\u00f3n en el plenario de comisiones de Legislaci\u00f3n General y Presupuesto. (Fuente: T\u00e9lam)\" \/><\/figure><figcaption>La discusi\u00f3n en el plenario de comisiones de Legislaci\u00f3n General y Presupuesto.. Imagen: T\u00e9lam<\/figcaption><\/figure>\n<\/div>\n<\/div>\n<\/div>\n<\/div>\n<div class=\"section-2-col article-main-content\">\n<div class=\"col 1-col\"><\/div>\n<div class=\"col 2-col\">\n<div class=\"article-main-content article-text \">\n<p>El proyecto que busca cancelar la deuda con el FMI con los d\u00f3lares no declarados y fugados al exterior tuvo su segundo round en el Senado. Durante m\u00e1s de tres horas, el plenario de comisiones de Legislaci\u00f3n General y Presupuesto retom\u00f3 el debate de las dos iniciativas del kirchnerismo &#8211; la primera crea un \u00abFondo Nacional para la Cancelaci\u00f3n de la Deuda con el FMI\u00bb, la segunda modifica la ley de Entidades Financieras de modo de flexibilizar el secreto bancario, burs\u00e1til y fiscal &#8211; con la participaci\u00f3n de expositores. A diferencia de la primera reuni\u00f3n plenaria, que estuvo principalmente atravesada por los cruces entre el oficialismo y Juntos Por el Cambio (que ya anticip\u00f3 su voto en contra), este segundo encuentro se vali\u00f3 del intercambio con les especialistas convocados por la oposici\u00f3n para plantear diversas modificaciones al proyecto inicial. El objetivo del Frente de Todos es retomar el debate este mi\u00e9rcoles a las 14 horas, emitir un dictamen con las modificaciones y tratarlo en el recinto la semana que viene.<\/p>\n<p>Atravesado el cuarto intermedio de Semana Santa, el Senado retom\u00f3 el tratamiento de las dos iniciativas que m\u00e1s entusiasmo generan en el n\u00facleo k del oficialismo. El plenario de comisiones comenz\u00f3 a las 15 horas en el Sal\u00f3n Azul y cont\u00f3 con la participaci\u00f3n de cinco especialistas, dos de les cuales hab\u00edan sido convocados por la oposici\u00f3n y presentaron numerosas objeciones. \u00abEl problema de este proyecto es que hay un desfasaje entre los fundamentos y el texto de la ley\u00bb, sostuvo la abogada Jimena De La Torre, ex funcionaria de la AFIP macrista, flamante consejera de la Magistratura y una de las voces (cr\u00edticas) con las que m\u00e1s dialog\u00f3 el oficialismo a lo largo del encuentro. \u00abLo que m\u00e1s me preocupa es que tal como est\u00e1 redactada la norma estamos convirtiendo al Estado Nacional en un veh\u00edculo para lavado de activos. Este proyecto dice que no va a revisar el origen de los fondos, que es primordial\u00bb, comenz\u00f3 a decir cuando fue interrumpida por la senadora oficialista Juliana Di Tullio: \u00abYo tambi\u00e9n considero que se requiere una articulaci\u00f3n m\u00e1s precisa. Es cierto que no est\u00e1 incluido lo de delitos preexistentes y por eso estamos trabajando en una modificaci\u00f3n que evite que esta ley sea un veh\u00edculo para delitos aberrantes\u00bb.<\/p>\n<div id=\"talkFireEvent\"><\/div>\n<p>En efecto, algunas de las objeciones que present\u00f3 De La Torre terminaron traduci\u00e9ndose en modificaciones del texto de la ley. Una de ellas fue explicitar que solo podr\u00edan acceder a los beneficios que ofrec\u00eda la ley aquellos que hab\u00edan cometido delitos tributarios o de evasi\u00f3n fiscal, no aquellos que hubieran cometidos delitos como lavado de dinero, contrabando, trata de personas o narcotr\u00e1fico. Por otro lado, el oficialismo present\u00f3 otros cambios, como ampliar las facultades de la AFIP para aplicar la ley (referida, principalmente, a la documentaci\u00f3n respaldatoria), para cobrar el aporte (permite que sea hasta en 12 cuotas) y para que pueda pedirle al Banco Central que sancione a aquellos bancos cuyas filiales en el exterior no colaborasen con informaci\u00f3n sobre los bienes no declarados que tienen argentinos all\u00ed.<\/p>\n<h4>Uno de los puntos de debate gir\u00f3 en torno a la figura del \u00abcolaborador\u00bb, una de las novedades del proyecto que ofrece incentivos (hasta 30 por ciento de lo recaudado) para aquellas personas, f\u00edsicas o no, que ofrezcan informaci\u00f3n que permita acceder a bienes no declarados en el exterior por m\u00e1s de 15 millones de pesos. \u00abEs una figura interesante que existe en otros pa\u00edses pero que requiere de un marco reglamentario e institucional profundo que pueda permitir que estas figuras se desarrollen en un buen sentido, de lo contrario las consecuencias colaterales pueden ser graves\u00bb, advirti\u00f3 el contador Andr\u00e9s Edelstein. El encargado de responderle fue el autor de los proyectos, el senador del oficialismo Oscar Parrilli: \u00abEl colaborador debe dar una informaci\u00f3n veraz, confiable, contundente y sincera. No ir\u00e1 a la AFIP a denunciar, sino que pretendemos crear un nuevo programa dentro del Ministerio de Justicia para garantizar el anonimato. Si da informaci\u00f3n falsa comete un delito\u00bb.<\/h4>\n<p>Otro de los puntos gir\u00f3 en torno al debate de si el proyecto del oficialismo era o no un blanqueo. Mientras que el FdT lo niega tajantemente &#8211; \u00abNo es un blanqueo porque no es voluntario\u00bb, repitieron durante la reuni\u00f3n -, JxC lo utiliza argumentalmente para oponerse a las iniciativas (ya que, adem\u00e1s de blanqueo, consideran que est\u00e1 \u00abmal hecho\u00bb). \u00abSi no es un blanqueo se le parece bastante porque el proyecto se\u00f1ala que quienes se acojan voluntariamente acceder\u00e1n a beneficios a cambio de un aporte\u00bb, sostuvieron, mientras tanto, les dos expositores convocados por la oposici\u00f3n.<\/p>\n<p>Por otro lado, tambi\u00e9n expusieron el doctor en Ciencias Sociales, Pablo Manzanelli, el abogado constitucionalista Eduardo Barcesat y el economista y periodista de P\u00e1gina12, Alfredo Zaiat. Manzanelli se aboc\u00f3 a indagar sobre \u00abla crisis de la deuda\u00bb heredada del gobierno de Mauricio Macri y destac\u00f3 que, para resolverla sin caer en \u00abuna devaluaci\u00f3n o un ajuste recesivo\u00bb, era necesario \u00abdesplegar iniciativas como este proyecto\u00bb. \u00abEste proyecto abarca solo una parte de la fuga de capitales, la ilegal y la que est\u00e1 en el exterior\u00bb, aclar\u00f3, de modo de evitar<a href=\"https:\/\/www.pagina12.com.ar\/413730-el-monto-que-se-fugo-es-identico-a-la-deuda\">\u00a0las confusiones que se generaron durante la primera reuni\u00f3n plenaria.<\/a><\/p>\n<p>\u00abEl tema de los capitales no declarados derivados a guaridas fiscales que tienen oscurantismo financiero no es algo exclusivo de la Argentina, es un gran debate a nivel mundial. Este proyecto puede ser mejorado, pero no se puede minimizar el debate sobre c\u00f3mo capturar los capitales no declarados y fugados porque es un debate mundial, de todas las potencias e incluso del FMI\u00bb, advirti\u00f3, al cierre, Alfredo Zaiat. Zaiat aprovech\u00f3 para enmarcar el proyecto en la discusi\u00f3n internacional que se est\u00e1 dando respecto a qu\u00e9 hacer para evitar ese desv\u00edo de fondos y, destacando que la Argentina \u00abocupa los primeros lugares de capitales no declarados en guaridas fiscales\u00bb, inst\u00f3 a la necesidad de buscar soluciones: \u00abEl primer paso es tener voluntad pol\u00edtica\u00bb, concluy\u00f3.<\/p>\n<\/div>\n<p><strong>Por Mar\u00eda Cafferata para P\u00e1gina 12<\/strong><\/p>\n<\/div>\n<\/div>\n","protected":false},"excerpt":{"rendered":"<p>El oficialismo incorpor\u00f3 modificaciones propuestas por especialistas y pretende tratarlo en el recinto de la C\u00e1mara alta la pr\u00f3xima semana.<\/p>\n","protected":false},"author":3,"featured_media":0,"comment_status":"closed","ping_status":"closed","sticky":false,"template":"","format":"standard","meta":{"footnotes":""},"categories":[24],"tags":[],"class_list":["post-70827","post","type-post","status-publish","format-standard","hentry","category-politica"],"yoast_head":"<!-- This site is optimized with the Yoast SEO plugin v25.9 - https:\/\/yoast.com\/wordpress\/plugins\/seo\/ -->\n<title>Senado: Avanza el proyecto para pagar la deuda con\u00a0los d\u00f3lares fugados - Noticias Radio Reflejos<\/title>\n<meta name=\"robots\" content=\"index, follow, max-snippet:-1, max-image-preview:large, max-video-preview:-1\" \/>\n<link rel=\"canonical\" href=\"https:\/\/www.noticiasradioreflejos.com.ar\/2021\/senado-avanza-el-proyecto-para-pagar-la-deuda-con-los-dolares-fugados\/\" \/>\n<meta property=\"og:locale\" content=\"es_ES\" \/>\n<meta property=\"og:type\" content=\"article\" \/>\n<meta property=\"og:title\" content=\"Senado: Avanza el proyecto para pagar la deuda con\u00a0los d\u00f3lares fugados - Noticias Radio Reflejos\" \/>\n<meta property=\"og:description\" content=\"El oficialismo incorpor\u00f3 modificaciones propuestas por especialistas y pretende tratarlo en el recinto de la C\u00e1mara alta la pr\u00f3xima semana.\" \/>\n<meta property=\"og:url\" content=\"https:\/\/www.noticiasradioreflejos.com.ar\/2021\/senado-avanza-el-proyecto-para-pagar-la-deuda-con-los-dolares-fugados\/\" \/>\n<meta property=\"og:site_name\" content=\"Noticias Radio Reflejos\" \/>\n<meta property=\"article:published_time\" content=\"2022-04-20T10:40:45+00:00\" \/>\n<meta property=\"og:image\" content=\"https:\/\/images.pagina12.com.ar\/styles\/focal_3_2_960x640\/public\/2022-04\/469205-whatsapp-20image-202022-04-19-20at-208-18-58-20pm-0.jpeg?itok=n46MQy5s\" \/>\n<meta name=\"author\" content=\"Arnaldo Botto\" \/>\n<meta name=\"twitter:card\" content=\"summary_large_image\" \/>\n<script type=\"application\/ld+json\" class=\"yoast-schema-graph\">{\"@context\":\"https:\/\/schema.org\",\"@graph\":[{\"@type\":\"WebPage\",\"@id\":\"https:\/\/www.noticiasradioreflejos.com.ar\/2021\/senado-avanza-el-proyecto-para-pagar-la-deuda-con-los-dolares-fugados\/\",\"url\":\"https:\/\/www.noticiasradioreflejos.com.ar\/2021\/senado-avanza-el-proyecto-para-pagar-la-deuda-con-los-dolares-fugados\/\",\"name\":\"Senado: Avanza el proyecto para pagar la deuda con\u00a0los d\u00f3lares fugados - Noticias Radio Reflejos\",\"isPartOf\":{\"@id\":\"https:\/\/www.noticiasradioreflejos.com.ar\/2021\/#website\"},\"primaryImageOfPage\":{\"@id\":\"https:\/\/www.noticiasradioreflejos.com.ar\/2021\/senado-avanza-el-proyecto-para-pagar-la-deuda-con-los-dolares-fugados\/#primaryimage\"},\"image\":{\"@id\":\"https:\/\/www.noticiasradioreflejos.com.ar\/2021\/senado-avanza-el-proyecto-para-pagar-la-deuda-con-los-dolares-fugados\/#primaryimage\"},\"thumbnailUrl\":\"https:\/\/images.pagina12.com.ar\/styles\/focal_3_2_960x640\/public\/2022-04\/469205-whatsapp-20image-202022-04-19-20at-208-18-58-20pm-0.jpeg?itok=n46MQy5s\",\"datePublished\":\"2022-04-20T10:40:45+00:00\",\"author\":{\"@id\":\"https:\/\/www.noticiasradioreflejos.com.ar\/2021\/#\/schema\/person\/ad82545263dcc5ec0996818884fd5fb1\"},\"breadcrumb\":{\"@id\":\"https:\/\/www.noticiasradioreflejos.com.ar\/2021\/senado-avanza-el-proyecto-para-pagar-la-deuda-con-los-dolares-fugados\/#breadcrumb\"},\"inLanguage\":\"es\",\"potentialAction\":[{\"@type\":\"ReadAction\",\"target\":[\"https:\/\/www.noticiasradioreflejos.com.ar\/2021\/senado-avanza-el-proyecto-para-pagar-la-deuda-con-los-dolares-fugados\/\"]}]},{\"@type\":\"ImageObject\",\"inLanguage\":\"es\",\"@id\":\"https:\/\/www.noticiasradioreflejos.com.ar\/2021\/senado-avanza-el-proyecto-para-pagar-la-deuda-con-los-dolares-fugados\/#primaryimage\",\"url\":\"https:\/\/images.pagina12.com.ar\/styles\/focal_3_2_960x640\/public\/2022-04\/469205-whatsapp-20image-202022-04-19-20at-208-18-58-20pm-0.jpeg?itok=n46MQy5s\",\"contentUrl\":\"https:\/\/images.pagina12.com.ar\/styles\/focal_3_2_960x640\/public\/2022-04\/469205-whatsapp-20image-202022-04-19-20at-208-18-58-20pm-0.jpeg?itok=n46MQy5s\"},{\"@type\":\"BreadcrumbList\",\"@id\":\"https:\/\/www.noticiasradioreflejos.com.ar\/2021\/senado-avanza-el-proyecto-para-pagar-la-deuda-con-los-dolares-fugados\/#breadcrumb\",\"itemListElement\":[{\"@type\":\"ListItem\",\"position\":1,\"name\":\"Portada\",\"item\":\"https:\/\/www.noticiasradioreflejos.com.ar\/2021\/\"},{\"@type\":\"ListItem\",\"position\":2,\"name\":\"Senado: Avanza el proyecto para pagar la deuda con\u00a0los d\u00f3lares fugados\"}]},{\"@type\":\"WebSite\",\"@id\":\"https:\/\/www.noticiasradioreflejos.com.ar\/2021\/#website\",\"url\":\"https:\/\/www.noticiasradioreflejos.com.ar\/2021\/\",\"name\":\"Noticias Radio Reflejos\",\"description\":\"Las noticias de mi comarca\",\"potentialAction\":[{\"@type\":\"SearchAction\",\"target\":{\"@type\":\"EntryPoint\",\"urlTemplate\":\"https:\/\/www.noticiasradioreflejos.com.ar\/2021\/?s={search_term_string}\"},\"query-input\":{\"@type\":\"PropertyValueSpecification\",\"valueRequired\":true,\"valueName\":\"search_term_string\"}}],\"inLanguage\":\"es\"},{\"@type\":\"Person\",\"@id\":\"https:\/\/www.noticiasradioreflejos.com.ar\/2021\/#\/schema\/person\/ad82545263dcc5ec0996818884fd5fb1\",\"name\":\"Arnaldo Botto\",\"image\":{\"@type\":\"ImageObject\",\"inLanguage\":\"es\",\"@id\":\"https:\/\/www.noticiasradioreflejos.com.ar\/2021\/#\/schema\/person\/image\/\",\"url\":\"https:\/\/secure.gravatar.com\/avatar\/55cb5e37c1efa326397366e6974cb338056df65cb50e7d64d1cf314e87504837?s=96&d=mm&r=g\",\"contentUrl\":\"https:\/\/secure.gravatar.com\/avatar\/55cb5e37c1efa326397366e6974cb338056df65cb50e7d64d1cf314e87504837?s=96&d=mm&r=g\",\"caption\":\"Arnaldo Botto\"},\"url\":\"https:\/\/www.noticiasradioreflejos.com.ar\/2021\/author\/arnaldo\/\"}]}<\/script>\n<!-- \/ Yoast SEO plugin. -->","yoast_head_json":{"title":"Senado: Avanza el proyecto para pagar la deuda con\u00a0los d\u00f3lares fugados - Noticias Radio Reflejos","robots":{"index":"index","follow":"follow","max-snippet":"max-snippet:-1","max-image-preview":"max-image-preview:large","max-video-preview":"max-video-preview:-1"},"canonical":"https:\/\/www.noticiasradioreflejos.com.ar\/2021\/senado-avanza-el-proyecto-para-pagar-la-deuda-con-los-dolares-fugados\/","og_locale":"es_ES","og_type":"article","og_title":"Senado: Avanza el proyecto para pagar la deuda con\u00a0los d\u00f3lares fugados - Noticias Radio Reflejos","og_description":"El oficialismo incorpor\u00f3 modificaciones propuestas por especialistas y pretende tratarlo en el recinto de la C\u00e1mara alta la pr\u00f3xima semana.","og_url":"https:\/\/www.noticiasradioreflejos.com.ar\/2021\/senado-avanza-el-proyecto-para-pagar-la-deuda-con-los-dolares-fugados\/","og_site_name":"Noticias Radio Reflejos","article_published_time":"2022-04-20T10:40:45+00:00","og_image":[{"url":"https:\/\/images.pagina12.com.ar\/styles\/focal_3_2_960x640\/public\/2022-04\/469205-whatsapp-20image-202022-04-19-20at-208-18-58-20pm-0.jpeg?itok=n46MQy5s","type":"","width":"","height":""}],"author":"Arnaldo Botto","twitter_card":"summary_large_image","schema":{"@context":"https:\/\/schema.org","@graph":[{"@type":"WebPage","@id":"https:\/\/www.noticiasradioreflejos.com.ar\/2021\/senado-avanza-el-proyecto-para-pagar-la-deuda-con-los-dolares-fugados\/","url":"https:\/\/www.noticiasradioreflejos.com.ar\/2021\/senado-avanza-el-proyecto-para-pagar-la-deuda-con-los-dolares-fugados\/","name":"Senado: Avanza el proyecto para pagar la deuda con\u00a0los d\u00f3lares fugados - Noticias Radio Reflejos","isPartOf":{"@id":"https:\/\/www.noticiasradioreflejos.com.ar\/2021\/#website"},"primaryImageOfPage":{"@id":"https:\/\/www.noticiasradioreflejos.com.ar\/2021\/senado-avanza-el-proyecto-para-pagar-la-deuda-con-los-dolares-fugados\/#primaryimage"},"image":{"@id":"https:\/\/www.noticiasradioreflejos.com.ar\/2021\/senado-avanza-el-proyecto-para-pagar-la-deuda-con-los-dolares-fugados\/#primaryimage"},"thumbnailUrl":"https:\/\/images.pagina12.com.ar\/styles\/focal_3_2_960x640\/public\/2022-04\/469205-whatsapp-20image-202022-04-19-20at-208-18-58-20pm-0.jpeg?itok=n46MQy5s","datePublished":"2022-04-20T10:40:45+00:00","author":{"@id":"https:\/\/www.noticiasradioreflejos.com.ar\/2021\/#\/schema\/person\/ad82545263dcc5ec0996818884fd5fb1"},"breadcrumb":{"@id":"https:\/\/www.noticiasradioreflejos.com.ar\/2021\/senado-avanza-el-proyecto-para-pagar-la-deuda-con-los-dolares-fugados\/#breadcrumb"},"inLanguage":"es","potentialAction":[{"@type":"ReadAction","target":["https:\/\/www.noticiasradioreflejos.com.ar\/2021\/senado-avanza-el-proyecto-para-pagar-la-deuda-con-los-dolares-fugados\/"]}]},{"@type":"ImageObject","inLanguage":"es","@id":"https:\/\/www.noticiasradioreflejos.com.ar\/2021\/senado-avanza-el-proyecto-para-pagar-la-deuda-con-los-dolares-fugados\/#primaryimage","url":"https:\/\/images.pagina12.com.ar\/styles\/focal_3_2_960x640\/public\/2022-04\/469205-whatsapp-20image-202022-04-19-20at-208-18-58-20pm-0.jpeg?itok=n46MQy5s","contentUrl":"https:\/\/images.pagina12.com.ar\/styles\/focal_3_2_960x640\/public\/2022-04\/469205-whatsapp-20image-202022-04-19-20at-208-18-58-20pm-0.jpeg?itok=n46MQy5s"},{"@type":"BreadcrumbList","@id":"https:\/\/www.noticiasradioreflejos.com.ar\/2021\/senado-avanza-el-proyecto-para-pagar-la-deuda-con-los-dolares-fugados\/#breadcrumb","itemListElement":[{"@type":"ListItem","position":1,"name":"Portada","item":"https:\/\/www.noticiasradioreflejos.com.ar\/2021\/"},{"@type":"ListItem","position":2,"name":"Senado: Avanza el proyecto para pagar la deuda con\u00a0los d\u00f3lares fugados"}]},{"@type":"WebSite","@id":"https:\/\/www.noticiasradioreflejos.com.ar\/2021\/#website","url":"https:\/\/www.noticiasradioreflejos.com.ar\/2021\/","name":"Noticias Radio Reflejos","description":"Las noticias de mi comarca","potentialAction":[{"@type":"SearchAction","target":{"@type":"EntryPoint","urlTemplate":"https:\/\/www.noticiasradioreflejos.com.ar\/2021\/?s={search_term_string}"},"query-input":{"@type":"PropertyValueSpecification","valueRequired":true,"valueName":"search_term_string"}}],"inLanguage":"es"},{"@type":"Person","@id":"https:\/\/www.noticiasradioreflejos.com.ar\/2021\/#\/schema\/person\/ad82545263dcc5ec0996818884fd5fb1","name":"Arnaldo Botto","image":{"@type":"ImageObject","inLanguage":"es","@id":"https:\/\/www.noticiasradioreflejos.com.ar\/2021\/#\/schema\/person\/image\/","url":"https:\/\/secure.gravatar.com\/avatar\/55cb5e37c1efa326397366e6974cb338056df65cb50e7d64d1cf314e87504837?s=96&d=mm&r=g","contentUrl":"https:\/\/secure.gravatar.com\/avatar\/55cb5e37c1efa326397366e6974cb338056df65cb50e7d64d1cf314e87504837?s=96&d=mm&r=g","caption":"Arnaldo Botto"},"url":"https:\/\/www.noticiasradioreflejos.com.ar\/2021\/author\/arnaldo\/"}]}},"_links":{"self":[{"href":"https:\/\/www.noticiasradioreflejos.com.ar\/2021\/wp-json\/wp\/v2\/posts\/70827","targetHints":{"allow":["GET"]}}],"collection":[{"href":"https:\/\/www.noticiasradioreflejos.com.ar\/2021\/wp-json\/wp\/v2\/posts"}],"about":[{"href":"https:\/\/www.noticiasradioreflejos.com.ar\/2021\/wp-json\/wp\/v2\/types\/post"}],"author":[{"embeddable":true,"href":"https:\/\/www.noticiasradioreflejos.com.ar\/2021\/wp-json\/wp\/v2\/users\/3"}],"replies":[{"embeddable":true,"href":"https:\/\/www.noticiasradioreflejos.com.ar\/2021\/wp-json\/wp\/v2\/comments?post=70827"}],"version-history":[{"count":1,"href":"https:\/\/www.noticiasradioreflejos.com.ar\/2021\/wp-json\/wp\/v2\/posts\/70827\/revisions"}],"predecessor-version":[{"id":70828,"href":"https:\/\/www.noticiasradioreflejos.com.ar\/2021\/wp-json\/wp\/v2\/posts\/70827\/revisions\/70828"}],"wp:attachment":[{"href":"https:\/\/www.noticiasradioreflejos.com.ar\/2021\/wp-json\/wp\/v2\/media?parent=70827"}],"wp:term":[{"taxonomy":"category","embeddable":true,"href":"https:\/\/www.noticiasradioreflejos.com.ar\/2021\/wp-json\/wp\/v2\/categories?post=70827"},{"taxonomy":"post_tag","embeddable":true,"href":"https:\/\/www.noticiasradioreflejos.com.ar\/2021\/wp-json\/wp\/v2\/tags?post=70827"}],"curies":[{"name":"wp","href":"https:\/\/api.w.org\/{rel}","templated":true}]}}