{"id":70693,"date":"2022-04-17T14:07:11","date_gmt":"2022-04-17T14:07:11","guid":{"rendered":"http:\/\/www.noticiasradioreflejos.com.ar\/2021\/?p=70693"},"modified":"2022-04-17T14:07:11","modified_gmt":"2022-04-17T14:07:11","slug":"coronel-suarez-una-firma-dedicada-al-calzado-deportivo-sumo-100-nuevos-puestos-de-trabajo","status":"publish","type":"post","link":"https:\/\/www.noticiasradioreflejos.com.ar\/2021\/coronel-suarez-una-firma-dedicada-al-calzado-deportivo-sumo-100-nuevos-puestos-de-trabajo\/","title":{"rendered":"Coronel Suarez: Una firma dedicada al calzado deportivo sum\u00f3 100 nuevos puestos de trabajo"},"content":{"rendered":"<div class=\"wrapper-header\">\n<div class=\"container-xl\">\n<div class=\"row\">\n<div class=\"col-12\">\n<div class=\"head-content mb-4\">\n<div class=\"volanta\">\n<div class=\"time\">El Grupo Dass, que fabrica las marcas Adidas y Reebok, y ahora sumar\u00e1 los productos de FILA, incorporar\u00e1 dos l\u00edneas de producci\u00edon. En su otra planta, en Misiones, fabrican las marcas Nike, Umbro, Asics y Under Armou.<\/div>\n<\/div>\n<\/div>\n<\/div>\n<\/div>\n<\/div>\n<\/div>\n<p><!--more--><\/p>\n<div class=\"wrapper-editable-content\">\n<div class=\"wrapper-info-note\">\n<div class=\"col-md-12\">\n<div class=\"wrapper-author-social\">\n<div class=\"author-box mb-4\">\n<div class=\"image\"><\/div>\n<div class=\"info\">\n<div class=\"time\"><\/div>\n<\/div>\n<\/div>\n<\/div>\n<\/div>\n<\/div>\n<div>\n<div class=\"wrapper-editable-content\">\n<div>\n<div class=\"container-md\">\n<div class=\"row\">\n<div class=\"col-md-12 speak\">\n<div class=\"paragraph\">\n<figure class=\"mb-3\"><img decoding=\"async\" src=\"https:\/\/www.telam.com.ar\/thumbs\/bluesteel\/advf\/imagenes\/2022\/04\/625c06977201a_900.jpg\" alt=\"El Grupo Dass fabrica las marcas Adidas Reebok FILA Nike Umbro Asics y Under Armou\" width=\"100%\" height=\"100%\" \/><\/p>\n<div class=\"media-icons\"><\/div><figcaption>El Grupo Dass fabrica las marcas Adidas, Reebok, FILA, Nike, Umbro, Asics y Under Armou.<\/figcaption><\/figure>\n<p>El\u00a0<strong>Grupo Dass<\/strong>\u00a0-una firma dedicada a la producci\u00f3n de calzados deportivos- anunci\u00f3 que comenzar\u00e1 a fabricar la marca FILA en la planta que posee en el partido bonaerense de Coronel Su\u00e1rez, donde incorporar\u00e1\u00a0<strong>2 l\u00edneas de producci\u00f3n y sumar\u00e1 100 nuevos puestos de trabajo<\/strong>, inform\u00f3 la empresa.<\/p>\n<p>En la actualidad, la empresa cuenta con dos plantas en la Argentina -en Coronel Su\u00e1rez y en la localidad misionera de Eldorado- con una plantilla total de m\u00e1s de 1.500 trabajadores.<\/p>\n<p>En Coronel Su\u00e1rez, donde produce desde 2016,\u00a0<strong>se fabrican las marcas Adidas y Reebok, y ahora se incorporar\u00e1 los productos de FILA<\/strong>.<\/p>\n<p>Mientras que en la planta de Eldorado, Misiones, fabrica para las marcas Nike, Umbro, Asics y Under Armour, en el marco de una pol\u00edtica de sustituci\u00f3n de importaciones con productos fabricados localmente.<\/p>\n<p>En un comunicado, la empresa destac\u00f3 que\u00a0<strong>\u00abGrupo Dass, que desembarc\u00f3 en Argentina en 2007 y lleva invertido m\u00e1s de USD 185 millones en el pa\u00eds, vuelve a impulsar su crecimiento local\u00bb<\/strong>.<\/p>\n<p>El anuncio fue hecho este fin de semana por el director de Grupo Dass para Am\u00e9rica Latina y presidente de Grupo Dass en Argentina, H. Brian Handley, durante la visita a la planta del secretario de Industria de la Naci\u00f3n, Ariel Schale, y del intendente de Coronel Su\u00e1rez, Ricardo Moccero.<\/p>\n<p>Con una producci\u00f3n promedio de 304.000 pares por mes, DASS planea alcanzar los 3.3 millones de pares para fin de a\u00f1o incrementando 20% su volumen de producci\u00f3n local.<\/p><\/div>\n<\/div>\n<\/div>\n<\/div>\n<\/div>\n<\/div>\n<\/div>\n<\/div>\n","protected":false},"excerpt":{"rendered":"<p>El Grupo Dass, que fabrica las marcas Adidas y Reebok, y ahora sumar\u00e1 los productos de FILA, incorporar\u00e1 dos l\u00edneas de producci\u00edon. En su otra planta, en Misiones, fabrican las marcas Nike, Umbro, Asics y Under Armou.<\/p>\n","protected":false},"author":3,"featured_media":0,"comment_status":"closed","ping_status":"closed","sticky":false,"template":"","format":"standard","meta":{"footnotes":""},"categories":[24,26],"tags":[],"class_list":["post-70693","post","type-post","status-publish","format-standard","hentry","category-politica","category-sociedad"],"yoast_head":"<!-- This site is optimized with the Yoast SEO plugin v25.9 - https:\/\/yoast.com\/wordpress\/plugins\/seo\/ -->\n<title>Coronel Suarez: Una firma dedicada al calzado deportivo sum\u00f3 100 nuevos puestos de trabajo - Noticias Radio Reflejos<\/title>\n<meta name=\"robots\" content=\"index, follow, max-snippet:-1, max-image-preview:large, max-video-preview:-1\" \/>\n<link rel=\"canonical\" href=\"https:\/\/www.noticiasradioreflejos.com.ar\/2021\/coronel-suarez-una-firma-dedicada-al-calzado-deportivo-sumo-100-nuevos-puestos-de-trabajo\/\" \/>\n<meta property=\"og:locale\" content=\"es_ES\" \/>\n<meta property=\"og:type\" content=\"article\" \/>\n<meta property=\"og:title\" content=\"Coronel Suarez: Una firma dedicada al calzado deportivo sum\u00f3 100 nuevos puestos de trabajo - Noticias Radio Reflejos\" \/>\n<meta property=\"og:description\" content=\"El Grupo Dass, que fabrica las marcas Adidas y Reebok, y ahora sumar\u00e1 los productos de FILA, incorporar\u00e1 dos l\u00edneas de producci\u00edon. En su otra planta, en Misiones, fabrican las marcas Nike, Umbro, Asics y Under Armou.\" \/>\n<meta property=\"og:url\" content=\"https:\/\/www.noticiasradioreflejos.com.ar\/2021\/coronel-suarez-una-firma-dedicada-al-calzado-deportivo-sumo-100-nuevos-puestos-de-trabajo\/\" \/>\n<meta property=\"og:site_name\" content=\"Noticias Radio Reflejos\" \/>\n<meta property=\"article:published_time\" content=\"2022-04-17T14:07:11+00:00\" \/>\n<meta property=\"og:image\" content=\"https:\/\/www.telam.com.ar\/thumbs\/bluesteel\/advf\/imagenes\/2022\/04\/625c06977201a_900.jpg\" \/>\n<meta name=\"author\" content=\"Arnaldo Botto\" \/>\n<meta name=\"twitter:card\" content=\"summary_large_image\" \/>\n<script type=\"application\/ld+json\" class=\"yoast-schema-graph\">{\"@context\":\"https:\/\/schema.org\",\"@graph\":[{\"@type\":\"WebPage\",\"@id\":\"https:\/\/www.noticiasradioreflejos.com.ar\/2021\/coronel-suarez-una-firma-dedicada-al-calzado-deportivo-sumo-100-nuevos-puestos-de-trabajo\/\",\"url\":\"https:\/\/www.noticiasradioreflejos.com.ar\/2021\/coronel-suarez-una-firma-dedicada-al-calzado-deportivo-sumo-100-nuevos-puestos-de-trabajo\/\",\"name\":\"Coronel Suarez: Una firma dedicada al calzado deportivo sum\u00f3 100 nuevos puestos de trabajo - Noticias Radio Reflejos\",\"isPartOf\":{\"@id\":\"https:\/\/www.noticiasradioreflejos.com.ar\/2021\/#website\"},\"primaryImageOfPage\":{\"@id\":\"https:\/\/www.noticiasradioreflejos.com.ar\/2021\/coronel-suarez-una-firma-dedicada-al-calzado-deportivo-sumo-100-nuevos-puestos-de-trabajo\/#primaryimage\"},\"image\":{\"@id\":\"https:\/\/www.noticiasradioreflejos.com.ar\/2021\/coronel-suarez-una-firma-dedicada-al-calzado-deportivo-sumo-100-nuevos-puestos-de-trabajo\/#primaryimage\"},\"thumbnailUrl\":\"https:\/\/www.telam.com.ar\/thumbs\/bluesteel\/advf\/imagenes\/2022\/04\/625c06977201a_900.jpg\",\"datePublished\":\"2022-04-17T14:07:11+00:00\",\"author\":{\"@id\":\"https:\/\/www.noticiasradioreflejos.com.ar\/2021\/#\/schema\/person\/ad82545263dcc5ec0996818884fd5fb1\"},\"breadcrumb\":{\"@id\":\"https:\/\/www.noticiasradioreflejos.com.ar\/2021\/coronel-suarez-una-firma-dedicada-al-calzado-deportivo-sumo-100-nuevos-puestos-de-trabajo\/#breadcrumb\"},\"inLanguage\":\"es\",\"potentialAction\":[{\"@type\":\"ReadAction\",\"target\":[\"https:\/\/www.noticiasradioreflejos.com.ar\/2021\/coronel-suarez-una-firma-dedicada-al-calzado-deportivo-sumo-100-nuevos-puestos-de-trabajo\/\"]}]},{\"@type\":\"ImageObject\",\"inLanguage\":\"es\",\"@id\":\"https:\/\/www.noticiasradioreflejos.com.ar\/2021\/coronel-suarez-una-firma-dedicada-al-calzado-deportivo-sumo-100-nuevos-puestos-de-trabajo\/#primaryimage\",\"url\":\"https:\/\/www.telam.com.ar\/thumbs\/bluesteel\/advf\/imagenes\/2022\/04\/625c06977201a_900.jpg\",\"contentUrl\":\"https:\/\/www.telam.com.ar\/thumbs\/bluesteel\/advf\/imagenes\/2022\/04\/625c06977201a_900.jpg\"},{\"@type\":\"BreadcrumbList\",\"@id\":\"https:\/\/www.noticiasradioreflejos.com.ar\/2021\/coronel-suarez-una-firma-dedicada-al-calzado-deportivo-sumo-100-nuevos-puestos-de-trabajo\/#breadcrumb\",\"itemListElement\":[{\"@type\":\"ListItem\",\"position\":1,\"name\":\"Portada\",\"item\":\"https:\/\/www.noticiasradioreflejos.com.ar\/2021\/\"},{\"@type\":\"ListItem\",\"position\":2,\"name\":\"Coronel Suarez: Una firma dedicada al calzado deportivo sum\u00f3 100 nuevos puestos de trabajo\"}]},{\"@type\":\"WebSite\",\"@id\":\"https:\/\/www.noticiasradioreflejos.com.ar\/2021\/#website\",\"url\":\"https:\/\/www.noticiasradioreflejos.com.ar\/2021\/\",\"name\":\"Noticias Radio Reflejos\",\"description\":\"Las noticias de mi comarca\",\"potentialAction\":[{\"@type\":\"SearchAction\",\"target\":{\"@type\":\"EntryPoint\",\"urlTemplate\":\"https:\/\/www.noticiasradioreflejos.com.ar\/2021\/?s={search_term_string}\"},\"query-input\":{\"@type\":\"PropertyValueSpecification\",\"valueRequired\":true,\"valueName\":\"search_term_string\"}}],\"inLanguage\":\"es\"},{\"@type\":\"Person\",\"@id\":\"https:\/\/www.noticiasradioreflejos.com.ar\/2021\/#\/schema\/person\/ad82545263dcc5ec0996818884fd5fb1\",\"name\":\"Arnaldo Botto\",\"image\":{\"@type\":\"ImageObject\",\"inLanguage\":\"es\",\"@id\":\"https:\/\/www.noticiasradioreflejos.com.ar\/2021\/#\/schema\/person\/image\/\",\"url\":\"https:\/\/secure.gravatar.com\/avatar\/55cb5e37c1efa326397366e6974cb338056df65cb50e7d64d1cf314e87504837?s=96&d=mm&r=g\",\"contentUrl\":\"https:\/\/secure.gravatar.com\/avatar\/55cb5e37c1efa326397366e6974cb338056df65cb50e7d64d1cf314e87504837?s=96&d=mm&r=g\",\"caption\":\"Arnaldo Botto\"},\"url\":\"https:\/\/www.noticiasradioreflejos.com.ar\/2021\/author\/arnaldo\/\"}]}<\/script>\n<!-- \/ Yoast SEO plugin. -->","yoast_head_json":{"title":"Coronel Suarez: Una firma dedicada al calzado deportivo sum\u00f3 100 nuevos puestos de trabajo - Noticias Radio Reflejos","robots":{"index":"index","follow":"follow","max-snippet":"max-snippet:-1","max-image-preview":"max-image-preview:large","max-video-preview":"max-video-preview:-1"},"canonical":"https:\/\/www.noticiasradioreflejos.com.ar\/2021\/coronel-suarez-una-firma-dedicada-al-calzado-deportivo-sumo-100-nuevos-puestos-de-trabajo\/","og_locale":"es_ES","og_type":"article","og_title":"Coronel Suarez: Una firma dedicada al calzado deportivo sum\u00f3 100 nuevos puestos de trabajo - Noticias Radio Reflejos","og_description":"El Grupo Dass, que fabrica las marcas Adidas y Reebok, y ahora sumar\u00e1 los productos de FILA, incorporar\u00e1 dos l\u00edneas de producci\u00edon. En su otra planta, en Misiones, fabrican las marcas Nike, Umbro, Asics y Under Armou.","og_url":"https:\/\/www.noticiasradioreflejos.com.ar\/2021\/coronel-suarez-una-firma-dedicada-al-calzado-deportivo-sumo-100-nuevos-puestos-de-trabajo\/","og_site_name":"Noticias Radio Reflejos","article_published_time":"2022-04-17T14:07:11+00:00","og_image":[{"url":"https:\/\/www.telam.com.ar\/thumbs\/bluesteel\/advf\/imagenes\/2022\/04\/625c06977201a_900.jpg","type":"","width":"","height":""}],"author":"Arnaldo Botto","twitter_card":"summary_large_image","schema":{"@context":"https:\/\/schema.org","@graph":[{"@type":"WebPage","@id":"https:\/\/www.noticiasradioreflejos.com.ar\/2021\/coronel-suarez-una-firma-dedicada-al-calzado-deportivo-sumo-100-nuevos-puestos-de-trabajo\/","url":"https:\/\/www.noticiasradioreflejos.com.ar\/2021\/coronel-suarez-una-firma-dedicada-al-calzado-deportivo-sumo-100-nuevos-puestos-de-trabajo\/","name":"Coronel Suarez: Una firma dedicada al calzado deportivo sum\u00f3 100 nuevos puestos de trabajo - Noticias Radio Reflejos","isPartOf":{"@id":"https:\/\/www.noticiasradioreflejos.com.ar\/2021\/#website"},"primaryImageOfPage":{"@id":"https:\/\/www.noticiasradioreflejos.com.ar\/2021\/coronel-suarez-una-firma-dedicada-al-calzado-deportivo-sumo-100-nuevos-puestos-de-trabajo\/#primaryimage"},"image":{"@id":"https:\/\/www.noticiasradioreflejos.com.ar\/2021\/coronel-suarez-una-firma-dedicada-al-calzado-deportivo-sumo-100-nuevos-puestos-de-trabajo\/#primaryimage"},"thumbnailUrl":"https:\/\/www.telam.com.ar\/thumbs\/bluesteel\/advf\/imagenes\/2022\/04\/625c06977201a_900.jpg","datePublished":"2022-04-17T14:07:11+00:00","author":{"@id":"https:\/\/www.noticiasradioreflejos.com.ar\/2021\/#\/schema\/person\/ad82545263dcc5ec0996818884fd5fb1"},"breadcrumb":{"@id":"https:\/\/www.noticiasradioreflejos.com.ar\/2021\/coronel-suarez-una-firma-dedicada-al-calzado-deportivo-sumo-100-nuevos-puestos-de-trabajo\/#breadcrumb"},"inLanguage":"es","potentialAction":[{"@type":"ReadAction","target":["https:\/\/www.noticiasradioreflejos.com.ar\/2021\/coronel-suarez-una-firma-dedicada-al-calzado-deportivo-sumo-100-nuevos-puestos-de-trabajo\/"]}]},{"@type":"ImageObject","inLanguage":"es","@id":"https:\/\/www.noticiasradioreflejos.com.ar\/2021\/coronel-suarez-una-firma-dedicada-al-calzado-deportivo-sumo-100-nuevos-puestos-de-trabajo\/#primaryimage","url":"https:\/\/www.telam.com.ar\/thumbs\/bluesteel\/advf\/imagenes\/2022\/04\/625c06977201a_900.jpg","contentUrl":"https:\/\/www.telam.com.ar\/thumbs\/bluesteel\/advf\/imagenes\/2022\/04\/625c06977201a_900.jpg"},{"@type":"BreadcrumbList","@id":"https:\/\/www.noticiasradioreflejos.com.ar\/2021\/coronel-suarez-una-firma-dedicada-al-calzado-deportivo-sumo-100-nuevos-puestos-de-trabajo\/#breadcrumb","itemListElement":[{"@type":"ListItem","position":1,"name":"Portada","item":"https:\/\/www.noticiasradioreflejos.com.ar\/2021\/"},{"@type":"ListItem","position":2,"name":"Coronel Suarez: Una firma dedicada al calzado deportivo sum\u00f3 100 nuevos puestos de trabajo"}]},{"@type":"WebSite","@id":"https:\/\/www.noticiasradioreflejos.com.ar\/2021\/#website","url":"https:\/\/www.noticiasradioreflejos.com.ar\/2021\/","name":"Noticias Radio Reflejos","description":"Las noticias de mi comarca","potentialAction":[{"@type":"SearchAction","target":{"@type":"EntryPoint","urlTemplate":"https:\/\/www.noticiasradioreflejos.com.ar\/2021\/?s={search_term_string}"},"query-input":{"@type":"PropertyValueSpecification","valueRequired":true,"valueName":"search_term_string"}}],"inLanguage":"es"},{"@type":"Person","@id":"https:\/\/www.noticiasradioreflejos.com.ar\/2021\/#\/schema\/person\/ad82545263dcc5ec0996818884fd5fb1","name":"Arnaldo Botto","image":{"@type":"ImageObject","inLanguage":"es","@id":"https:\/\/www.noticiasradioreflejos.com.ar\/2021\/#\/schema\/person\/image\/","url":"https:\/\/secure.gravatar.com\/avatar\/55cb5e37c1efa326397366e6974cb338056df65cb50e7d64d1cf314e87504837?s=96&d=mm&r=g","contentUrl":"https:\/\/secure.gravatar.com\/avatar\/55cb5e37c1efa326397366e6974cb338056df65cb50e7d64d1cf314e87504837?s=96&d=mm&r=g","caption":"Arnaldo Botto"},"url":"https:\/\/www.noticiasradioreflejos.com.ar\/2021\/author\/arnaldo\/"}]}},"_links":{"self":[{"href":"https:\/\/www.noticiasradioreflejos.com.ar\/2021\/wp-json\/wp\/v2\/posts\/70693","targetHints":{"allow":["GET"]}}],"collection":[{"href":"https:\/\/www.noticiasradioreflejos.com.ar\/2021\/wp-json\/wp\/v2\/posts"}],"about":[{"href":"https:\/\/www.noticiasradioreflejos.com.ar\/2021\/wp-json\/wp\/v2\/types\/post"}],"author":[{"embeddable":true,"href":"https:\/\/www.noticiasradioreflejos.com.ar\/2021\/wp-json\/wp\/v2\/users\/3"}],"replies":[{"embeddable":true,"href":"https:\/\/www.noticiasradioreflejos.com.ar\/2021\/wp-json\/wp\/v2\/comments?post=70693"}],"version-history":[{"count":1,"href":"https:\/\/www.noticiasradioreflejos.com.ar\/2021\/wp-json\/wp\/v2\/posts\/70693\/revisions"}],"predecessor-version":[{"id":70695,"href":"https:\/\/www.noticiasradioreflejos.com.ar\/2021\/wp-json\/wp\/v2\/posts\/70693\/revisions\/70695"}],"wp:attachment":[{"href":"https:\/\/www.noticiasradioreflejos.com.ar\/2021\/wp-json\/wp\/v2\/media?parent=70693"}],"wp:term":[{"taxonomy":"category","embeddable":true,"href":"https:\/\/www.noticiasradioreflejos.com.ar\/2021\/wp-json\/wp\/v2\/categories?post=70693"},{"taxonomy":"post_tag","embeddable":true,"href":"https:\/\/www.noticiasradioreflejos.com.ar\/2021\/wp-json\/wp\/v2\/tags?post=70693"}],"curies":[{"name":"wp","href":"https:\/\/api.w.org\/{rel}","templated":true}]}}