{"id":70687,"date":"2022-04-17T12:32:32","date_gmt":"2022-04-17T12:32:32","guid":{"rendered":"http:\/\/www.noticiasradioreflejos.com.ar\/2021\/?p=70687"},"modified":"2022-04-17T12:32:32","modified_gmt":"2022-04-17T12:32:32","slug":"estudian-la-vida-de-los-peces-del-jurasico-en-la-antartida","status":"publish","type":"post","link":"https:\/\/www.noticiasradioreflejos.com.ar\/2021\/estudian-la-vida-de-los-peces-del-jurasico-en-la-antartida\/","title":{"rendered":"Estudian la vida de los peces del Jur\u00e1sico en la Ant\u00e1rtida"},"content":{"rendered":"<p>Investigadores de la Universidad Nacional de La Plata buscar\u00e1n determinar c\u00f3mo eran esos peces, pero tambi\u00e9n con qu\u00e9 fauna conviv\u00edan y las rutas o corredores marinos que estaban abiertos y podr\u00edan haber permitido el intercambio de especies.<!--more--><\/p>\n<div class=\"name\">POR JULIO MOSLE<\/div>\n<div>\n<div class=\"wrapper-editable-content\">\n<div>\n<div class=\"container-md\">\n<div class=\"row\">\n<div class=\"col-md-12 speak\">\n<div class=\"paragraph\">\n<figure class=\"mb-3\"><img decoding=\"async\" src=\"https:\/\/www.telam.com.ar\/thumbs\/bluesteel\/advf\/imagenes\/2022\/04\/625aee85eb7c8_900.jpg\" alt=\"De la cuarta campaa en la Pennsula Antrtica el equipo trajo 9 cajones de entre 30 y 45 kilos de muestras\" width=\"100%\" height=\"100%\" \/><\/p>\n<div class=\"media-icons\"><\/div><figcaption>De la cuarta campa\u00f1a en la Pen\u00ednsula Ant\u00e1rtica, el equipo trajo 9 cajones de entre 30 y 45 kilos de muestras.<\/figcaption><\/figure>\n<p>Investigadores de la Facultad de Ciencias Naturales y Museo de la Universidad Nacional de La Plata (UNLP) trabajan junto al Instituto Ant\u00e1rtico Argentino (IAA) en el registro de peces f\u00f3siles de 150 millones de a\u00f1os al sur de la Pen\u00ednsula Ant\u00e1rtica, lo que permitir\u00e1 conocer la evoluci\u00f3n de esas formas de vida, su adaptaci\u00f3n a los cambios clim\u00e1ticos y sus migraciones durante la conformaci\u00f3n de los continentes.<\/p>\n<p>Soledad Gouiric Cavalli, doctora en Ciencias Naturales de la UNLP e investigadora del Conicet en el Museo de La Plata, afirm\u00f3 a T\u00e9lam que mientras realizaba su tesis doctoral se dio cuenta que hab\u00eda poco registro sobre los peces argentinos del per\u00edodo Jur\u00e1sico en territorio ant\u00e1rtico, lo que la llev\u00f3 a contactarse con el responsable del proyecto de Paleontolog\u00eda de Vertebrados del IAA, Marcelo Reguero.<\/p>\n<p>\u00abMe propuso presentar el plan para una campa\u00f1a de investigaci\u00f3n de campo que terminamos concretando en 2016\u00bb, cont\u00f3 Gouiric Cavalli.<\/p>\n<blockquote class=\"\"><p>\u00abEsto sirve para interpretar parte de la historia evolutiva de la zona, incluyendo no s\u00f3lo la diversidad faun\u00edstica sino proporcionando informaci\u00f3n sobre posibles interacciones tr\u00f3ficas, estimaciones de paleotemperaturas y paleocorrientes\u00bb<cite class=\"author\">Soledad Gouiric Cavalli, investigadora del Conicet<\/cite><\/p><\/blockquote>\n<p>La investigaci\u00f3n se centr\u00f3 en un lugar en la\u00a0<strong>Pen\u00ednsula Ant\u00e1rtica<\/strong>\u00a0donde afloran sedimentos marinos de la Formaci\u00f3n Ameghino, que se ubica a unos 114 kil\u00f3metros al sur de la isla Marambio, uno de los puntos m\u00e1s australes en los que se desplegaron campamentos cient\u00edficos a trav\u00e9s de helic\u00f3pteros.<\/p>\n<p>\u00abEn esa primera experiencia logramos reunir una gran cantidad de muestras que nos permitieron ampliar las l\u00edneas de investigaci\u00f3n, pensar en la vinculaci\u00f3n entre los peces de Argentina y la Ant\u00e1rtida con f\u00f3siles del mismo per\u00edodo encontrados en el Corredor Caribe\u00f1o y en Europa\u00bb, se\u00f1al\u00f3 la especialista.<\/p>\n<p>Ese hallazgo \u00abpermite inferir una\u00a0<strong>relaci\u00f3n entre los peces del Paleo-Pac\u00edfico y del mar Tetis<\/strong>\u00a0que cubr\u00eda parte de lo que hoy es Europa\u00bb, detall\u00f3 y a\u00f1adi\u00f3 que buscan \u00abdilucidar qu\u00e9 peces habitaron en los mares que cubr\u00edan lo que hoy conocemos como Argentina y Ant\u00e1rtida para entender su historia evolutiva y su vinculaci\u00f3n con los que habitaban en el mar de Tetis\u00bb.<\/p>\n<p>\u00abLa realidad es que cualquier estudio de peces f\u00f3siles en Argentina y la Ant\u00e1rtida es muy valioso porque<strong>\u00a0los peces f\u00f3siles del hemisferio sur son pr\u00e1cticamente desconocidos<\/strong>\u00a0en comparaci\u00f3n con los del hemisferio norte ya que la investigaci\u00f3n en nuestra regi\u00f3n est\u00e1 en pleno desarrollo\u00bb, a\u00f1adi\u00f3.<\/p>\n<figure class=\"mb-3\"><img decoding=\"async\" src=\"https:\/\/www.telam.com.ar\/thumbs\/bluesteel\/advf\/imagenes\/2022\/04\/625aee860cebf_900.jpg\" alt=\"Los materiales aparecen en lajas quebradas que hay que ensamblar en un rompecabezas con los restos fsiles para poder estudiarlos en detalle\" width=\"100%\" height=\"100%\" \/><\/p>\n<div class=\"media-icons\"><\/div><figcaption>Los materiales aparecen en lajas quebradas que hay que ensamblar en un rompecabezas con los restos f\u00f3siles para poder estudiarlos en detalle.<\/figcaption><\/figure>\n<p>La investigaci\u00f3n permitir\u00e1 conocer c\u00f3mo eran esos peces, pero tambi\u00e9n con qu\u00e9 fauna conviv\u00edan y las rutas o corredores marinos que estaban abiertos y podr\u00edan haber permitido el intercambio de especies.<\/p>\n<p>\u00ab<strong>Esto sirve para interpretar parte de la historia evolutiva de la zona<\/strong>, incluyendo no s\u00f3lo la diversidad faun\u00edstica sino proporcionando informaci\u00f3n sobre posibles interacciones tr\u00f3ficas, estimaciones de paleotemperaturas y paleocorrientes\u00bb, ponder\u00f3.<\/p>\n<p>Entre los hallazgos hay \u00abformas de peces que no estaban representadas en Argentina, distintos estad\u00edos ontogen\u00e9ticos de una misma especie, grupos, \u00f3rdenes y familias; lo m\u00e1s probable es que la gran mayor\u00eda de lo que encontremos sea no conocido para la ciencia hasta ahora\u00bb, indic\u00f3 Gouiric Cavalli.<\/p>\n<p>Un\u00a0<strong>desaf\u00edo para los investigadores<\/strong>\u00a0es que los materiales aparecen en lajas quebradas que hay que ensamblar en un rompecabezas con los restos f\u00f3siles para poder estudiarlos en detalle. \u00abEste verano encontramos algunas muestras completas en algunas lajas y eso nos facilitar\u00e1 la tarea de estudio\u00bb, remarc\u00f3.<\/p>\n<p>La investigadora describi\u00f3 el lugar de trabajo como \u00abun milhojas de piedras con distintos niveles de lajas superpuestas; una vez que identificamos un punto de inter\u00e9s por alg\u00fan indicio visible podemos pasar hasta ocho horas sentados partiendo lajas con un martillo en busca de f\u00f3siles\u00bb.<\/p>\n<p>De la<strong>\u00a0cuarta campa\u00f1a en la zona<\/strong>\u00a0el verano pasado, el equipo trajo 9 cajones de entre 30 y 45 kilos de muestras para ser procesadas e incorporadas al repositorio de f\u00f3siles del IAA.<\/p>\n<p>\u00abEste verano volvimos con unas 200 muestras que equivalen a unos 500 kilos de lajas, lo que es posible porque los helic\u00f3pteros que despliegan y repliegan los campamentos tambi\u00e9n hacen vuelos para recuperar los cajones de muestras o para trasladar herramientas a los campamentos\u00bb, precis\u00f3 sobre la log\u00edstica que requiere la investigaci\u00f3n.<\/p>\n<figure class=\"mb-3\"><img decoding=\"async\" src=\"https:\/\/www.telam.com.ar\/thumbs\/bluesteel\/advf\/imagenes\/2022\/04\/625aee862476c_900.jpg\" alt=\"Gouiric Cavalli afirm que armar un campamento en la Antrtida es algo muy costoso para el Estado nacional\" width=\"100%\" height=\"100%\" \/><\/p>\n<div class=\"media-icons\"><\/div><figcaption>Gouiric Cavalli afirm\u00f3 que armar un campamento en la Ant\u00e1rtida \u00abes algo muy costoso para el Estado nacional\u00bb.<\/figcaption><\/figure>\n<p>Los campamentos en general son de unos 25 a 30 d\u00edas dependiendo de la meteorolog\u00eda, pero\u00a0<strong>este verano se extendi\u00f3 a 40 d\u00edas<\/strong>\u00a0y el equipo regres\u00f3 a finales de febrero.<\/p>\n<p>\u00abViajamos con cuatro personas; los investigadores reconocen en el terreno cu\u00e1les son las muestras m\u00e1s interesantes y los sitios a explorar, los t\u00e9cnicos conocen los m\u00e9todos m\u00e1s eficaces para extraerlas y el personal del Comando Conjunto Ant\u00e1rtico de las Fuerzas Armadas (Cocoantar) se encarga de brindar apoyo log\u00edstico para sostener el despliegue en un lugar tan inh\u00f3spito\u00bb, detall\u00f3.<\/p>\n<p>Gouiric Cavalli afirm\u00f3 que\u00a0<strong>armar un campamento en la Ant\u00e1rtida \u00abes algo muy costoso para el Estado nacional\u00a0<\/strong>y un esfuerzo muy grande para todas las personas que se trasladan\u00bb, por lo que destac\u00f3 la importancia de \u00abrecuperar todas las muestras que se encuentren aunque no sean objeto de nuestras investigaciones particulares\u00bb.<\/p>\n<p>\u00abAdem\u00e1s se registran las condiciones de cada hallazgo porque la orientaci\u00f3n del f\u00f3sil en una laja podr\u00eda ayudar a precisar la corriente del agua en aquel momento; y el calentamiento global que se evidencia a\u00f1o a a\u00f1o produce cambios notables en la fisonom\u00eda del paisaje ant\u00e1rtico que dejan al descubierto nuevas superficies a explorar\u00bb, precis\u00f3.<\/p>\n<p>El proyecto de\u00a0<strong>Paleontolog\u00eda Vertebrados del IAA\u00a0<\/strong>est\u00e1 incluido en el\u00a0<strong>Plan Anual Ant\u00e1rtico<\/strong>.<\/p>\n<p>La base Marambio est\u00e1 ubicada en la isla del mismo nombre sobre el mar de Weddell, al noreste de la Pen\u00ednsula Ant\u00e1rtica y a 3.304 kil\u00f3metros de Buenos Aires.<\/p>\n<p>Las temperaturas en el lugar llegan a los treinta grados bajo cero y los vientos a 120 km\/h, una velocidad que evita una gran acumulaci\u00f3n de nieve en la zona de su meseta.<\/p>\n<\/div>\n<\/div>\n<\/div>\n<\/div>\n<\/div>\n<\/div>\n<\/div>\n","protected":false},"excerpt":{"rendered":"<p>Investigadores de la Universidad Nacional de La Plata buscar\u00e1n determinar c\u00f3mo eran esos peces, pero tambi\u00e9n con qu\u00e9 fauna conviv\u00edan y las rutas o corredores marinos que estaban abiertos y podr\u00edan haber permitido el intercambio de especies.<\/p>\n","protected":false},"author":3,"featured_media":0,"comment_status":"closed","ping_status":"closed","sticky":false,"template":"","format":"standard","meta":{"footnotes":""},"categories":[46],"tags":[],"class_list":["post-70687","post","type-post","status-publish","format-standard","hentry","category-ciencia-y-tecnologia"],"yoast_head":"<!-- This site is optimized with the Yoast SEO plugin v25.9 - https:\/\/yoast.com\/wordpress\/plugins\/seo\/ -->\n<title>Estudian la vida de los peces del Jur\u00e1sico en la Ant\u00e1rtida - Noticias Radio Reflejos<\/title>\n<meta name=\"robots\" content=\"index, follow, max-snippet:-1, max-image-preview:large, max-video-preview:-1\" \/>\n<link rel=\"canonical\" href=\"https:\/\/www.noticiasradioreflejos.com.ar\/2021\/estudian-la-vida-de-los-peces-del-jurasico-en-la-antartida\/\" \/>\n<meta property=\"og:locale\" content=\"es_ES\" \/>\n<meta property=\"og:type\" content=\"article\" \/>\n<meta property=\"og:title\" content=\"Estudian la vida de los peces del Jur\u00e1sico en la Ant\u00e1rtida - Noticias Radio Reflejos\" \/>\n<meta property=\"og:description\" content=\"Investigadores de la Universidad Nacional de La Plata buscar\u00e1n determinar c\u00f3mo eran esos peces, pero tambi\u00e9n con qu\u00e9 fauna conviv\u00edan y las rutas o corredores marinos que estaban abiertos y podr\u00edan haber permitido el intercambio de especies.\" \/>\n<meta property=\"og:url\" content=\"https:\/\/www.noticiasradioreflejos.com.ar\/2021\/estudian-la-vida-de-los-peces-del-jurasico-en-la-antartida\/\" \/>\n<meta property=\"og:site_name\" content=\"Noticias Radio Reflejos\" \/>\n<meta property=\"article:published_time\" content=\"2022-04-17T12:32:32+00:00\" \/>\n<meta property=\"og:image\" content=\"https:\/\/www.telam.com.ar\/thumbs\/bluesteel\/advf\/imagenes\/2022\/04\/625aee85eb7c8_900.jpg\" \/>\n<meta name=\"author\" content=\"Arnaldo Botto\" \/>\n<meta name=\"twitter:card\" content=\"summary_large_image\" \/>\n<script type=\"application\/ld+json\" class=\"yoast-schema-graph\">{\"@context\":\"https:\/\/schema.org\",\"@graph\":[{\"@type\":\"WebPage\",\"@id\":\"https:\/\/www.noticiasradioreflejos.com.ar\/2021\/estudian-la-vida-de-los-peces-del-jurasico-en-la-antartida\/\",\"url\":\"https:\/\/www.noticiasradioreflejos.com.ar\/2021\/estudian-la-vida-de-los-peces-del-jurasico-en-la-antartida\/\",\"name\":\"Estudian la vida de los peces del Jur\u00e1sico en la Ant\u00e1rtida - Noticias Radio Reflejos\",\"isPartOf\":{\"@id\":\"https:\/\/www.noticiasradioreflejos.com.ar\/2021\/#website\"},\"primaryImageOfPage\":{\"@id\":\"https:\/\/www.noticiasradioreflejos.com.ar\/2021\/estudian-la-vida-de-los-peces-del-jurasico-en-la-antartida\/#primaryimage\"},\"image\":{\"@id\":\"https:\/\/www.noticiasradioreflejos.com.ar\/2021\/estudian-la-vida-de-los-peces-del-jurasico-en-la-antartida\/#primaryimage\"},\"thumbnailUrl\":\"https:\/\/www.telam.com.ar\/thumbs\/bluesteel\/advf\/imagenes\/2022\/04\/625aee85eb7c8_900.jpg\",\"datePublished\":\"2022-04-17T12:32:32+00:00\",\"author\":{\"@id\":\"https:\/\/www.noticiasradioreflejos.com.ar\/2021\/#\/schema\/person\/ad82545263dcc5ec0996818884fd5fb1\"},\"breadcrumb\":{\"@id\":\"https:\/\/www.noticiasradioreflejos.com.ar\/2021\/estudian-la-vida-de-los-peces-del-jurasico-en-la-antartida\/#breadcrumb\"},\"inLanguage\":\"es\",\"potentialAction\":[{\"@type\":\"ReadAction\",\"target\":[\"https:\/\/www.noticiasradioreflejos.com.ar\/2021\/estudian-la-vida-de-los-peces-del-jurasico-en-la-antartida\/\"]}]},{\"@type\":\"ImageObject\",\"inLanguage\":\"es\",\"@id\":\"https:\/\/www.noticiasradioreflejos.com.ar\/2021\/estudian-la-vida-de-los-peces-del-jurasico-en-la-antartida\/#primaryimage\",\"url\":\"https:\/\/www.telam.com.ar\/thumbs\/bluesteel\/advf\/imagenes\/2022\/04\/625aee85eb7c8_900.jpg\",\"contentUrl\":\"https:\/\/www.telam.com.ar\/thumbs\/bluesteel\/advf\/imagenes\/2022\/04\/625aee85eb7c8_900.jpg\"},{\"@type\":\"BreadcrumbList\",\"@id\":\"https:\/\/www.noticiasradioreflejos.com.ar\/2021\/estudian-la-vida-de-los-peces-del-jurasico-en-la-antartida\/#breadcrumb\",\"itemListElement\":[{\"@type\":\"ListItem\",\"position\":1,\"name\":\"Portada\",\"item\":\"https:\/\/www.noticiasradioreflejos.com.ar\/2021\/\"},{\"@type\":\"ListItem\",\"position\":2,\"name\":\"Estudian la vida de los peces del Jur\u00e1sico en la Ant\u00e1rtida\"}]},{\"@type\":\"WebSite\",\"@id\":\"https:\/\/www.noticiasradioreflejos.com.ar\/2021\/#website\",\"url\":\"https:\/\/www.noticiasradioreflejos.com.ar\/2021\/\",\"name\":\"Noticias Radio Reflejos\",\"description\":\"Las noticias de mi comarca\",\"potentialAction\":[{\"@type\":\"SearchAction\",\"target\":{\"@type\":\"EntryPoint\",\"urlTemplate\":\"https:\/\/www.noticiasradioreflejos.com.ar\/2021\/?s={search_term_string}\"},\"query-input\":{\"@type\":\"PropertyValueSpecification\",\"valueRequired\":true,\"valueName\":\"search_term_string\"}}],\"inLanguage\":\"es\"},{\"@type\":\"Person\",\"@id\":\"https:\/\/www.noticiasradioreflejos.com.ar\/2021\/#\/schema\/person\/ad82545263dcc5ec0996818884fd5fb1\",\"name\":\"Arnaldo Botto\",\"image\":{\"@type\":\"ImageObject\",\"inLanguage\":\"es\",\"@id\":\"https:\/\/www.noticiasradioreflejos.com.ar\/2021\/#\/schema\/person\/image\/\",\"url\":\"https:\/\/secure.gravatar.com\/avatar\/55cb5e37c1efa326397366e6974cb338056df65cb50e7d64d1cf314e87504837?s=96&d=mm&r=g\",\"contentUrl\":\"https:\/\/secure.gravatar.com\/avatar\/55cb5e37c1efa326397366e6974cb338056df65cb50e7d64d1cf314e87504837?s=96&d=mm&r=g\",\"caption\":\"Arnaldo Botto\"},\"url\":\"https:\/\/www.noticiasradioreflejos.com.ar\/2021\/author\/arnaldo\/\"}]}<\/script>\n<!-- \/ Yoast SEO plugin. -->","yoast_head_json":{"title":"Estudian la vida de los peces del Jur\u00e1sico en la Ant\u00e1rtida - Noticias Radio Reflejos","robots":{"index":"index","follow":"follow","max-snippet":"max-snippet:-1","max-image-preview":"max-image-preview:large","max-video-preview":"max-video-preview:-1"},"canonical":"https:\/\/www.noticiasradioreflejos.com.ar\/2021\/estudian-la-vida-de-los-peces-del-jurasico-en-la-antartida\/","og_locale":"es_ES","og_type":"article","og_title":"Estudian la vida de los peces del Jur\u00e1sico en la Ant\u00e1rtida - Noticias Radio Reflejos","og_description":"Investigadores de la Universidad Nacional de La Plata buscar\u00e1n determinar c\u00f3mo eran esos peces, pero tambi\u00e9n con qu\u00e9 fauna conviv\u00edan y las rutas o corredores marinos que estaban abiertos y podr\u00edan haber permitido el intercambio de especies.","og_url":"https:\/\/www.noticiasradioreflejos.com.ar\/2021\/estudian-la-vida-de-los-peces-del-jurasico-en-la-antartida\/","og_site_name":"Noticias Radio Reflejos","article_published_time":"2022-04-17T12:32:32+00:00","og_image":[{"url":"https:\/\/www.telam.com.ar\/thumbs\/bluesteel\/advf\/imagenes\/2022\/04\/625aee85eb7c8_900.jpg","type":"","width":"","height":""}],"author":"Arnaldo Botto","twitter_card":"summary_large_image","schema":{"@context":"https:\/\/schema.org","@graph":[{"@type":"WebPage","@id":"https:\/\/www.noticiasradioreflejos.com.ar\/2021\/estudian-la-vida-de-los-peces-del-jurasico-en-la-antartida\/","url":"https:\/\/www.noticiasradioreflejos.com.ar\/2021\/estudian-la-vida-de-los-peces-del-jurasico-en-la-antartida\/","name":"Estudian la vida de los peces del Jur\u00e1sico en la Ant\u00e1rtida - Noticias Radio Reflejos","isPartOf":{"@id":"https:\/\/www.noticiasradioreflejos.com.ar\/2021\/#website"},"primaryImageOfPage":{"@id":"https:\/\/www.noticiasradioreflejos.com.ar\/2021\/estudian-la-vida-de-los-peces-del-jurasico-en-la-antartida\/#primaryimage"},"image":{"@id":"https:\/\/www.noticiasradioreflejos.com.ar\/2021\/estudian-la-vida-de-los-peces-del-jurasico-en-la-antartida\/#primaryimage"},"thumbnailUrl":"https:\/\/www.telam.com.ar\/thumbs\/bluesteel\/advf\/imagenes\/2022\/04\/625aee85eb7c8_900.jpg","datePublished":"2022-04-17T12:32:32+00:00","author":{"@id":"https:\/\/www.noticiasradioreflejos.com.ar\/2021\/#\/schema\/person\/ad82545263dcc5ec0996818884fd5fb1"},"breadcrumb":{"@id":"https:\/\/www.noticiasradioreflejos.com.ar\/2021\/estudian-la-vida-de-los-peces-del-jurasico-en-la-antartida\/#breadcrumb"},"inLanguage":"es","potentialAction":[{"@type":"ReadAction","target":["https:\/\/www.noticiasradioreflejos.com.ar\/2021\/estudian-la-vida-de-los-peces-del-jurasico-en-la-antartida\/"]}]},{"@type":"ImageObject","inLanguage":"es","@id":"https:\/\/www.noticiasradioreflejos.com.ar\/2021\/estudian-la-vida-de-los-peces-del-jurasico-en-la-antartida\/#primaryimage","url":"https:\/\/www.telam.com.ar\/thumbs\/bluesteel\/advf\/imagenes\/2022\/04\/625aee85eb7c8_900.jpg","contentUrl":"https:\/\/www.telam.com.ar\/thumbs\/bluesteel\/advf\/imagenes\/2022\/04\/625aee85eb7c8_900.jpg"},{"@type":"BreadcrumbList","@id":"https:\/\/www.noticiasradioreflejos.com.ar\/2021\/estudian-la-vida-de-los-peces-del-jurasico-en-la-antartida\/#breadcrumb","itemListElement":[{"@type":"ListItem","position":1,"name":"Portada","item":"https:\/\/www.noticiasradioreflejos.com.ar\/2021\/"},{"@type":"ListItem","position":2,"name":"Estudian la vida de los peces del Jur\u00e1sico en la Ant\u00e1rtida"}]},{"@type":"WebSite","@id":"https:\/\/www.noticiasradioreflejos.com.ar\/2021\/#website","url":"https:\/\/www.noticiasradioreflejos.com.ar\/2021\/","name":"Noticias Radio Reflejos","description":"Las noticias de mi comarca","potentialAction":[{"@type":"SearchAction","target":{"@type":"EntryPoint","urlTemplate":"https:\/\/www.noticiasradioreflejos.com.ar\/2021\/?s={search_term_string}"},"query-input":{"@type":"PropertyValueSpecification","valueRequired":true,"valueName":"search_term_string"}}],"inLanguage":"es"},{"@type":"Person","@id":"https:\/\/www.noticiasradioreflejos.com.ar\/2021\/#\/schema\/person\/ad82545263dcc5ec0996818884fd5fb1","name":"Arnaldo Botto","image":{"@type":"ImageObject","inLanguage":"es","@id":"https:\/\/www.noticiasradioreflejos.com.ar\/2021\/#\/schema\/person\/image\/","url":"https:\/\/secure.gravatar.com\/avatar\/55cb5e37c1efa326397366e6974cb338056df65cb50e7d64d1cf314e87504837?s=96&d=mm&r=g","contentUrl":"https:\/\/secure.gravatar.com\/avatar\/55cb5e37c1efa326397366e6974cb338056df65cb50e7d64d1cf314e87504837?s=96&d=mm&r=g","caption":"Arnaldo Botto"},"url":"https:\/\/www.noticiasradioreflejos.com.ar\/2021\/author\/arnaldo\/"}]}},"_links":{"self":[{"href":"https:\/\/www.noticiasradioreflejos.com.ar\/2021\/wp-json\/wp\/v2\/posts\/70687","targetHints":{"allow":["GET"]}}],"collection":[{"href":"https:\/\/www.noticiasradioreflejos.com.ar\/2021\/wp-json\/wp\/v2\/posts"}],"about":[{"href":"https:\/\/www.noticiasradioreflejos.com.ar\/2021\/wp-json\/wp\/v2\/types\/post"}],"author":[{"embeddable":true,"href":"https:\/\/www.noticiasradioreflejos.com.ar\/2021\/wp-json\/wp\/v2\/users\/3"}],"replies":[{"embeddable":true,"href":"https:\/\/www.noticiasradioreflejos.com.ar\/2021\/wp-json\/wp\/v2\/comments?post=70687"}],"version-history":[{"count":1,"href":"https:\/\/www.noticiasradioreflejos.com.ar\/2021\/wp-json\/wp\/v2\/posts\/70687\/revisions"}],"predecessor-version":[{"id":70689,"href":"https:\/\/www.noticiasradioreflejos.com.ar\/2021\/wp-json\/wp\/v2\/posts\/70687\/revisions\/70689"}],"wp:attachment":[{"href":"https:\/\/www.noticiasradioreflejos.com.ar\/2021\/wp-json\/wp\/v2\/media?parent=70687"}],"wp:term":[{"taxonomy":"category","embeddable":true,"href":"https:\/\/www.noticiasradioreflejos.com.ar\/2021\/wp-json\/wp\/v2\/categories?post=70687"},{"taxonomy":"post_tag","embeddable":true,"href":"https:\/\/www.noticiasradioreflejos.com.ar\/2021\/wp-json\/wp\/v2\/tags?post=70687"}],"curies":[{"name":"wp","href":"https:\/\/api.w.org\/{rel}","templated":true}]}}