{"id":70681,"date":"2022-04-17T12:15:57","date_gmt":"2022-04-17T12:15:57","guid":{"rendered":"http:\/\/www.noticiasradioreflejos.com.ar\/2021\/?p=70681"},"modified":"2022-04-17T12:15:57","modified_gmt":"2022-04-17T12:15:57","slug":"mano-pie-boca-y-herpangina-algunas-de-las-enfermedades-que-volvieron-en-los-ninos","status":"publish","type":"post","link":"https:\/\/www.noticiasradioreflejos.com.ar\/2021\/mano-pie-boca-y-herpangina-algunas-de-las-enfermedades-que-volvieron-en-los-ninos\/","title":{"rendered":"Mano-Pie-Boca y herpangina, algunas de las enfermedades que \u00abvolvieron\u00bb en los ni\u00f1os"},"content":{"rendered":"<p>Seg\u00fan especialistas consultados por T\u00e9lam, estas patolog\u00edas se vinculan con el regreso a la presencialidad plena en las escuelas. Se suman a la circulaci\u00f3n adelantada de la influenza que, junto a las bajas temperaturas, favorecen las exacerbaciones en ni\u00f1as, ni\u00f1os y adolescentes con asma.<!--more--><\/p>\n<div class=\"name\">POR NATALIA CONCINA<\/div>\n<div>\n<div class=\"wrapper-editable-content\">\n<div>\n<div class=\"container-md\">\n<div class=\"row\">\n<div class=\"col-md-12 speak\">\n<div class=\"paragraph\">\n<figure class=\"mb-3\"><img decoding=\"async\" src=\"https:\/\/www.telam.com.ar\/thumbs\/bluesteel\/advf\/imagenes\/2018\/06\/5b1a8eb78760d_900.jpg\" alt=\"Manopieboca herpangina y resfro son algunas de las enfermedades que resurgieron con el retorno a la presencialidad plena en las escuelas\" width=\"100%\" height=\"100%\" \/><\/p>\n<div class=\"media-icons\"><\/div><figcaption>Mano-pie-boca, herpangina y resfr\u00edo son algunas de las enfermedades que resurgieron con el retorno a la presencialidad plena en las escuelas.<\/figcaption><\/figure>\n<p>Mano-pie-boca, herpangina y resfr\u00edo son algunas de las enfermedades que resurgieron con el retorno a la presencialidad plena en las escuelas originadas por virus que\u00a0<strong>se suman a la circulaci\u00f3n adelantada de la influenza<\/strong>, y que, adem\u00e1s, junto a las bajas temperaturas favorecen las exacerbaciones en ni\u00f1as, ni\u00f1os y adolescentes con asma, se\u00f1alaron especialistas al dar un panorama de los cuadros respiratorios que se ven este a\u00f1o.<\/p>\n<p>\u00abEl hospital est\u00e1 atendiendo entre 500 y 700 personas como demanda espont\u00e1nea sumado a la atenci\u00f3n programada y<strong>\u00a0en el \u00faltimo tiempo vimos n\u00fameros m\u00e1s altos incluso que los de pre-pandemia<\/strong>\u00ab, indic\u00f3 a T\u00e9lam Nicol\u00e1s Affranchino, m\u00e9dico del Hospital pedi\u00e1trico Garrahan, centro de salud de referencia ubicado en la Ciudad de Buenos Aires.<\/p>\n<p>Affranchino explic\u00f3 que \u00abesto se vincula con el regreso de enfermedades infecciosas que comenzaron a incrementarse a partir de una mayor circulaci\u00f3n de las personas, y con una demanda contenida de situaciones que no se atendieron durante la pandemia\u00bb.<\/p>\n<p><strong>\u00abLo m\u00e1s prevalente en este momento son los virus estacionales como el rinovirus<\/strong>\u00a0(que causa resfr\u00edo com\u00fan) e\u00a0<strong>influenza\u00a0<\/strong>(el de la gripe), pero tambi\u00e9n estamos teniendo muchas consultas de pacientes con obesidad, trastornos de desarrollo, de conducta y enfermedades cr\u00f3nicas\u00bb, describi\u00f3.<\/p>\n<blockquote class=\"\"><p>\u00abLo m\u00e1s prevalente en este momento son los virus estacionales como el rinovirus\u00a0e\u00a0influenza, pero tambi\u00e9n estamos teniendo muchas consultas de pacientes con obesidad, trastornos de desarrollo, de conducta y enfermedades cr\u00f3nicas\u00bb<cite class=\"author\">Nicol\u00e1s Affranchino, m\u00e9dico del Hospital Garrahan<\/cite><\/p><\/blockquote>\n<p>Otras enfermedades vir\u00f3sicas que mencion\u00f3 el especialista son la denominada\u00a0<strong>Mano-Pie-Boca y la herpangina.<\/strong>\u00a0\u00abSe trata de enfermedades causadas por<strong>\u00a0virus de la familia de los enterovirus,<\/strong>\u00a0el m\u00e1s com\u00fan es el coxsackie, que generan cuadros con ampollas s\u00f3lo en la garganta o en partes del cuerpo como las manos, pies y boca, de ah\u00ed el nombre\u00bb, se\u00f1al\u00f3.<\/p>\n<p>El m\u00e9dico indic\u00f3 que por lo general son\u00a0<strong>cuadros autolimitados\u00a0<\/strong>(los resuelve el propio organismo mediante el desarrollo de defensas espec\u00edficas),<strong>\u00a0benignos<\/strong>\u00a0y que, a lo sumo, generan complicaciones en la alimentaci\u00f3n por el compromiso de la boca.<\/p>\n<p>En el mismo sentido, la m\u00e9dica infect\u00f3loga pediatra Gabriela Tapponnier, se\u00f1al\u00f3 que \u00aben este momento estamos teniendo una alta circulaci\u00f3n del\u00a0<strong>virus de la gripe\u00a0<\/strong>que afecta tambi\u00e9n a los ni\u00f1os generando\u00a0<strong>cuadros respiratorios con tos, fiebre, congesti\u00f3n nasal y dolor de cabeza\u00bb.<\/strong><\/p>\n<p>\u00abTambi\u00e9n se est\u00e1n viendo cuadros producidos por otros virus que se transmiten por la v\u00eda respiratoria que tienen que ver con la \u00e9poca del a\u00f1o como el coxsackie que genera la enfermedad mano-pie-boca\u00bb, indic\u00f3 Tapponnier, secretaria del Comit\u00e9 de Infectolog\u00eda de la Sociedad Argentina de Pediatr\u00eda (SAP).<\/p>\n<p>La especialista explic\u00f3 que\u00a0<strong>estas enfermedades virales son leves\u00a0<\/strong>y\u00a0<strong>se autolimitan por lo general en una semana<\/strong>, pero advirti\u00f3 que es necesario\u00a0<strong>estar alerta frente a situaciones como sensaci\u00f3n de falta de aire, fiebre muy elevada y en el caso de los lactantes m\u00e1s peque\u00f1os el rechazo al alimento,<\/strong>\u00a0lo que debe derivar en una consulta al m\u00e9dico de cabecera o a una guardia.<\/p>\n<figure class=\"mb-3\"><img decoding=\"async\" src=\"https:\/\/www.telam.com.ar\/thumbs\/bluesteel\/advf\/imagenes\/2018\/05\/5ae98eafb7b1e_900.jpg\" alt=\"El diagnstico en etapa temprana y ser proactivo en el tratamiento hace que el asma sea controlada\" width=\"100%\" height=\"100%\" \/><\/p>\n<div class=\"media-icons\"><\/div><figcaption>El diagn\u00f3stico en etapa temprana y ser proactivo en el tratamiento hace que el asma sea controlada.<\/figcaption><\/figure>\n<h2 class=\"\">Asma<\/h2>\n<p>\u00abEn esta \u00e9poca del a\u00f1o donde\u00a0<strong>aumentan las infecciones de la v\u00eda respiratoria tanto superior como inferior por gripes o resfr\u00edos<\/strong>\u00a0los\u00a0<strong>pacientes con asma pueden tener exacerbaciones<\/strong>; otros desencadenantes pueden ser los cambios de temperatura y de clima; por eso es importante la consulta previa para estar preparado\u00bb, indic\u00f3 por su parte<strong>\u00a0<\/strong>Anah\u00ed Ya\u00f1ez m\u00e9dica especialista en Alergia e Inmunolog\u00eda Cl\u00ednica.<\/p>\n<p>Ya\u00f1ez explic\u00f3 que el\u00a0<strong>asma es un proceso inflamatorio cr\u00f3nico de la mucosa de los bronquios,<\/strong>\u00a0lo que da origen a la sintomatolog\u00eda.<\/p>\n<p>\u00abLa forma de\u00a0<strong>presentaci\u00f3n cl\u00ednica del asma es diversa\u00a0<\/strong>y depende de cada persona: hay pacientes que tienen como \u00fanico s\u00edntoma la tos mientras que otros pueden tener sensaci\u00f3n de falta de aire, chillido, tos y hasta secreciones\u00bb, apunt\u00f3.<\/p>\n<blockquote class=\"\"><p>\u00abEn esta \u00e9poca del a\u00f1o donde\u00a0aumentan las infecciones de la v\u00eda respiratoria tanto superior como inferior por gripes o resfr\u00edos\u00a0los\u00a0pacientes con asma pueden tener exacerbaciones\u00bb<cite class=\"author\">Anah\u00ed Ya\u00f1ez, m\u00e9dica especialista en Alergia e Inmunolog\u00eda Cl\u00ednica<\/cite><\/p><\/blockquote>\n<p>En relaci\u00f3n a los tipos de asma, sostuvo que\u00a0<strong>las causas que los originan son m\u00faltiples<\/strong>. \u00abHay factores ambientales, gen\u00e9ticos e incluso el h\u00e1bito de fumar puede hacer que los pacientes desarrollen asma a lo largo de su vida\u00bb, se\u00f1al\u00f3.<\/p>\n<p>\u00abHoy sabemos que un\u00a0<strong>diagn\u00f3stico en etapa temprana del inicio de los s\u00edntomas<\/strong>\u00a0y ser proactivo en el tratamiento hace que el asma sea controlada y esto es importante porque hay que evitar las crisis o exacerbaciones debido a que \u00e9stas se tratan con el uso de corticoides orales y su sobreuso produce numerosos efectos colaterales\u00bb, detall\u00f3.<\/p>\n<p>La especialista se\u00f1al\u00f3 que se considera que el asma est\u00e1 controlado cuando el paciente puede llevar una vida normal, es decir, hacer las actividades que quiera de acuerdo a su edad y deseos.<\/p>\n<p>Con respecto al<strong>\u00a0tratamiento para su control,<\/strong>\u00a0dijo que consiste en \u00abla indicaci\u00f3n de\u00a0<strong>corticoides inhalados para administrar en forma diaria que disminuyen la inflamaci\u00f3n y que pueden ser asociados a los broncodilatadores de larga duraci\u00f3n\u00bb.<\/strong><\/p>\n<figure class=\"mb-3\"><img decoding=\"async\" src=\"https:\/\/www.telam.com.ar\/thumbs\/bluesteel\/advf\/imagenes\/2018\/02\/5a91d502bf142_900.jpg\" alt=\"La vacuna antigripal es obligatoria y gratuita para nias y nios de 6 a 24 meses y de 2 a 3 aos con factores de riesgo\" width=\"100%\" height=\"100%\" \/><\/p>\n<div class=\"media-icons\"><\/div><figcaption>La vacuna antigripal es obligatoria y gratuita para ni\u00f1as y ni\u00f1os de 6 a 24 meses y de 2 a 3 a\u00f1os con factores de riesgo.<\/figcaption><\/figure>\n<h2 class=\"\">Prevenci\u00f3n<\/h2>\n<p>Sobre las\u00a0<strong>enfermedades infecciosas causadas por virus<\/strong>, Tapponnier record\u00f3 que \u00abpara la\u00a0<strong>prevenci\u00f3n<\/strong>\u00a0es muy importante mantener los cuidados que aprendimos con Covid-19 que tienen que ver con el lavado de manos, la ventilaci\u00f3n de los ambientes, la limpieza de las superficies y mantener el esquema de vacunaci\u00f3n completo\u00bb.<\/p>\n<p>En Argentina,\u00a0<strong>a partir de diciembre de 2021<\/strong>\u00a0se ha detectado un\u00a0<strong>aumento progresivo<\/strong>\u00a0en el n\u00famero de\u00a0<strong>casos gripe por el virus influenza A,\u00a0<\/strong>en particular el subtipo H3N2, que llev\u00f3 al Ministerio de Salud a adelantar la campa\u00f1a de vacunaci\u00f3n antigripal.<\/p>\n<p><strong>La vacuna antigripal es obligatoria y gratuita para ni\u00f1as y ni\u00f1os\u00a0<\/strong>de 6 a 24 meses y de 2 a 3 a\u00f1os con factores de riesgo; embarazadas y pu\u00e9rperas hasta 10 d\u00edas posparto; personas mayores de 65 a\u00f1os y quienes presenten factores de riesgo entre los 3 y los 64 a\u00f1os.<\/p>\n<\/div>\n<\/div>\n<\/div>\n<\/div>\n<\/div>\n<\/div>\n<\/div>\n","protected":false},"excerpt":{"rendered":"<p>Seg\u00fan especialistas consultados por T\u00e9lam, estas patolog\u00edas se vinculan con el regreso a la presencialidad plena en las escuelas. Se suman a la circulaci\u00f3n adelantada de la influenza que, junto a las bajas temperaturas, favorecen las exacerbaciones en ni\u00f1as, ni\u00f1os y adolescentes con asma.<\/p>\n","protected":false},"author":3,"featured_media":0,"comment_status":"closed","ping_status":"closed","sticky":false,"template":"","format":"standard","meta":{"footnotes":""},"categories":[30],"tags":[],"class_list":["post-70681","post","type-post","status-publish","format-standard","hentry","category-salud"],"yoast_head":"<!-- This site is optimized with the Yoast SEO plugin v25.9 - https:\/\/yoast.com\/wordpress\/plugins\/seo\/ -->\n<title>Mano-Pie-Boca y herpangina, algunas de las enfermedades que &quot;volvieron&quot; en los ni\u00f1os - Noticias Radio Reflejos<\/title>\n<meta name=\"robots\" content=\"index, follow, max-snippet:-1, max-image-preview:large, max-video-preview:-1\" \/>\n<link rel=\"canonical\" href=\"https:\/\/www.noticiasradioreflejos.com.ar\/2021\/mano-pie-boca-y-herpangina-algunas-de-las-enfermedades-que-volvieron-en-los-ninos\/\" \/>\n<meta property=\"og:locale\" content=\"es_ES\" \/>\n<meta property=\"og:type\" content=\"article\" \/>\n<meta property=\"og:title\" content=\"Mano-Pie-Boca y herpangina, algunas de las enfermedades que &quot;volvieron&quot; en los ni\u00f1os - Noticias Radio Reflejos\" \/>\n<meta property=\"og:description\" content=\"Seg\u00fan especialistas consultados por T\u00e9lam, estas patolog\u00edas se vinculan con el regreso a la presencialidad plena en las escuelas. Se suman a la circulaci\u00f3n adelantada de la influenza que, junto a las bajas temperaturas, favorecen las exacerbaciones en ni\u00f1as, ni\u00f1os y adolescentes con asma.\" \/>\n<meta property=\"og:url\" content=\"https:\/\/www.noticiasradioreflejos.com.ar\/2021\/mano-pie-boca-y-herpangina-algunas-de-las-enfermedades-que-volvieron-en-los-ninos\/\" \/>\n<meta property=\"og:site_name\" content=\"Noticias Radio Reflejos\" \/>\n<meta property=\"article:published_time\" content=\"2022-04-17T12:15:57+00:00\" \/>\n<meta property=\"og:image\" content=\"https:\/\/www.telam.com.ar\/thumbs\/bluesteel\/advf\/imagenes\/2018\/06\/5b1a8eb78760d_900.jpg\" \/>\n<meta name=\"author\" content=\"Arnaldo Botto\" \/>\n<meta name=\"twitter:card\" content=\"summary_large_image\" \/>\n<script type=\"application\/ld+json\" class=\"yoast-schema-graph\">{\"@context\":\"https:\/\/schema.org\",\"@graph\":[{\"@type\":\"WebPage\",\"@id\":\"https:\/\/www.noticiasradioreflejos.com.ar\/2021\/mano-pie-boca-y-herpangina-algunas-de-las-enfermedades-que-volvieron-en-los-ninos\/\",\"url\":\"https:\/\/www.noticiasradioreflejos.com.ar\/2021\/mano-pie-boca-y-herpangina-algunas-de-las-enfermedades-que-volvieron-en-los-ninos\/\",\"name\":\"Mano-Pie-Boca y herpangina, algunas de las enfermedades que \\\"volvieron\\\" en los ni\u00f1os - Noticias Radio Reflejos\",\"isPartOf\":{\"@id\":\"https:\/\/www.noticiasradioreflejos.com.ar\/2021\/#website\"},\"primaryImageOfPage\":{\"@id\":\"https:\/\/www.noticiasradioreflejos.com.ar\/2021\/mano-pie-boca-y-herpangina-algunas-de-las-enfermedades-que-volvieron-en-los-ninos\/#primaryimage\"},\"image\":{\"@id\":\"https:\/\/www.noticiasradioreflejos.com.ar\/2021\/mano-pie-boca-y-herpangina-algunas-de-las-enfermedades-que-volvieron-en-los-ninos\/#primaryimage\"},\"thumbnailUrl\":\"https:\/\/www.telam.com.ar\/thumbs\/bluesteel\/advf\/imagenes\/2018\/06\/5b1a8eb78760d_900.jpg\",\"datePublished\":\"2022-04-17T12:15:57+00:00\",\"author\":{\"@id\":\"https:\/\/www.noticiasradioreflejos.com.ar\/2021\/#\/schema\/person\/ad82545263dcc5ec0996818884fd5fb1\"},\"breadcrumb\":{\"@id\":\"https:\/\/www.noticiasradioreflejos.com.ar\/2021\/mano-pie-boca-y-herpangina-algunas-de-las-enfermedades-que-volvieron-en-los-ninos\/#breadcrumb\"},\"inLanguage\":\"es\",\"potentialAction\":[{\"@type\":\"ReadAction\",\"target\":[\"https:\/\/www.noticiasradioreflejos.com.ar\/2021\/mano-pie-boca-y-herpangina-algunas-de-las-enfermedades-que-volvieron-en-los-ninos\/\"]}]},{\"@type\":\"ImageObject\",\"inLanguage\":\"es\",\"@id\":\"https:\/\/www.noticiasradioreflejos.com.ar\/2021\/mano-pie-boca-y-herpangina-algunas-de-las-enfermedades-que-volvieron-en-los-ninos\/#primaryimage\",\"url\":\"https:\/\/www.telam.com.ar\/thumbs\/bluesteel\/advf\/imagenes\/2018\/06\/5b1a8eb78760d_900.jpg\",\"contentUrl\":\"https:\/\/www.telam.com.ar\/thumbs\/bluesteel\/advf\/imagenes\/2018\/06\/5b1a8eb78760d_900.jpg\"},{\"@type\":\"BreadcrumbList\",\"@id\":\"https:\/\/www.noticiasradioreflejos.com.ar\/2021\/mano-pie-boca-y-herpangina-algunas-de-las-enfermedades-que-volvieron-en-los-ninos\/#breadcrumb\",\"itemListElement\":[{\"@type\":\"ListItem\",\"position\":1,\"name\":\"Portada\",\"item\":\"https:\/\/www.noticiasradioreflejos.com.ar\/2021\/\"},{\"@type\":\"ListItem\",\"position\":2,\"name\":\"Mano-Pie-Boca y herpangina, algunas de las enfermedades que \u00abvolvieron\u00bb en los ni\u00f1os\"}]},{\"@type\":\"WebSite\",\"@id\":\"https:\/\/www.noticiasradioreflejos.com.ar\/2021\/#website\",\"url\":\"https:\/\/www.noticiasradioreflejos.com.ar\/2021\/\",\"name\":\"Noticias Radio Reflejos\",\"description\":\"Las noticias de mi comarca\",\"potentialAction\":[{\"@type\":\"SearchAction\",\"target\":{\"@type\":\"EntryPoint\",\"urlTemplate\":\"https:\/\/www.noticiasradioreflejos.com.ar\/2021\/?s={search_term_string}\"},\"query-input\":{\"@type\":\"PropertyValueSpecification\",\"valueRequired\":true,\"valueName\":\"search_term_string\"}}],\"inLanguage\":\"es\"},{\"@type\":\"Person\",\"@id\":\"https:\/\/www.noticiasradioreflejos.com.ar\/2021\/#\/schema\/person\/ad82545263dcc5ec0996818884fd5fb1\",\"name\":\"Arnaldo Botto\",\"image\":{\"@type\":\"ImageObject\",\"inLanguage\":\"es\",\"@id\":\"https:\/\/www.noticiasradioreflejos.com.ar\/2021\/#\/schema\/person\/image\/\",\"url\":\"https:\/\/secure.gravatar.com\/avatar\/55cb5e37c1efa326397366e6974cb338056df65cb50e7d64d1cf314e87504837?s=96&d=mm&r=g\",\"contentUrl\":\"https:\/\/secure.gravatar.com\/avatar\/55cb5e37c1efa326397366e6974cb338056df65cb50e7d64d1cf314e87504837?s=96&d=mm&r=g\",\"caption\":\"Arnaldo Botto\"},\"url\":\"https:\/\/www.noticiasradioreflejos.com.ar\/2021\/author\/arnaldo\/\"}]}<\/script>\n<!-- \/ Yoast SEO plugin. -->","yoast_head_json":{"title":"Mano-Pie-Boca y herpangina, algunas de las enfermedades que \"volvieron\" en los ni\u00f1os - Noticias Radio Reflejos","robots":{"index":"index","follow":"follow","max-snippet":"max-snippet:-1","max-image-preview":"max-image-preview:large","max-video-preview":"max-video-preview:-1"},"canonical":"https:\/\/www.noticiasradioreflejos.com.ar\/2021\/mano-pie-boca-y-herpangina-algunas-de-las-enfermedades-que-volvieron-en-los-ninos\/","og_locale":"es_ES","og_type":"article","og_title":"Mano-Pie-Boca y herpangina, algunas de las enfermedades que \"volvieron\" en los ni\u00f1os - Noticias Radio Reflejos","og_description":"Seg\u00fan especialistas consultados por T\u00e9lam, estas patolog\u00edas se vinculan con el regreso a la presencialidad plena en las escuelas. Se suman a la circulaci\u00f3n adelantada de la influenza que, junto a las bajas temperaturas, favorecen las exacerbaciones en ni\u00f1as, ni\u00f1os y adolescentes con asma.","og_url":"https:\/\/www.noticiasradioreflejos.com.ar\/2021\/mano-pie-boca-y-herpangina-algunas-de-las-enfermedades-que-volvieron-en-los-ninos\/","og_site_name":"Noticias Radio Reflejos","article_published_time":"2022-04-17T12:15:57+00:00","og_image":[{"url":"https:\/\/www.telam.com.ar\/thumbs\/bluesteel\/advf\/imagenes\/2018\/06\/5b1a8eb78760d_900.jpg","type":"","width":"","height":""}],"author":"Arnaldo Botto","twitter_card":"summary_large_image","schema":{"@context":"https:\/\/schema.org","@graph":[{"@type":"WebPage","@id":"https:\/\/www.noticiasradioreflejos.com.ar\/2021\/mano-pie-boca-y-herpangina-algunas-de-las-enfermedades-que-volvieron-en-los-ninos\/","url":"https:\/\/www.noticiasradioreflejos.com.ar\/2021\/mano-pie-boca-y-herpangina-algunas-de-las-enfermedades-que-volvieron-en-los-ninos\/","name":"Mano-Pie-Boca y herpangina, algunas de las enfermedades que \"volvieron\" en los ni\u00f1os - Noticias Radio Reflejos","isPartOf":{"@id":"https:\/\/www.noticiasradioreflejos.com.ar\/2021\/#website"},"primaryImageOfPage":{"@id":"https:\/\/www.noticiasradioreflejos.com.ar\/2021\/mano-pie-boca-y-herpangina-algunas-de-las-enfermedades-que-volvieron-en-los-ninos\/#primaryimage"},"image":{"@id":"https:\/\/www.noticiasradioreflejos.com.ar\/2021\/mano-pie-boca-y-herpangina-algunas-de-las-enfermedades-que-volvieron-en-los-ninos\/#primaryimage"},"thumbnailUrl":"https:\/\/www.telam.com.ar\/thumbs\/bluesteel\/advf\/imagenes\/2018\/06\/5b1a8eb78760d_900.jpg","datePublished":"2022-04-17T12:15:57+00:00","author":{"@id":"https:\/\/www.noticiasradioreflejos.com.ar\/2021\/#\/schema\/person\/ad82545263dcc5ec0996818884fd5fb1"},"breadcrumb":{"@id":"https:\/\/www.noticiasradioreflejos.com.ar\/2021\/mano-pie-boca-y-herpangina-algunas-de-las-enfermedades-que-volvieron-en-los-ninos\/#breadcrumb"},"inLanguage":"es","potentialAction":[{"@type":"ReadAction","target":["https:\/\/www.noticiasradioreflejos.com.ar\/2021\/mano-pie-boca-y-herpangina-algunas-de-las-enfermedades-que-volvieron-en-los-ninos\/"]}]},{"@type":"ImageObject","inLanguage":"es","@id":"https:\/\/www.noticiasradioreflejos.com.ar\/2021\/mano-pie-boca-y-herpangina-algunas-de-las-enfermedades-que-volvieron-en-los-ninos\/#primaryimage","url":"https:\/\/www.telam.com.ar\/thumbs\/bluesteel\/advf\/imagenes\/2018\/06\/5b1a8eb78760d_900.jpg","contentUrl":"https:\/\/www.telam.com.ar\/thumbs\/bluesteel\/advf\/imagenes\/2018\/06\/5b1a8eb78760d_900.jpg"},{"@type":"BreadcrumbList","@id":"https:\/\/www.noticiasradioreflejos.com.ar\/2021\/mano-pie-boca-y-herpangina-algunas-de-las-enfermedades-que-volvieron-en-los-ninos\/#breadcrumb","itemListElement":[{"@type":"ListItem","position":1,"name":"Portada","item":"https:\/\/www.noticiasradioreflejos.com.ar\/2021\/"},{"@type":"ListItem","position":2,"name":"Mano-Pie-Boca y herpangina, algunas de las enfermedades que \u00abvolvieron\u00bb en los ni\u00f1os"}]},{"@type":"WebSite","@id":"https:\/\/www.noticiasradioreflejos.com.ar\/2021\/#website","url":"https:\/\/www.noticiasradioreflejos.com.ar\/2021\/","name":"Noticias Radio Reflejos","description":"Las noticias de mi comarca","potentialAction":[{"@type":"SearchAction","target":{"@type":"EntryPoint","urlTemplate":"https:\/\/www.noticiasradioreflejos.com.ar\/2021\/?s={search_term_string}"},"query-input":{"@type":"PropertyValueSpecification","valueRequired":true,"valueName":"search_term_string"}}],"inLanguage":"es"},{"@type":"Person","@id":"https:\/\/www.noticiasradioreflejos.com.ar\/2021\/#\/schema\/person\/ad82545263dcc5ec0996818884fd5fb1","name":"Arnaldo Botto","image":{"@type":"ImageObject","inLanguage":"es","@id":"https:\/\/www.noticiasradioreflejos.com.ar\/2021\/#\/schema\/person\/image\/","url":"https:\/\/secure.gravatar.com\/avatar\/55cb5e37c1efa326397366e6974cb338056df65cb50e7d64d1cf314e87504837?s=96&d=mm&r=g","contentUrl":"https:\/\/secure.gravatar.com\/avatar\/55cb5e37c1efa326397366e6974cb338056df65cb50e7d64d1cf314e87504837?s=96&d=mm&r=g","caption":"Arnaldo Botto"},"url":"https:\/\/www.noticiasradioreflejos.com.ar\/2021\/author\/arnaldo\/"}]}},"_links":{"self":[{"href":"https:\/\/www.noticiasradioreflejos.com.ar\/2021\/wp-json\/wp\/v2\/posts\/70681","targetHints":{"allow":["GET"]}}],"collection":[{"href":"https:\/\/www.noticiasradioreflejos.com.ar\/2021\/wp-json\/wp\/v2\/posts"}],"about":[{"href":"https:\/\/www.noticiasradioreflejos.com.ar\/2021\/wp-json\/wp\/v2\/types\/post"}],"author":[{"embeddable":true,"href":"https:\/\/www.noticiasradioreflejos.com.ar\/2021\/wp-json\/wp\/v2\/users\/3"}],"replies":[{"embeddable":true,"href":"https:\/\/www.noticiasradioreflejos.com.ar\/2021\/wp-json\/wp\/v2\/comments?post=70681"}],"version-history":[{"count":1,"href":"https:\/\/www.noticiasradioreflejos.com.ar\/2021\/wp-json\/wp\/v2\/posts\/70681\/revisions"}],"predecessor-version":[{"id":70683,"href":"https:\/\/www.noticiasradioreflejos.com.ar\/2021\/wp-json\/wp\/v2\/posts\/70681\/revisions\/70683"}],"wp:attachment":[{"href":"https:\/\/www.noticiasradioreflejos.com.ar\/2021\/wp-json\/wp\/v2\/media?parent=70681"}],"wp:term":[{"taxonomy":"category","embeddable":true,"href":"https:\/\/www.noticiasradioreflejos.com.ar\/2021\/wp-json\/wp\/v2\/categories?post=70681"},{"taxonomy":"post_tag","embeddable":true,"href":"https:\/\/www.noticiasradioreflejos.com.ar\/2021\/wp-json\/wp\/v2\/tags?post=70681"}],"curies":[{"name":"wp","href":"https:\/\/api.w.org\/{rel}","templated":true}]}}