{"id":70673,"date":"2022-04-16T16:22:35","date_gmt":"2022-04-16T16:22:35","guid":{"rendered":"http:\/\/www.noticiasradioreflejos.com.ar\/2021\/?p=70673"},"modified":"2022-04-16T16:22:35","modified_gmt":"2022-04-16T16:22:35","slug":"jubilaciones-y-pensiones-como-acceder-al-reintegro-del-15-por-pagar-con-tarjeta-de-debito","status":"publish","type":"post","link":"https:\/\/www.noticiasradioreflejos.com.ar\/2021\/jubilaciones-y-pensiones-como-acceder-al-reintegro-del-15-por-pagar-con-tarjeta-de-debito\/","title":{"rendered":"Jubilaciones y pensiones: c\u00f3mo acceder al reintegro del 15% por pagar con tarjeta de d\u00e9bito"},"content":{"rendered":"<p>La devoluci\u00f3n del dinero, que se realiza cuando las compras son abonadas con la tarjeta de d\u00e9bito donde la persona percibe la asignaci\u00f3n, alcanza a todos los productos de alimentos que se comercialicen en mercados, kioscos y almacenes.<!--more--><\/p>\n<figure class=\"mb-3\"><img decoding=\"async\" src=\"https:\/\/www.telam.com.ar\/thumbs\/bluesteel\/advf\/imagenes\/2021\/09\/6155a7b65d5d8_900.jpg\" alt=\"El monto a reintegrar se acreditar dentro de las 24 y 48 horas hbiles posteriores a efectuada la compra\" width=\"100%\" height=\"100%\" \/><\/p>\n<div class=\"media-icons\"><\/div><figcaption>El monto a reintegrar se acreditar\u00e1 dentro de las 24 y 48 horas h\u00e1biles posteriores a efectuada la compra.<\/figcaption><\/figure>\n<p>La Ley de Solidaridad Social y Reactivaci\u00f3n Productiva sancionada en diciembre de 2019, permite a los titulares de jubilaciones o pensiones m\u00ednimas un reintegro del 15% del monto total de todas las compras que realicen con las tarjetas de d\u00e9bito que est\u00e9n vinculadas con la cuenta en la que reciben sus haberes, en comercios minoristas o mayoristas de todo el pa\u00eds.<\/p>\n<p>El mecanismo contempla una suma de hasta<strong>\u00a0$1.200 mensuales por beneficiario<\/strong>, monto que asciende hasta los $2.400 para aquellas personas que perciban hasta una pensi\u00f3n por fallecimiento, siempre que no exceda el haber m\u00ednimo garantizado.<\/p>\n<p>El reintegro alcanza a todos los productos de alimentos que se comercialicen en locales de venta por menor y\/o mayor en mini, super e hipermercados, kioscos y almacenes que se encuentren inscriptos ante la AFIP, as\u00ed como los productos de farmacia, siempre que se trate de venta al por menor de productos farmac\u00e9uticos y de herborister\u00eda, productos cosm\u00e9ticos, de tocador y de perfumer\u00eda.<\/p>\n<p>El reintegro se realiza cuando las compras son abonadas con la tarjeta de d\u00e9bito donde la persona percibe la asignaci\u00f3n, pensi\u00f3n o jubilaci\u00f3n, pero tambi\u00e9n se incluyen cuando los pagos se hacen a trav\u00e9s de\u00a0<strong>c\u00f3digos QR<\/strong>.<\/p>\n<p>El monto a reintegrar<strong>\u00a0se acreditar\u00e1 dentro de las 24 y 48 horas h\u00e1biles posteriores a efectuada la compra<\/strong>\u00a0en la cuenta donde la persona percibe la asignaci\u00f3n, pensi\u00f3n o jubilaci\u00f3n, seg\u00fan el horario en que se haya realizado, con la tarjeta de d\u00e9bito donde la persona cobra la asignaci\u00f3n, pensi\u00f3n o jubilaci\u00f3n.<\/p>\n<p>De esta forma, las compras por hasta $8.000 al mes en cualquiera de estos rubros recibir\u00e1n un reintegro de $1.200, mientras que las compras por hasta $16.000 al mes recibir\u00e1n un reintegro de $2.400 para los casos de jubilados que reciban hasta una pensi\u00f3n m\u00ednima.<\/p>\n<p>Tambi\u00e9n pueden acceder al beneficio del reintegro los titulares de la\u00a0<strong>Asignaci\u00f3n Universales por Hijo<\/strong>\u00a0(AUH), las titulares\u00a0<strong>Asignaciones por embarazo<\/strong>\u00a0para protecci\u00f3n social, las personas que perciben una pensi\u00f3n por fallecimiento que no exceda la m\u00ednima y las personas que perciben<strong>\u00a0pensiones no contributivas\u00a0<\/strong>nacionales que no excedan la m\u00ednima.<\/p>\n<p>Los reintegros correspondientes a los consumos alcanzados por el beneficio figuran en el resumen de cuenta de la tarjeta de d\u00e9bito con la leyenda \u201cReintegro Solidaridad Ley N\u00b0 27.541\u201d.<\/p>\n<p>Para consultar si una persona es beneficiaria del reintegro debe ingresar con su CUIL\u00a0<a href=\"https:\/\/servicioscf.afip.gob.ar\/publico\/reintegro\/consulta.aspx\" target=\"_blank\" rel=\"noopener\">aqu\u00ed<\/a>.<\/p>\n","protected":false},"excerpt":{"rendered":"<p>La devoluci\u00f3n del dinero, que se realiza cuando las compras son abonadas con la tarjeta de d\u00e9bito donde la persona percibe la asignaci\u00f3n, alcanza a todos los productos de alimentos que se comercialicen en mercados, kioscos y almacenes.<\/p>\n","protected":false},"author":3,"featured_media":0,"comment_status":"closed","ping_status":"closed","sticky":false,"template":"","format":"standard","meta":{"footnotes":""},"categories":[24,26],"tags":[],"class_list":["post-70673","post","type-post","status-publish","format-standard","hentry","category-politica","category-sociedad"],"yoast_head":"<!-- This site is optimized with the Yoast SEO plugin v25.9 - https:\/\/yoast.com\/wordpress\/plugins\/seo\/ -->\n<title>Jubilaciones y pensiones: c\u00f3mo acceder al reintegro del 15% por pagar con tarjeta de d\u00e9bito - Noticias Radio Reflejos<\/title>\n<meta name=\"robots\" content=\"index, follow, max-snippet:-1, max-image-preview:large, max-video-preview:-1\" \/>\n<link rel=\"canonical\" href=\"https:\/\/www.noticiasradioreflejos.com.ar\/2021\/jubilaciones-y-pensiones-como-acceder-al-reintegro-del-15-por-pagar-con-tarjeta-de-debito\/\" \/>\n<meta property=\"og:locale\" content=\"es_ES\" \/>\n<meta property=\"og:type\" content=\"article\" \/>\n<meta property=\"og:title\" content=\"Jubilaciones y pensiones: c\u00f3mo acceder al reintegro del 15% por pagar con tarjeta de d\u00e9bito - Noticias Radio Reflejos\" \/>\n<meta property=\"og:description\" content=\"La devoluci\u00f3n del dinero, que se realiza cuando las compras son abonadas con la tarjeta de d\u00e9bito donde la persona percibe la asignaci\u00f3n, alcanza a todos los productos de alimentos que se comercialicen en mercados, kioscos y almacenes.\" \/>\n<meta property=\"og:url\" content=\"https:\/\/www.noticiasradioreflejos.com.ar\/2021\/jubilaciones-y-pensiones-como-acceder-al-reintegro-del-15-por-pagar-con-tarjeta-de-debito\/\" \/>\n<meta property=\"og:site_name\" content=\"Noticias Radio Reflejos\" \/>\n<meta property=\"article:published_time\" content=\"2022-04-16T16:22:35+00:00\" \/>\n<meta property=\"og:image\" content=\"https:\/\/www.telam.com.ar\/thumbs\/bluesteel\/advf\/imagenes\/2021\/09\/6155a7b65d5d8_900.jpg\" \/>\n<meta name=\"author\" content=\"Arnaldo Botto\" \/>\n<meta name=\"twitter:card\" content=\"summary_large_image\" \/>\n<script type=\"application\/ld+json\" class=\"yoast-schema-graph\">{\"@context\":\"https:\/\/schema.org\",\"@graph\":[{\"@type\":\"WebPage\",\"@id\":\"https:\/\/www.noticiasradioreflejos.com.ar\/2021\/jubilaciones-y-pensiones-como-acceder-al-reintegro-del-15-por-pagar-con-tarjeta-de-debito\/\",\"url\":\"https:\/\/www.noticiasradioreflejos.com.ar\/2021\/jubilaciones-y-pensiones-como-acceder-al-reintegro-del-15-por-pagar-con-tarjeta-de-debito\/\",\"name\":\"Jubilaciones y pensiones: c\u00f3mo acceder al reintegro del 15% por pagar con tarjeta de d\u00e9bito - Noticias Radio Reflejos\",\"isPartOf\":{\"@id\":\"https:\/\/www.noticiasradioreflejos.com.ar\/2021\/#website\"},\"primaryImageOfPage\":{\"@id\":\"https:\/\/www.noticiasradioreflejos.com.ar\/2021\/jubilaciones-y-pensiones-como-acceder-al-reintegro-del-15-por-pagar-con-tarjeta-de-debito\/#primaryimage\"},\"image\":{\"@id\":\"https:\/\/www.noticiasradioreflejos.com.ar\/2021\/jubilaciones-y-pensiones-como-acceder-al-reintegro-del-15-por-pagar-con-tarjeta-de-debito\/#primaryimage\"},\"thumbnailUrl\":\"https:\/\/www.telam.com.ar\/thumbs\/bluesteel\/advf\/imagenes\/2021\/09\/6155a7b65d5d8_900.jpg\",\"datePublished\":\"2022-04-16T16:22:35+00:00\",\"author\":{\"@id\":\"https:\/\/www.noticiasradioreflejos.com.ar\/2021\/#\/schema\/person\/ad82545263dcc5ec0996818884fd5fb1\"},\"breadcrumb\":{\"@id\":\"https:\/\/www.noticiasradioreflejos.com.ar\/2021\/jubilaciones-y-pensiones-como-acceder-al-reintegro-del-15-por-pagar-con-tarjeta-de-debito\/#breadcrumb\"},\"inLanguage\":\"es\",\"potentialAction\":[{\"@type\":\"ReadAction\",\"target\":[\"https:\/\/www.noticiasradioreflejos.com.ar\/2021\/jubilaciones-y-pensiones-como-acceder-al-reintegro-del-15-por-pagar-con-tarjeta-de-debito\/\"]}]},{\"@type\":\"ImageObject\",\"inLanguage\":\"es\",\"@id\":\"https:\/\/www.noticiasradioreflejos.com.ar\/2021\/jubilaciones-y-pensiones-como-acceder-al-reintegro-del-15-por-pagar-con-tarjeta-de-debito\/#primaryimage\",\"url\":\"https:\/\/www.telam.com.ar\/thumbs\/bluesteel\/advf\/imagenes\/2021\/09\/6155a7b65d5d8_900.jpg\",\"contentUrl\":\"https:\/\/www.telam.com.ar\/thumbs\/bluesteel\/advf\/imagenes\/2021\/09\/6155a7b65d5d8_900.jpg\"},{\"@type\":\"BreadcrumbList\",\"@id\":\"https:\/\/www.noticiasradioreflejos.com.ar\/2021\/jubilaciones-y-pensiones-como-acceder-al-reintegro-del-15-por-pagar-con-tarjeta-de-debito\/#breadcrumb\",\"itemListElement\":[{\"@type\":\"ListItem\",\"position\":1,\"name\":\"Portada\",\"item\":\"https:\/\/www.noticiasradioreflejos.com.ar\/2021\/\"},{\"@type\":\"ListItem\",\"position\":2,\"name\":\"Jubilaciones y pensiones: c\u00f3mo acceder al reintegro del 15% por pagar con tarjeta de d\u00e9bito\"}]},{\"@type\":\"WebSite\",\"@id\":\"https:\/\/www.noticiasradioreflejos.com.ar\/2021\/#website\",\"url\":\"https:\/\/www.noticiasradioreflejos.com.ar\/2021\/\",\"name\":\"Noticias Radio Reflejos\",\"description\":\"Las noticias de mi comarca\",\"potentialAction\":[{\"@type\":\"SearchAction\",\"target\":{\"@type\":\"EntryPoint\",\"urlTemplate\":\"https:\/\/www.noticiasradioreflejos.com.ar\/2021\/?s={search_term_string}\"},\"query-input\":{\"@type\":\"PropertyValueSpecification\",\"valueRequired\":true,\"valueName\":\"search_term_string\"}}],\"inLanguage\":\"es\"},{\"@type\":\"Person\",\"@id\":\"https:\/\/www.noticiasradioreflejos.com.ar\/2021\/#\/schema\/person\/ad82545263dcc5ec0996818884fd5fb1\",\"name\":\"Arnaldo Botto\",\"image\":{\"@type\":\"ImageObject\",\"inLanguage\":\"es\",\"@id\":\"https:\/\/www.noticiasradioreflejos.com.ar\/2021\/#\/schema\/person\/image\/\",\"url\":\"https:\/\/secure.gravatar.com\/avatar\/55cb5e37c1efa326397366e6974cb338056df65cb50e7d64d1cf314e87504837?s=96&d=mm&r=g\",\"contentUrl\":\"https:\/\/secure.gravatar.com\/avatar\/55cb5e37c1efa326397366e6974cb338056df65cb50e7d64d1cf314e87504837?s=96&d=mm&r=g\",\"caption\":\"Arnaldo Botto\"},\"url\":\"https:\/\/www.noticiasradioreflejos.com.ar\/2021\/author\/arnaldo\/\"}]}<\/script>\n<!-- \/ Yoast SEO plugin. -->","yoast_head_json":{"title":"Jubilaciones y pensiones: c\u00f3mo acceder al reintegro del 15% por pagar con tarjeta de d\u00e9bito - Noticias Radio Reflejos","robots":{"index":"index","follow":"follow","max-snippet":"max-snippet:-1","max-image-preview":"max-image-preview:large","max-video-preview":"max-video-preview:-1"},"canonical":"https:\/\/www.noticiasradioreflejos.com.ar\/2021\/jubilaciones-y-pensiones-como-acceder-al-reintegro-del-15-por-pagar-con-tarjeta-de-debito\/","og_locale":"es_ES","og_type":"article","og_title":"Jubilaciones y pensiones: c\u00f3mo acceder al reintegro del 15% por pagar con tarjeta de d\u00e9bito - Noticias Radio Reflejos","og_description":"La devoluci\u00f3n del dinero, que se realiza cuando las compras son abonadas con la tarjeta de d\u00e9bito donde la persona percibe la asignaci\u00f3n, alcanza a todos los productos de alimentos que se comercialicen en mercados, kioscos y almacenes.","og_url":"https:\/\/www.noticiasradioreflejos.com.ar\/2021\/jubilaciones-y-pensiones-como-acceder-al-reintegro-del-15-por-pagar-con-tarjeta-de-debito\/","og_site_name":"Noticias Radio Reflejos","article_published_time":"2022-04-16T16:22:35+00:00","og_image":[{"url":"https:\/\/www.telam.com.ar\/thumbs\/bluesteel\/advf\/imagenes\/2021\/09\/6155a7b65d5d8_900.jpg","type":"","width":"","height":""}],"author":"Arnaldo Botto","twitter_card":"summary_large_image","schema":{"@context":"https:\/\/schema.org","@graph":[{"@type":"WebPage","@id":"https:\/\/www.noticiasradioreflejos.com.ar\/2021\/jubilaciones-y-pensiones-como-acceder-al-reintegro-del-15-por-pagar-con-tarjeta-de-debito\/","url":"https:\/\/www.noticiasradioreflejos.com.ar\/2021\/jubilaciones-y-pensiones-como-acceder-al-reintegro-del-15-por-pagar-con-tarjeta-de-debito\/","name":"Jubilaciones y pensiones: c\u00f3mo acceder al reintegro del 15% por pagar con tarjeta de d\u00e9bito - Noticias Radio Reflejos","isPartOf":{"@id":"https:\/\/www.noticiasradioreflejos.com.ar\/2021\/#website"},"primaryImageOfPage":{"@id":"https:\/\/www.noticiasradioreflejos.com.ar\/2021\/jubilaciones-y-pensiones-como-acceder-al-reintegro-del-15-por-pagar-con-tarjeta-de-debito\/#primaryimage"},"image":{"@id":"https:\/\/www.noticiasradioreflejos.com.ar\/2021\/jubilaciones-y-pensiones-como-acceder-al-reintegro-del-15-por-pagar-con-tarjeta-de-debito\/#primaryimage"},"thumbnailUrl":"https:\/\/www.telam.com.ar\/thumbs\/bluesteel\/advf\/imagenes\/2021\/09\/6155a7b65d5d8_900.jpg","datePublished":"2022-04-16T16:22:35+00:00","author":{"@id":"https:\/\/www.noticiasradioreflejos.com.ar\/2021\/#\/schema\/person\/ad82545263dcc5ec0996818884fd5fb1"},"breadcrumb":{"@id":"https:\/\/www.noticiasradioreflejos.com.ar\/2021\/jubilaciones-y-pensiones-como-acceder-al-reintegro-del-15-por-pagar-con-tarjeta-de-debito\/#breadcrumb"},"inLanguage":"es","potentialAction":[{"@type":"ReadAction","target":["https:\/\/www.noticiasradioreflejos.com.ar\/2021\/jubilaciones-y-pensiones-como-acceder-al-reintegro-del-15-por-pagar-con-tarjeta-de-debito\/"]}]},{"@type":"ImageObject","inLanguage":"es","@id":"https:\/\/www.noticiasradioreflejos.com.ar\/2021\/jubilaciones-y-pensiones-como-acceder-al-reintegro-del-15-por-pagar-con-tarjeta-de-debito\/#primaryimage","url":"https:\/\/www.telam.com.ar\/thumbs\/bluesteel\/advf\/imagenes\/2021\/09\/6155a7b65d5d8_900.jpg","contentUrl":"https:\/\/www.telam.com.ar\/thumbs\/bluesteel\/advf\/imagenes\/2021\/09\/6155a7b65d5d8_900.jpg"},{"@type":"BreadcrumbList","@id":"https:\/\/www.noticiasradioreflejos.com.ar\/2021\/jubilaciones-y-pensiones-como-acceder-al-reintegro-del-15-por-pagar-con-tarjeta-de-debito\/#breadcrumb","itemListElement":[{"@type":"ListItem","position":1,"name":"Portada","item":"https:\/\/www.noticiasradioreflejos.com.ar\/2021\/"},{"@type":"ListItem","position":2,"name":"Jubilaciones y pensiones: c\u00f3mo acceder al reintegro del 15% por pagar con tarjeta de d\u00e9bito"}]},{"@type":"WebSite","@id":"https:\/\/www.noticiasradioreflejos.com.ar\/2021\/#website","url":"https:\/\/www.noticiasradioreflejos.com.ar\/2021\/","name":"Noticias Radio Reflejos","description":"Las noticias de mi comarca","potentialAction":[{"@type":"SearchAction","target":{"@type":"EntryPoint","urlTemplate":"https:\/\/www.noticiasradioreflejos.com.ar\/2021\/?s={search_term_string}"},"query-input":{"@type":"PropertyValueSpecification","valueRequired":true,"valueName":"search_term_string"}}],"inLanguage":"es"},{"@type":"Person","@id":"https:\/\/www.noticiasradioreflejos.com.ar\/2021\/#\/schema\/person\/ad82545263dcc5ec0996818884fd5fb1","name":"Arnaldo Botto","image":{"@type":"ImageObject","inLanguage":"es","@id":"https:\/\/www.noticiasradioreflejos.com.ar\/2021\/#\/schema\/person\/image\/","url":"https:\/\/secure.gravatar.com\/avatar\/55cb5e37c1efa326397366e6974cb338056df65cb50e7d64d1cf314e87504837?s=96&d=mm&r=g","contentUrl":"https:\/\/secure.gravatar.com\/avatar\/55cb5e37c1efa326397366e6974cb338056df65cb50e7d64d1cf314e87504837?s=96&d=mm&r=g","caption":"Arnaldo Botto"},"url":"https:\/\/www.noticiasradioreflejos.com.ar\/2021\/author\/arnaldo\/"}]}},"_links":{"self":[{"href":"https:\/\/www.noticiasradioreflejos.com.ar\/2021\/wp-json\/wp\/v2\/posts\/70673","targetHints":{"allow":["GET"]}}],"collection":[{"href":"https:\/\/www.noticiasradioreflejos.com.ar\/2021\/wp-json\/wp\/v2\/posts"}],"about":[{"href":"https:\/\/www.noticiasradioreflejos.com.ar\/2021\/wp-json\/wp\/v2\/types\/post"}],"author":[{"embeddable":true,"href":"https:\/\/www.noticiasradioreflejos.com.ar\/2021\/wp-json\/wp\/v2\/users\/3"}],"replies":[{"embeddable":true,"href":"https:\/\/www.noticiasradioreflejos.com.ar\/2021\/wp-json\/wp\/v2\/comments?post=70673"}],"version-history":[{"count":1,"href":"https:\/\/www.noticiasradioreflejos.com.ar\/2021\/wp-json\/wp\/v2\/posts\/70673\/revisions"}],"predecessor-version":[{"id":70674,"href":"https:\/\/www.noticiasradioreflejos.com.ar\/2021\/wp-json\/wp\/v2\/posts\/70673\/revisions\/70674"}],"wp:attachment":[{"href":"https:\/\/www.noticiasradioreflejos.com.ar\/2021\/wp-json\/wp\/v2\/media?parent=70673"}],"wp:term":[{"taxonomy":"category","embeddable":true,"href":"https:\/\/www.noticiasradioreflejos.com.ar\/2021\/wp-json\/wp\/v2\/categories?post=70673"},{"taxonomy":"post_tag","embeddable":true,"href":"https:\/\/www.noticiasradioreflejos.com.ar\/2021\/wp-json\/wp\/v2\/tags?post=70673"}],"curies":[{"name":"wp","href":"https:\/\/api.w.org\/{rel}","templated":true}]}}