{"id":70669,"date":"2022-04-16T16:20:27","date_gmt":"2022-04-16T16:20:27","guid":{"rendered":"http:\/\/www.noticiasradioreflejos.com.ar\/2021\/?p=70669"},"modified":"2022-04-16T16:20:27","modified_gmt":"2022-04-16T16:20:27","slug":"aerolineas-argentinas-record-de-pasajeros-transportados-en-semana-santa","status":"publish","type":"post","link":"https:\/\/www.noticiasradioreflejos.com.ar\/2021\/aerolineas-argentinas-record-de-pasajeros-transportados-en-semana-santa\/","title":{"rendered":"Aerol\u00edneas Argentinas: r\u00e9cord de pasajeros transportados en Semana Santa"},"content":{"rendered":"<p>Los destinos m\u00e1s solicitados son C\u00f3rdoba, Mendoza, Iguaz\u00fa, Bariloche, El Calafate, Ushuaia y Salta. Con m\u00e1s de 300 mil viajeros, cuando termine el fin de semana se habr\u00e1 superado el n\u00famero de 2018, anterior al inicio de la pandemia.<!--more--><\/p>\n<figure class=\"mb-3\"><img decoding=\"async\" src=\"https:\/\/www.telam.com.ar\/thumbs\/bluesteel\/advf\/imagenes\/2022\/04\/62470c3984102_900.jpg\" alt=\"La empresa estableci un cronograma con una serie de vuelos de refuerzo Foto Victoria Gesualdi\" width=\"100%\" height=\"100%\" \/><\/p>\n<div class=\"media-icons\"><\/div><figcaption>La empresa estableci\u00f3 un cronograma con una serie de vuelos de refuerzo. Foto: Victoria Gesualdi.<\/figcaption><\/figure>\n<p>Aerol\u00edneas Argentinas transportar\u00e1 durante este fin de semana largo de Semana Santa m\u00e1s de 300.000 pasajeros, lo que constituye una cifra hist\u00f3rica, seg\u00fan informaron fuentes de la compa\u00f1\u00eda.<\/p>\n<p><strong>Esta cifra supera el r\u00e9cord de la Semana Santa de 2018<\/strong>, anterior al inicio de la pandemia del Covid-19, cuando la cantidad de pasajeros transportados fue de 270.000.<\/p>\n<p>\u201cEs una buena noticia porque impacta en todos los sectores de la industria del turismo que se benefician con cada avi\u00f3n de Aerol\u00edneas que sale y llega desde alg\u00fan punto del pa\u00eds\u201d, se\u00f1al\u00f3 Pablo Ceriani, titular de la l\u00ednea de bandera.<\/p>\n<blockquote class=\"\"><p>\u201cEs una buena noticia porque impacta en todos los sectores de la industria del turismo que se benefician con cada avi\u00f3n de Aerol\u00edneas que sale y llega desde alg\u00fan punto del pa\u00eds\u201d<cite class=\"author\">Pablo Ceriani, titular de Aerol\u00edneas Argentinas<\/cite><\/p><\/blockquote>\n<p>Durante este fin de semana, Aerol\u00edneas dispuso un operativo especial con importantes aumentos en las frecuencias de sus vuelos, operando un promedio de 253 salidas diarias, lo que significa entre 20 y 25 vuelos m\u00e1s que en un d\u00eda est\u00e1ndar.<\/p>\n<p>Para ello, la empresa estableci\u00f3 un cronograma con una serie de vuelos de refuerzo a los principales destinos tur\u00edsticos de la Argentina.<\/p>\n<p>Los destinos m\u00e1s solicitados fueron:\u00a0<strong>C\u00f3rdoba con m\u00e1s de 16.000 pasajes vendidos, Mendoza e Iguaz\u00fa con m\u00e1s de 14.000, Bariloche con m\u00e1s de 12.500 y El Calafate, Ushuaia y Salta con m\u00e1s de 11.000.<\/strong><\/p>\n<p>Tambi\u00e9n, los vuelos internacionales y regionales tuvieron una importante participaci\u00f3n con cerca de 45.000 pasajeros transportados en toda la red con San Pablo, Santiago de Chile, Montevideo, Rio de Janeiro, Asunci\u00f3n y Brasilia entre los destinos con mayor cantidad de pasajeros.<\/p>\n<p>Cerca del 30% de los pasajeros transportados lo hicieron mediante el sistema de corredores y rutas federales sin pasar por Buenos Aires.<\/p>\n","protected":false},"excerpt":{"rendered":"<p>Los destinos m\u00e1s solicitados son C\u00f3rdoba, Mendoza, Iguaz\u00fa, Bariloche, El Calafate, Ushuaia y Salta. Con m\u00e1s de 300 mil viajeros, cuando termine el fin de semana se habr\u00e1 superado el n\u00famero de 2018, anterior al inicio de la pandemia.<\/p>\n","protected":false},"author":3,"featured_media":70671,"comment_status":"closed","ping_status":"closed","sticky":false,"template":"","format":"standard","meta":{"footnotes":""},"categories":[24,26,33],"tags":[],"class_list":["post-70669","post","type-post","status-publish","format-standard","has-post-thumbnail","hentry","category-politica","category-sociedad","category-turismo"],"yoast_head":"<!-- This site is optimized with the Yoast SEO plugin v25.9 - https:\/\/yoast.com\/wordpress\/plugins\/seo\/ -->\n<title>Aerol\u00edneas Argentinas: r\u00e9cord de pasajeros transportados en Semana Santa - Noticias Radio Reflejos<\/title>\n<meta name=\"robots\" content=\"index, follow, max-snippet:-1, max-image-preview:large, max-video-preview:-1\" \/>\n<link rel=\"canonical\" href=\"https:\/\/www.noticiasradioreflejos.com.ar\/2021\/aerolineas-argentinas-record-de-pasajeros-transportados-en-semana-santa\/\" \/>\n<meta property=\"og:locale\" content=\"es_ES\" \/>\n<meta property=\"og:type\" content=\"article\" \/>\n<meta property=\"og:title\" content=\"Aerol\u00edneas Argentinas: r\u00e9cord de pasajeros transportados en Semana Santa - Noticias Radio Reflejos\" \/>\n<meta property=\"og:description\" content=\"Los destinos m\u00e1s solicitados son C\u00f3rdoba, Mendoza, Iguaz\u00fa, Bariloche, El Calafate, Ushuaia y Salta. Con m\u00e1s de 300 mil viajeros, cuando termine el fin de semana se habr\u00e1 superado el n\u00famero de 2018, anterior al inicio de la pandemia.\" \/>\n<meta property=\"og:url\" content=\"https:\/\/www.noticiasradioreflejos.com.ar\/2021\/aerolineas-argentinas-record-de-pasajeros-transportados-en-semana-santa\/\" \/>\n<meta property=\"og:site_name\" content=\"Noticias Radio Reflejos\" \/>\n<meta property=\"article:published_time\" content=\"2022-04-16T16:20:27+00:00\" \/>\n<meta property=\"og:image\" content=\"https:\/\/www.noticiasradioreflejos.com.ar\/2021\/wp-content\/uploads\/2022\/04\/Aerolineas-Argentinas.jpg\" \/>\n\t<meta property=\"og:image:width\" content=\"900\" \/>\n\t<meta property=\"og:image:height\" content=\"599\" \/>\n\t<meta property=\"og:image:type\" content=\"image\/jpeg\" \/>\n<meta name=\"author\" content=\"Arnaldo Botto\" \/>\n<meta name=\"twitter:card\" content=\"summary_large_image\" \/>\n<script type=\"application\/ld+json\" class=\"yoast-schema-graph\">{\"@context\":\"https:\/\/schema.org\",\"@graph\":[{\"@type\":\"WebPage\",\"@id\":\"https:\/\/www.noticiasradioreflejos.com.ar\/2021\/aerolineas-argentinas-record-de-pasajeros-transportados-en-semana-santa\/\",\"url\":\"https:\/\/www.noticiasradioreflejos.com.ar\/2021\/aerolineas-argentinas-record-de-pasajeros-transportados-en-semana-santa\/\",\"name\":\"Aerol\u00edneas Argentinas: r\u00e9cord de pasajeros transportados en Semana Santa - Noticias Radio Reflejos\",\"isPartOf\":{\"@id\":\"https:\/\/www.noticiasradioreflejos.com.ar\/2021\/#website\"},\"primaryImageOfPage\":{\"@id\":\"https:\/\/www.noticiasradioreflejos.com.ar\/2021\/aerolineas-argentinas-record-de-pasajeros-transportados-en-semana-santa\/#primaryimage\"},\"image\":{\"@id\":\"https:\/\/www.noticiasradioreflejos.com.ar\/2021\/aerolineas-argentinas-record-de-pasajeros-transportados-en-semana-santa\/#primaryimage\"},\"thumbnailUrl\":\"https:\/\/www.noticiasradioreflejos.com.ar\/2021\/wp-content\/uploads\/2022\/04\/Aerolineas-Argentinas.jpg\",\"datePublished\":\"2022-04-16T16:20:27+00:00\",\"author\":{\"@id\":\"https:\/\/www.noticiasradioreflejos.com.ar\/2021\/#\/schema\/person\/ad82545263dcc5ec0996818884fd5fb1\"},\"breadcrumb\":{\"@id\":\"https:\/\/www.noticiasradioreflejos.com.ar\/2021\/aerolineas-argentinas-record-de-pasajeros-transportados-en-semana-santa\/#breadcrumb\"},\"inLanguage\":\"es\",\"potentialAction\":[{\"@type\":\"ReadAction\",\"target\":[\"https:\/\/www.noticiasradioreflejos.com.ar\/2021\/aerolineas-argentinas-record-de-pasajeros-transportados-en-semana-santa\/\"]}]},{\"@type\":\"ImageObject\",\"inLanguage\":\"es\",\"@id\":\"https:\/\/www.noticiasradioreflejos.com.ar\/2021\/aerolineas-argentinas-record-de-pasajeros-transportados-en-semana-santa\/#primaryimage\",\"url\":\"https:\/\/www.noticiasradioreflejos.com.ar\/2021\/wp-content\/uploads\/2022\/04\/Aerolineas-Argentinas.jpg\",\"contentUrl\":\"https:\/\/www.noticiasradioreflejos.com.ar\/2021\/wp-content\/uploads\/2022\/04\/Aerolineas-Argentinas.jpg\",\"width\":900,\"height\":599},{\"@type\":\"BreadcrumbList\",\"@id\":\"https:\/\/www.noticiasradioreflejos.com.ar\/2021\/aerolineas-argentinas-record-de-pasajeros-transportados-en-semana-santa\/#breadcrumb\",\"itemListElement\":[{\"@type\":\"ListItem\",\"position\":1,\"name\":\"Portada\",\"item\":\"https:\/\/www.noticiasradioreflejos.com.ar\/2021\/\"},{\"@type\":\"ListItem\",\"position\":2,\"name\":\"Aerol\u00edneas Argentinas: r\u00e9cord de pasajeros transportados en Semana Santa\"}]},{\"@type\":\"WebSite\",\"@id\":\"https:\/\/www.noticiasradioreflejos.com.ar\/2021\/#website\",\"url\":\"https:\/\/www.noticiasradioreflejos.com.ar\/2021\/\",\"name\":\"Noticias Radio Reflejos\",\"description\":\"Las noticias de mi comarca\",\"potentialAction\":[{\"@type\":\"SearchAction\",\"target\":{\"@type\":\"EntryPoint\",\"urlTemplate\":\"https:\/\/www.noticiasradioreflejos.com.ar\/2021\/?s={search_term_string}\"},\"query-input\":{\"@type\":\"PropertyValueSpecification\",\"valueRequired\":true,\"valueName\":\"search_term_string\"}}],\"inLanguage\":\"es\"},{\"@type\":\"Person\",\"@id\":\"https:\/\/www.noticiasradioreflejos.com.ar\/2021\/#\/schema\/person\/ad82545263dcc5ec0996818884fd5fb1\",\"name\":\"Arnaldo Botto\",\"image\":{\"@type\":\"ImageObject\",\"inLanguage\":\"es\",\"@id\":\"https:\/\/www.noticiasradioreflejos.com.ar\/2021\/#\/schema\/person\/image\/\",\"url\":\"https:\/\/secure.gravatar.com\/avatar\/55cb5e37c1efa326397366e6974cb338056df65cb50e7d64d1cf314e87504837?s=96&d=mm&r=g\",\"contentUrl\":\"https:\/\/secure.gravatar.com\/avatar\/55cb5e37c1efa326397366e6974cb338056df65cb50e7d64d1cf314e87504837?s=96&d=mm&r=g\",\"caption\":\"Arnaldo Botto\"},\"url\":\"https:\/\/www.noticiasradioreflejos.com.ar\/2021\/author\/arnaldo\/\"}]}<\/script>\n<!-- \/ Yoast SEO plugin. -->","yoast_head_json":{"title":"Aerol\u00edneas Argentinas: r\u00e9cord de pasajeros transportados en Semana Santa - Noticias Radio Reflejos","robots":{"index":"index","follow":"follow","max-snippet":"max-snippet:-1","max-image-preview":"max-image-preview:large","max-video-preview":"max-video-preview:-1"},"canonical":"https:\/\/www.noticiasradioreflejos.com.ar\/2021\/aerolineas-argentinas-record-de-pasajeros-transportados-en-semana-santa\/","og_locale":"es_ES","og_type":"article","og_title":"Aerol\u00edneas Argentinas: r\u00e9cord de pasajeros transportados en Semana Santa - Noticias Radio Reflejos","og_description":"Los destinos m\u00e1s solicitados son C\u00f3rdoba, Mendoza, Iguaz\u00fa, Bariloche, El Calafate, Ushuaia y Salta. Con m\u00e1s de 300 mil viajeros, cuando termine el fin de semana se habr\u00e1 superado el n\u00famero de 2018, anterior al inicio de la pandemia.","og_url":"https:\/\/www.noticiasradioreflejos.com.ar\/2021\/aerolineas-argentinas-record-de-pasajeros-transportados-en-semana-santa\/","og_site_name":"Noticias Radio Reflejos","article_published_time":"2022-04-16T16:20:27+00:00","og_image":[{"width":900,"height":599,"url":"https:\/\/www.noticiasradioreflejos.com.ar\/2021\/wp-content\/uploads\/2022\/04\/Aerolineas-Argentinas.jpg","type":"image\/jpeg"}],"author":"Arnaldo Botto","twitter_card":"summary_large_image","schema":{"@context":"https:\/\/schema.org","@graph":[{"@type":"WebPage","@id":"https:\/\/www.noticiasradioreflejos.com.ar\/2021\/aerolineas-argentinas-record-de-pasajeros-transportados-en-semana-santa\/","url":"https:\/\/www.noticiasradioreflejos.com.ar\/2021\/aerolineas-argentinas-record-de-pasajeros-transportados-en-semana-santa\/","name":"Aerol\u00edneas Argentinas: r\u00e9cord de pasajeros transportados en Semana Santa - Noticias Radio Reflejos","isPartOf":{"@id":"https:\/\/www.noticiasradioreflejos.com.ar\/2021\/#website"},"primaryImageOfPage":{"@id":"https:\/\/www.noticiasradioreflejos.com.ar\/2021\/aerolineas-argentinas-record-de-pasajeros-transportados-en-semana-santa\/#primaryimage"},"image":{"@id":"https:\/\/www.noticiasradioreflejos.com.ar\/2021\/aerolineas-argentinas-record-de-pasajeros-transportados-en-semana-santa\/#primaryimage"},"thumbnailUrl":"https:\/\/www.noticiasradioreflejos.com.ar\/2021\/wp-content\/uploads\/2022\/04\/Aerolineas-Argentinas.jpg","datePublished":"2022-04-16T16:20:27+00:00","author":{"@id":"https:\/\/www.noticiasradioreflejos.com.ar\/2021\/#\/schema\/person\/ad82545263dcc5ec0996818884fd5fb1"},"breadcrumb":{"@id":"https:\/\/www.noticiasradioreflejos.com.ar\/2021\/aerolineas-argentinas-record-de-pasajeros-transportados-en-semana-santa\/#breadcrumb"},"inLanguage":"es","potentialAction":[{"@type":"ReadAction","target":["https:\/\/www.noticiasradioreflejos.com.ar\/2021\/aerolineas-argentinas-record-de-pasajeros-transportados-en-semana-santa\/"]}]},{"@type":"ImageObject","inLanguage":"es","@id":"https:\/\/www.noticiasradioreflejos.com.ar\/2021\/aerolineas-argentinas-record-de-pasajeros-transportados-en-semana-santa\/#primaryimage","url":"https:\/\/www.noticiasradioreflejos.com.ar\/2021\/wp-content\/uploads\/2022\/04\/Aerolineas-Argentinas.jpg","contentUrl":"https:\/\/www.noticiasradioreflejos.com.ar\/2021\/wp-content\/uploads\/2022\/04\/Aerolineas-Argentinas.jpg","width":900,"height":599},{"@type":"BreadcrumbList","@id":"https:\/\/www.noticiasradioreflejos.com.ar\/2021\/aerolineas-argentinas-record-de-pasajeros-transportados-en-semana-santa\/#breadcrumb","itemListElement":[{"@type":"ListItem","position":1,"name":"Portada","item":"https:\/\/www.noticiasradioreflejos.com.ar\/2021\/"},{"@type":"ListItem","position":2,"name":"Aerol\u00edneas Argentinas: r\u00e9cord de pasajeros transportados en Semana Santa"}]},{"@type":"WebSite","@id":"https:\/\/www.noticiasradioreflejos.com.ar\/2021\/#website","url":"https:\/\/www.noticiasradioreflejos.com.ar\/2021\/","name":"Noticias Radio Reflejos","description":"Las noticias de mi comarca","potentialAction":[{"@type":"SearchAction","target":{"@type":"EntryPoint","urlTemplate":"https:\/\/www.noticiasradioreflejos.com.ar\/2021\/?s={search_term_string}"},"query-input":{"@type":"PropertyValueSpecification","valueRequired":true,"valueName":"search_term_string"}}],"inLanguage":"es"},{"@type":"Person","@id":"https:\/\/www.noticiasradioreflejos.com.ar\/2021\/#\/schema\/person\/ad82545263dcc5ec0996818884fd5fb1","name":"Arnaldo Botto","image":{"@type":"ImageObject","inLanguage":"es","@id":"https:\/\/www.noticiasradioreflejos.com.ar\/2021\/#\/schema\/person\/image\/","url":"https:\/\/secure.gravatar.com\/avatar\/55cb5e37c1efa326397366e6974cb338056df65cb50e7d64d1cf314e87504837?s=96&d=mm&r=g","contentUrl":"https:\/\/secure.gravatar.com\/avatar\/55cb5e37c1efa326397366e6974cb338056df65cb50e7d64d1cf314e87504837?s=96&d=mm&r=g","caption":"Arnaldo Botto"},"url":"https:\/\/www.noticiasradioreflejos.com.ar\/2021\/author\/arnaldo\/"}]}},"_links":{"self":[{"href":"https:\/\/www.noticiasradioreflejos.com.ar\/2021\/wp-json\/wp\/v2\/posts\/70669","targetHints":{"allow":["GET"]}}],"collection":[{"href":"https:\/\/www.noticiasradioreflejos.com.ar\/2021\/wp-json\/wp\/v2\/posts"}],"about":[{"href":"https:\/\/www.noticiasradioreflejos.com.ar\/2021\/wp-json\/wp\/v2\/types\/post"}],"author":[{"embeddable":true,"href":"https:\/\/www.noticiasradioreflejos.com.ar\/2021\/wp-json\/wp\/v2\/users\/3"}],"replies":[{"embeddable":true,"href":"https:\/\/www.noticiasradioreflejos.com.ar\/2021\/wp-json\/wp\/v2\/comments?post=70669"}],"version-history":[{"count":1,"href":"https:\/\/www.noticiasradioreflejos.com.ar\/2021\/wp-json\/wp\/v2\/posts\/70669\/revisions"}],"predecessor-version":[{"id":70672,"href":"https:\/\/www.noticiasradioreflejos.com.ar\/2021\/wp-json\/wp\/v2\/posts\/70669\/revisions\/70672"}],"wp:featuredmedia":[{"embeddable":true,"href":"https:\/\/www.noticiasradioreflejos.com.ar\/2021\/wp-json\/wp\/v2\/media\/70671"}],"wp:attachment":[{"href":"https:\/\/www.noticiasradioreflejos.com.ar\/2021\/wp-json\/wp\/v2\/media?parent=70669"}],"wp:term":[{"taxonomy":"category","embeddable":true,"href":"https:\/\/www.noticiasradioreflejos.com.ar\/2021\/wp-json\/wp\/v2\/categories?post=70669"},{"taxonomy":"post_tag","embeddable":true,"href":"https:\/\/www.noticiasradioreflejos.com.ar\/2021\/wp-json\/wp\/v2\/tags?post=70669"}],"curies":[{"name":"wp","href":"https:\/\/api.w.org\/{rel}","templated":true}]}}