{"id":70662,"date":"2022-04-16T14:45:49","date_gmt":"2022-04-16T14:45:49","guid":{"rendered":"http:\/\/www.noticiasradioreflejos.com.ar\/2021\/?p=70662"},"modified":"2022-04-16T14:45:49","modified_gmt":"2022-04-16T14:45:49","slug":"pascuas-del-mundo-del-origen-judeocristiano-a-las-tradiciones-menos-conocidas","status":"publish","type":"post","link":"https:\/\/www.noticiasradioreflejos.com.ar\/2021\/pascuas-del-mundo-del-origen-judeocristiano-a-las-tradiciones-menos-conocidas\/","title":{"rendered":"Pascuas del mundo: del origen judeocristiano a las tradiciones menos conocidas"},"content":{"rendered":"<p>\u00bfC\u00f3mo se celebran la Pascua y los d\u00edas que la preceden en sus m\u00faltiples expresiones? Del arte ef\u00edmero en el tr\u00f3pico a las imponentes procesiones sevillanas, un recorrido por esta celebraci\u00f3n de alcance global.<!--more--><\/p>\n<div class=\"name\">POR GABRIEL S\u00c1NCHEZ SORONDO<\/div>\n<div class=\"time\"><\/div>\n<div>\n<div class=\"wrapper-editable-content\">\n<div>\n<div class=\"container-md\">\n<div class=\"row\">\n<div class=\"col-md-12 speak\">\n<div class=\"paragraph\">\n<figure class=\"mb-3\"><img decoding=\"async\" src=\"https:\/\/www.telam.com.ar\/thumbs\/bluesteel\/advf\/imagenes\/2022\/04\/625981948fb1e_900.jpg\" alt=\"Pascua en la ciudad de Antigua Foto gentileza de Marcos Glvez\" width=\"100%\" height=\"100%\" \/><\/p>\n<div class=\"media-icons\"><\/div><figcaption>Pascua en la ciudad de Antigua. Foto: gentileza de Marcos G\u00e1lvez.<\/figcaption><\/figure>\n<p>Decir que el origen de la Pascua como celebraci\u00f3n es judeocristiana por excelencia resulta cierto a medias. En t\u00e9rminos hist\u00f3ricos, la Pascua es preliminarmente jud\u00eda.<\/p>\n<p>El Pesaj, en hebreo, fue cronol\u00f3gicamente instaurado con antelaci\u00f3n al rito cristiano, y celebra la liberaci\u00f3n del pueblo jud\u00edo respecto del yugo egipcio narrada en el Viejo Testamento al evocar la marcha de Mois\u00e9s guiando a su pueblo a trav\u00e9s del Mar rojo que Yahv\u00e9 abre primero para salvaci\u00f3n de sus devotos y cierra despu\u00e9s para la derrota definitiva del ej\u00e9rcito esclavizador.<\/p>\n<figure class=\"mb-3\"><img decoding=\"async\" src=\"https:\/\/www.telam.com.ar\/thumbs\/bluesteel\/advf\/imagenes\/2017\/04\/58efa69085fa8_900.jpg\" alt=\"La celebracin del Pesaj conmemora la libertad del pueblo judo que deja atrs el yugo egipcio \" width=\"100%\" height=\"100%\" \/><\/p>\n<div class=\"media-icons\"><\/div><figcaption>La celebraci\u00f3n del Pesaj conmemora la libertad del pueblo jud\u00edo que deja atr\u00e1s el yugo egipcio.<\/figcaption><\/figure>\n<p>Fue Jes\u00fas quien eligi\u00f3 las fechas ya consagradas por el juda\u00edsmo para entrar en Jerusal\u00e9n: escena donde la tradici\u00f3n evang\u00e9lica lo refiere alabado durante el cortejo que incluye las emblem\u00e1ticas ramas de olivo alfombrando su marcha humilde a lomo de burro.<\/p>\n<p>La Pascua cristiana celebra, en suma, otro paso, de importancia constitutiva: la resurrecci\u00f3n de Jesucristo. Ocurrida \u2013seg\u00fan relata el Nuevo Testamento\u2013 al tercer d\u00eda de haber sido crucificado, el regreso a la vida terrenal del Nazareno es el milagro fundacional de su credo.<\/p>\n<figure class=\"mb-3\"><img decoding=\"async\" src=\"https:\/\/www.telam.com.ar\/thumbs\/bluesteel\/advf\/imagenes\/2013\/03\/51585a44605f2_900.jpg\" alt=\"Una de las famosas alfombras efmeras gutemaltecas realizadas en Semana Santa \" width=\"100%\" height=\"100%\" \/><\/p>\n<div class=\"media-icons\"><\/div><figcaption>Una de las famosas alfombras ef\u00edmeras gutemaltecas realizadas en Semana Santa.<\/figcaption><\/figure>\n<p>La coincidencia calendaria entre dos religiones suma una segunda concomitancia en la etimolog\u00eda de \u201cPascua\u201d, que en lat\u00edn se escribe pascha, transliteraci\u00f3n del griego \u03c0\u03ac\u03c3\u03c7\u03b1 o p\u00e1sja, y este, a su vez, del arameo \u05e4\u05b7\u05bc\u05e1\u05b0\u05d7\u05b8\u05d0 p\u00e1sja. La palabra en cuesti\u00f3n remite al concepto de \u00abpasar, atravesar, de un estado y otro\u00bb.<\/p>\n<figure class=\"mb-3\"><img decoding=\"async\" src=\"https:\/\/www.telam.com.ar\/thumbs\/bluesteel\/advf\/imagenes\/2013\/03\/51585bb3a7178_900.jpg\" alt=\"Indumentaria usada en los desfiles previos a la Pascua en Honduras \" width=\"100%\" height=\"100%\" \/><\/p>\n<div class=\"media-icons\"><\/div><figcaption>Indumentaria usada en los desfiles previos a la Pascua en Honduras.<\/figcaption><\/figure>\n<p>Si para el pueblo jud\u00edo el Pesaj es la liberaci\u00f3n del yugo y el paso a la libertad, para el cristiano encarna el paso de la muerte a la vida en el cuerpo de Jes\u00fas, hijo de Dios en la tierra. Y, para sus creyentes, un nuevo nacimiento a una esperanza viva.<\/p>\n<p>En la fe cristiana, la Pascua es en singular y se\u00f1ala un d\u00eda puntual: el \u201cDomingo de Resurrecci\u00f3n\u201d. Su celebraci\u00f3n como tal no es sino hasta entonces, auqnue los d\u00edas previos -la Semana Santa- tienen tambi\u00e9n car\u00e1cter conmemorativo.<\/p>\n<p>Hoy, las pascuas presentan en el mundo distintas din\u00e1micas ligadas a las culturas de los pueblos que las celebran. S\u00ed bien estas liturgias se apoyan en un mismo n\u00facleo argumental, difieren notablemente en sus formas y suelen estar vinculadas a tradiciones regionales que conjugan una devoci\u00f3n popular y colectiva.<\/p>\n<figure class=\"mb-3\"><img decoding=\"async\" src=\"https:\/\/www.telam.com.ar\/thumbs\/bluesteel\/advf\/imagenes\/2022\/04\/62575fb3ca8b5_900.jpg\" alt=\"Los Nazarenos en la Semana de la Santa Procesin en Marbella Foto 123RF \" width=\"100%\" height=\"100%\" \/><\/p>\n<div class=\"media-icons\"><\/div><figcaption>Los \u00abNazarenos\u00bb en la Semana de la Santa Procesi\u00f3n, en Marbella. Foto: 123RF.<\/figcaption><\/figure>\n<p>A diferencia de las fiestas religiosas que se practican puertas adentro en el \u00e1mbito intrafamiliar, las celebraciones pascuales que destacan por sus im\u00e1genes y participaci\u00f3n multitudinaria en distintos puntos del planeta, involucran lo p\u00fablico: ese car\u00e1cter hace de ellas encuentros regidos por la fraternidad horizontal, espont\u00e1nea, solidaria, mancomunada.<\/p>\n<p>Espa\u00f1a y Am\u00e9rica Latina son las regiones que encabezan la magnitud visual de las celebraciones pascuales. Dentro de este grupo, muy en particular en el Caribe, hay pascuas que deslumbran en el mundo entero.<\/p>\n<h2 class=\"\">Semana Santa en Antigua y el arte ef\u00edmero<\/h2>\n<p>El fervor religioso de Guatemala, uno de los pa\u00edses m\u00e1s creyentes del tr\u00f3pico,\u00a0 presenta cada a\u00f1o, en ciudades como Antigua, una verdadera explosi\u00f3n de colores y textura, acaso fruto de la conjunci\u00f3n entre la fe cristiana y ciertos aspectos del pret\u00e9rito culto Maya.<\/p>\n<p>En el marco de la Semana Santa, en esta ciudad meridional guatemalteca, se llevan a cabo las \u201cprocesiones\u201d callejeras organizadas a su vez por las \u201cHermandades de fe\u201d. Estas convocan a miles de fieles que acompa\u00f1an los distintos pasos de la Pasi\u00f3n de Cristo relatados en los evangelios can\u00f3nicos.<\/p>\n<figure class=\"mb-3\"><img decoding=\"async\" src=\"https:\/\/www.telam.com.ar\/thumbs\/bluesteel\/advf\/imagenes\/2022\/04\/62598194982ea_900.jpg\" alt=\"Uno de los motivos en las alfombras efmeras guatemaltecas con influencia de la cultura maya Foto gentileza Marcos Glvez \" width=\"100%\" height=\"100%\" \/><\/p>\n<div class=\"media-icons\"><\/div><figcaption>Uno de los motivos en las alfombras ef\u00edmeras guatemaltecas con influencia de la cultura maya. Foto: gentileza Marcos G\u00e1lvez.<\/figcaption><\/figure>\n<p>Previo a estos desfiles, los devotos dise\u00f1an el sendero que ha de pisar la procesi\u00f3n, integrada entre otros por unos cien devotos que cargan enormes im\u00e1genes de figuras, frecuentemente la del propio Jes\u00fas con la cruz a cuestas.<\/p>\n<p>El dise\u00f1o de esas sendas es la marca de identidad guatemalteca en el marco pascual: con aserr\u00edn de colores, los fieles trazan alfombras de motivos varios, cargadas de cromatismo, que adornan las calles hasta que la caravana, haciendo a su vez un paso ritual preproducido, las destruye. De all\u00ed el reconocimiento universal de esta como una de las m\u00e1s famosas versiones del arte ef\u00edmero conocido en el globo.<\/p>\n<h2 class=\"\">En Honduras, canto, baile y manjares<\/h2>\n<p>En Comayagua, la antigua capital de Honduras previa a Tegucigalpa, se repite la tradici\u00f3n de las alfombras ef\u00edmeras y de las grandes carrozas del vecino pa\u00eds guatemalteco, pero la celebraci\u00f3n de la Semana Santa, y en particular de su culminaci\u00f3n del domingo involucra otros elementos. Por ejemplo: los manjares.<\/p>\n<p>Sopas hechas de pescado salado seco, pasteles de queso, sopa de mondongo, rosquillas en miel y tamales dulces se cocinan y sirven en puestos callejeros durante esas jornadas. A su vez, las alfombras, que aqu\u00ed suelen representar figuras b\u00edblicas, no son de aserr\u00edn sino de arena.<\/p>\n<figure class=\"mb-3\"><img decoding=\"async\" src=\"https:\/\/www.telam.com.ar\/thumbs\/bluesteel\/advf\/imagenes\/2022\/04\/62575f0835672_900.jpg\" alt=\"Procesin de los penitentes en Sevilla Foto 123RF\" width=\"100%\" height=\"100%\" \/><\/p>\n<div class=\"media-icons\"><\/div><figcaption>Procesi\u00f3n de los penitentes, en Sevilla. Foto: 123RF.<\/figcaption><\/figure>\n<p>A diferencia de las guatemaltecas, las celebraciones hondure\u00f1as est\u00e1n menos guionadas y las procesiones se desarrollan con bailes y cantos de los que participan pr\u00e1cticamente todo aquel que se acerque, sin preparaci\u00f3n alguna.<\/p>\n<h2 class=\"\">La celebraci\u00f3n en Sevilla<\/h2>\n<p>A su hisp\u00e1nico modo, en la capital andaluza los fieles despliegan en Semana Santa una ceremonia mucho m\u00e1s dram\u00e1tica que la de sus pares caribe\u00f1os.\u00a0 Con im\u00e1genes de poderosa simbolog\u00eda e imponente aspecto, en una gama crom\u00e1tica m\u00e1s oscura pero no menos impactante, los sevillanos tambi\u00e9n salen a la calle en procesi\u00f3n.<\/p>\n<p>Entre el Domingo de Ramos y el Domingo de Resurrecci\u00f3n, 60 hermandades marchan desde distintos puntos hacia la catedral de la ciudad. En este caso, el guion de la ceremonia es estricto en relaci\u00f3n directa con la Pasi\u00f3n de Cristo: entrada a Jerusal\u00e9n, \u00faltima cena, viacrucis, muerte y resurrecci\u00f3n.<\/p>\n<figure class=\"mb-3\"><img decoding=\"async\" src=\"https:\/\/www.telam.com.ar\/thumbs\/bluesteel\/advf\/imagenes\/2022\/04\/62575bf76068f_900.jpg\" alt=\"Pascua cristiana en Sicilia Foto 123RF\" width=\"100%\" height=\"100%\" \/><\/p>\n<div class=\"media-icons\"><\/div><figcaption>Pascua cristiana en Sicilia. Foto: 123RF.<\/figcaption><\/figure>\n<p>La actividad comienza el Domingo de Ramos y finaliza el Domingo de Resurrecci\u00f3n e incluye un riguroso protocolo dentro del cual se establece el rol de los distintos elementos que engalanan el paso procesional y portan los ac\u00f3litos: estandartes, trompetas (que no se hacen sonar, pero refulgen) las plataformas que sostienen im\u00e1genes evang\u00e9licas, entre otras.<\/p>\n<p>A los fines organizativos, El Consejo General de Hermandades y Cofrad\u00edas de Sevilla es el encargado de la regulaci\u00f3n del conjunto de procesiones de la Semana Santa. A su vez, el Consejo agiliza tr\u00e1mites y acuerdos con las instituciones oficiales y controla los horarios de paso por cada ruta establecida en el centro de la ciudad.<\/p>\n<h2 class=\"\">Brasil<\/h2>\n<p>El gigante sudamericano presenta similitudes con Am\u00e9rica Central a la hora de celebrar la Semana Santa y las pascuas. En el caso brasile\u00f1o, tal como ocurre con muchos de sus santos y deidades, el sincretismo religioso se apodera tambi\u00e9n de la celebraci\u00f3n pascual e incluye elementos pante\u00edstas.<\/p>\n<figure class=\"mb-3\"><img decoding=\"async\" src=\"https:\/\/www.telam.com.ar\/thumbs\/bluesteel\/advf\/imagenes\/2013\/03\/51585bb4a6440_900.jpg\" alt=\"Sendero procesional en El Salvador \" width=\"100%\" height=\"100%\" \/><\/p>\n<div class=\"media-icons\"><\/div><figcaption>Sendero procesional en El Salvador.<\/figcaption><\/figure>\n<p>La adoraci\u00f3n La flor Macela, que florece s\u00f3lo en la Cuaresma, o la elaboraci\u00f3n y ofrenda de la \u201cPa\u00e7oca\u201d, un alimento que se prepara con la mezcla de man\u00edes triturados y az\u00facar forma parte de los ritos habituales en estos d\u00edas de abril.<\/p>\n<p>La quema de Judas Tadeo en se\u00f1al del t\u00e9rmino de la Cuaresma se escenifica incendiando un mu\u00f1eco que representa la traici\u00f3n y es otro de los ritos muy replicado en todo su territorio.<br \/>\nTambi\u00e9n en Brasil se realizan desfiles multitudinarios, particularmente en las ciudades del norte, donde se cumple con \u201cla bendici\u00f3n de las palmas\u201d tejidas en intrincados patrones que representan cruces, aves, flores y otras im\u00e1genes tem\u00e1ticas.<\/p>\n<h2 class=\"\">Tantas Pascuas como culturas<\/h2>\n<p>Desde Am\u00e9rica hasta el norte, centro y este de Europa, la tradici\u00f3n muta calidosc\u00f3picamente en versiones que expresan en un sentido u otro a cada pueblo. Los detalles son tan variados como curiosos.<\/p>\n<figure class=\"mb-3\"><img decoding=\"async\" src=\"https:\/\/www.telam.com.ar\/thumbs\/bluesteel\/advf\/imagenes\/2013\/03\/51585bb433194_900.jpg\" alt=\"Una particular forma de desfile en Guatemala \" width=\"100%\" height=\"100%\" \/><\/p>\n<div class=\"media-icons\"><\/div><figcaption>Una particular forma de desfile, en Guatemala.<\/figcaption><\/figure>\n<p>Durante la semana pascual, la poblaci\u00f3n h\u00fangara desarrolla un ritual que busca aumentar la fertilidad de las mujeres j\u00f3venes roci\u00e1ndoles determinados perfumes que garantizar\u00edan la continuidad de una progenie.\u00a0 En cuanto al domingo de resurrecci\u00f3n, suele destacarse por un plato en particular: el \u201ch\u00fasv\u00e9ti sonka\u201d, o pierna de cerdo ahumado durante varios d\u00edas que se sirve en largas mesas.<\/p>\n<figure class=\"mb-3\"><img decoding=\"async\" src=\"https:\/\/www.telam.com.ar\/thumbs\/bluesteel\/advf\/imagenes\/2013\/03\/51585bb3ee0f9_900.jpg\" alt=\"El Va Crucis representado en Mxico \" width=\"100%\" height=\"100%\" \/><\/p>\n<div class=\"media-icons\"><\/div><figcaption>El V\u00eda Crucis representado en M\u00e9xico.<\/figcaption><\/figure>\n<p>En Rumania, las pr\u00e1cticas del periodo de Pascua responden a tradicioes instauradas por la iglesia cristiana ortodoxa. Cuando las familias asisten a misa, suelen encender velas que transportan encendidas hasta sus hogares para marcar cruces con ellas en las puertas de sus casas.<\/p>\n<p>En cuanto a la caza del huevo de pascua o conejo de chocolate, quiz\u00e1 no guarde relaci\u00f3n simb\u00f3lica alguna con el significado de la Semana Santa, pero es una tradici\u00f3n aliada al feriado cristiano que se practica especialmente en Finlandia, Suecia, Noruega, Polonia y se ha extendido a muchos pa\u00edses, incluyendo algunas ciudades argentinas.<\/p>\n<figure class=\"mb-3\"><img decoding=\"async\" src=\"https:\/\/www.telam.com.ar\/thumbs\/bluesteel\/advf\/imagenes\/2013\/03\/51585a44128af_900.jpg\" alt=\"En Brasil conjuncin de creencias concitadas en Semana Santa \" width=\"100%\" height=\"100%\" \/><\/p>\n<div class=\"media-icons\"><\/div><figcaption>En Brasil, conjunci\u00f3n de creencias concitadas en Semana Santa.<\/figcaption><\/figure>\n<p>Finalmente, Roma, epicentro del cristianismo es sin duda la m\u00e1s concurrida con sus procesiones que progresivamente se fueron articulando con los rituales paganos de los muchos pobladores de Sicilia que se establecieron en la capital italiana dot\u00e1ndola de nuevas pr\u00e1cticas en este y otros tantos aspectos.<\/p>\n<p>En definitiva, la Pascua, como la fe misma, es, adem\u00e1s de un acontecimiento religioso puntual, un marco donde se expresan de distintos modos, idiomas y formas, una voluntad de creer y celebrar esa creencia en comunidad; acaso la m\u00e1s noble de las pulsiones humanas.<\/p>\n<\/div>\n<\/div>\n<\/div>\n<\/div>\n<\/div>\n<\/div>\n<\/div>\n","protected":false},"excerpt":{"rendered":"<p>\u00bfC\u00f3mo se celebran la Pascua y los d\u00edas que la preceden en sus m\u00faltiples expresiones? Del arte ef\u00edmero en el tr\u00f3pico a las imponentes procesiones sevillanas, un recorrido por esta celebraci\u00f3n de alcance global.<\/p>\n","protected":false},"author":3,"featured_media":0,"comment_status":"closed","ping_status":"closed","sticky":false,"template":"","format":"standard","meta":{"footnotes":""},"categories":[35,26],"tags":[],"class_list":["post-70662","post","type-post","status-publish","format-standard","hentry","category-cultura","category-sociedad"],"yoast_head":"<!-- This site is optimized with the Yoast SEO plugin v25.9 - https:\/\/yoast.com\/wordpress\/plugins\/seo\/ -->\n<title>Pascuas del mundo: del origen judeocristiano a las tradiciones menos conocidas - Noticias Radio Reflejos<\/title>\n<meta name=\"robots\" content=\"index, follow, max-snippet:-1, max-image-preview:large, max-video-preview:-1\" \/>\n<link rel=\"canonical\" href=\"https:\/\/www.noticiasradioreflejos.com.ar\/2021\/pascuas-del-mundo-del-origen-judeocristiano-a-las-tradiciones-menos-conocidas\/\" \/>\n<meta property=\"og:locale\" content=\"es_ES\" \/>\n<meta property=\"og:type\" content=\"article\" \/>\n<meta property=\"og:title\" content=\"Pascuas del mundo: del origen judeocristiano a las tradiciones menos conocidas - Noticias Radio Reflejos\" \/>\n<meta property=\"og:description\" content=\"\u00bfC\u00f3mo se celebran la Pascua y los d\u00edas que la preceden en sus m\u00faltiples expresiones? Del arte ef\u00edmero en el tr\u00f3pico a las imponentes procesiones sevillanas, un recorrido por esta celebraci\u00f3n de alcance global.\" \/>\n<meta property=\"og:url\" content=\"https:\/\/www.noticiasradioreflejos.com.ar\/2021\/pascuas-del-mundo-del-origen-judeocristiano-a-las-tradiciones-menos-conocidas\/\" \/>\n<meta property=\"og:site_name\" content=\"Noticias Radio Reflejos\" \/>\n<meta property=\"article:published_time\" content=\"2022-04-16T14:45:49+00:00\" \/>\n<meta property=\"og:image\" content=\"https:\/\/www.telam.com.ar\/thumbs\/bluesteel\/advf\/imagenes\/2022\/04\/625981948fb1e_900.jpg\" \/>\n<meta name=\"author\" content=\"Arnaldo Botto\" \/>\n<meta name=\"twitter:card\" content=\"summary_large_image\" \/>\n<script type=\"application\/ld+json\" class=\"yoast-schema-graph\">{\"@context\":\"https:\/\/schema.org\",\"@graph\":[{\"@type\":\"WebPage\",\"@id\":\"https:\/\/www.noticiasradioreflejos.com.ar\/2021\/pascuas-del-mundo-del-origen-judeocristiano-a-las-tradiciones-menos-conocidas\/\",\"url\":\"https:\/\/www.noticiasradioreflejos.com.ar\/2021\/pascuas-del-mundo-del-origen-judeocristiano-a-las-tradiciones-menos-conocidas\/\",\"name\":\"Pascuas del mundo: del origen judeocristiano a las tradiciones menos conocidas - Noticias Radio Reflejos\",\"isPartOf\":{\"@id\":\"https:\/\/www.noticiasradioreflejos.com.ar\/2021\/#website\"},\"primaryImageOfPage\":{\"@id\":\"https:\/\/www.noticiasradioreflejos.com.ar\/2021\/pascuas-del-mundo-del-origen-judeocristiano-a-las-tradiciones-menos-conocidas\/#primaryimage\"},\"image\":{\"@id\":\"https:\/\/www.noticiasradioreflejos.com.ar\/2021\/pascuas-del-mundo-del-origen-judeocristiano-a-las-tradiciones-menos-conocidas\/#primaryimage\"},\"thumbnailUrl\":\"https:\/\/www.telam.com.ar\/thumbs\/bluesteel\/advf\/imagenes\/2022\/04\/625981948fb1e_900.jpg\",\"datePublished\":\"2022-04-16T14:45:49+00:00\",\"author\":{\"@id\":\"https:\/\/www.noticiasradioreflejos.com.ar\/2021\/#\/schema\/person\/ad82545263dcc5ec0996818884fd5fb1\"},\"breadcrumb\":{\"@id\":\"https:\/\/www.noticiasradioreflejos.com.ar\/2021\/pascuas-del-mundo-del-origen-judeocristiano-a-las-tradiciones-menos-conocidas\/#breadcrumb\"},\"inLanguage\":\"es\",\"potentialAction\":[{\"@type\":\"ReadAction\",\"target\":[\"https:\/\/www.noticiasradioreflejos.com.ar\/2021\/pascuas-del-mundo-del-origen-judeocristiano-a-las-tradiciones-menos-conocidas\/\"]}]},{\"@type\":\"ImageObject\",\"inLanguage\":\"es\",\"@id\":\"https:\/\/www.noticiasradioreflejos.com.ar\/2021\/pascuas-del-mundo-del-origen-judeocristiano-a-las-tradiciones-menos-conocidas\/#primaryimage\",\"url\":\"https:\/\/www.telam.com.ar\/thumbs\/bluesteel\/advf\/imagenes\/2022\/04\/625981948fb1e_900.jpg\",\"contentUrl\":\"https:\/\/www.telam.com.ar\/thumbs\/bluesteel\/advf\/imagenes\/2022\/04\/625981948fb1e_900.jpg\"},{\"@type\":\"BreadcrumbList\",\"@id\":\"https:\/\/www.noticiasradioreflejos.com.ar\/2021\/pascuas-del-mundo-del-origen-judeocristiano-a-las-tradiciones-menos-conocidas\/#breadcrumb\",\"itemListElement\":[{\"@type\":\"ListItem\",\"position\":1,\"name\":\"Portada\",\"item\":\"https:\/\/www.noticiasradioreflejos.com.ar\/2021\/\"},{\"@type\":\"ListItem\",\"position\":2,\"name\":\"Pascuas del mundo: del origen judeocristiano a las tradiciones menos conocidas\"}]},{\"@type\":\"WebSite\",\"@id\":\"https:\/\/www.noticiasradioreflejos.com.ar\/2021\/#website\",\"url\":\"https:\/\/www.noticiasradioreflejos.com.ar\/2021\/\",\"name\":\"Noticias Radio Reflejos\",\"description\":\"Las noticias de mi comarca\",\"potentialAction\":[{\"@type\":\"SearchAction\",\"target\":{\"@type\":\"EntryPoint\",\"urlTemplate\":\"https:\/\/www.noticiasradioreflejos.com.ar\/2021\/?s={search_term_string}\"},\"query-input\":{\"@type\":\"PropertyValueSpecification\",\"valueRequired\":true,\"valueName\":\"search_term_string\"}}],\"inLanguage\":\"es\"},{\"@type\":\"Person\",\"@id\":\"https:\/\/www.noticiasradioreflejos.com.ar\/2021\/#\/schema\/person\/ad82545263dcc5ec0996818884fd5fb1\",\"name\":\"Arnaldo Botto\",\"image\":{\"@type\":\"ImageObject\",\"inLanguage\":\"es\",\"@id\":\"https:\/\/www.noticiasradioreflejos.com.ar\/2021\/#\/schema\/person\/image\/\",\"url\":\"https:\/\/secure.gravatar.com\/avatar\/55cb5e37c1efa326397366e6974cb338056df65cb50e7d64d1cf314e87504837?s=96&d=mm&r=g\",\"contentUrl\":\"https:\/\/secure.gravatar.com\/avatar\/55cb5e37c1efa326397366e6974cb338056df65cb50e7d64d1cf314e87504837?s=96&d=mm&r=g\",\"caption\":\"Arnaldo Botto\"},\"url\":\"https:\/\/www.noticiasradioreflejos.com.ar\/2021\/author\/arnaldo\/\"}]}<\/script>\n<!-- \/ Yoast SEO plugin. -->","yoast_head_json":{"title":"Pascuas del mundo: del origen judeocristiano a las tradiciones menos conocidas - Noticias Radio Reflejos","robots":{"index":"index","follow":"follow","max-snippet":"max-snippet:-1","max-image-preview":"max-image-preview:large","max-video-preview":"max-video-preview:-1"},"canonical":"https:\/\/www.noticiasradioreflejos.com.ar\/2021\/pascuas-del-mundo-del-origen-judeocristiano-a-las-tradiciones-menos-conocidas\/","og_locale":"es_ES","og_type":"article","og_title":"Pascuas del mundo: del origen judeocristiano a las tradiciones menos conocidas - Noticias Radio Reflejos","og_description":"\u00bfC\u00f3mo se celebran la Pascua y los d\u00edas que la preceden en sus m\u00faltiples expresiones? Del arte ef\u00edmero en el tr\u00f3pico a las imponentes procesiones sevillanas, un recorrido por esta celebraci\u00f3n de alcance global.","og_url":"https:\/\/www.noticiasradioreflejos.com.ar\/2021\/pascuas-del-mundo-del-origen-judeocristiano-a-las-tradiciones-menos-conocidas\/","og_site_name":"Noticias Radio Reflejos","article_published_time":"2022-04-16T14:45:49+00:00","og_image":[{"url":"https:\/\/www.telam.com.ar\/thumbs\/bluesteel\/advf\/imagenes\/2022\/04\/625981948fb1e_900.jpg","type":"","width":"","height":""}],"author":"Arnaldo Botto","twitter_card":"summary_large_image","schema":{"@context":"https:\/\/schema.org","@graph":[{"@type":"WebPage","@id":"https:\/\/www.noticiasradioreflejos.com.ar\/2021\/pascuas-del-mundo-del-origen-judeocristiano-a-las-tradiciones-menos-conocidas\/","url":"https:\/\/www.noticiasradioreflejos.com.ar\/2021\/pascuas-del-mundo-del-origen-judeocristiano-a-las-tradiciones-menos-conocidas\/","name":"Pascuas del mundo: del origen judeocristiano a las tradiciones menos conocidas - Noticias Radio Reflejos","isPartOf":{"@id":"https:\/\/www.noticiasradioreflejos.com.ar\/2021\/#website"},"primaryImageOfPage":{"@id":"https:\/\/www.noticiasradioreflejos.com.ar\/2021\/pascuas-del-mundo-del-origen-judeocristiano-a-las-tradiciones-menos-conocidas\/#primaryimage"},"image":{"@id":"https:\/\/www.noticiasradioreflejos.com.ar\/2021\/pascuas-del-mundo-del-origen-judeocristiano-a-las-tradiciones-menos-conocidas\/#primaryimage"},"thumbnailUrl":"https:\/\/www.telam.com.ar\/thumbs\/bluesteel\/advf\/imagenes\/2022\/04\/625981948fb1e_900.jpg","datePublished":"2022-04-16T14:45:49+00:00","author":{"@id":"https:\/\/www.noticiasradioreflejos.com.ar\/2021\/#\/schema\/person\/ad82545263dcc5ec0996818884fd5fb1"},"breadcrumb":{"@id":"https:\/\/www.noticiasradioreflejos.com.ar\/2021\/pascuas-del-mundo-del-origen-judeocristiano-a-las-tradiciones-menos-conocidas\/#breadcrumb"},"inLanguage":"es","potentialAction":[{"@type":"ReadAction","target":["https:\/\/www.noticiasradioreflejos.com.ar\/2021\/pascuas-del-mundo-del-origen-judeocristiano-a-las-tradiciones-menos-conocidas\/"]}]},{"@type":"ImageObject","inLanguage":"es","@id":"https:\/\/www.noticiasradioreflejos.com.ar\/2021\/pascuas-del-mundo-del-origen-judeocristiano-a-las-tradiciones-menos-conocidas\/#primaryimage","url":"https:\/\/www.telam.com.ar\/thumbs\/bluesteel\/advf\/imagenes\/2022\/04\/625981948fb1e_900.jpg","contentUrl":"https:\/\/www.telam.com.ar\/thumbs\/bluesteel\/advf\/imagenes\/2022\/04\/625981948fb1e_900.jpg"},{"@type":"BreadcrumbList","@id":"https:\/\/www.noticiasradioreflejos.com.ar\/2021\/pascuas-del-mundo-del-origen-judeocristiano-a-las-tradiciones-menos-conocidas\/#breadcrumb","itemListElement":[{"@type":"ListItem","position":1,"name":"Portada","item":"https:\/\/www.noticiasradioreflejos.com.ar\/2021\/"},{"@type":"ListItem","position":2,"name":"Pascuas del mundo: del origen judeocristiano a las tradiciones menos conocidas"}]},{"@type":"WebSite","@id":"https:\/\/www.noticiasradioreflejos.com.ar\/2021\/#website","url":"https:\/\/www.noticiasradioreflejos.com.ar\/2021\/","name":"Noticias Radio Reflejos","description":"Las noticias de mi comarca","potentialAction":[{"@type":"SearchAction","target":{"@type":"EntryPoint","urlTemplate":"https:\/\/www.noticiasradioreflejos.com.ar\/2021\/?s={search_term_string}"},"query-input":{"@type":"PropertyValueSpecification","valueRequired":true,"valueName":"search_term_string"}}],"inLanguage":"es"},{"@type":"Person","@id":"https:\/\/www.noticiasradioreflejos.com.ar\/2021\/#\/schema\/person\/ad82545263dcc5ec0996818884fd5fb1","name":"Arnaldo Botto","image":{"@type":"ImageObject","inLanguage":"es","@id":"https:\/\/www.noticiasradioreflejos.com.ar\/2021\/#\/schema\/person\/image\/","url":"https:\/\/secure.gravatar.com\/avatar\/55cb5e37c1efa326397366e6974cb338056df65cb50e7d64d1cf314e87504837?s=96&d=mm&r=g","contentUrl":"https:\/\/secure.gravatar.com\/avatar\/55cb5e37c1efa326397366e6974cb338056df65cb50e7d64d1cf314e87504837?s=96&d=mm&r=g","caption":"Arnaldo Botto"},"url":"https:\/\/www.noticiasradioreflejos.com.ar\/2021\/author\/arnaldo\/"}]}},"_links":{"self":[{"href":"https:\/\/www.noticiasradioreflejos.com.ar\/2021\/wp-json\/wp\/v2\/posts\/70662","targetHints":{"allow":["GET"]}}],"collection":[{"href":"https:\/\/www.noticiasradioreflejos.com.ar\/2021\/wp-json\/wp\/v2\/posts"}],"about":[{"href":"https:\/\/www.noticiasradioreflejos.com.ar\/2021\/wp-json\/wp\/v2\/types\/post"}],"author":[{"embeddable":true,"href":"https:\/\/www.noticiasradioreflejos.com.ar\/2021\/wp-json\/wp\/v2\/users\/3"}],"replies":[{"embeddable":true,"href":"https:\/\/www.noticiasradioreflejos.com.ar\/2021\/wp-json\/wp\/v2\/comments?post=70662"}],"version-history":[{"count":1,"href":"https:\/\/www.noticiasradioreflejos.com.ar\/2021\/wp-json\/wp\/v2\/posts\/70662\/revisions"}],"predecessor-version":[{"id":70664,"href":"https:\/\/www.noticiasradioreflejos.com.ar\/2021\/wp-json\/wp\/v2\/posts\/70662\/revisions\/70664"}],"wp:attachment":[{"href":"https:\/\/www.noticiasradioreflejos.com.ar\/2021\/wp-json\/wp\/v2\/media?parent=70662"}],"wp:term":[{"taxonomy":"category","embeddable":true,"href":"https:\/\/www.noticiasradioreflejos.com.ar\/2021\/wp-json\/wp\/v2\/categories?post=70662"},{"taxonomy":"post_tag","embeddable":true,"href":"https:\/\/www.noticiasradioreflejos.com.ar\/2021\/wp-json\/wp\/v2\/tags?post=70662"}],"curies":[{"name":"wp","href":"https:\/\/api.w.org\/{rel}","templated":true}]}}