{"id":70654,"date":"2022-04-16T13:37:36","date_gmt":"2022-04-16T13:37:36","guid":{"rendered":"http:\/\/www.noticiasradioreflejos.com.ar\/2021\/?p=70654"},"modified":"2022-04-16T13:46:45","modified_gmt":"2022-04-16T13:46:45","slug":"record-de-visitantes-en-la-comarca-de-sierra-de-la-ventana","status":"publish","type":"post","link":"https:\/\/www.noticiasradioreflejos.com.ar\/2021\/record-de-visitantes-en-la-comarca-de-sierra-de-la-ventana\/","title":{"rendered":"R\u00e9cord de visitantes en la comarca de Sierra de la Ventana"},"content":{"rendered":"<p>Cada rinc\u00f3n de la zona serrana tuvo gente disfrutando del paisaje y el clima, que jug\u00f3 a favor de los viajeros.<!--more--><\/p>\n<p><a title=\"SS 2022 (3)\" href=\"https:\/\/www.flickr.com\/photos\/182279889@N02\/52008209878\/in\/dateposted-public\/\" data-flickr-embed=\"true\"><img loading=\"lazy\" decoding=\"async\" src=\"https:\/\/live.staticflickr.com\/65535\/52008209878_d0f458c41d_c.jpg\" alt=\"SS 2022 (3)\" width=\"800\" height=\"360\" \/><\/a><script async src=\"\/\/embedr.flickr.com\/assets\/client-code.js\" charset=\"utf-8\"><\/script><\/p>\n<p>Largas colas de turistas frente a la oficina de turismo en Sierra de la Ventana.<\/p>\n<p>En todas las localidades de la Comarca de Ventania se vive con intensidad este fin de semana largo, donde miles de personas disfrutan de los arroyos, plazas, centro cultural, calles, sendas peatonales, paradores, Parque Provincial y las variadas posibilidades de salidas en la naturaleza con trekking, cabalgatas, escaladas a los cerros y paseos en cuatriciclos o bikes.<\/p>\n<p>&nbsp;<\/p>\n<p><a title=\"sem, santa 2022 (14)\" href=\"https:\/\/www.flickr.com\/photos\/182279889@N02\/52008209443\/in\/dateposted-public\/\" data-flickr-embed=\"true\"><img loading=\"lazy\" decoding=\"async\" src=\"https:\/\/live.staticflickr.com\/65535\/52008209443_3c463307f2_c.jpg\" alt=\"sem, santa 2022 (14)\" width=\"800\" height=\"360\" \/><\/a><script async src=\"\/\/embedr.flickr.com\/assets\/client-code.js\" charset=\"utf-8\"><\/script><\/p>\n<p>Plaza del Parador Los Angelitos en el Barrio Golf de Sierra de la Ventana<\/p>\n<p>El alojamiento est\u00e1 desde el mi\u00e9rcoles mismo, totalmente ocupado y nos aseguran desde las oficinas de turismo que hubo que derivar gente a Bah\u00eda Blanca, Pig\u00fc\u00e9 y Cnel. Su\u00e1rez.<\/p>\n<p>Largas colas en los comercios, tr\u00e1nsito vehicular con dificultades;\u00a0 especialmente en la zona del puente que une Sierra de la Ventana con Villa la Arcadia, y las rutas 72 y 76 con largas filas de veh\u00edculos\u00a0 durante todos los d\u00edas son los complementos que trae aparejado el gran movimiento tur\u00edstico.<\/p>\n<p><a title=\"sem, santa 2022 (5)\" href=\"https:\/\/www.flickr.com\/photos\/182279889@N02\/52008674155\/in\/dateposted-public\/\" data-flickr-embed=\"true\"><img loading=\"lazy\" decoding=\"async\" class=\"aligncenter\" src=\"https:\/\/live.staticflickr.com\/65535\/52008674155_9f993e0a5f_z.jpg\" alt=\"sem, santa 2022 (5)\" width=\"583\" height=\"654\" \/><\/a><script async src=\"\/\/embedr.flickr.com\/assets\/client-code.js\" charset=\"utf-8\"><\/script><\/p>\n<p>Las opciones culturales que abarcan desde circos callejeros, ferias artesanales, muestras art\u00edsticas y espect\u00e1culos musicales en cervecer\u00edas, aportan un abanico de atractivos a la tarde y noche serrana.<\/p>\n<p><a title=\"sem, santa 2022 (1)\" href=\"https:\/\/www.flickr.com\/photos\/182279889@N02\/52008209758\/in\/dateposted-public\/\" data-flickr-embed=\"true\"><img loading=\"lazy\" decoding=\"async\" class=\"aligncenter\" src=\"https:\/\/live.staticflickr.com\/65535\/52008209758_d0489553b1_z.jpg\" alt=\"sem, santa 2022 (1)\" width=\"755\" height=\"340\" \/><\/a><script async src=\"\/\/embedr.flickr.com\/assets\/client-code.js\" charset=\"utf-8\"><\/script><\/p>\n<p>&nbsp;<\/p>\n<p><iframe loading=\"lazy\" style=\"border: none; overflow: hidden;\" src=\"https:\/\/www.facebook.com\/plugins\/post.php?href=https%3A%2F%2Fwww.facebook.com%2FNoticiasRadioReflejos%2Fposts%2F1611091659258736&amp;show_text=true&amp;width=500\" width=\"500\" height=\"787\" frameborder=\"0\" scrolling=\"no\" allowfullscreen=\"allowfullscreen\"><\/iframe><\/p>\n<p>El Ministerio de Turismo se\u00f1al\u00f3 que m\u00e1s de 3 millones de turistas se movilizar\u00e1n durante los cuatro d\u00edas. Hasta el momento los mejores n\u00fameros son en el Norte con m\u00e1s del 95% en Salta, Cafayate, Termas de R\u00edo Hondo, Quebrada de Humahuaca y Taf\u00ed del Valle.<\/p>\n<p>&nbsp;<\/p>\n<figure class=\"mb-3\"><img decoding=\"async\" src=\"https:\/\/www.telam.com.ar\/thumbs\/bluesteel\/advf\/imagenes\/2022\/04\/6259d54eb9af5_900.jpg\" alt=\"Mar del Plata Foto Alejandro Moritz\" width=\"100%\" height=\"100%\" \/><\/p>\n<div class=\"media-icons\"><\/div><figcaption>Mar del Plata (Foto Alejandro Moritz)<\/figcaption><\/figure>\n<p>Un r\u00e9cord de ocupaci\u00f3n de plazas hoteleras en los principales destinos tur\u00edsticos se registraba en esta Semana Santa, seg\u00fan estimaciones del\u00a0<strong>Ministerio de Turismo de la Naci\u00f3n, que se\u00f1al\u00f3 que m\u00e1s de 3 millones de personas se movilizar\u00e1n durante este feriado largo en todo el pa\u00eds.<\/strong><\/p>\n<p>Los c\u00e1lculos iniciales hab\u00edan anticipado un movimiento de 2,5 millones de personas pero tras el relevamiento realizados con las provincias, se calcula que ese n\u00famero va estar por encima de los 3 millones, marcando un r\u00e9cord absoluto.<\/p>\n<p>Fuentes de la cartera tur\u00edstica indicaron que se trata de la Semana Santa m\u00e1s importante en t\u00e9rminos tur\u00edsticos desde que se mide el movimiento, ya que registra un 60% por encima de la Semana Santa de 2021 que se desarroll\u00f3 en medio de la pandemia de coronavirus y un 30% por encima de la de 2018, la cifra m\u00e1s alta registrada hasta hoy.<\/p>\n<p><strong>La regi\u00f3n con mejores n\u00fameros era el norte del pa\u00eds, con cifras de ocupaci\u00f3n por encima del 95% en sus principales destinos como la ciudad de Salta, Cafayate (Salta), la Quebrada de Humahuaca (Jujuy), Taf\u00ed del Valle (Tucum\u00e1n) o las Termas de R\u00edo Hondo (Santiago del Estero).<\/strong><\/p>\n<figure class=\"mb-3\"><img decoding=\"async\" src=\"https:\/\/www.telam.com.ar\/thumbs\/bluesteel\/advf\/imagenes\/2022\/04\/6259d54e78ee5_900.jpg\" alt=\"Mar del Plata Foto Alejandro Moritz\" width=\"100%\" height=\"100%\" \/><\/p>\n<div class=\"media-icons\"><\/div><figcaption>Mar del Plata (Foto Alejandro Moritz)<\/figcaption><\/figure>\n<p>En cuanto al resto del pa\u00eds,\u00a0<strong>los destinos m\u00e1s importantes como Mar del Plata, Partido de la Costa, Puerto Iguaz\u00fa, Carlos Paz, Merlo, Mendoza, Salta, Ciudad de Buenos Aires, San Carlos de Bariloche y El Calafate<\/strong>, estuvieron entre el 80% y el 100% de ocupaci\u00f3n de sus plazas hoteleras.<\/p>\n<p>Por su parte,\u00a0<strong>esta Semana Santa marc\u00f3 tambi\u00e9n la recuperaci\u00f3n definitiva del turismo en la Ciudad de Buenos Aires de la mano del PreViaje y la vuelta del turismo extranjero.<\/strong><\/p>\n<p>A su vez, destinos emergentes como la localidad bonaerense de San Antonio de Areco, Potrero de los Funes (San Luis), Iber\u00e1 (Corrientes), Saltos de Mocon\u00e1 (Misiones), Cachi (Salta), Taf\u00ed Viejo (Tucum\u00e1n), Villa Uni\u00f3n (La Rioja), Calingasta (San Juan), Cacheuta (Mendoza), Antofagasta de la Sierra (Catamarca) y Tolhuin (Tierra del Fuego) presentaban cerca del 100% de ocupaci\u00f3n.<\/p>\n<figure class=\"mb-3\"><img decoding=\"async\" src=\"https:\/\/www.telam.com.ar\/thumbs\/bluesteel\/advf\/imagenes\/2022\/04\/625a1428d67d5_900.jpg\" alt=\"Bariloche Alejandra Bartoliche\" width=\"100%\" height=\"100%\" \/><\/p>\n<div class=\"media-icons\"><\/div><figcaption>Bariloche (Alejandra Bartoliche)<\/figcaption><\/figure>\n<p><strong>Alrededor de 300 mil personas viajaron este fin de semana con PreViaje, el plan del Ministerio de Turismo y Deportes de la Naci\u00f3n que devuelve el 50% de lo gastado en turismo en cr\u00e9dito\u00a0<\/strong>para volver a usar en servicios del sector (gastronom\u00eda, alojamiento, excursiones, pasajes y productores regionales).<\/p>\n<p>Adem\u00e1s, este fin de semana largo ya se sinti\u00f3 fuerte el ingreso de turistas brasile\u00f1os y uruguayos, sobre todo en localidades del norte, en la Ciudad de Bs As y en las provincias del Litoral.<\/p>\n<p>Mat\u00edas Lammens, ministro de Turismo y Deportes, se\u00f1al\u00f3 que \u201clos datos que nos env\u00edan las provincias superan ampliamente las expectativas que ten\u00edamos, estamos viviendo una Semana Santa con n\u00fameros r\u00e9cord a lo largo y ancho de todo el pa\u00eds\u201d.<\/p>\n<p><strong>\u201cGracias a PreViaje observamos que no s\u00f3lo los destinos m\u00e1s consolidados tienen alta ocupaci\u00f3n sino tambi\u00e9n destinos emergentes que est\u00e1n ampliando la rica oferta tur\u00edstica que tiene la Argentina\u201d, agreg\u00f3 Lammens.<\/strong><\/p>\n<figure class=\"mb-3\"><img decoding=\"async\" src=\"https:\/\/www.telam.com.ar\/thumbs\/bluesteel\/advf\/imagenes\/2022\/04\/6259a5ce7b8d0_900.jpg\" alt=\"Bariloche Alejandra Bartoliche\" width=\"100%\" height=\"100%\" \/><\/p>\n<div class=\"media-icons\"><\/div><figcaption>Bariloche (Alejandra Bartoliche)<\/figcaption><\/figure>\n<p>Sostuvo luego que \u201cdesde noviembre de 2021, pasando por la temporada de verano que fue hist\u00f3rica, el fin de semana de Carnaval con cifras r\u00e9cord y ahora con esta gran Semana Santa, se cierra un semestre de intensa actividad tur\u00edsitca, con cifras de movimiento de personas y gasto promedio de las mejores de los \u00faltimos 20 a\u00f1os\u201d.<\/p>\n<p>Lammens afirm\u00f3 que\u00a0<strong>\u201cde la mano del PreViaje y de la fuerte recuperaci\u00f3n del turismo receptivo, el turismo se consolid\u00f3 como uno de los principales motores de la recuperaci\u00f3n econ\u00f3mica de nuestro pa\u00eds\u00bb.<\/strong><\/p>\n<p>En cuanto a ocupaci\u00f3n, seg\u00fan los datos preliminares oficiales, la ciudad de Buenos Aires registr\u00f3 un 93%; Mar del Plata 80%; La Costa 86%; Pinamar 93%; Necochea 90%; Mar Chiquita 88%; Miramar 85%; Monte Hermoso 85%; Villa Gesell 70%; San Antonio de Areco 100%; Jun\u00edn 100%; Tandil 96%; Sierra de la Ventana 95% y Chascom\u00fas 91%.<\/p>\n<p>En\u00a0<strong>C\u00f3rdoba\u00a0<\/strong>se verific\u00f3 un 85% de promedio a nivel provincial, con Villa Carlos Paz con un 85% de ocupaci\u00f3n; Villa General Belgrano con 95%; Santa Rosa de Calamuchita 94%; La Falda 95%; La Cumbre: 95%; Villa Yacanto 98% y San Javier 95%.<\/p>\n<figure class=\"mb-3\"><img decoding=\"async\" src=\"https:\/\/www.telam.com.ar\/thumbs\/bluesteel\/advf\/imagenes\/2022\/04\/625980fba76f4_900.jpg\" alt=\"Crdoba Irma Montiel\" width=\"100%\" height=\"100%\" \/><\/p>\n<div class=\"media-icons\"><\/div><figcaption>C\u00f3rdoba (Irma Montiel)<\/figcaption><\/figure>\n<p>En\u00a0<strong>San Luis<\/strong>\u00a0el promedio provincial fue de 95%, registr\u00e1ndose en Merlo una ocupaci\u00f3n del 95%, en Potrero de los Funes 100%; y en San Luis ciudad 80%.<\/p>\n<p><strong>Entre R\u00edos<\/strong>\u00a0tuvo una ocupaci\u00f3n del orden del 96.5% de promedio provincial, con Federaci\u00f3n en un 95%; Col\u00f3n 95%; Gualeguaych\u00fa 98%, Concordia 97% y Concepci\u00f3n del Uruguay 96%.<\/p>\n<p>La ciudad de\u00a0<strong>Rosario\u00a0<\/strong>tiene una ocupaci\u00f3n del 90% y en\u00a0<strong>Corrientes<\/strong>, el Iber\u00e1 est\u00e1 con un 99%; Ituzaing\u00f3 90% y la capital correntina con un 90%.<\/p>\n<p>En\u00a0<strong>Misiones\u00a0<\/strong>el promedio provincial fue del 89 %, registr\u00e1ndose un 95% en Iguaz\u00fa y 97% en Saltos de Mocon\u00e1.<\/p>\n<p><strong>Jujuy\u00a0<\/strong>en tanto registr\u00f3 un 85% promedio provincial, con la Quebrada de Humahuaca en un 95% y la Puna con el 83%.<\/p>\n<figure class=\"mb-3\"><img decoding=\"async\" src=\"https:\/\/www.telam.com.ar\/thumbs\/bluesteel\/advf\/imagenes\/2022\/04\/625980fbd25de_900.jpg\" alt=\"Crdoba Irma Montiel\" width=\"100%\" height=\"100%\" \/><\/p>\n<div class=\"media-icons\"><\/div><figcaption>C\u00f3rdoba (Irma Montiel)<\/figcaption><\/figure>\n<p><strong>Salta\u00a0<\/strong>presenta un 95% de ocupaci\u00f3n promedio provincial, llegando la capital al 100%; Cafayate 100%; San Antonio de los Cobres 95%; San Lorenzo 91%; Moldes 87% y Cachi 100%.<\/p>\n<p>En\u00a0<strong>Santiago del Estero<\/strong>\u00a0las Termas de R\u00edo Hondo registran un 90% de ocupaci\u00f3n a la vez que en Tucum\u00e1n se verifica un 85% de promedio provincial, con Taf\u00ed del Valle en un 93%; San Pedro de Colalao 70%; Yerba Buena 98%; San Miguel de Tucum\u00e1n 70% y Taf\u00ed Viejo: 99%.<\/p>\n<p><strong>La Rioja\u00a0<\/strong>muestra un 98% de promedio provincial, con la Capital ocupada en un 95%; Chilecito en un 100% y Villa Uni\u00f3n tambi\u00e9n en un 100%.<\/p>\n<p>La ocupaci\u00f3n en\u00a0<strong>Catamarca\u00a0<\/strong>era de un 99% de promedio provincial, siendo en San Fernando del Valle de Catamarca, su capital, del 100%; Fray Mamerto Esqui\u00fa 100%; Antofagasta de la Sierra 98%; El Rodeo 98%; Fiambal\u00e1 98% y Tinogasta 98%.<\/p>\n<p><strong>San Juan<\/strong>\u00a0registr\u00f3 un promedio del 98%; con el Gran San Juan en un 92%; Calingasta 100%; Iglesia 100%; J\u00e1chal 100% y Valle F\u00e9rtil 100%.<\/p>\n<p><strong>Mendoza\u00a0<\/strong>presentaba un 92% de promedio provincial de ocupaci\u00f3n, con un 98% en la Ciudad de Mendoza; San Rafael 89%; Cacheuta 99%; Valle de Uco 83%; Malarg\u00fce 92%; Potrerillos 93% y Uspallata 96%.<\/p>\n<p><strong>Santa Rosa, La Pampa\u00a0<\/strong>registraba un 100% de ocupaci\u00f3n y ya en la Patagonia, Neuqu\u00e9n exhib\u00eda un 80% de promedio provincial, con San Mart\u00edn de los Andes en un 81%; Villa La Angostura 70%; Las Ovejas 93%; Caviahue 84% y Alumin\u00e9 93%.<\/p>\n<p><strong>En R\u00edo Negro, la ciudad de San Carlos de Bariloche estaba ocupada en un 95%<\/strong>; El Bols\u00f3n 90% y Las Grutas 70%. Chubut ten\u00eda a Esquel con el 90% y Puerto Madryncon el 80%. En Santa Cruz El Calafate tiene un 80% de ocupaci\u00f3n y El Chalten 80%.<\/p>\n<p><strong>Tierra del Fuego<\/strong>\u00a0presentaba un 65% de promedio provincial, con un 70% en Ushuaia y un 90% en Tolhuin.<\/p>\n","protected":false},"excerpt":{"rendered":"<p>Cada rinc\u00f3n de la zona serrana tuvo gente disfrutando del paisaje y el clima, que jug\u00f3 a favor de los viajeros.<\/p>\n","protected":false},"author":3,"featured_media":0,"comment_status":"closed","ping_status":"closed","sticky":false,"template":"","format":"standard","meta":{"footnotes":""},"categories":[26,33],"tags":[48],"class_list":["post-70654","post","type-post","status-publish","format-standard","hentry","category-sociedad","category-turismo","tag-destacada"],"yoast_head":"<!-- This site is optimized with the Yoast SEO plugin v25.9 - https:\/\/yoast.com\/wordpress\/plugins\/seo\/ -->\n<title>R\u00e9cord de visitantes en la comarca de Sierra de la Ventana - Noticias Radio Reflejos<\/title>\n<meta name=\"robots\" content=\"index, follow, max-snippet:-1, max-image-preview:large, max-video-preview:-1\" \/>\n<link rel=\"canonical\" href=\"https:\/\/www.noticiasradioreflejos.com.ar\/2021\/record-de-visitantes-en-la-comarca-de-sierra-de-la-ventana\/\" \/>\n<meta property=\"og:locale\" content=\"es_ES\" \/>\n<meta property=\"og:type\" content=\"article\" \/>\n<meta property=\"og:title\" content=\"R\u00e9cord de visitantes en la comarca de Sierra de la Ventana - Noticias Radio Reflejos\" \/>\n<meta property=\"og:description\" content=\"Cada rinc\u00f3n de la zona serrana tuvo gente disfrutando del paisaje y el clima, que jug\u00f3 a favor de los viajeros.\" \/>\n<meta property=\"og:url\" content=\"https:\/\/www.noticiasradioreflejos.com.ar\/2021\/record-de-visitantes-en-la-comarca-de-sierra-de-la-ventana\/\" \/>\n<meta property=\"og:site_name\" content=\"Noticias Radio Reflejos\" \/>\n<meta property=\"article:published_time\" content=\"2022-04-16T13:37:36+00:00\" \/>\n<meta property=\"article:modified_time\" content=\"2022-04-16T13:46:45+00:00\" \/>\n<meta property=\"og:image\" content=\"https:\/\/live.staticflickr.com\/65535\/52008209878_d0f458c41d_c.jpg\" \/>\n<meta name=\"author\" content=\"Arnaldo Botto\" \/>\n<meta name=\"twitter:card\" content=\"summary_large_image\" \/>\n<script type=\"application\/ld+json\" class=\"yoast-schema-graph\">{\"@context\":\"https:\/\/schema.org\",\"@graph\":[{\"@type\":\"WebPage\",\"@id\":\"https:\/\/www.noticiasradioreflejos.com.ar\/2021\/record-de-visitantes-en-la-comarca-de-sierra-de-la-ventana\/\",\"url\":\"https:\/\/www.noticiasradioreflejos.com.ar\/2021\/record-de-visitantes-en-la-comarca-de-sierra-de-la-ventana\/\",\"name\":\"R\u00e9cord de visitantes en la comarca de Sierra de la Ventana - Noticias Radio Reflejos\",\"isPartOf\":{\"@id\":\"https:\/\/www.noticiasradioreflejos.com.ar\/2021\/#website\"},\"primaryImageOfPage\":{\"@id\":\"https:\/\/www.noticiasradioreflejos.com.ar\/2021\/record-de-visitantes-en-la-comarca-de-sierra-de-la-ventana\/#primaryimage\"},\"image\":{\"@id\":\"https:\/\/www.noticiasradioreflejos.com.ar\/2021\/record-de-visitantes-en-la-comarca-de-sierra-de-la-ventana\/#primaryimage\"},\"thumbnailUrl\":\"https:\/\/live.staticflickr.com\/65535\/52008209878_d0f458c41d_c.jpg\",\"datePublished\":\"2022-04-16T13:37:36+00:00\",\"dateModified\":\"2022-04-16T13:46:45+00:00\",\"author\":{\"@id\":\"https:\/\/www.noticiasradioreflejos.com.ar\/2021\/#\/schema\/person\/ad82545263dcc5ec0996818884fd5fb1\"},\"breadcrumb\":{\"@id\":\"https:\/\/www.noticiasradioreflejos.com.ar\/2021\/record-de-visitantes-en-la-comarca-de-sierra-de-la-ventana\/#breadcrumb\"},\"inLanguage\":\"es\",\"potentialAction\":[{\"@type\":\"ReadAction\",\"target\":[\"https:\/\/www.noticiasradioreflejos.com.ar\/2021\/record-de-visitantes-en-la-comarca-de-sierra-de-la-ventana\/\"]}]},{\"@type\":\"ImageObject\",\"inLanguage\":\"es\",\"@id\":\"https:\/\/www.noticiasradioreflejos.com.ar\/2021\/record-de-visitantes-en-la-comarca-de-sierra-de-la-ventana\/#primaryimage\",\"url\":\"https:\/\/live.staticflickr.com\/65535\/52008209878_d0f458c41d_c.jpg\",\"contentUrl\":\"https:\/\/live.staticflickr.com\/65535\/52008209878_d0f458c41d_c.jpg\"},{\"@type\":\"BreadcrumbList\",\"@id\":\"https:\/\/www.noticiasradioreflejos.com.ar\/2021\/record-de-visitantes-en-la-comarca-de-sierra-de-la-ventana\/#breadcrumb\",\"itemListElement\":[{\"@type\":\"ListItem\",\"position\":1,\"name\":\"Portada\",\"item\":\"https:\/\/www.noticiasradioreflejos.com.ar\/2021\/\"},{\"@type\":\"ListItem\",\"position\":2,\"name\":\"R\u00e9cord de visitantes en la comarca de Sierra de la Ventana\"}]},{\"@type\":\"WebSite\",\"@id\":\"https:\/\/www.noticiasradioreflejos.com.ar\/2021\/#website\",\"url\":\"https:\/\/www.noticiasradioreflejos.com.ar\/2021\/\",\"name\":\"Noticias Radio Reflejos\",\"description\":\"Las noticias de mi comarca\",\"potentialAction\":[{\"@type\":\"SearchAction\",\"target\":{\"@type\":\"EntryPoint\",\"urlTemplate\":\"https:\/\/www.noticiasradioreflejos.com.ar\/2021\/?s={search_term_string}\"},\"query-input\":{\"@type\":\"PropertyValueSpecification\",\"valueRequired\":true,\"valueName\":\"search_term_string\"}}],\"inLanguage\":\"es\"},{\"@type\":\"Person\",\"@id\":\"https:\/\/www.noticiasradioreflejos.com.ar\/2021\/#\/schema\/person\/ad82545263dcc5ec0996818884fd5fb1\",\"name\":\"Arnaldo Botto\",\"image\":{\"@type\":\"ImageObject\",\"inLanguage\":\"es\",\"@id\":\"https:\/\/www.noticiasradioreflejos.com.ar\/2021\/#\/schema\/person\/image\/\",\"url\":\"https:\/\/secure.gravatar.com\/avatar\/55cb5e37c1efa326397366e6974cb338056df65cb50e7d64d1cf314e87504837?s=96&d=mm&r=g\",\"contentUrl\":\"https:\/\/secure.gravatar.com\/avatar\/55cb5e37c1efa326397366e6974cb338056df65cb50e7d64d1cf314e87504837?s=96&d=mm&r=g\",\"caption\":\"Arnaldo Botto\"},\"url\":\"https:\/\/www.noticiasradioreflejos.com.ar\/2021\/author\/arnaldo\/\"}]}<\/script>\n<!-- \/ Yoast SEO plugin. -->","yoast_head_json":{"title":"R\u00e9cord de visitantes en la comarca de Sierra de la Ventana - Noticias Radio Reflejos","robots":{"index":"index","follow":"follow","max-snippet":"max-snippet:-1","max-image-preview":"max-image-preview:large","max-video-preview":"max-video-preview:-1"},"canonical":"https:\/\/www.noticiasradioreflejos.com.ar\/2021\/record-de-visitantes-en-la-comarca-de-sierra-de-la-ventana\/","og_locale":"es_ES","og_type":"article","og_title":"R\u00e9cord de visitantes en la comarca de Sierra de la Ventana - Noticias Radio Reflejos","og_description":"Cada rinc\u00f3n de la zona serrana tuvo gente disfrutando del paisaje y el clima, que jug\u00f3 a favor de los viajeros.","og_url":"https:\/\/www.noticiasradioreflejos.com.ar\/2021\/record-de-visitantes-en-la-comarca-de-sierra-de-la-ventana\/","og_site_name":"Noticias Radio Reflejos","article_published_time":"2022-04-16T13:37:36+00:00","article_modified_time":"2022-04-16T13:46:45+00:00","og_image":[{"url":"https:\/\/live.staticflickr.com\/65535\/52008209878_d0f458c41d_c.jpg","type":"","width":"","height":""}],"author":"Arnaldo Botto","twitter_card":"summary_large_image","schema":{"@context":"https:\/\/schema.org","@graph":[{"@type":"WebPage","@id":"https:\/\/www.noticiasradioreflejos.com.ar\/2021\/record-de-visitantes-en-la-comarca-de-sierra-de-la-ventana\/","url":"https:\/\/www.noticiasradioreflejos.com.ar\/2021\/record-de-visitantes-en-la-comarca-de-sierra-de-la-ventana\/","name":"R\u00e9cord de visitantes en la comarca de Sierra de la Ventana - Noticias Radio Reflejos","isPartOf":{"@id":"https:\/\/www.noticiasradioreflejos.com.ar\/2021\/#website"},"primaryImageOfPage":{"@id":"https:\/\/www.noticiasradioreflejos.com.ar\/2021\/record-de-visitantes-en-la-comarca-de-sierra-de-la-ventana\/#primaryimage"},"image":{"@id":"https:\/\/www.noticiasradioreflejos.com.ar\/2021\/record-de-visitantes-en-la-comarca-de-sierra-de-la-ventana\/#primaryimage"},"thumbnailUrl":"https:\/\/live.staticflickr.com\/65535\/52008209878_d0f458c41d_c.jpg","datePublished":"2022-04-16T13:37:36+00:00","dateModified":"2022-04-16T13:46:45+00:00","author":{"@id":"https:\/\/www.noticiasradioreflejos.com.ar\/2021\/#\/schema\/person\/ad82545263dcc5ec0996818884fd5fb1"},"breadcrumb":{"@id":"https:\/\/www.noticiasradioreflejos.com.ar\/2021\/record-de-visitantes-en-la-comarca-de-sierra-de-la-ventana\/#breadcrumb"},"inLanguage":"es","potentialAction":[{"@type":"ReadAction","target":["https:\/\/www.noticiasradioreflejos.com.ar\/2021\/record-de-visitantes-en-la-comarca-de-sierra-de-la-ventana\/"]}]},{"@type":"ImageObject","inLanguage":"es","@id":"https:\/\/www.noticiasradioreflejos.com.ar\/2021\/record-de-visitantes-en-la-comarca-de-sierra-de-la-ventana\/#primaryimage","url":"https:\/\/live.staticflickr.com\/65535\/52008209878_d0f458c41d_c.jpg","contentUrl":"https:\/\/live.staticflickr.com\/65535\/52008209878_d0f458c41d_c.jpg"},{"@type":"BreadcrumbList","@id":"https:\/\/www.noticiasradioreflejos.com.ar\/2021\/record-de-visitantes-en-la-comarca-de-sierra-de-la-ventana\/#breadcrumb","itemListElement":[{"@type":"ListItem","position":1,"name":"Portada","item":"https:\/\/www.noticiasradioreflejos.com.ar\/2021\/"},{"@type":"ListItem","position":2,"name":"R\u00e9cord de visitantes en la comarca de Sierra de la Ventana"}]},{"@type":"WebSite","@id":"https:\/\/www.noticiasradioreflejos.com.ar\/2021\/#website","url":"https:\/\/www.noticiasradioreflejos.com.ar\/2021\/","name":"Noticias Radio Reflejos","description":"Las noticias de mi comarca","potentialAction":[{"@type":"SearchAction","target":{"@type":"EntryPoint","urlTemplate":"https:\/\/www.noticiasradioreflejos.com.ar\/2021\/?s={search_term_string}"},"query-input":{"@type":"PropertyValueSpecification","valueRequired":true,"valueName":"search_term_string"}}],"inLanguage":"es"},{"@type":"Person","@id":"https:\/\/www.noticiasradioreflejos.com.ar\/2021\/#\/schema\/person\/ad82545263dcc5ec0996818884fd5fb1","name":"Arnaldo Botto","image":{"@type":"ImageObject","inLanguage":"es","@id":"https:\/\/www.noticiasradioreflejos.com.ar\/2021\/#\/schema\/person\/image\/","url":"https:\/\/secure.gravatar.com\/avatar\/55cb5e37c1efa326397366e6974cb338056df65cb50e7d64d1cf314e87504837?s=96&d=mm&r=g","contentUrl":"https:\/\/secure.gravatar.com\/avatar\/55cb5e37c1efa326397366e6974cb338056df65cb50e7d64d1cf314e87504837?s=96&d=mm&r=g","caption":"Arnaldo Botto"},"url":"https:\/\/www.noticiasradioreflejos.com.ar\/2021\/author\/arnaldo\/"}]}},"_links":{"self":[{"href":"https:\/\/www.noticiasradioreflejos.com.ar\/2021\/wp-json\/wp\/v2\/posts\/70654","targetHints":{"allow":["GET"]}}],"collection":[{"href":"https:\/\/www.noticiasradioreflejos.com.ar\/2021\/wp-json\/wp\/v2\/posts"}],"about":[{"href":"https:\/\/www.noticiasradioreflejos.com.ar\/2021\/wp-json\/wp\/v2\/types\/post"}],"author":[{"embeddable":true,"href":"https:\/\/www.noticiasradioreflejos.com.ar\/2021\/wp-json\/wp\/v2\/users\/3"}],"replies":[{"embeddable":true,"href":"https:\/\/www.noticiasradioreflejos.com.ar\/2021\/wp-json\/wp\/v2\/comments?post=70654"}],"version-history":[{"count":3,"href":"https:\/\/www.noticiasradioreflejos.com.ar\/2021\/wp-json\/wp\/v2\/posts\/70654\/revisions"}],"predecessor-version":[{"id":70658,"href":"https:\/\/www.noticiasradioreflejos.com.ar\/2021\/wp-json\/wp\/v2\/posts\/70654\/revisions\/70658"}],"wp:attachment":[{"href":"https:\/\/www.noticiasradioreflejos.com.ar\/2021\/wp-json\/wp\/v2\/media?parent=70654"}],"wp:term":[{"taxonomy":"category","embeddable":true,"href":"https:\/\/www.noticiasradioreflejos.com.ar\/2021\/wp-json\/wp\/v2\/categories?post=70654"},{"taxonomy":"post_tag","embeddable":true,"href":"https:\/\/www.noticiasradioreflejos.com.ar\/2021\/wp-json\/wp\/v2\/tags?post=70654"}],"curies":[{"name":"wp","href":"https:\/\/api.w.org\/{rel}","templated":true}]}}