{"id":70651,"date":"2022-04-16T13:00:51","date_gmt":"2022-04-16T13:00:51","guid":{"rendered":"http:\/\/www.noticiasradioreflejos.com.ar\/2021\/?p=70651"},"modified":"2022-04-17T12:14:00","modified_gmt":"2022-04-17T12:14:00","slug":"12-personas-hospitalizadas-tras-un-fuerte-choque-frontal-en-la-ruta-51","status":"publish","type":"post","link":"https:\/\/www.noticiasradioreflejos.com.ar\/2021\/12-personas-hospitalizadas-tras-un-fuerte-choque-frontal-en-la-ruta-51\/","title":{"rendered":"12 personas hospitalizadas tras un fuerte choque frontal en la Ruta 51"},"content":{"rendered":"<header id=\"mvp-post-head\" class=\"left relative\">Un choque frontal entre dos autos en la Ruta 51 dej\u00f3 12 heridos, entre ellos al menos un menor de edad, la tarde de este viernes.<\/header>\n<p><!--more--><\/p>\n<div class=\"mvp-post-main-out left relative\">\n<div class=\"mvp-post-main-in\">\n<div id=\"mvp-post-content\" class=\"left relative\">\n<div id=\"mvp-post-feat-img\" class=\"left relative mvp-post-feat-img-wide2\"><picture><source srcset=\"https:\/\/www.labrujula24.com\/wp-content\/webp-express\/webp-images\/uploads\/2022\/04\/accidente-4.jpg.webp 1200w, https:\/\/www.labrujula24.com\/wp-content\/webp-express\/webp-images\/uploads\/2022\/04\/accidente-4-768x461.jpg.webp 768w, https:\/\/www.labrujula24.com\/wp-content\/webp-express\/webp-images\/uploads\/2022\/04\/accidente-4-1000x600.jpg.webp 1000w, https:\/\/www.labrujula24.com\/wp-content\/webp-express\/webp-images\/uploads\/2022\/04\/accidente-4-590x354.jpg.webp 590w, https:\/\/www.labrujula24.com\/wp-content\/webp-express\/webp-images\/uploads\/2022\/04\/accidente-4-400x240.jpg.webp 400w\" type=\"image\/webp\" sizes=\"(max-width: 1200px) 100vw, 1200px\" \/><img loading=\"lazy\" decoding=\"async\" class=\"attachment- size- wp-post-image webpexpress-processed\" src=\"https:\/\/www.labrujula24.com\/wp-content\/uploads\/2022\/04\/accidente-4.jpg\" sizes=\"auto, (max-width: 1200px) 100vw, 1200px\" srcset=\"https:\/\/www.labrujula24.com\/wp-content\/uploads\/2022\/04\/accidente-4.jpg 1200w, https:\/\/www.labrujula24.com\/wp-content\/uploads\/2022\/04\/accidente-4-768x461.jpg 768w, https:\/\/www.labrujula24.com\/wp-content\/uploads\/2022\/04\/accidente-4-1000x600.jpg 1000w, https:\/\/www.labrujula24.com\/wp-content\/uploads\/2022\/04\/accidente-4-590x354.jpg 590w, https:\/\/www.labrujula24.com\/wp-content\/uploads\/2022\/04\/accidente-4-400x240.jpg 400w\" alt=\"\" width=\"1200\" height=\"720\" \/><\/picture><\/div>\n<div id=\"mvp-content-wrap\" class=\"left relative\">\n<div class=\"mvp-post-soc-out right relative\">\n<div class=\"mvp-post-soc-in\">\n<div id=\"mvp-content-body\" class=\"left relative\">\n<div id=\"mvp-content-body-top\" class=\"left relative\">\n<div id=\"mvp-content-main\" class=\"left relative\">\n<div id=\"textbody\">\n<div class=\"at-above-post addthis_tool\" data-url=\"https:\/\/www.labrujula24.com\/notas\/2022\/04\/15\/fuerte-choque-frontal-en-la-ruta-51-12-personas-hospitalizadas-n207284\/\"><\/div>\n<p>&nbsp;<\/p>\n<p>El hecho se produjo en el KM 672 de la Ruta 51, cerca del dique Paso de las Piedras y los lesionados fueron trasladados a Hospitales de Bah\u00eda Blanca, Pringles y Sierra de la Ventana.<\/p>\n<div id=\"sm-it-main-container-1650044262939\" class=\"sm-it-main-container\" data-it=\"88868243-bf49-4dfa-95e6-44ae351effec\" data-device=\"desktop\" data-index=\"0\">\n<div id=\"sm-alternative-1650044262939\" class=\"sm-alternative\" data-it=\"88868243-bf49-4dfa-95e6-44ae351effec\" data-index=\"0\" data-device=\"desktop\">Bomberos de Saldungaray y de Coronel Pringles trabajaron en el lugar donde colisionaron un VW Suran en el que circulaban cuatro adultos y un menor; y un Renault Cl\u00edo con siete ocupantes.<\/div>\n<\/div>\n<\/div>\n<div data-it=\"88868243-bf49-4dfa-95e6-44ae351effec\" data-index=\"0\" data-device=\"desktop\">\n<p>Fuentes policiales indicaron que el conductor del Renault Cl\u00edo es Leandro Calder\u00f3n (30) y con \u00e9l iban abordo su pareja, Vanesa Acevedo (32) y sus cinco hijos menores con edades entre tres meses y 13 a\u00f1os. Todos ellos bahienses internados en el Hospital Penna.<\/p>\n<div id=\"sm-it-main-container-1650197540282\" class=\"sm-it-main-container\" data-it=\"88868243-bf49-4dfa-95e6-44ae351effec\" data-device=\"desktop\" data-index=\"0\">\n<div id=\"sm-alternative-1650197540282\" class=\"sm-alternative\" data-it=\"88868243-bf49-4dfa-95e6-44ae351effec\" data-index=\"0\" data-device=\"desktop\">En el otro auto, un VW Suran, iba al volante Alejandro Monsalves (46) y como acompa\u00f1antes Ver\u00f3nica Ramos (49), Carlos Ramos, Mercedes Serruda y Yesica Ramos. Todav\u00eda no se precis\u00f3 d\u00f3nde est\u00e1n hospitalizados, pero s\u00ed que no corren riesgo de vida.<\/div>\n<\/div>\n<\/div>\n<div id=\"textbody\">\n<div id=\"sm-it-main-container-1650044262939\" class=\"sm-it-main-container\" data-it=\"88868243-bf49-4dfa-95e6-44ae351effec\" data-device=\"desktop\" data-index=\"0\">\n<div data-it=\"88868243-bf49-4dfa-95e6-44ae351effec\" data-index=\"0\" data-device=\"desktop\"><\/div>\n<\/div>\n<div class=\"wp-block-image\">\n<figure class=\"aligncenter size-full is-resized\"><picture><source srcset=\"https:\/\/www.labrujula24.com\/wp-content\/webp-express\/webp-images\/uploads\/2022\/04\/WhatsApp-Image-2022-04-15-at-8.12.38-PM.jpeg.webp 1600w, https:\/\/www.labrujula24.com\/wp-content\/webp-express\/webp-images\/uploads\/2022\/04\/WhatsApp-Image-2022-04-15-at-8.12.38-PM-768x576.jpeg.webp 768w, https:\/\/www.labrujula24.com\/wp-content\/webp-express\/webp-images\/uploads\/2022\/04\/WhatsApp-Image-2022-04-15-at-8.12.38-PM-1536x1152.jpeg.webp 1536w\" type=\"image\/webp\" sizes=\"(max-width: 597px) 100vw, 597px\" \/><img loading=\"lazy\" decoding=\"async\" class=\"wp-image-207285 webpexpress-processed\" src=\"https:\/\/www.labrujula24.com\/wp-content\/uploads\/2022\/04\/WhatsApp-Image-2022-04-15-at-8.12.38-PM.jpeg\" sizes=\"auto, (max-width: 597px) 100vw, 597px\" srcset=\"https:\/\/www.labrujula24.com\/wp-content\/uploads\/2022\/04\/WhatsApp-Image-2022-04-15-at-8.12.38-PM.jpeg 1600w, https:\/\/www.labrujula24.com\/wp-content\/uploads\/2022\/04\/WhatsApp-Image-2022-04-15-at-8.12.38-PM-768x576.jpeg 768w, https:\/\/www.labrujula24.com\/wp-content\/uploads\/2022\/04\/WhatsApp-Image-2022-04-15-at-8.12.38-PM-1536x1152.jpeg 1536w\" alt=\"\" width=\"597\" height=\"448\" \/><\/picture><\/figure>\n<p><strong>Fuente La Br\u00fajula 24<\/strong><\/p>\n<\/div>\n<\/div>\n<\/div>\n<\/div>\n<\/div>\n<\/div>\n<\/div>\n<\/div>\n<\/div>\n<\/div>\n<\/div>\n","protected":false},"excerpt":{"rendered":"<p>Un choque frontal entre dos autos en la Ruta 51 dej\u00f3 12 heridos, entre ellos al menos un menor de edad, la tarde de este viernes.<\/p>\n","protected":false},"author":3,"featured_media":0,"comment_status":"closed","ping_status":"closed","sticky":false,"template":"","format":"standard","meta":{"footnotes":""},"categories":[29],"tags":[48],"class_list":["post-70651","post","type-post","status-publish","format-standard","hentry","category-policiales","tag-destacada"],"yoast_head":"<!-- This site is optimized with the Yoast SEO plugin v25.9 - https:\/\/yoast.com\/wordpress\/plugins\/seo\/ -->\n<title>12 personas hospitalizadas tras un fuerte choque frontal en la Ruta 51 - Noticias Radio Reflejos<\/title>\n<meta name=\"robots\" content=\"index, follow, max-snippet:-1, max-image-preview:large, max-video-preview:-1\" \/>\n<link rel=\"canonical\" href=\"https:\/\/www.noticiasradioreflejos.com.ar\/2021\/12-personas-hospitalizadas-tras-un-fuerte-choque-frontal-en-la-ruta-51\/\" \/>\n<meta property=\"og:locale\" content=\"es_ES\" \/>\n<meta property=\"og:type\" content=\"article\" \/>\n<meta property=\"og:title\" content=\"12 personas hospitalizadas tras un fuerte choque frontal en la Ruta 51 - Noticias Radio Reflejos\" \/>\n<meta property=\"og:description\" content=\"Un choque frontal entre dos autos en la Ruta 51 dej\u00f3 12 heridos, entre ellos al menos un menor de edad, la tarde de este viernes.\" \/>\n<meta property=\"og:url\" content=\"https:\/\/www.noticiasradioreflejos.com.ar\/2021\/12-personas-hospitalizadas-tras-un-fuerte-choque-frontal-en-la-ruta-51\/\" \/>\n<meta property=\"og:site_name\" content=\"Noticias Radio Reflejos\" \/>\n<meta property=\"article:published_time\" content=\"2022-04-16T13:00:51+00:00\" \/>\n<meta property=\"article:modified_time\" content=\"2022-04-17T12:14:00+00:00\" \/>\n<meta property=\"og:image\" content=\"https:\/\/www.labrujula24.com\/wp-content\/uploads\/2022\/04\/accidente-4.jpg\" \/>\n<meta name=\"author\" content=\"Arnaldo Botto\" \/>\n<meta name=\"twitter:card\" content=\"summary_large_image\" \/>\n<script type=\"application\/ld+json\" class=\"yoast-schema-graph\">{\"@context\":\"https:\/\/schema.org\",\"@graph\":[{\"@type\":\"WebPage\",\"@id\":\"https:\/\/www.noticiasradioreflejos.com.ar\/2021\/12-personas-hospitalizadas-tras-un-fuerte-choque-frontal-en-la-ruta-51\/\",\"url\":\"https:\/\/www.noticiasradioreflejos.com.ar\/2021\/12-personas-hospitalizadas-tras-un-fuerte-choque-frontal-en-la-ruta-51\/\",\"name\":\"12 personas hospitalizadas tras un fuerte choque frontal en la Ruta 51 - Noticias Radio Reflejos\",\"isPartOf\":{\"@id\":\"https:\/\/www.noticiasradioreflejos.com.ar\/2021\/#website\"},\"primaryImageOfPage\":{\"@id\":\"https:\/\/www.noticiasradioreflejos.com.ar\/2021\/12-personas-hospitalizadas-tras-un-fuerte-choque-frontal-en-la-ruta-51\/#primaryimage\"},\"image\":{\"@id\":\"https:\/\/www.noticiasradioreflejos.com.ar\/2021\/12-personas-hospitalizadas-tras-un-fuerte-choque-frontal-en-la-ruta-51\/#primaryimage\"},\"thumbnailUrl\":\"https:\/\/www.labrujula24.com\/wp-content\/uploads\/2022\/04\/accidente-4.jpg\",\"datePublished\":\"2022-04-16T13:00:51+00:00\",\"dateModified\":\"2022-04-17T12:14:00+00:00\",\"author\":{\"@id\":\"https:\/\/www.noticiasradioreflejos.com.ar\/2021\/#\/schema\/person\/ad82545263dcc5ec0996818884fd5fb1\"},\"breadcrumb\":{\"@id\":\"https:\/\/www.noticiasradioreflejos.com.ar\/2021\/12-personas-hospitalizadas-tras-un-fuerte-choque-frontal-en-la-ruta-51\/#breadcrumb\"},\"inLanguage\":\"es\",\"potentialAction\":[{\"@type\":\"ReadAction\",\"target\":[\"https:\/\/www.noticiasradioreflejos.com.ar\/2021\/12-personas-hospitalizadas-tras-un-fuerte-choque-frontal-en-la-ruta-51\/\"]}]},{\"@type\":\"ImageObject\",\"inLanguage\":\"es\",\"@id\":\"https:\/\/www.noticiasradioreflejos.com.ar\/2021\/12-personas-hospitalizadas-tras-un-fuerte-choque-frontal-en-la-ruta-51\/#primaryimage\",\"url\":\"https:\/\/www.labrujula24.com\/wp-content\/uploads\/2022\/04\/accidente-4.jpg\",\"contentUrl\":\"https:\/\/www.labrujula24.com\/wp-content\/uploads\/2022\/04\/accidente-4.jpg\"},{\"@type\":\"BreadcrumbList\",\"@id\":\"https:\/\/www.noticiasradioreflejos.com.ar\/2021\/12-personas-hospitalizadas-tras-un-fuerte-choque-frontal-en-la-ruta-51\/#breadcrumb\",\"itemListElement\":[{\"@type\":\"ListItem\",\"position\":1,\"name\":\"Portada\",\"item\":\"https:\/\/www.noticiasradioreflejos.com.ar\/2021\/\"},{\"@type\":\"ListItem\",\"position\":2,\"name\":\"12 personas hospitalizadas tras un fuerte choque frontal en la Ruta 51\"}]},{\"@type\":\"WebSite\",\"@id\":\"https:\/\/www.noticiasradioreflejos.com.ar\/2021\/#website\",\"url\":\"https:\/\/www.noticiasradioreflejos.com.ar\/2021\/\",\"name\":\"Noticias Radio Reflejos\",\"description\":\"Las noticias de mi comarca\",\"potentialAction\":[{\"@type\":\"SearchAction\",\"target\":{\"@type\":\"EntryPoint\",\"urlTemplate\":\"https:\/\/www.noticiasradioreflejos.com.ar\/2021\/?s={search_term_string}\"},\"query-input\":{\"@type\":\"PropertyValueSpecification\",\"valueRequired\":true,\"valueName\":\"search_term_string\"}}],\"inLanguage\":\"es\"},{\"@type\":\"Person\",\"@id\":\"https:\/\/www.noticiasradioreflejos.com.ar\/2021\/#\/schema\/person\/ad82545263dcc5ec0996818884fd5fb1\",\"name\":\"Arnaldo Botto\",\"image\":{\"@type\":\"ImageObject\",\"inLanguage\":\"es\",\"@id\":\"https:\/\/www.noticiasradioreflejos.com.ar\/2021\/#\/schema\/person\/image\/\",\"url\":\"https:\/\/secure.gravatar.com\/avatar\/55cb5e37c1efa326397366e6974cb338056df65cb50e7d64d1cf314e87504837?s=96&d=mm&r=g\",\"contentUrl\":\"https:\/\/secure.gravatar.com\/avatar\/55cb5e37c1efa326397366e6974cb338056df65cb50e7d64d1cf314e87504837?s=96&d=mm&r=g\",\"caption\":\"Arnaldo Botto\"},\"url\":\"https:\/\/www.noticiasradioreflejos.com.ar\/2021\/author\/arnaldo\/\"}]}<\/script>\n<!-- \/ Yoast SEO plugin. -->","yoast_head_json":{"title":"12 personas hospitalizadas tras un fuerte choque frontal en la Ruta 51 - Noticias Radio Reflejos","robots":{"index":"index","follow":"follow","max-snippet":"max-snippet:-1","max-image-preview":"max-image-preview:large","max-video-preview":"max-video-preview:-1"},"canonical":"https:\/\/www.noticiasradioreflejos.com.ar\/2021\/12-personas-hospitalizadas-tras-un-fuerte-choque-frontal-en-la-ruta-51\/","og_locale":"es_ES","og_type":"article","og_title":"12 personas hospitalizadas tras un fuerte choque frontal en la Ruta 51 - Noticias Radio Reflejos","og_description":"Un choque frontal entre dos autos en la Ruta 51 dej\u00f3 12 heridos, entre ellos al menos un menor de edad, la tarde de este viernes.","og_url":"https:\/\/www.noticiasradioreflejos.com.ar\/2021\/12-personas-hospitalizadas-tras-un-fuerte-choque-frontal-en-la-ruta-51\/","og_site_name":"Noticias Radio Reflejos","article_published_time":"2022-04-16T13:00:51+00:00","article_modified_time":"2022-04-17T12:14:00+00:00","og_image":[{"url":"https:\/\/www.labrujula24.com\/wp-content\/uploads\/2022\/04\/accidente-4.jpg","type":"","width":"","height":""}],"author":"Arnaldo Botto","twitter_card":"summary_large_image","schema":{"@context":"https:\/\/schema.org","@graph":[{"@type":"WebPage","@id":"https:\/\/www.noticiasradioreflejos.com.ar\/2021\/12-personas-hospitalizadas-tras-un-fuerte-choque-frontal-en-la-ruta-51\/","url":"https:\/\/www.noticiasradioreflejos.com.ar\/2021\/12-personas-hospitalizadas-tras-un-fuerte-choque-frontal-en-la-ruta-51\/","name":"12 personas hospitalizadas tras un fuerte choque frontal en la Ruta 51 - Noticias Radio Reflejos","isPartOf":{"@id":"https:\/\/www.noticiasradioreflejos.com.ar\/2021\/#website"},"primaryImageOfPage":{"@id":"https:\/\/www.noticiasradioreflejos.com.ar\/2021\/12-personas-hospitalizadas-tras-un-fuerte-choque-frontal-en-la-ruta-51\/#primaryimage"},"image":{"@id":"https:\/\/www.noticiasradioreflejos.com.ar\/2021\/12-personas-hospitalizadas-tras-un-fuerte-choque-frontal-en-la-ruta-51\/#primaryimage"},"thumbnailUrl":"https:\/\/www.labrujula24.com\/wp-content\/uploads\/2022\/04\/accidente-4.jpg","datePublished":"2022-04-16T13:00:51+00:00","dateModified":"2022-04-17T12:14:00+00:00","author":{"@id":"https:\/\/www.noticiasradioreflejos.com.ar\/2021\/#\/schema\/person\/ad82545263dcc5ec0996818884fd5fb1"},"breadcrumb":{"@id":"https:\/\/www.noticiasradioreflejos.com.ar\/2021\/12-personas-hospitalizadas-tras-un-fuerte-choque-frontal-en-la-ruta-51\/#breadcrumb"},"inLanguage":"es","potentialAction":[{"@type":"ReadAction","target":["https:\/\/www.noticiasradioreflejos.com.ar\/2021\/12-personas-hospitalizadas-tras-un-fuerte-choque-frontal-en-la-ruta-51\/"]}]},{"@type":"ImageObject","inLanguage":"es","@id":"https:\/\/www.noticiasradioreflejos.com.ar\/2021\/12-personas-hospitalizadas-tras-un-fuerte-choque-frontal-en-la-ruta-51\/#primaryimage","url":"https:\/\/www.labrujula24.com\/wp-content\/uploads\/2022\/04\/accidente-4.jpg","contentUrl":"https:\/\/www.labrujula24.com\/wp-content\/uploads\/2022\/04\/accidente-4.jpg"},{"@type":"BreadcrumbList","@id":"https:\/\/www.noticiasradioreflejos.com.ar\/2021\/12-personas-hospitalizadas-tras-un-fuerte-choque-frontal-en-la-ruta-51\/#breadcrumb","itemListElement":[{"@type":"ListItem","position":1,"name":"Portada","item":"https:\/\/www.noticiasradioreflejos.com.ar\/2021\/"},{"@type":"ListItem","position":2,"name":"12 personas hospitalizadas tras un fuerte choque frontal en la Ruta 51"}]},{"@type":"WebSite","@id":"https:\/\/www.noticiasradioreflejos.com.ar\/2021\/#website","url":"https:\/\/www.noticiasradioreflejos.com.ar\/2021\/","name":"Noticias Radio Reflejos","description":"Las noticias de mi comarca","potentialAction":[{"@type":"SearchAction","target":{"@type":"EntryPoint","urlTemplate":"https:\/\/www.noticiasradioreflejos.com.ar\/2021\/?s={search_term_string}"},"query-input":{"@type":"PropertyValueSpecification","valueRequired":true,"valueName":"search_term_string"}}],"inLanguage":"es"},{"@type":"Person","@id":"https:\/\/www.noticiasradioreflejos.com.ar\/2021\/#\/schema\/person\/ad82545263dcc5ec0996818884fd5fb1","name":"Arnaldo Botto","image":{"@type":"ImageObject","inLanguage":"es","@id":"https:\/\/www.noticiasradioreflejos.com.ar\/2021\/#\/schema\/person\/image\/","url":"https:\/\/secure.gravatar.com\/avatar\/55cb5e37c1efa326397366e6974cb338056df65cb50e7d64d1cf314e87504837?s=96&d=mm&r=g","contentUrl":"https:\/\/secure.gravatar.com\/avatar\/55cb5e37c1efa326397366e6974cb338056df65cb50e7d64d1cf314e87504837?s=96&d=mm&r=g","caption":"Arnaldo Botto"},"url":"https:\/\/www.noticiasradioreflejos.com.ar\/2021\/author\/arnaldo\/"}]}},"_links":{"self":[{"href":"https:\/\/www.noticiasradioreflejos.com.ar\/2021\/wp-json\/wp\/v2\/posts\/70651","targetHints":{"allow":["GET"]}}],"collection":[{"href":"https:\/\/www.noticiasradioreflejos.com.ar\/2021\/wp-json\/wp\/v2\/posts"}],"about":[{"href":"https:\/\/www.noticiasradioreflejos.com.ar\/2021\/wp-json\/wp\/v2\/types\/post"}],"author":[{"embeddable":true,"href":"https:\/\/www.noticiasradioreflejos.com.ar\/2021\/wp-json\/wp\/v2\/users\/3"}],"replies":[{"embeddable":true,"href":"https:\/\/www.noticiasradioreflejos.com.ar\/2021\/wp-json\/wp\/v2\/comments?post=70651"}],"version-history":[{"count":2,"href":"https:\/\/www.noticiasradioreflejos.com.ar\/2021\/wp-json\/wp\/v2\/posts\/70651\/revisions"}],"predecessor-version":[{"id":70680,"href":"https:\/\/www.noticiasradioreflejos.com.ar\/2021\/wp-json\/wp\/v2\/posts\/70651\/revisions\/70680"}],"wp:attachment":[{"href":"https:\/\/www.noticiasradioreflejos.com.ar\/2021\/wp-json\/wp\/v2\/media?parent=70651"}],"wp:term":[{"taxonomy":"category","embeddable":true,"href":"https:\/\/www.noticiasradioreflejos.com.ar\/2021\/wp-json\/wp\/v2\/categories?post=70651"},{"taxonomy":"post_tag","embeddable":true,"href":"https:\/\/www.noticiasradioreflejos.com.ar\/2021\/wp-json\/wp\/v2\/tags?post=70651"}],"curies":[{"name":"wp","href":"https:\/\/api.w.org\/{rel}","templated":true}]}}