{"id":70648,"date":"2022-04-15T17:14:47","date_gmt":"2022-04-15T17:14:47","guid":{"rendered":"http:\/\/www.noticiasradioreflejos.com.ar\/2021\/?p=70648"},"modified":"2022-04-15T17:14:47","modified_gmt":"2022-04-15T17:14:47","slug":"comunidades-sin-violencia-jornada-de-capacitacion-para-equipos-interdisciplinarios","status":"publish","type":"post","link":"https:\/\/www.noticiasradioreflejos.com.ar\/2021\/comunidades-sin-violencia-jornada-de-capacitacion-para-equipos-interdisciplinarios\/","title":{"rendered":"Comunidades sin violencia: Jornada de capacitaci\u00f3n para equipos interdisciplinarios."},"content":{"rendered":"<p>Los equipos interdisciplinarios de las \u00e1reas de g\u00e9nero municipales de la provincia de Buenos Aires realizaron, en la localidad de Chapadmalal, una jornada de capacitaci\u00f3n.<!--more--><\/p>\n<p><a title=\"unnamed (1)\" href=\"https:\/\/www.flickr.com\/photos\/182279889@N02\/52005465882\/in\/dateposted-public\/\" data-flickr-embed=\"true\"><img loading=\"lazy\" decoding=\"async\" src=\"https:\/\/live.staticflickr.com\/65535\/52005465882_1944b92a28_c.jpg\" alt=\"unnamed (1)\" width=\"800\" height=\"533\" \/><\/a><script async src=\"\/\/embedr.flickr.com\/assets\/client-code.js\" charset=\"utf-8\"><\/script><\/p>\n<p>La jornada fue organizada por la Direcci\u00f3n del Programa \u201cComunidades sin Violencias\u201d y fue encabezada por la ministra Estela D\u00edaz y la Subsecretaria de Pol\u00edticas contra las Violencias por Razones de G\u00e9nero, Flavia Delmas.<\/p>\n<p style=\"font-weight: 400;\">En esta oportunidad, el Ministerio respondi\u00f3 a la necesidad de capacitaci\u00f3n invitando a un panel de expositoras y expositores, entre la que se destac\u00f3 la referente feminista, Dra. Dora Barrancos, quien present\u00f3 un recorrido sociohist\u00f3rico sobre pol\u00edticas p\u00fablicas llevadas a cabo en el abordaje de las violencias. Tambi\u00e9n fueron abordados ejes sobre masculinidades y violencias y se continuar\u00e1 con la formaci\u00f3n durante los pr\u00f3ximos dos meses con el objetivo de profundizar conceptos.<\/p>\n<p style=\"font-weight: 400;\">Estuvieron presentes m\u00e1s de 300 profesionales municipales que contin\u00faan form\u00e1ndose para atender la problem\u00e1tica concreta y estructural de las violencias por razones de g\u00e9nero. Los equipos asistentes integran los municipios de Saavedra, Pellegrini, Guamin\u00ed, Tres Arroyos, General La Madrid, Adolfo Alsina, Tornquist, Adolfo Gonzales Chaves, Tres Lomas, Monte Hermoso y Laprida.\u00a0 Con\u00a0el fin de garantizar la asistencia, el Ministerio financi\u00f3 la estad\u00eda de cada una de las personas participantes que se trasladaron a la localidad de Chapadmalal para continuar del proceso de formaci\u00f3n.<\/p>\n<p style=\"font-weight: 400;\">Con el mandato del gobernador \u00c1xel Kicillof, El Programa \u201cComunidades sin Violencias\u201d, aporta recursos econ\u00f3micos a los 135 municipios que conforman la provincia de Buenos Aires; con el objetivo de conformar, fortalecer y capacitar equipos de prevenci\u00f3n y atenci\u00f3n de las violencias por razones de g\u00e9nero.<\/p>\n<p><a data-flickr-embed=\"true\" href=\"https:\/\/www.flickr.com\/photos\/182279889@N02\/52006488701\/in\/dateposted-public\/\" title=\"foto 3\"><img loading=\"lazy\" decoding=\"async\" src=\"https:\/\/live.staticflickr.com\/65535\/52006488701_165d983447_c.jpg\" width=\"800\" height=\"526\" alt=\"foto 3\"><\/a><script async src=\"\/\/embedr.flickr.com\/assets\/client-code.js\" charset=\"utf-8\"><\/script><\/p>\n","protected":false},"excerpt":{"rendered":"<p>Los equipos interdisciplinarios de las \u00e1reas de g\u00e9nero municipales de la provincia de Buenos Aires realizaron, en la localidad de Chapadmalal, una jornada de capacitaci\u00f3n.<\/p>\n","protected":false},"author":3,"featured_media":0,"comment_status":"closed","ping_status":"closed","sticky":false,"template":"","format":"standard","meta":{"footnotes":""},"categories":[24,26],"tags":[],"class_list":["post-70648","post","type-post","status-publish","format-standard","hentry","category-politica","category-sociedad"],"yoast_head":"<!-- This site is optimized with the Yoast SEO plugin v25.9 - https:\/\/yoast.com\/wordpress\/plugins\/seo\/ -->\n<title>Comunidades sin violencia: Jornada de capacitaci\u00f3n para equipos interdisciplinarios. - Noticias Radio Reflejos<\/title>\n<meta name=\"robots\" content=\"index, follow, max-snippet:-1, max-image-preview:large, max-video-preview:-1\" \/>\n<link rel=\"canonical\" href=\"https:\/\/www.noticiasradioreflejos.com.ar\/2021\/comunidades-sin-violencia-jornada-de-capacitacion-para-equipos-interdisciplinarios\/\" \/>\n<meta property=\"og:locale\" content=\"es_ES\" \/>\n<meta property=\"og:type\" content=\"article\" \/>\n<meta property=\"og:title\" content=\"Comunidades sin violencia: Jornada de capacitaci\u00f3n para equipos interdisciplinarios. - Noticias Radio Reflejos\" \/>\n<meta property=\"og:description\" content=\"Los equipos interdisciplinarios de las \u00e1reas de g\u00e9nero municipales de la provincia de Buenos Aires realizaron, en la localidad de Chapadmalal, una jornada de capacitaci\u00f3n.\" \/>\n<meta property=\"og:url\" content=\"https:\/\/www.noticiasradioreflejos.com.ar\/2021\/comunidades-sin-violencia-jornada-de-capacitacion-para-equipos-interdisciplinarios\/\" \/>\n<meta property=\"og:site_name\" content=\"Noticias Radio Reflejos\" \/>\n<meta property=\"article:published_time\" content=\"2022-04-15T17:14:47+00:00\" \/>\n<meta property=\"og:image\" content=\"https:\/\/live.staticflickr.com\/65535\/52005465882_1944b92a28_c.jpg\" \/>\n<meta name=\"author\" content=\"Arnaldo Botto\" \/>\n<meta name=\"twitter:card\" content=\"summary_large_image\" \/>\n<script type=\"application\/ld+json\" class=\"yoast-schema-graph\">{\"@context\":\"https:\/\/schema.org\",\"@graph\":[{\"@type\":\"WebPage\",\"@id\":\"https:\/\/www.noticiasradioreflejos.com.ar\/2021\/comunidades-sin-violencia-jornada-de-capacitacion-para-equipos-interdisciplinarios\/\",\"url\":\"https:\/\/www.noticiasradioreflejos.com.ar\/2021\/comunidades-sin-violencia-jornada-de-capacitacion-para-equipos-interdisciplinarios\/\",\"name\":\"Comunidades sin violencia: Jornada de capacitaci\u00f3n para equipos interdisciplinarios. - Noticias Radio Reflejos\",\"isPartOf\":{\"@id\":\"https:\/\/www.noticiasradioreflejos.com.ar\/2021\/#website\"},\"primaryImageOfPage\":{\"@id\":\"https:\/\/www.noticiasradioreflejos.com.ar\/2021\/comunidades-sin-violencia-jornada-de-capacitacion-para-equipos-interdisciplinarios\/#primaryimage\"},\"image\":{\"@id\":\"https:\/\/www.noticiasradioreflejos.com.ar\/2021\/comunidades-sin-violencia-jornada-de-capacitacion-para-equipos-interdisciplinarios\/#primaryimage\"},\"thumbnailUrl\":\"https:\/\/live.staticflickr.com\/65535\/52005465882_1944b92a28_c.jpg\",\"datePublished\":\"2022-04-15T17:14:47+00:00\",\"author\":{\"@id\":\"https:\/\/www.noticiasradioreflejos.com.ar\/2021\/#\/schema\/person\/ad82545263dcc5ec0996818884fd5fb1\"},\"breadcrumb\":{\"@id\":\"https:\/\/www.noticiasradioreflejos.com.ar\/2021\/comunidades-sin-violencia-jornada-de-capacitacion-para-equipos-interdisciplinarios\/#breadcrumb\"},\"inLanguage\":\"es\",\"potentialAction\":[{\"@type\":\"ReadAction\",\"target\":[\"https:\/\/www.noticiasradioreflejos.com.ar\/2021\/comunidades-sin-violencia-jornada-de-capacitacion-para-equipos-interdisciplinarios\/\"]}]},{\"@type\":\"ImageObject\",\"inLanguage\":\"es\",\"@id\":\"https:\/\/www.noticiasradioreflejos.com.ar\/2021\/comunidades-sin-violencia-jornada-de-capacitacion-para-equipos-interdisciplinarios\/#primaryimage\",\"url\":\"https:\/\/live.staticflickr.com\/65535\/52005465882_1944b92a28_c.jpg\",\"contentUrl\":\"https:\/\/live.staticflickr.com\/65535\/52005465882_1944b92a28_c.jpg\"},{\"@type\":\"BreadcrumbList\",\"@id\":\"https:\/\/www.noticiasradioreflejos.com.ar\/2021\/comunidades-sin-violencia-jornada-de-capacitacion-para-equipos-interdisciplinarios\/#breadcrumb\",\"itemListElement\":[{\"@type\":\"ListItem\",\"position\":1,\"name\":\"Portada\",\"item\":\"https:\/\/www.noticiasradioreflejos.com.ar\/2021\/\"},{\"@type\":\"ListItem\",\"position\":2,\"name\":\"Comunidades sin violencia: Jornada de capacitaci\u00f3n para equipos interdisciplinarios.\"}]},{\"@type\":\"WebSite\",\"@id\":\"https:\/\/www.noticiasradioreflejos.com.ar\/2021\/#website\",\"url\":\"https:\/\/www.noticiasradioreflejos.com.ar\/2021\/\",\"name\":\"Noticias Radio Reflejos\",\"description\":\"Las noticias de mi comarca\",\"potentialAction\":[{\"@type\":\"SearchAction\",\"target\":{\"@type\":\"EntryPoint\",\"urlTemplate\":\"https:\/\/www.noticiasradioreflejos.com.ar\/2021\/?s={search_term_string}\"},\"query-input\":{\"@type\":\"PropertyValueSpecification\",\"valueRequired\":true,\"valueName\":\"search_term_string\"}}],\"inLanguage\":\"es\"},{\"@type\":\"Person\",\"@id\":\"https:\/\/www.noticiasradioreflejos.com.ar\/2021\/#\/schema\/person\/ad82545263dcc5ec0996818884fd5fb1\",\"name\":\"Arnaldo Botto\",\"image\":{\"@type\":\"ImageObject\",\"inLanguage\":\"es\",\"@id\":\"https:\/\/www.noticiasradioreflejos.com.ar\/2021\/#\/schema\/person\/image\/\",\"url\":\"https:\/\/secure.gravatar.com\/avatar\/55cb5e37c1efa326397366e6974cb338056df65cb50e7d64d1cf314e87504837?s=96&d=mm&r=g\",\"contentUrl\":\"https:\/\/secure.gravatar.com\/avatar\/55cb5e37c1efa326397366e6974cb338056df65cb50e7d64d1cf314e87504837?s=96&d=mm&r=g\",\"caption\":\"Arnaldo Botto\"},\"url\":\"https:\/\/www.noticiasradioreflejos.com.ar\/2021\/author\/arnaldo\/\"}]}<\/script>\n<!-- \/ Yoast SEO plugin. -->","yoast_head_json":{"title":"Comunidades sin violencia: Jornada de capacitaci\u00f3n para equipos interdisciplinarios. - Noticias Radio Reflejos","robots":{"index":"index","follow":"follow","max-snippet":"max-snippet:-1","max-image-preview":"max-image-preview:large","max-video-preview":"max-video-preview:-1"},"canonical":"https:\/\/www.noticiasradioreflejos.com.ar\/2021\/comunidades-sin-violencia-jornada-de-capacitacion-para-equipos-interdisciplinarios\/","og_locale":"es_ES","og_type":"article","og_title":"Comunidades sin violencia: Jornada de capacitaci\u00f3n para equipos interdisciplinarios. - Noticias Radio Reflejos","og_description":"Los equipos interdisciplinarios de las \u00e1reas de g\u00e9nero municipales de la provincia de Buenos Aires realizaron, en la localidad de Chapadmalal, una jornada de capacitaci\u00f3n.","og_url":"https:\/\/www.noticiasradioreflejos.com.ar\/2021\/comunidades-sin-violencia-jornada-de-capacitacion-para-equipos-interdisciplinarios\/","og_site_name":"Noticias Radio Reflejos","article_published_time":"2022-04-15T17:14:47+00:00","og_image":[{"url":"https:\/\/live.staticflickr.com\/65535\/52005465882_1944b92a28_c.jpg","type":"","width":"","height":""}],"author":"Arnaldo Botto","twitter_card":"summary_large_image","schema":{"@context":"https:\/\/schema.org","@graph":[{"@type":"WebPage","@id":"https:\/\/www.noticiasradioreflejos.com.ar\/2021\/comunidades-sin-violencia-jornada-de-capacitacion-para-equipos-interdisciplinarios\/","url":"https:\/\/www.noticiasradioreflejos.com.ar\/2021\/comunidades-sin-violencia-jornada-de-capacitacion-para-equipos-interdisciplinarios\/","name":"Comunidades sin violencia: Jornada de capacitaci\u00f3n para equipos interdisciplinarios. - Noticias Radio Reflejos","isPartOf":{"@id":"https:\/\/www.noticiasradioreflejos.com.ar\/2021\/#website"},"primaryImageOfPage":{"@id":"https:\/\/www.noticiasradioreflejos.com.ar\/2021\/comunidades-sin-violencia-jornada-de-capacitacion-para-equipos-interdisciplinarios\/#primaryimage"},"image":{"@id":"https:\/\/www.noticiasradioreflejos.com.ar\/2021\/comunidades-sin-violencia-jornada-de-capacitacion-para-equipos-interdisciplinarios\/#primaryimage"},"thumbnailUrl":"https:\/\/live.staticflickr.com\/65535\/52005465882_1944b92a28_c.jpg","datePublished":"2022-04-15T17:14:47+00:00","author":{"@id":"https:\/\/www.noticiasradioreflejos.com.ar\/2021\/#\/schema\/person\/ad82545263dcc5ec0996818884fd5fb1"},"breadcrumb":{"@id":"https:\/\/www.noticiasradioreflejos.com.ar\/2021\/comunidades-sin-violencia-jornada-de-capacitacion-para-equipos-interdisciplinarios\/#breadcrumb"},"inLanguage":"es","potentialAction":[{"@type":"ReadAction","target":["https:\/\/www.noticiasradioreflejos.com.ar\/2021\/comunidades-sin-violencia-jornada-de-capacitacion-para-equipos-interdisciplinarios\/"]}]},{"@type":"ImageObject","inLanguage":"es","@id":"https:\/\/www.noticiasradioreflejos.com.ar\/2021\/comunidades-sin-violencia-jornada-de-capacitacion-para-equipos-interdisciplinarios\/#primaryimage","url":"https:\/\/live.staticflickr.com\/65535\/52005465882_1944b92a28_c.jpg","contentUrl":"https:\/\/live.staticflickr.com\/65535\/52005465882_1944b92a28_c.jpg"},{"@type":"BreadcrumbList","@id":"https:\/\/www.noticiasradioreflejos.com.ar\/2021\/comunidades-sin-violencia-jornada-de-capacitacion-para-equipos-interdisciplinarios\/#breadcrumb","itemListElement":[{"@type":"ListItem","position":1,"name":"Portada","item":"https:\/\/www.noticiasradioreflejos.com.ar\/2021\/"},{"@type":"ListItem","position":2,"name":"Comunidades sin violencia: Jornada de capacitaci\u00f3n para equipos interdisciplinarios."}]},{"@type":"WebSite","@id":"https:\/\/www.noticiasradioreflejos.com.ar\/2021\/#website","url":"https:\/\/www.noticiasradioreflejos.com.ar\/2021\/","name":"Noticias Radio Reflejos","description":"Las noticias de mi comarca","potentialAction":[{"@type":"SearchAction","target":{"@type":"EntryPoint","urlTemplate":"https:\/\/www.noticiasradioreflejos.com.ar\/2021\/?s={search_term_string}"},"query-input":{"@type":"PropertyValueSpecification","valueRequired":true,"valueName":"search_term_string"}}],"inLanguage":"es"},{"@type":"Person","@id":"https:\/\/www.noticiasradioreflejos.com.ar\/2021\/#\/schema\/person\/ad82545263dcc5ec0996818884fd5fb1","name":"Arnaldo Botto","image":{"@type":"ImageObject","inLanguage":"es","@id":"https:\/\/www.noticiasradioreflejos.com.ar\/2021\/#\/schema\/person\/image\/","url":"https:\/\/secure.gravatar.com\/avatar\/55cb5e37c1efa326397366e6974cb338056df65cb50e7d64d1cf314e87504837?s=96&d=mm&r=g","contentUrl":"https:\/\/secure.gravatar.com\/avatar\/55cb5e37c1efa326397366e6974cb338056df65cb50e7d64d1cf314e87504837?s=96&d=mm&r=g","caption":"Arnaldo Botto"},"url":"https:\/\/www.noticiasradioreflejos.com.ar\/2021\/author\/arnaldo\/"}]}},"_links":{"self":[{"href":"https:\/\/www.noticiasradioreflejos.com.ar\/2021\/wp-json\/wp\/v2\/posts\/70648","targetHints":{"allow":["GET"]}}],"collection":[{"href":"https:\/\/www.noticiasradioreflejos.com.ar\/2021\/wp-json\/wp\/v2\/posts"}],"about":[{"href":"https:\/\/www.noticiasradioreflejos.com.ar\/2021\/wp-json\/wp\/v2\/types\/post"}],"author":[{"embeddable":true,"href":"https:\/\/www.noticiasradioreflejos.com.ar\/2021\/wp-json\/wp\/v2\/users\/3"}],"replies":[{"embeddable":true,"href":"https:\/\/www.noticiasradioreflejos.com.ar\/2021\/wp-json\/wp\/v2\/comments?post=70648"}],"version-history":[{"count":1,"href":"https:\/\/www.noticiasradioreflejos.com.ar\/2021\/wp-json\/wp\/v2\/posts\/70648\/revisions"}],"predecessor-version":[{"id":70650,"href":"https:\/\/www.noticiasradioreflejos.com.ar\/2021\/wp-json\/wp\/v2\/posts\/70648\/revisions\/70650"}],"wp:attachment":[{"href":"https:\/\/www.noticiasradioreflejos.com.ar\/2021\/wp-json\/wp\/v2\/media?parent=70648"}],"wp:term":[{"taxonomy":"category","embeddable":true,"href":"https:\/\/www.noticiasradioreflejos.com.ar\/2021\/wp-json\/wp\/v2\/categories?post=70648"},{"taxonomy":"post_tag","embeddable":true,"href":"https:\/\/www.noticiasradioreflejos.com.ar\/2021\/wp-json\/wp\/v2\/tags?post=70648"}],"curies":[{"name":"wp","href":"https:\/\/api.w.org\/{rel}","templated":true}]}}