{"id":70645,"date":"2022-04-15T14:09:16","date_gmt":"2022-04-15T14:09:16","guid":{"rendered":"http:\/\/www.noticiasradioreflejos.com.ar\/2021\/?p=70645"},"modified":"2022-04-15T14:09:16","modified_gmt":"2022-04-15T14:09:16","slug":"ya-se-aplica-la-cuarta-dosis-contra-el-coronavirus-en-buenos-aires","status":"publish","type":"post","link":"https:\/\/www.noticiasradioreflejos.com.ar\/2021\/ya-se-aplica-la-cuarta-dosis-contra-el-coronavirus-en-buenos-aires\/","title":{"rendered":"Ya se aplica la cuarta dosis contra el coronavirus en Buenos Aires"},"content":{"rendered":"<p>Personal de la salud, personas mayores de 50 a\u00f1os, de 12 a\u00f1os con inmunocompromiso, fuerzas de seguridad y docentes, empezaron a recibirla. Se inocula a quienes tengan el esquema de vacunaci\u00f3n completo y hayan pasado 4 meses desde que recibieran el primer refuerzo. <strong>Para consultas comunicarse al 0291-5388843.<\/strong><!--more--><\/p>\n<div class=\"paragraph\">\n<figure class=\"mb-3\"><img decoding=\"async\" src=\"https:\/\/www.telam.com.ar\/thumbs\/bluesteel\/advf\/imagenes\/2021\/02\/602ea3bd94922_900.jpg\" alt=\"El segundo refuerzo ser libre sin necesidad de pedir un turno previamente\" width=\"100%\" height=\"100%\" \/><\/p>\n<div class=\"media-icons\"><\/div><figcaption>El segundo refuerzo ser\u00e1 libre, sin necesidad de pedir un turno previamente.<\/figcaption><\/figure>\n<p>El\u00a0<strong>Ministerio de Salud bonaerense<\/strong>\u00a0comenz\u00f3 a aplicar este jueves la segunda dosis de refuerzo de la vacuna contra la COVID-19 al personal de la salud, personas mayores de 50 a\u00f1os, de 12 a\u00f1os con inmunocompromiso, fuerzas de seguridad y docentes.<\/p>\n<p>Esta cuarta aplicaci\u00f3n de vacunas anticovid se inocula a quienes tengan el esquema de vacunaci\u00f3n completo y hayan pasado 4 meses desde que recibieran el primer refuerzo, record\u00f3 Salud.<\/p>\n<p>Seg\u00fan lo acordado en el Consejo Federal de Salud,<strong>\u00a0las autoridades sanitarias de las 24 jurisdicciones del pa\u00eds dispusieron avanzar en la aplicaci\u00f3n del segundo refuerzo de la vacuna<\/strong>\u00a0despu\u00e9s de la recomendaci\u00f3n de los expertos que integran la Comisi\u00f3n Nacional de Inmunizaci\u00f3nes (Conain) y que asesoran al gobierno nacional.<\/p>\n<p>Al respecto,\u00a0<strong>Leticia Ceriani<\/strong>, subsecretaria de Gesti\u00f3n de la Informaci\u00f3n, Educaci\u00f3n Permanente y Fiscalizaci\u00f3n de la cartera sanitaria bonaerense, resalt\u00f3 que \u201cla Conain recomend\u00f3 al gobierno nacional incluir a estos grupos luego de evaluar la evidencia sobre la disminuci\u00f3n de la efectividad de las vacunas y el impacto de una segunda dosis de refuerzo\u201d.<\/p>\n<figure class=\"mb-3\"><img decoding=\"async\" src=\"https:\/\/www.telam.com.ar\/thumbs\/bluesteel\/advf\/imagenes\/2021\/04\/606f7353eb770_900.jpg\" alt=\"Prensa Gobierno de la Provincia de Buenos Aires\" width=\"100%\" height=\"100%\" \/><\/p>\n<div class=\"media-icons\"><\/div><figcaption>Prensa: Gobierno de la Provincia de Buenos Aires.<\/figcaption><\/figure>\n<p>Ceriani manifest\u00f3 que el segundo refuerzo ser\u00e1 libre y federal, es decir, sin necesidad de pedir un turno previamente y podr\u00e1n vacunarse tambi\u00e9n los que vivan afuera de del territorio bonaerense y que por alg\u00fan motivo se encuentren en la provincia.<\/p>\n<p><strong>\u201cHay disponibilidad de vacunas en nuestro pa\u00eds para poder garantizar el acceso a toda la poblaci\u00f3n objetivo\u201d<\/strong>, afirm\u00f3.<\/p>\n<blockquote class=\"twitter-tweet\" data-width=\"500\" data-dnt=\"true\">\n<p lang=\"es\" dir=\"ltr\"><a href=\"https:\/\/twitter.com\/hashtag\/COVID?src=hash&amp;ref_src=twsrc%5Etfw\">#COVID<\/a> \ud83d\udc89 A partir de hoy en <a href=\"https:\/\/twitter.com\/BAProvincia?ref_src=twsrc%5Etfw\">@BAProvincia<\/a> se aplicar\u00e1 un segundo refuerzo a personal de salud, educaci\u00f3n y seguridad, mayores de 50 a\u00f1os y personas inmunocomprometidas mayores de 12 a\u00f1os. Tienen que haber pasado m\u00e1s de 4 meses de la \u00faltima dosis.<\/p>\n<p>Mir\u00e1 \ud83d\udc49\ud83c\udffb <a href=\"https:\/\/t.co\/SiJAKJvDhu\">https:\/\/t.co\/SiJAKJvDhu<\/a> <a href=\"https:\/\/t.co\/8cGbMloVHY\">pic.twitter.com\/8cGbMloVHY<\/a><\/p>\n<p>&mdash; SaludBAP (@SaludBAP) <a href=\"https:\/\/twitter.com\/SaludBAP\/status\/1514639631471493128?ref_src=twsrc%5Etfw\">April 14, 2022<\/a><\/p><\/blockquote>\n<p><script async src=\"https:\/\/platform.twitter.com\/widgets.js\" charset=\"utf-8\"><\/script><\/p>\n<p>Seg\u00fan Salud, hasta este jueves se ha inoculado con\u00a0<strong>primeras dosis<\/strong>\u00a0a 15.913.477 personas, con\u00a0<strong>segundas dosis<\/strong>\u00a0a 14.368.488 y con<strong>\u00a0terceras dosis<\/strong>\u00a0o dosis de refuerzo a 7.854.004 personas, por lo que cuenta con<strong>\u00a0m\u00e1s del 95% de su poblaci\u00f3n inmunizada contra el coronavirus<\/strong>.<\/p>\n<p>En la provincia de Buenos Aires la vacunaci\u00f3n en primera y segunda dosis es libre y federal para mayores de 3 a\u00f1os, la tercera para todas las personas mayores de 12 a\u00f1os y la cuarta para personas inmunocomprometidas y mayores de 50 con dos dosis de la vacuna china Sinopharm, cumplidos los 4 meses de su \u00faltima aplicaci\u00f3n.<\/p>\n<p>Y tambi\u00e9n es libre para personas viajeras con certificaci\u00f3n de viaje y consentimiento informado, descargado de\u00a0<a href=\"http:\/\/vacunatepba.gba.gob.ar\/\" target=\"_blank\" rel=\"noopener\">vacunatepba.gba.gob.ar<\/a>.<\/p>\n<p>Los vacunatorios pueden encontrarse en el sitio\u00a0<a href=\"https:\/\/bit.ly\/3C5EgtY\" target=\"_blank\" rel=\"noopener\">https:\/\/bit.ly\/3C5EgtY<\/a>\u00a0para que cada persona que quiera acceder a la vacuna elija el m\u00e1s cercano a su domicilio.<\/p>\n<\/div>\n","protected":false},"excerpt":{"rendered":"<p>Personal de la salud, personas mayores de 50 a\u00f1os, de 12 a\u00f1os con inmunocompromiso, fuerzas de seguridad y docentes, empezaron a recibirla. Se inocula a quienes tengan el esquema de vacunaci\u00f3n completo y hayan pasado 4 meses desde que recibieran el primer refuerzo. Para consultas comunicarse al 0291-5388843.<\/p>\n","protected":false},"author":3,"featured_media":0,"comment_status":"closed","ping_status":"closed","sticky":false,"template":"","format":"standard","meta":{"footnotes":""},"categories":[1],"tags":[],"class_list":["post-70645","post","type-post","status-publish","format-standard","hentry","category-sin-categoria"],"yoast_head":"<!-- This site is optimized with the Yoast SEO plugin v25.9 - https:\/\/yoast.com\/wordpress\/plugins\/seo\/ -->\n<title>Ya se aplica la cuarta dosis contra el coronavirus en Buenos Aires - Noticias Radio Reflejos<\/title>\n<meta name=\"robots\" content=\"index, follow, max-snippet:-1, max-image-preview:large, max-video-preview:-1\" \/>\n<link rel=\"canonical\" href=\"https:\/\/www.noticiasradioreflejos.com.ar\/2021\/ya-se-aplica-la-cuarta-dosis-contra-el-coronavirus-en-buenos-aires\/\" \/>\n<meta property=\"og:locale\" content=\"es_ES\" \/>\n<meta property=\"og:type\" content=\"article\" \/>\n<meta property=\"og:title\" content=\"Ya se aplica la cuarta dosis contra el coronavirus en Buenos Aires - Noticias Radio Reflejos\" \/>\n<meta property=\"og:description\" content=\"Personal de la salud, personas mayores de 50 a\u00f1os, de 12 a\u00f1os con inmunocompromiso, fuerzas de seguridad y docentes, empezaron a recibirla. Se inocula a quienes tengan el esquema de vacunaci\u00f3n completo y hayan pasado 4 meses desde que recibieran el primer refuerzo. Para consultas comunicarse al 0291-5388843.\" \/>\n<meta property=\"og:url\" content=\"https:\/\/www.noticiasradioreflejos.com.ar\/2021\/ya-se-aplica-la-cuarta-dosis-contra-el-coronavirus-en-buenos-aires\/\" \/>\n<meta property=\"og:site_name\" content=\"Noticias Radio Reflejos\" \/>\n<meta property=\"article:published_time\" content=\"2022-04-15T14:09:16+00:00\" \/>\n<meta property=\"og:image\" content=\"https:\/\/www.telam.com.ar\/thumbs\/bluesteel\/advf\/imagenes\/2021\/02\/602ea3bd94922_900.jpg\" \/>\n<meta name=\"author\" content=\"Arnaldo Botto\" \/>\n<meta name=\"twitter:card\" content=\"summary_large_image\" \/>\n<script type=\"application\/ld+json\" class=\"yoast-schema-graph\">{\"@context\":\"https:\/\/schema.org\",\"@graph\":[{\"@type\":\"WebPage\",\"@id\":\"https:\/\/www.noticiasradioreflejos.com.ar\/2021\/ya-se-aplica-la-cuarta-dosis-contra-el-coronavirus-en-buenos-aires\/\",\"url\":\"https:\/\/www.noticiasradioreflejos.com.ar\/2021\/ya-se-aplica-la-cuarta-dosis-contra-el-coronavirus-en-buenos-aires\/\",\"name\":\"Ya se aplica la cuarta dosis contra el coronavirus en Buenos Aires - Noticias Radio Reflejos\",\"isPartOf\":{\"@id\":\"https:\/\/www.noticiasradioreflejos.com.ar\/2021\/#website\"},\"primaryImageOfPage\":{\"@id\":\"https:\/\/www.noticiasradioreflejos.com.ar\/2021\/ya-se-aplica-la-cuarta-dosis-contra-el-coronavirus-en-buenos-aires\/#primaryimage\"},\"image\":{\"@id\":\"https:\/\/www.noticiasradioreflejos.com.ar\/2021\/ya-se-aplica-la-cuarta-dosis-contra-el-coronavirus-en-buenos-aires\/#primaryimage\"},\"thumbnailUrl\":\"https:\/\/www.telam.com.ar\/thumbs\/bluesteel\/advf\/imagenes\/2021\/02\/602ea3bd94922_900.jpg\",\"datePublished\":\"2022-04-15T14:09:16+00:00\",\"author\":{\"@id\":\"https:\/\/www.noticiasradioreflejos.com.ar\/2021\/#\/schema\/person\/ad82545263dcc5ec0996818884fd5fb1\"},\"breadcrumb\":{\"@id\":\"https:\/\/www.noticiasradioreflejos.com.ar\/2021\/ya-se-aplica-la-cuarta-dosis-contra-el-coronavirus-en-buenos-aires\/#breadcrumb\"},\"inLanguage\":\"es\",\"potentialAction\":[{\"@type\":\"ReadAction\",\"target\":[\"https:\/\/www.noticiasradioreflejos.com.ar\/2021\/ya-se-aplica-la-cuarta-dosis-contra-el-coronavirus-en-buenos-aires\/\"]}]},{\"@type\":\"ImageObject\",\"inLanguage\":\"es\",\"@id\":\"https:\/\/www.noticiasradioreflejos.com.ar\/2021\/ya-se-aplica-la-cuarta-dosis-contra-el-coronavirus-en-buenos-aires\/#primaryimage\",\"url\":\"https:\/\/www.telam.com.ar\/thumbs\/bluesteel\/advf\/imagenes\/2021\/02\/602ea3bd94922_900.jpg\",\"contentUrl\":\"https:\/\/www.telam.com.ar\/thumbs\/bluesteel\/advf\/imagenes\/2021\/02\/602ea3bd94922_900.jpg\"},{\"@type\":\"BreadcrumbList\",\"@id\":\"https:\/\/www.noticiasradioreflejos.com.ar\/2021\/ya-se-aplica-la-cuarta-dosis-contra-el-coronavirus-en-buenos-aires\/#breadcrumb\",\"itemListElement\":[{\"@type\":\"ListItem\",\"position\":1,\"name\":\"Portada\",\"item\":\"https:\/\/www.noticiasradioreflejos.com.ar\/2021\/\"},{\"@type\":\"ListItem\",\"position\":2,\"name\":\"Ya se aplica la cuarta dosis contra el coronavirus en Buenos Aires\"}]},{\"@type\":\"WebSite\",\"@id\":\"https:\/\/www.noticiasradioreflejos.com.ar\/2021\/#website\",\"url\":\"https:\/\/www.noticiasradioreflejos.com.ar\/2021\/\",\"name\":\"Noticias Radio Reflejos\",\"description\":\"Las noticias de mi comarca\",\"potentialAction\":[{\"@type\":\"SearchAction\",\"target\":{\"@type\":\"EntryPoint\",\"urlTemplate\":\"https:\/\/www.noticiasradioreflejos.com.ar\/2021\/?s={search_term_string}\"},\"query-input\":{\"@type\":\"PropertyValueSpecification\",\"valueRequired\":true,\"valueName\":\"search_term_string\"}}],\"inLanguage\":\"es\"},{\"@type\":\"Person\",\"@id\":\"https:\/\/www.noticiasradioreflejos.com.ar\/2021\/#\/schema\/person\/ad82545263dcc5ec0996818884fd5fb1\",\"name\":\"Arnaldo Botto\",\"image\":{\"@type\":\"ImageObject\",\"inLanguage\":\"es\",\"@id\":\"https:\/\/www.noticiasradioreflejos.com.ar\/2021\/#\/schema\/person\/image\/\",\"url\":\"https:\/\/secure.gravatar.com\/avatar\/55cb5e37c1efa326397366e6974cb338056df65cb50e7d64d1cf314e87504837?s=96&d=mm&r=g\",\"contentUrl\":\"https:\/\/secure.gravatar.com\/avatar\/55cb5e37c1efa326397366e6974cb338056df65cb50e7d64d1cf314e87504837?s=96&d=mm&r=g\",\"caption\":\"Arnaldo Botto\"},\"url\":\"https:\/\/www.noticiasradioreflejos.com.ar\/2021\/author\/arnaldo\/\"}]}<\/script>\n<!-- \/ Yoast SEO plugin. -->","yoast_head_json":{"title":"Ya se aplica la cuarta dosis contra el coronavirus en Buenos Aires - Noticias Radio Reflejos","robots":{"index":"index","follow":"follow","max-snippet":"max-snippet:-1","max-image-preview":"max-image-preview:large","max-video-preview":"max-video-preview:-1"},"canonical":"https:\/\/www.noticiasradioreflejos.com.ar\/2021\/ya-se-aplica-la-cuarta-dosis-contra-el-coronavirus-en-buenos-aires\/","og_locale":"es_ES","og_type":"article","og_title":"Ya se aplica la cuarta dosis contra el coronavirus en Buenos Aires - Noticias Radio Reflejos","og_description":"Personal de la salud, personas mayores de 50 a\u00f1os, de 12 a\u00f1os con inmunocompromiso, fuerzas de seguridad y docentes, empezaron a recibirla. Se inocula a quienes tengan el esquema de vacunaci\u00f3n completo y hayan pasado 4 meses desde que recibieran el primer refuerzo. Para consultas comunicarse al 0291-5388843.","og_url":"https:\/\/www.noticiasradioreflejos.com.ar\/2021\/ya-se-aplica-la-cuarta-dosis-contra-el-coronavirus-en-buenos-aires\/","og_site_name":"Noticias Radio Reflejos","article_published_time":"2022-04-15T14:09:16+00:00","og_image":[{"url":"https:\/\/www.telam.com.ar\/thumbs\/bluesteel\/advf\/imagenes\/2021\/02\/602ea3bd94922_900.jpg","type":"","width":"","height":""}],"author":"Arnaldo Botto","twitter_card":"summary_large_image","schema":{"@context":"https:\/\/schema.org","@graph":[{"@type":"WebPage","@id":"https:\/\/www.noticiasradioreflejos.com.ar\/2021\/ya-se-aplica-la-cuarta-dosis-contra-el-coronavirus-en-buenos-aires\/","url":"https:\/\/www.noticiasradioreflejos.com.ar\/2021\/ya-se-aplica-la-cuarta-dosis-contra-el-coronavirus-en-buenos-aires\/","name":"Ya se aplica la cuarta dosis contra el coronavirus en Buenos Aires - Noticias Radio Reflejos","isPartOf":{"@id":"https:\/\/www.noticiasradioreflejos.com.ar\/2021\/#website"},"primaryImageOfPage":{"@id":"https:\/\/www.noticiasradioreflejos.com.ar\/2021\/ya-se-aplica-la-cuarta-dosis-contra-el-coronavirus-en-buenos-aires\/#primaryimage"},"image":{"@id":"https:\/\/www.noticiasradioreflejos.com.ar\/2021\/ya-se-aplica-la-cuarta-dosis-contra-el-coronavirus-en-buenos-aires\/#primaryimage"},"thumbnailUrl":"https:\/\/www.telam.com.ar\/thumbs\/bluesteel\/advf\/imagenes\/2021\/02\/602ea3bd94922_900.jpg","datePublished":"2022-04-15T14:09:16+00:00","author":{"@id":"https:\/\/www.noticiasradioreflejos.com.ar\/2021\/#\/schema\/person\/ad82545263dcc5ec0996818884fd5fb1"},"breadcrumb":{"@id":"https:\/\/www.noticiasradioreflejos.com.ar\/2021\/ya-se-aplica-la-cuarta-dosis-contra-el-coronavirus-en-buenos-aires\/#breadcrumb"},"inLanguage":"es","potentialAction":[{"@type":"ReadAction","target":["https:\/\/www.noticiasradioreflejos.com.ar\/2021\/ya-se-aplica-la-cuarta-dosis-contra-el-coronavirus-en-buenos-aires\/"]}]},{"@type":"ImageObject","inLanguage":"es","@id":"https:\/\/www.noticiasradioreflejos.com.ar\/2021\/ya-se-aplica-la-cuarta-dosis-contra-el-coronavirus-en-buenos-aires\/#primaryimage","url":"https:\/\/www.telam.com.ar\/thumbs\/bluesteel\/advf\/imagenes\/2021\/02\/602ea3bd94922_900.jpg","contentUrl":"https:\/\/www.telam.com.ar\/thumbs\/bluesteel\/advf\/imagenes\/2021\/02\/602ea3bd94922_900.jpg"},{"@type":"BreadcrumbList","@id":"https:\/\/www.noticiasradioreflejos.com.ar\/2021\/ya-se-aplica-la-cuarta-dosis-contra-el-coronavirus-en-buenos-aires\/#breadcrumb","itemListElement":[{"@type":"ListItem","position":1,"name":"Portada","item":"https:\/\/www.noticiasradioreflejos.com.ar\/2021\/"},{"@type":"ListItem","position":2,"name":"Ya se aplica la cuarta dosis contra el coronavirus en Buenos Aires"}]},{"@type":"WebSite","@id":"https:\/\/www.noticiasradioreflejos.com.ar\/2021\/#website","url":"https:\/\/www.noticiasradioreflejos.com.ar\/2021\/","name":"Noticias Radio Reflejos","description":"Las noticias de mi comarca","potentialAction":[{"@type":"SearchAction","target":{"@type":"EntryPoint","urlTemplate":"https:\/\/www.noticiasradioreflejos.com.ar\/2021\/?s={search_term_string}"},"query-input":{"@type":"PropertyValueSpecification","valueRequired":true,"valueName":"search_term_string"}}],"inLanguage":"es"},{"@type":"Person","@id":"https:\/\/www.noticiasradioreflejos.com.ar\/2021\/#\/schema\/person\/ad82545263dcc5ec0996818884fd5fb1","name":"Arnaldo Botto","image":{"@type":"ImageObject","inLanguage":"es","@id":"https:\/\/www.noticiasradioreflejos.com.ar\/2021\/#\/schema\/person\/image\/","url":"https:\/\/secure.gravatar.com\/avatar\/55cb5e37c1efa326397366e6974cb338056df65cb50e7d64d1cf314e87504837?s=96&d=mm&r=g","contentUrl":"https:\/\/secure.gravatar.com\/avatar\/55cb5e37c1efa326397366e6974cb338056df65cb50e7d64d1cf314e87504837?s=96&d=mm&r=g","caption":"Arnaldo Botto"},"url":"https:\/\/www.noticiasradioreflejos.com.ar\/2021\/author\/arnaldo\/"}]}},"_links":{"self":[{"href":"https:\/\/www.noticiasradioreflejos.com.ar\/2021\/wp-json\/wp\/v2\/posts\/70645","targetHints":{"allow":["GET"]}}],"collection":[{"href":"https:\/\/www.noticiasradioreflejos.com.ar\/2021\/wp-json\/wp\/v2\/posts"}],"about":[{"href":"https:\/\/www.noticiasradioreflejos.com.ar\/2021\/wp-json\/wp\/v2\/types\/post"}],"author":[{"embeddable":true,"href":"https:\/\/www.noticiasradioreflejos.com.ar\/2021\/wp-json\/wp\/v2\/users\/3"}],"replies":[{"embeddable":true,"href":"https:\/\/www.noticiasradioreflejos.com.ar\/2021\/wp-json\/wp\/v2\/comments?post=70645"}],"version-history":[{"count":2,"href":"https:\/\/www.noticiasradioreflejos.com.ar\/2021\/wp-json\/wp\/v2\/posts\/70645\/revisions"}],"predecessor-version":[{"id":70647,"href":"https:\/\/www.noticiasradioreflejos.com.ar\/2021\/wp-json\/wp\/v2\/posts\/70645\/revisions\/70647"}],"wp:attachment":[{"href":"https:\/\/www.noticiasradioreflejos.com.ar\/2021\/wp-json\/wp\/v2\/media?parent=70645"}],"wp:term":[{"taxonomy":"category","embeddable":true,"href":"https:\/\/www.noticiasradioreflejos.com.ar\/2021\/wp-json\/wp\/v2\/categories?post=70645"},{"taxonomy":"post_tag","embeddable":true,"href":"https:\/\/www.noticiasradioreflejos.com.ar\/2021\/wp-json\/wp\/v2\/tags?post=70645"}],"curies":[{"name":"wp","href":"https:\/\/api.w.org\/{rel}","templated":true}]}}