{"id":70642,"date":"2022-04-15T12:04:04","date_gmt":"2022-04-15T12:04:04","guid":{"rendered":"http:\/\/www.noticiasradioreflejos.com.ar\/2021\/?p=70642"},"modified":"2022-04-15T12:04:04","modified_gmt":"2022-04-15T12:04:04","slug":"greenpeace-la-pesca-desregulada-en-el-oceano-atlantico-impide-que-los-ecosistemas-se-recuperen","status":"publish","type":"post","link":"https:\/\/www.noticiasradioreflejos.com.ar\/2021\/greenpeace-la-pesca-desregulada-en-el-oceano-atlantico-impide-que-los-ecosistemas-se-recuperen\/","title":{"rendered":"Greenpeace: la pesca desregulada en el oc\u00e9ano Atl\u00e1ntico impide que los ecosistemas \u00abse recuperen\u00bb"},"content":{"rendered":"<p>Un relevamiento del buque Arctic Sunrise de esa ONG ecologista, muestra \u00abel da\u00f1o de la depredaci\u00f3n de los barcos pesqueros en los ecosistemas\u00bb. La nave podr\u00e1 visitarse el fin de semana en Puerto Madero con entrada gratuita.<\/p>\n<div class=\"wrapper-editable-content\">\n<div>\n<div class=\"wrapper-editable-content\">\n<div>\n<div class=\"container-md\">\n<div class=\"row\">\n<div class=\"col-md-12 speak\">\n<div class=\"paragraph\">\n<figure class=\"mb-3\"><img decoding=\"async\" src=\"https:\/\/www.telam.com.ar\/thumbs\/bluesteel\/advf\/imagenes\/2022\/04\/6258910cdc4e9_900.jpg\" alt=\"El buque realiz un relevamiento sobre la explotacin pesquera en el Ocano Atlntico\" width=\"100%\" height=\"100%\" \/><\/p>\n<div class=\"media-icons\"><\/div><figcaption>El buque realiz\u00f3 un relevamiento sobre la explotaci\u00f3n pesquera en el Oc\u00e9ano Atl\u00e1ntico.<\/figcaption><\/figure>\n<p>El\u00a0<strong>buque Arctic Sunrise, de la organizaci\u00f3n Greenpeace<\/strong>, amarr\u00f3 este jueves en el puerto de Buenos Aires luego realizar un\u00a0<strong>relevamiento sobre la explotaci\u00f3n pesquera en el oc\u00e9ano Atl\u00e1ntico<\/strong>, actividad concentrada en aguas internacionales pr\u00f3ximas al Mar Argentino que produce \u00abefectos en los ecosistemas marinos que no permiten su recuperaci\u00f3n\u00bb, dijo a T\u00e9lam Luisina Vueso, coordinadora de la campa\u00f1a de oc\u00e9anos de esta ONG.<\/p>\n<p>La campa\u00f1a, que comenz\u00f3 en Ushuaia el 12 de marzo, permiti\u00f3 que<strong>\u00a0la nave se adentrara en el \u00e1rea conocida como Agujero Azul, ubicada a 500 kil\u00f3metros del golfo de San Jorge, para observar el estado del ecosistema mar\u00edtimo.<\/strong><\/p>\n<p>El Ministerio de Ciencia, Tecnolog\u00eda e Innovaci\u00f3n, a trav\u00e9s de su proyecto Pampa Azul, explic\u00f3 que \u00abel Agujero Azul es una regi\u00f3n de alta productividad primaria. La zona es \u00e1rea de alimentaci\u00f3n de varias especies de gran importancia econ\u00f3mica (tales como la merluza, la vieira patag\u00f3nica y el calamar) y de muchas aves y mam\u00edferos\u00bb.<\/p>\n<p>Desde esta cartera nacional tambi\u00e9n advirtieron que \u00abdebido a la abundancia de recursos biol\u00f3gicos, el sector lindero a la Zona Econ\u00f3mica Exclusiva registra una intensa actividad pesquera extranjera que se centra en la captura del calamar. El impacto de la pesca sobre la biodiversidad y las cadenas tr\u00f3ficas es en gran medida desconocido, por lo que urge obtener informaci\u00f3n fidedigna para promover el manejo sustentable de los caladeros y establecer acciones de protecci\u00f3n de las especies afectadas\u00bb.<\/p>\n<p>Vueso, por su parte, indic\u00f3 que a la expedici\u00f3n de su ONG le fue posible<strong>\u00a0\u00abverificar el da\u00f1o que est\u00e1 haciendo la depredaci\u00f3n de los barcos pesqueros en los ecosistemas vulnerables en profundidad\u00bb<\/strong>, y que en esta zona pescan alrededor de 500 barcos, \u00aba 400 kil\u00f3metros de la costa\u00bb argentina.<\/p>\n<p>Durante la campa\u00f1a<strong>\u00a0lograron detectar barcos realizando \u00abtrasbordos de mercader\u00eda y barcos con registro de actividades ilegales\u00bb,<\/strong>\u00a0que utilizan el m\u00e9todo de arrastre con redes para capturar peces e invertebrados en el suelo marino, \u00abbarriendo\u00bb -de este modo- con el ecosistema.<\/p>\n<figure class=\"mb-3\"><img decoding=\"async\" src=\"https:\/\/www.telam.com.ar\/thumbs\/bluesteel\/advf\/imagenes\/2022\/04\/6258910ca258f_900.jpg\" alt=\"El buque Arctic Sunrise que atracar en la Drsena Norte Seis ubicada en Puerto Madero contar con entrada abierta al pblico\" width=\"100%\" height=\"100%\" \/><\/p>\n<div class=\"media-icons\"><\/div><figcaption>El buque Arctic Sunrise, que atracar\u00e1 en la D\u00e1rsena Norte Seis, ubicada en Puerto Madero, contar\u00e1 con entrada abierta al p\u00fablico.<\/figcaption><\/figure>\n<p>Si bien la mayor parte de los nav\u00edos pesqueros que navegan esta zona son provenientes de China, Taiw\u00e1n, Corea del Sur y Espa\u00f1a, \u00abtambi\u00e9n funcionan con banderas de conveniencia a trav\u00e9s de empresas que compran banderas de otros pa\u00edses para hacer lo que quieren\u00bb, explic\u00f3 Vueso.<\/p>\n<p>La coordinadora de Greenpeace tambi\u00e9n se\u00f1al\u00f3 que\u00a0<strong>operan otras naves que proveen servicios como los barcos refrigerados que hacen trasbordos en altamar.<\/strong><\/p>\n<p>\u00abEl pesquero le pasa la captura y sigue pescando hasta que se le llena la bodega, mientras los tanque van a los puertos y a los mercados, donde se pierde el control de qu\u00e9, d\u00f3nde y c\u00f3mo se pesca y el impacto en el ecosistema\u00bb, detall\u00f3 Vueso.<\/p>\n<p>En cuanto a los ecosistemas marinos, la ambientalista se\u00f1al\u00f3 que si bien \u00ablos vemos como algo lejano y oscuro por la profundidad\u00bb, en realidad estas zonas se encuentran \u00abllenas de vida y sostienen todo el ecosistema\u00bb.<\/p>\n<p>El oc\u00e9ano depende de estos ecosistemas \u00abpara generar los servicios que le presta al planeta\u00bb como la generaci\u00f3n de ox\u00edgeno, la captura de carbono, y la regulaci\u00f3n del clima y el agua.<\/p>\n<p>En tanto, si bien hay multas y sanciones para los barcos que operan de manera ilegal en Argentina, Vueso se\u00f1al\u00f3 que este tipo de sanciones no representan \u00abuna soluci\u00f3n\u00bb.<\/p>\n<p><strong>\u00abArgentina no puede cargar la responsabilidad de salir a patrullar todos los kil\u00f3metros ribere\u00f1os para echar a los barcos,<\/strong>\u00a0estamos hablando de dimensiones muy grandes\u00bb,\u00a0explic\u00f3 Vueso.<\/p>\n<p>\u00abEstamos exigiendo que se firme un tratado global por los oc\u00e9anos para salvar esta falta de gobernanza y para tener las herramientas para proteger esta zona, que no tiene regulaci\u00f3n\u00bb internacional, concluy\u00f3 la coordinadora, e invit\u00f3 a visitar durante el fin de semana el buque Arctic Sunrise, que atracar\u00e1 en la D\u00e1rsena Norte Seis, ubicada en Puerto Madero, y contar\u00e1 con entrada abierta al p\u00fablico.<\/p>\n<\/div>\n<\/div>\n<\/div>\n<\/div>\n<\/div>\n<\/div>\n<\/div>\n<\/div>\n","protected":false},"excerpt":{"rendered":"<p>Un relevamiento del buque Arctic Sunrise de esa ONG ecologista, muestra \u00abel da\u00f1o de la depredaci\u00f3n de los barcos pesqueros en los ecosistemas\u00bb. La nave podr\u00e1 visitarse el fin de semana en Puerto Madero con entrada gratuita. El buque realiz\u00f3 un relevamiento sobre la explotaci\u00f3n pesquera en el Oc\u00e9ano Atl\u00e1ntico. El\u00a0buque Arctic Sunrise, de la [&hellip;]<\/p>\n","protected":false},"author":3,"featured_media":0,"comment_status":"closed","ping_status":"closed","sticky":false,"template":"","format":"standard","meta":{"footnotes":""},"categories":[46,24,26],"tags":[],"class_list":["post-70642","post","type-post","status-publish","format-standard","hentry","category-ciencia-y-tecnologia","category-politica","category-sociedad"],"yoast_head":"<!-- This site is optimized with the Yoast SEO plugin v25.9 - https:\/\/yoast.com\/wordpress\/plugins\/seo\/ -->\n<title>Greenpeace: la pesca desregulada en el oc\u00e9ano Atl\u00e1ntico impide que los ecosistemas &quot;se recuperen&quot; - Noticias Radio Reflejos<\/title>\n<meta name=\"robots\" content=\"index, follow, max-snippet:-1, max-image-preview:large, max-video-preview:-1\" \/>\n<link rel=\"canonical\" href=\"https:\/\/www.noticiasradioreflejos.com.ar\/2021\/greenpeace-la-pesca-desregulada-en-el-oceano-atlantico-impide-que-los-ecosistemas-se-recuperen\/\" \/>\n<meta property=\"og:locale\" content=\"es_ES\" \/>\n<meta property=\"og:type\" content=\"article\" \/>\n<meta property=\"og:title\" content=\"Greenpeace: la pesca desregulada en el oc\u00e9ano Atl\u00e1ntico impide que los ecosistemas &quot;se recuperen&quot; - Noticias Radio Reflejos\" \/>\n<meta property=\"og:description\" content=\"Un relevamiento del buque Arctic Sunrise de esa ONG ecologista, muestra \u00abel da\u00f1o de la depredaci\u00f3n de los barcos pesqueros en los ecosistemas\u00bb. La nave podr\u00e1 visitarse el fin de semana en Puerto Madero con entrada gratuita. El buque realiz\u00f3 un relevamiento sobre la explotaci\u00f3n pesquera en el Oc\u00e9ano Atl\u00e1ntico. El\u00a0buque Arctic Sunrise, de la [&hellip;]\" \/>\n<meta property=\"og:url\" content=\"https:\/\/www.noticiasradioreflejos.com.ar\/2021\/greenpeace-la-pesca-desregulada-en-el-oceano-atlantico-impide-que-los-ecosistemas-se-recuperen\/\" \/>\n<meta property=\"og:site_name\" content=\"Noticias Radio Reflejos\" \/>\n<meta property=\"article:published_time\" content=\"2022-04-15T12:04:04+00:00\" \/>\n<meta property=\"og:image\" content=\"https:\/\/www.telam.com.ar\/thumbs\/bluesteel\/advf\/imagenes\/2022\/04\/6258910cdc4e9_900.jpg\" \/>\n<meta name=\"author\" content=\"Arnaldo Botto\" \/>\n<meta name=\"twitter:card\" content=\"summary_large_image\" \/>\n<script type=\"application\/ld+json\" class=\"yoast-schema-graph\">{\"@context\":\"https:\/\/schema.org\",\"@graph\":[{\"@type\":\"WebPage\",\"@id\":\"https:\/\/www.noticiasradioreflejos.com.ar\/2021\/greenpeace-la-pesca-desregulada-en-el-oceano-atlantico-impide-que-los-ecosistemas-se-recuperen\/\",\"url\":\"https:\/\/www.noticiasradioreflejos.com.ar\/2021\/greenpeace-la-pesca-desregulada-en-el-oceano-atlantico-impide-que-los-ecosistemas-se-recuperen\/\",\"name\":\"Greenpeace: la pesca desregulada en el oc\u00e9ano Atl\u00e1ntico impide que los ecosistemas \\\"se recuperen\\\" - Noticias Radio Reflejos\",\"isPartOf\":{\"@id\":\"https:\/\/www.noticiasradioreflejos.com.ar\/2021\/#website\"},\"primaryImageOfPage\":{\"@id\":\"https:\/\/www.noticiasradioreflejos.com.ar\/2021\/greenpeace-la-pesca-desregulada-en-el-oceano-atlantico-impide-que-los-ecosistemas-se-recuperen\/#primaryimage\"},\"image\":{\"@id\":\"https:\/\/www.noticiasradioreflejos.com.ar\/2021\/greenpeace-la-pesca-desregulada-en-el-oceano-atlantico-impide-que-los-ecosistemas-se-recuperen\/#primaryimage\"},\"thumbnailUrl\":\"https:\/\/www.telam.com.ar\/thumbs\/bluesteel\/advf\/imagenes\/2022\/04\/6258910cdc4e9_900.jpg\",\"datePublished\":\"2022-04-15T12:04:04+00:00\",\"author\":{\"@id\":\"https:\/\/www.noticiasradioreflejos.com.ar\/2021\/#\/schema\/person\/ad82545263dcc5ec0996818884fd5fb1\"},\"breadcrumb\":{\"@id\":\"https:\/\/www.noticiasradioreflejos.com.ar\/2021\/greenpeace-la-pesca-desregulada-en-el-oceano-atlantico-impide-que-los-ecosistemas-se-recuperen\/#breadcrumb\"},\"inLanguage\":\"es\",\"potentialAction\":[{\"@type\":\"ReadAction\",\"target\":[\"https:\/\/www.noticiasradioreflejos.com.ar\/2021\/greenpeace-la-pesca-desregulada-en-el-oceano-atlantico-impide-que-los-ecosistemas-se-recuperen\/\"]}]},{\"@type\":\"ImageObject\",\"inLanguage\":\"es\",\"@id\":\"https:\/\/www.noticiasradioreflejos.com.ar\/2021\/greenpeace-la-pesca-desregulada-en-el-oceano-atlantico-impide-que-los-ecosistemas-se-recuperen\/#primaryimage\",\"url\":\"https:\/\/www.telam.com.ar\/thumbs\/bluesteel\/advf\/imagenes\/2022\/04\/6258910cdc4e9_900.jpg\",\"contentUrl\":\"https:\/\/www.telam.com.ar\/thumbs\/bluesteel\/advf\/imagenes\/2022\/04\/6258910cdc4e9_900.jpg\"},{\"@type\":\"BreadcrumbList\",\"@id\":\"https:\/\/www.noticiasradioreflejos.com.ar\/2021\/greenpeace-la-pesca-desregulada-en-el-oceano-atlantico-impide-que-los-ecosistemas-se-recuperen\/#breadcrumb\",\"itemListElement\":[{\"@type\":\"ListItem\",\"position\":1,\"name\":\"Portada\",\"item\":\"https:\/\/www.noticiasradioreflejos.com.ar\/2021\/\"},{\"@type\":\"ListItem\",\"position\":2,\"name\":\"Greenpeace: la pesca desregulada en el oc\u00e9ano Atl\u00e1ntico impide que los ecosistemas \u00abse recuperen\u00bb\"}]},{\"@type\":\"WebSite\",\"@id\":\"https:\/\/www.noticiasradioreflejos.com.ar\/2021\/#website\",\"url\":\"https:\/\/www.noticiasradioreflejos.com.ar\/2021\/\",\"name\":\"Noticias Radio Reflejos\",\"description\":\"Las noticias de mi comarca\",\"potentialAction\":[{\"@type\":\"SearchAction\",\"target\":{\"@type\":\"EntryPoint\",\"urlTemplate\":\"https:\/\/www.noticiasradioreflejos.com.ar\/2021\/?s={search_term_string}\"},\"query-input\":{\"@type\":\"PropertyValueSpecification\",\"valueRequired\":true,\"valueName\":\"search_term_string\"}}],\"inLanguage\":\"es\"},{\"@type\":\"Person\",\"@id\":\"https:\/\/www.noticiasradioreflejos.com.ar\/2021\/#\/schema\/person\/ad82545263dcc5ec0996818884fd5fb1\",\"name\":\"Arnaldo Botto\",\"image\":{\"@type\":\"ImageObject\",\"inLanguage\":\"es\",\"@id\":\"https:\/\/www.noticiasradioreflejos.com.ar\/2021\/#\/schema\/person\/image\/\",\"url\":\"https:\/\/secure.gravatar.com\/avatar\/55cb5e37c1efa326397366e6974cb338056df65cb50e7d64d1cf314e87504837?s=96&d=mm&r=g\",\"contentUrl\":\"https:\/\/secure.gravatar.com\/avatar\/55cb5e37c1efa326397366e6974cb338056df65cb50e7d64d1cf314e87504837?s=96&d=mm&r=g\",\"caption\":\"Arnaldo Botto\"},\"url\":\"https:\/\/www.noticiasradioreflejos.com.ar\/2021\/author\/arnaldo\/\"}]}<\/script>\n<!-- \/ Yoast SEO plugin. -->","yoast_head_json":{"title":"Greenpeace: la pesca desregulada en el oc\u00e9ano Atl\u00e1ntico impide que los ecosistemas \"se recuperen\" - Noticias Radio Reflejos","robots":{"index":"index","follow":"follow","max-snippet":"max-snippet:-1","max-image-preview":"max-image-preview:large","max-video-preview":"max-video-preview:-1"},"canonical":"https:\/\/www.noticiasradioreflejos.com.ar\/2021\/greenpeace-la-pesca-desregulada-en-el-oceano-atlantico-impide-que-los-ecosistemas-se-recuperen\/","og_locale":"es_ES","og_type":"article","og_title":"Greenpeace: la pesca desregulada en el oc\u00e9ano Atl\u00e1ntico impide que los ecosistemas \"se recuperen\" - Noticias Radio Reflejos","og_description":"Un relevamiento del buque Arctic Sunrise de esa ONG ecologista, muestra \u00abel da\u00f1o de la depredaci\u00f3n de los barcos pesqueros en los ecosistemas\u00bb. La nave podr\u00e1 visitarse el fin de semana en Puerto Madero con entrada gratuita. El buque realiz\u00f3 un relevamiento sobre la explotaci\u00f3n pesquera en el Oc\u00e9ano Atl\u00e1ntico. El\u00a0buque Arctic Sunrise, de la [&hellip;]","og_url":"https:\/\/www.noticiasradioreflejos.com.ar\/2021\/greenpeace-la-pesca-desregulada-en-el-oceano-atlantico-impide-que-los-ecosistemas-se-recuperen\/","og_site_name":"Noticias Radio Reflejos","article_published_time":"2022-04-15T12:04:04+00:00","og_image":[{"url":"https:\/\/www.telam.com.ar\/thumbs\/bluesteel\/advf\/imagenes\/2022\/04\/6258910cdc4e9_900.jpg","type":"","width":"","height":""}],"author":"Arnaldo Botto","twitter_card":"summary_large_image","schema":{"@context":"https:\/\/schema.org","@graph":[{"@type":"WebPage","@id":"https:\/\/www.noticiasradioreflejos.com.ar\/2021\/greenpeace-la-pesca-desregulada-en-el-oceano-atlantico-impide-que-los-ecosistemas-se-recuperen\/","url":"https:\/\/www.noticiasradioreflejos.com.ar\/2021\/greenpeace-la-pesca-desregulada-en-el-oceano-atlantico-impide-que-los-ecosistemas-se-recuperen\/","name":"Greenpeace: la pesca desregulada en el oc\u00e9ano Atl\u00e1ntico impide que los ecosistemas \"se recuperen\" - Noticias Radio Reflejos","isPartOf":{"@id":"https:\/\/www.noticiasradioreflejos.com.ar\/2021\/#website"},"primaryImageOfPage":{"@id":"https:\/\/www.noticiasradioreflejos.com.ar\/2021\/greenpeace-la-pesca-desregulada-en-el-oceano-atlantico-impide-que-los-ecosistemas-se-recuperen\/#primaryimage"},"image":{"@id":"https:\/\/www.noticiasradioreflejos.com.ar\/2021\/greenpeace-la-pesca-desregulada-en-el-oceano-atlantico-impide-que-los-ecosistemas-se-recuperen\/#primaryimage"},"thumbnailUrl":"https:\/\/www.telam.com.ar\/thumbs\/bluesteel\/advf\/imagenes\/2022\/04\/6258910cdc4e9_900.jpg","datePublished":"2022-04-15T12:04:04+00:00","author":{"@id":"https:\/\/www.noticiasradioreflejos.com.ar\/2021\/#\/schema\/person\/ad82545263dcc5ec0996818884fd5fb1"},"breadcrumb":{"@id":"https:\/\/www.noticiasradioreflejos.com.ar\/2021\/greenpeace-la-pesca-desregulada-en-el-oceano-atlantico-impide-que-los-ecosistemas-se-recuperen\/#breadcrumb"},"inLanguage":"es","potentialAction":[{"@type":"ReadAction","target":["https:\/\/www.noticiasradioreflejos.com.ar\/2021\/greenpeace-la-pesca-desregulada-en-el-oceano-atlantico-impide-que-los-ecosistemas-se-recuperen\/"]}]},{"@type":"ImageObject","inLanguage":"es","@id":"https:\/\/www.noticiasradioreflejos.com.ar\/2021\/greenpeace-la-pesca-desregulada-en-el-oceano-atlantico-impide-que-los-ecosistemas-se-recuperen\/#primaryimage","url":"https:\/\/www.telam.com.ar\/thumbs\/bluesteel\/advf\/imagenes\/2022\/04\/6258910cdc4e9_900.jpg","contentUrl":"https:\/\/www.telam.com.ar\/thumbs\/bluesteel\/advf\/imagenes\/2022\/04\/6258910cdc4e9_900.jpg"},{"@type":"BreadcrumbList","@id":"https:\/\/www.noticiasradioreflejos.com.ar\/2021\/greenpeace-la-pesca-desregulada-en-el-oceano-atlantico-impide-que-los-ecosistemas-se-recuperen\/#breadcrumb","itemListElement":[{"@type":"ListItem","position":1,"name":"Portada","item":"https:\/\/www.noticiasradioreflejos.com.ar\/2021\/"},{"@type":"ListItem","position":2,"name":"Greenpeace: la pesca desregulada en el oc\u00e9ano Atl\u00e1ntico impide que los ecosistemas \u00abse recuperen\u00bb"}]},{"@type":"WebSite","@id":"https:\/\/www.noticiasradioreflejos.com.ar\/2021\/#website","url":"https:\/\/www.noticiasradioreflejos.com.ar\/2021\/","name":"Noticias Radio Reflejos","description":"Las noticias de mi comarca","potentialAction":[{"@type":"SearchAction","target":{"@type":"EntryPoint","urlTemplate":"https:\/\/www.noticiasradioreflejos.com.ar\/2021\/?s={search_term_string}"},"query-input":{"@type":"PropertyValueSpecification","valueRequired":true,"valueName":"search_term_string"}}],"inLanguage":"es"},{"@type":"Person","@id":"https:\/\/www.noticiasradioreflejos.com.ar\/2021\/#\/schema\/person\/ad82545263dcc5ec0996818884fd5fb1","name":"Arnaldo Botto","image":{"@type":"ImageObject","inLanguage":"es","@id":"https:\/\/www.noticiasradioreflejos.com.ar\/2021\/#\/schema\/person\/image\/","url":"https:\/\/secure.gravatar.com\/avatar\/55cb5e37c1efa326397366e6974cb338056df65cb50e7d64d1cf314e87504837?s=96&d=mm&r=g","contentUrl":"https:\/\/secure.gravatar.com\/avatar\/55cb5e37c1efa326397366e6974cb338056df65cb50e7d64d1cf314e87504837?s=96&d=mm&r=g","caption":"Arnaldo Botto"},"url":"https:\/\/www.noticiasradioreflejos.com.ar\/2021\/author\/arnaldo\/"}]}},"_links":{"self":[{"href":"https:\/\/www.noticiasradioreflejos.com.ar\/2021\/wp-json\/wp\/v2\/posts\/70642","targetHints":{"allow":["GET"]}}],"collection":[{"href":"https:\/\/www.noticiasradioreflejos.com.ar\/2021\/wp-json\/wp\/v2\/posts"}],"about":[{"href":"https:\/\/www.noticiasradioreflejos.com.ar\/2021\/wp-json\/wp\/v2\/types\/post"}],"author":[{"embeddable":true,"href":"https:\/\/www.noticiasradioreflejos.com.ar\/2021\/wp-json\/wp\/v2\/users\/3"}],"replies":[{"embeddable":true,"href":"https:\/\/www.noticiasradioreflejos.com.ar\/2021\/wp-json\/wp\/v2\/comments?post=70642"}],"version-history":[{"count":1,"href":"https:\/\/www.noticiasradioreflejos.com.ar\/2021\/wp-json\/wp\/v2\/posts\/70642\/revisions"}],"predecessor-version":[{"id":70644,"href":"https:\/\/www.noticiasradioreflejos.com.ar\/2021\/wp-json\/wp\/v2\/posts\/70642\/revisions\/70644"}],"wp:attachment":[{"href":"https:\/\/www.noticiasradioreflejos.com.ar\/2021\/wp-json\/wp\/v2\/media?parent=70642"}],"wp:term":[{"taxonomy":"category","embeddable":true,"href":"https:\/\/www.noticiasradioreflejos.com.ar\/2021\/wp-json\/wp\/v2\/categories?post=70642"},{"taxonomy":"post_tag","embeddable":true,"href":"https:\/\/www.noticiasradioreflejos.com.ar\/2021\/wp-json\/wp\/v2\/tags?post=70642"}],"curies":[{"name":"wp","href":"https:\/\/api.w.org\/{rel}","templated":true}]}}