{"id":70639,"date":"2022-04-15T12:00:00","date_gmt":"2022-04-15T12:00:00","guid":{"rendered":"http:\/\/www.noticiasradioreflejos.com.ar\/2021\/?p=70639"},"modified":"2022-04-15T12:00:00","modified_gmt":"2022-04-15T12:00:00","slug":"continua-la-busqueda-del-peon-rural-desaparecio-hace-15-dias-tras-una-sextorsion-descubrieron-que-un-preso-lo-engano","status":"publish","type":"post","link":"https:\/\/www.noticiasradioreflejos.com.ar\/2021\/continua-la-busqueda-del-peon-rural-desaparecio-hace-15-dias-tras-una-sextorsion-descubrieron-que-un-preso-lo-engano\/","title":{"rendered":"Contin\u00faa la b\u00fasqueda del pe\u00f3n rural desapareci\u00f3 hace 15 d\u00edas tras una \u201csextorsi\u00f3n\u201d: descubrieron que un preso lo enga\u00f1\u00f3"},"content":{"rendered":"<header class=\"article-header-wrapper\">\n<div class=\"article-header\">\n<p class=\"article-subheadline\">Juan Woldryck fue visto por \u00faltima vez el 30 de marzo pasado. Seg\u00fan la investigaci\u00f3n, \u201cTomi\u201d Galeano G\u00f3mez, que est\u00e1 detenido, simul\u00f3 y le pidi\u00f3 dinero para no difundir una conversaci\u00f3n con una menor de edad<\/p>\n<\/div>\n<\/header>\n<p><!--more--><\/p>\n<article class=\"article\">\n<div class=\"nd-body-article\">\n<div class=\"visual__image\"><img loading=\"lazy\" decoding=\"async\" class=\"\" src=\"https:\/\/cloudfront-us-east-1.images.arcpublishing.com\/infobae\/GXX4LYIRUBH6LNKT5ZKBI4D6HU.jpg\" sizes=\"auto, (min-width: 800px) 50vw, 90vw\" srcset=\"https:\/\/www.infobae.com\/new-resizer\/FxAoASk2CKpOOJ6cahLD0e0l24s=\/420x236\/filters:format(webp):quality(85)\/cloudfront-us-east-1.images.arcpublishing.com\/infobae\/GXX4LYIRUBH6LNKT5ZKBI4D6HU.jpg 420w,https:\/\/www.infobae.com\/new-resizer\/-XiXnSTtKcPwyR8kHSqKcVNdwnU=\/768x432\/filters:format(webp):quality(85)\/cloudfront-us-east-1.images.arcpublishing.com\/infobae\/GXX4LYIRUBH6LNKT5ZKBI4D6HU.jpg 768w,https:\/\/www.infobae.com\/new-resizer\/GGx27u7Mn2SichTOxd8FW3P8f1U=\/992x558\/filters:format(webp):quality(85)\/cloudfront-us-east-1.images.arcpublishing.com\/infobae\/GXX4LYIRUBH6LNKT5ZKBI4D6HU.jpg 992w,https:\/\/www.infobae.com\/new-resizer\/wSefesw_nhV1S-0In3hHpLAu-TE=\/1200x675\/filters:format(webp):quality(85)\/cloudfront-us-east-1.images.arcpublishing.com\/infobae\/GXX4LYIRUBH6LNKT5ZKBI4D6HU.jpg 1200w,https:\/\/www.infobae.com\/new-resizer\/aaONnuIeRQKlMhbfIoPAs8XBVHQ=\/1440x810\/filters:format(webp):quality(85)\/cloudfront-us-east-1.images.arcpublishing.com\/infobae\/GXX4LYIRUBH6LNKT5ZKBI4D6HU.jpg 1440w\" alt=\"Juan Woldryck\" width=\"1920\" height=\"1080\" \/>Juan Woldryck<\/div>\n<p class=\"paragraph\"><b>Juan Woldryck, un pe\u00f3n rural de 30 a\u00f1os y oriundo de General Alvear, est\u00e1 desaparecido desde el 30 marzo pasado<\/b>. La investigaci\u00f3n para dar con su paradero se encuentra a cargo de la fiscal\u00a0<b>Julia Sebasti\u00e1n<\/b>, titular de la UFI N\u00b015 de Bol\u00edvar: la b\u00fasqueda revel\u00f3 una intrincada trama, con un presunto<b>\u00a0caso de extorsi\u00f3n, donde se descubri\u00f3 que la v\u00edctima<\/b>\u00a0<b>hab\u00eda sido enga\u00f1ado por un preso de la Unidad Penal N\u00ba3 de San Nicol\u00e1s.<\/b><\/p>\n<p class=\"paragraph\">Seg\u00fan indicaron fuentes del caso a\u00a0<b>Infobae<\/b>, la trama comenz\u00f3 unos d\u00edas antes de que Woldryck sea visto por \u00faltima vez. En su perfil personal de la red social Facebook apareci\u00f3 un mensaje amenazante. Otro usuario hab\u00eda publicado una conversaci\u00f3n \u00edntima de \u00e9l con una mujer, que ser\u00eda menor de edad, con mensaje contundente.\u00a0<mark class=\"hl_yellow\"><b>Dec\u00eda que ten\u00eda que comunicarse o su situaci\u00f3n iba a ser cada vez peor.<\/b><\/mark><\/p>\n<p class=\"paragraph\">Tras este hecho, Woldryck, el 30 de marzo pasado, entre las 12.50 y las 15, desapareci\u00f3 del predio rural denominado \u201cEl Rinc\u00f3n\u201d, ubicado en Bol\u00edvar, a pocos kil\u00f3metros del l\u00edmite con el partido de Carlos Casares.\u00a0<b>Woldryck viv\u00eda y trabajaba all\u00ed desde hace un a\u00f1o y tres meses<\/b>. La denuncia de paradero la realizaron los due\u00f1os del establecimiento.<\/p>\n<p class=\"paragraph\">As\u00ed comenz\u00f3 su b\u00fasqueda. El primer dato que surgi\u00f3 fue que\u00a0<b>el joven dos d\u00edas antes de desaparecer hab\u00eda pedido dinero prestado para transferirlo a una cuenta a nombre de un tal \u201cLeonardo Figueredo\u201d.\u00a0<\/b>El due\u00f1o de la cuenta result\u00f3 ser residente de la San Pedro.<\/p>\n<div class=\"visual__image\"><img loading=\"lazy\" decoding=\"async\" class=\"\" src=\"https:\/\/cloudfront-us-east-1.images.arcpublishing.com\/infobae\/7CIDACHXZBAG3BMLTOCZSHZMP4.jpg\" sizes=\"auto, (min-width: 800px) 50vw, 90vw\" srcset=\"https:\/\/www.infobae.com\/new-resizer\/uc4wQ1wuJ-j_g57SstjEXjtNoig=\/420x187\/filters:format(webp):quality(85)\/cloudfront-us-east-1.images.arcpublishing.com\/infobae\/7CIDACHXZBAG3BMLTOCZSHZMP4.jpg 420w,https:\/\/www.infobae.com\/new-resizer\/SyytEtPAkKRSw7x5Nl6UEhYBt2Y=\/768x341\/filters:format(webp):quality(85)\/cloudfront-us-east-1.images.arcpublishing.com\/infobae\/7CIDACHXZBAG3BMLTOCZSHZMP4.jpg 768w,https:\/\/www.infobae.com\/new-resizer\/skusQX8UH3js3TarPulMQDO8898=\/992x441\/filters:format(webp):quality(85)\/cloudfront-us-east-1.images.arcpublishing.com\/infobae\/7CIDACHXZBAG3BMLTOCZSHZMP4.jpg 992w,https:\/\/www.infobae.com\/new-resizer\/6K-O2QdtKivbenjYxr1FNK7BfS8=\/1200x533\/filters:format(webp):quality(85)\/cloudfront-us-east-1.images.arcpublishing.com\/infobae\/7CIDACHXZBAG3BMLTOCZSHZMP4.jpg 1200w\" alt=\"La fiscal Sebasti\u00e1n ayer en la b\u00fasqueda del joven de 30 a\u00f1os \" width=\"1920\" height=\"886\" \/>La fiscal Sebasti\u00e1n ayer en la b\u00fasqueda del joven de 30 a\u00f1os<\/div>\n<p class=\"paragraph\">Tras comprobarse que, efectivamente, la persona a la que estaba a nobmbre la cuenta exist\u00eda, se orden\u00f3 un allanamiento en el domicilio del sospechoso: eso ocurri\u00f3 el pasado 2 de abril.<\/p>\n<p class=\"paragraph\">Cuando los polic\u00edas ingresaron al domicilio, se<b>\u00a0secuestr\u00f3 gran cantidad de elementos de inter\u00e9s para la causa que derivaron m\u00e1s informaci\u00f3n sobre la extorsi\u00f3n que hab\u00eda sufrido Woldryck<\/b>. As\u00ed, se llevaron: celulares y equipos t\u00e9cnicos. Tambi\u00e9n, se obtuvieron declaraciones testimoniales.<\/p>\n<p class=\"paragraph\">Uno de los tel\u00e9fonos secuestrados dio cuenta de que la persona que recibi\u00f3 el dinero que Woldryck hab\u00eda transferido, cerca de<mark class=\"hl_yellow\"><b>\u00a020 mil pesos<\/b><\/mark>, fue un interno de la Unidad Penal N\u00ba 3 de San Nicol\u00e1s:<b>\u00a0Luis Miguel \u201cTomi\u201d Galeano G\u00f3mez<\/b>.\u00a0<mark class=\"hl_yellow\"><b>Un ladr\u00f3n que cumple condena por el crimen de una jubilada, ocurrido en 2014 en el marco de un robo.<\/b><\/mark><\/p>\n<div class=\"visual__image\"><img loading=\"lazy\" decoding=\"async\" class=\"\" src=\"https:\/\/cloudfront-us-east-1.images.arcpublishing.com\/infobae\/ROF2SGP3SFBHJLOSN7Z26NYAWA.jpg\" sizes=\"auto, (min-width: 800px) 50vw, 90vw\" srcset=\"https:\/\/www.infobae.com\/new-resizer\/TxoN9n61j6ew-AndDS3yyZuIP3g=\/420x315\/filters:format(webp):quality(85)\/cloudfront-us-east-1.images.arcpublishing.com\/infobae\/ROF2SGP3SFBHJLOSN7Z26NYAWA.jpg 420w,https:\/\/www.infobae.com\/new-resizer\/r1FkFoju6z2eCCowkAup1qdjnpM=\/768x576\/filters:format(webp):quality(85)\/cloudfront-us-east-1.images.arcpublishing.com\/infobae\/ROF2SGP3SFBHJLOSN7Z26NYAWA.jpg 768w,https:\/\/www.infobae.com\/new-resizer\/l52eX0iqlVgG1biZJgrU_USY4R4=\/992x744\/filters:format(webp):quality(85)\/cloudfront-us-east-1.images.arcpublishing.com\/infobae\/ROF2SGP3SFBHJLOSN7Z26NYAWA.jpg 992w,https:\/\/www.infobae.com\/new-resizer\/fvtCwHKiWyU8WAxgc3wsYMjOTvw=\/1200x900\/filters:format(webp):quality(85)\/cloudfront-us-east-1.images.arcpublishing.com\/infobae\/ROF2SGP3SFBHJLOSN7Z26NYAWA.jpg 1200w,https:\/\/www.infobae.com\/new-resizer\/SMe_Zx9S2I4NsCB1SYYRubQP89Q=\/1440x1080\/filters:format(webp):quality(85)\/cloudfront-us-east-1.images.arcpublishing.com\/infobae\/ROF2SGP3SFBHJLOSN7Z26NYAWA.jpg 1440w\" alt=\"Ayer por el tarde, buzos tras el rastro de Woldryck\" width=\"1920\" height=\"1440\" \/>Ayer por el tarde, buzos tras el rastro de Woldryck<\/div>\n<p class=\"paragraph\">Luego de que los investigadores revelaran la identidad del detenido, se orden\u00f3 un allanamiento en su celda mientras en paralelo se intentaba encontrar a Woldryck. En la c\u00e1rcel,<b>\u00a0hallaron distintos chips de l\u00edneas telef\u00f3nicas que Galeano escond\u00eda.<\/b><\/p>\n<p class=\"paragraph\">Luego del an\u00e1lisis pericial, se estableci\u00f3 que<mark class=\"hl_yellow\"><b>\u00a0Galeano fue quien se comunic\u00f3 con Woldryck simulando ser un funcionario judicial que le exig\u00eda dinero porque estaba siendo investigado en una causa de prostituci\u00f3n de menores<\/b>.<\/mark>\u00a0A Galeano, entonces, se le abri\u00f3 una causa por el delito de\u00a0<b>extorsi\u00f3n.<\/b><\/p>\n<div class=\"visual__image\"><img loading=\"lazy\" decoding=\"async\" class=\"\" src=\"https:\/\/cloudfront-us-east-1.images.arcpublishing.com\/infobae\/IB2OPHAAIBFRJDCY5VC2TKQ73U.jpg\" sizes=\"auto, (min-width: 800px) 50vw, 90vw\" srcset=\"https:\/\/www.infobae.com\/new-resizer\/f8BxPq7zWDZJhoCfGirbktxFWKo=\/420x187\/filters:format(webp):quality(85)\/cloudfront-us-east-1.images.arcpublishing.com\/infobae\/IB2OPHAAIBFRJDCY5VC2TKQ73U.jpg 420w,https:\/\/www.infobae.com\/new-resizer\/EpYgaNf91VYIjvu5A6VArVTyGL8=\/768x341\/filters:format(webp):quality(85)\/cloudfront-us-east-1.images.arcpublishing.com\/infobae\/IB2OPHAAIBFRJDCY5VC2TKQ73U.jpg 768w,https:\/\/www.infobae.com\/new-resizer\/x4hkBTgeKVsVKv5pel7i7z2ZE4Y=\/992x441\/filters:format(webp):quality(85)\/cloudfront-us-east-1.images.arcpublishing.com\/infobae\/IB2OPHAAIBFRJDCY5VC2TKQ73U.jpg 992w,https:\/\/www.infobae.com\/new-resizer\/2m--oSV-Pvdt5Osmq0HfHFTcftM=\/1200x533\/filters:format(webp):quality(85)\/cloudfront-us-east-1.images.arcpublishing.com\/infobae\/IB2OPHAAIBFRJDCY5VC2TKQ73U.jpg 1200w\" alt=\"Parte de la b\u00fasqueda del empleado rural \" width=\"1920\" height=\"886\" \/>Parte de la b\u00fasqueda del empleado rural<\/div>\n<p class=\"paragraph\">Mientras tanto,\u00a0<b>contin\u00faa la b\u00fasqueda para dar con el paradero de Woldryck.<\/b>\u00a0En la tarde de ayer, se realiz\u00f3 un gran operativo policial con un despliegue por tierra, agua y aire en busca del empleado rural, liderado por la fiscal Sebasti\u00e1n, que se hizo presente en el lugar.<\/p>\n<p class=\"paragraph\">Woldryck sigue desaparecido. Seg\u00fan indicaron fuentes del caso,\u00a0<b>una de las hip\u00f3tesis que se manejan por estas horas es que se habr\u00eda ido a la provincia de C\u00f3rdoba y otra es que no estar\u00eda con vida.<\/b><\/p>\n<\/div>\n<\/article>\n<p>&nbsp;<\/p>\n<div class=\"author-image\"><img loading=\"lazy\" decoding=\"async\" class=\"\" src=\"https:\/\/s3.amazonaws.com\/arc-authors\/infobae\/e0c4b2f6-688f-4b08-84e7-2bc5c5836047.png\" alt=\"Leonardo Scannone\" width=\"60\" height=\"60\" \/><\/div>\n<div class=\"byline-text-wrapper\">\n<div class=\"authors-name-ctn\">\n<p>Por <a class=\"author-name\" href=\"https:\/\/www.infobae.com\/autor\/leonardo-scannone\" aria-label=\"Leonardo Scannone\">Leonardo Scannone para <\/a><em style=\"color: #ff6600;\"><strong>Infobae<\/strong><\/em><\/p>\n<\/div>\n<\/div>\n","protected":false},"excerpt":{"rendered":"<p>Juan Woldryck fue visto por \u00faltima vez el 30 de marzo pasado. Seg\u00fan la investigaci\u00f3n, \u201cTomi\u201d Galeano G\u00f3mez, que est\u00e1 detenido, simul\u00f3 y le pidi\u00f3 dinero para no difundir una conversaci\u00f3n con una menor de edad<\/p>\n","protected":false},"author":3,"featured_media":0,"comment_status":"closed","ping_status":"closed","sticky":false,"template":"","format":"standard","meta":{"footnotes":""},"categories":[29],"tags":[],"class_list":["post-70639","post","type-post","status-publish","format-standard","hentry","category-policiales"],"yoast_head":"<!-- This site is optimized with the Yoast SEO plugin v25.9 - https:\/\/yoast.com\/wordpress\/plugins\/seo\/ -->\n<title>Contin\u00faa la b\u00fasqueda del pe\u00f3n rural desapareci\u00f3 hace 15 d\u00edas tras una \u201csextorsi\u00f3n\u201d: descubrieron que un preso lo enga\u00f1\u00f3 - Noticias Radio Reflejos<\/title>\n<meta name=\"robots\" content=\"index, follow, max-snippet:-1, max-image-preview:large, max-video-preview:-1\" \/>\n<link rel=\"canonical\" href=\"https:\/\/www.noticiasradioreflejos.com.ar\/2021\/continua-la-busqueda-del-peon-rural-desaparecio-hace-15-dias-tras-una-sextorsion-descubrieron-que-un-preso-lo-engano\/\" \/>\n<meta property=\"og:locale\" content=\"es_ES\" \/>\n<meta property=\"og:type\" content=\"article\" \/>\n<meta property=\"og:title\" content=\"Contin\u00faa la b\u00fasqueda del pe\u00f3n rural desapareci\u00f3 hace 15 d\u00edas tras una \u201csextorsi\u00f3n\u201d: descubrieron que un preso lo enga\u00f1\u00f3 - Noticias Radio Reflejos\" \/>\n<meta property=\"og:description\" content=\"Juan Woldryck fue visto por \u00faltima vez el 30 de marzo pasado. Seg\u00fan la investigaci\u00f3n, \u201cTomi\u201d Galeano G\u00f3mez, que est\u00e1 detenido, simul\u00f3 y le pidi\u00f3 dinero para no difundir una conversaci\u00f3n con una menor de edad\" \/>\n<meta property=\"og:url\" content=\"https:\/\/www.noticiasradioreflejos.com.ar\/2021\/continua-la-busqueda-del-peon-rural-desaparecio-hace-15-dias-tras-una-sextorsion-descubrieron-que-un-preso-lo-engano\/\" \/>\n<meta property=\"og:site_name\" content=\"Noticias Radio Reflejos\" \/>\n<meta property=\"article:published_time\" content=\"2022-04-15T12:00:00+00:00\" \/>\n<meta property=\"og:image\" content=\"https:\/\/cloudfront-us-east-1.images.arcpublishing.com\/infobae\/GXX4LYIRUBH6LNKT5ZKBI4D6HU.jpg\" \/>\n<meta name=\"author\" content=\"Arnaldo Botto\" \/>\n<meta name=\"twitter:card\" content=\"summary_large_image\" \/>\n<script type=\"application\/ld+json\" class=\"yoast-schema-graph\">{\"@context\":\"https:\/\/schema.org\",\"@graph\":[{\"@type\":\"WebPage\",\"@id\":\"https:\/\/www.noticiasradioreflejos.com.ar\/2021\/continua-la-busqueda-del-peon-rural-desaparecio-hace-15-dias-tras-una-sextorsion-descubrieron-que-un-preso-lo-engano\/\",\"url\":\"https:\/\/www.noticiasradioreflejos.com.ar\/2021\/continua-la-busqueda-del-peon-rural-desaparecio-hace-15-dias-tras-una-sextorsion-descubrieron-que-un-preso-lo-engano\/\",\"name\":\"Contin\u00faa la b\u00fasqueda del pe\u00f3n rural desapareci\u00f3 hace 15 d\u00edas tras una \u201csextorsi\u00f3n\u201d: descubrieron que un preso lo enga\u00f1\u00f3 - Noticias Radio Reflejos\",\"isPartOf\":{\"@id\":\"https:\/\/www.noticiasradioreflejos.com.ar\/2021\/#website\"},\"primaryImageOfPage\":{\"@id\":\"https:\/\/www.noticiasradioreflejos.com.ar\/2021\/continua-la-busqueda-del-peon-rural-desaparecio-hace-15-dias-tras-una-sextorsion-descubrieron-que-un-preso-lo-engano\/#primaryimage\"},\"image\":{\"@id\":\"https:\/\/www.noticiasradioreflejos.com.ar\/2021\/continua-la-busqueda-del-peon-rural-desaparecio-hace-15-dias-tras-una-sextorsion-descubrieron-que-un-preso-lo-engano\/#primaryimage\"},\"thumbnailUrl\":\"https:\/\/cloudfront-us-east-1.images.arcpublishing.com\/infobae\/GXX4LYIRUBH6LNKT5ZKBI4D6HU.jpg\",\"datePublished\":\"2022-04-15T12:00:00+00:00\",\"author\":{\"@id\":\"https:\/\/www.noticiasradioreflejos.com.ar\/2021\/#\/schema\/person\/ad82545263dcc5ec0996818884fd5fb1\"},\"breadcrumb\":{\"@id\":\"https:\/\/www.noticiasradioreflejos.com.ar\/2021\/continua-la-busqueda-del-peon-rural-desaparecio-hace-15-dias-tras-una-sextorsion-descubrieron-que-un-preso-lo-engano\/#breadcrumb\"},\"inLanguage\":\"es\",\"potentialAction\":[{\"@type\":\"ReadAction\",\"target\":[\"https:\/\/www.noticiasradioreflejos.com.ar\/2021\/continua-la-busqueda-del-peon-rural-desaparecio-hace-15-dias-tras-una-sextorsion-descubrieron-que-un-preso-lo-engano\/\"]}]},{\"@type\":\"ImageObject\",\"inLanguage\":\"es\",\"@id\":\"https:\/\/www.noticiasradioreflejos.com.ar\/2021\/continua-la-busqueda-del-peon-rural-desaparecio-hace-15-dias-tras-una-sextorsion-descubrieron-que-un-preso-lo-engano\/#primaryimage\",\"url\":\"https:\/\/cloudfront-us-east-1.images.arcpublishing.com\/infobae\/GXX4LYIRUBH6LNKT5ZKBI4D6HU.jpg\",\"contentUrl\":\"https:\/\/cloudfront-us-east-1.images.arcpublishing.com\/infobae\/GXX4LYIRUBH6LNKT5ZKBI4D6HU.jpg\"},{\"@type\":\"BreadcrumbList\",\"@id\":\"https:\/\/www.noticiasradioreflejos.com.ar\/2021\/continua-la-busqueda-del-peon-rural-desaparecio-hace-15-dias-tras-una-sextorsion-descubrieron-que-un-preso-lo-engano\/#breadcrumb\",\"itemListElement\":[{\"@type\":\"ListItem\",\"position\":1,\"name\":\"Portada\",\"item\":\"https:\/\/www.noticiasradioreflejos.com.ar\/2021\/\"},{\"@type\":\"ListItem\",\"position\":2,\"name\":\"Contin\u00faa la b\u00fasqueda del pe\u00f3n rural desapareci\u00f3 hace 15 d\u00edas tras una \u201csextorsi\u00f3n\u201d: descubrieron que un preso lo enga\u00f1\u00f3\"}]},{\"@type\":\"WebSite\",\"@id\":\"https:\/\/www.noticiasradioreflejos.com.ar\/2021\/#website\",\"url\":\"https:\/\/www.noticiasradioreflejos.com.ar\/2021\/\",\"name\":\"Noticias Radio Reflejos\",\"description\":\"Las noticias de mi comarca\",\"potentialAction\":[{\"@type\":\"SearchAction\",\"target\":{\"@type\":\"EntryPoint\",\"urlTemplate\":\"https:\/\/www.noticiasradioreflejos.com.ar\/2021\/?s={search_term_string}\"},\"query-input\":{\"@type\":\"PropertyValueSpecification\",\"valueRequired\":true,\"valueName\":\"search_term_string\"}}],\"inLanguage\":\"es\"},{\"@type\":\"Person\",\"@id\":\"https:\/\/www.noticiasradioreflejos.com.ar\/2021\/#\/schema\/person\/ad82545263dcc5ec0996818884fd5fb1\",\"name\":\"Arnaldo Botto\",\"image\":{\"@type\":\"ImageObject\",\"inLanguage\":\"es\",\"@id\":\"https:\/\/www.noticiasradioreflejos.com.ar\/2021\/#\/schema\/person\/image\/\",\"url\":\"https:\/\/secure.gravatar.com\/avatar\/55cb5e37c1efa326397366e6974cb338056df65cb50e7d64d1cf314e87504837?s=96&d=mm&r=g\",\"contentUrl\":\"https:\/\/secure.gravatar.com\/avatar\/55cb5e37c1efa326397366e6974cb338056df65cb50e7d64d1cf314e87504837?s=96&d=mm&r=g\",\"caption\":\"Arnaldo Botto\"},\"url\":\"https:\/\/www.noticiasradioreflejos.com.ar\/2021\/author\/arnaldo\/\"}]}<\/script>\n<!-- \/ Yoast SEO plugin. -->","yoast_head_json":{"title":"Contin\u00faa la b\u00fasqueda del pe\u00f3n rural desapareci\u00f3 hace 15 d\u00edas tras una \u201csextorsi\u00f3n\u201d: descubrieron que un preso lo enga\u00f1\u00f3 - Noticias Radio Reflejos","robots":{"index":"index","follow":"follow","max-snippet":"max-snippet:-1","max-image-preview":"max-image-preview:large","max-video-preview":"max-video-preview:-1"},"canonical":"https:\/\/www.noticiasradioreflejos.com.ar\/2021\/continua-la-busqueda-del-peon-rural-desaparecio-hace-15-dias-tras-una-sextorsion-descubrieron-que-un-preso-lo-engano\/","og_locale":"es_ES","og_type":"article","og_title":"Contin\u00faa la b\u00fasqueda del pe\u00f3n rural desapareci\u00f3 hace 15 d\u00edas tras una \u201csextorsi\u00f3n\u201d: descubrieron que un preso lo enga\u00f1\u00f3 - Noticias Radio Reflejos","og_description":"Juan Woldryck fue visto por \u00faltima vez el 30 de marzo pasado. Seg\u00fan la investigaci\u00f3n, \u201cTomi\u201d Galeano G\u00f3mez, que est\u00e1 detenido, simul\u00f3 y le pidi\u00f3 dinero para no difundir una conversaci\u00f3n con una menor de edad","og_url":"https:\/\/www.noticiasradioreflejos.com.ar\/2021\/continua-la-busqueda-del-peon-rural-desaparecio-hace-15-dias-tras-una-sextorsion-descubrieron-que-un-preso-lo-engano\/","og_site_name":"Noticias Radio Reflejos","article_published_time":"2022-04-15T12:00:00+00:00","og_image":[{"url":"https:\/\/cloudfront-us-east-1.images.arcpublishing.com\/infobae\/GXX4LYIRUBH6LNKT5ZKBI4D6HU.jpg","type":"","width":"","height":""}],"author":"Arnaldo Botto","twitter_card":"summary_large_image","schema":{"@context":"https:\/\/schema.org","@graph":[{"@type":"WebPage","@id":"https:\/\/www.noticiasradioreflejos.com.ar\/2021\/continua-la-busqueda-del-peon-rural-desaparecio-hace-15-dias-tras-una-sextorsion-descubrieron-que-un-preso-lo-engano\/","url":"https:\/\/www.noticiasradioreflejos.com.ar\/2021\/continua-la-busqueda-del-peon-rural-desaparecio-hace-15-dias-tras-una-sextorsion-descubrieron-que-un-preso-lo-engano\/","name":"Contin\u00faa la b\u00fasqueda del pe\u00f3n rural desapareci\u00f3 hace 15 d\u00edas tras una \u201csextorsi\u00f3n\u201d: descubrieron que un preso lo enga\u00f1\u00f3 - Noticias Radio Reflejos","isPartOf":{"@id":"https:\/\/www.noticiasradioreflejos.com.ar\/2021\/#website"},"primaryImageOfPage":{"@id":"https:\/\/www.noticiasradioreflejos.com.ar\/2021\/continua-la-busqueda-del-peon-rural-desaparecio-hace-15-dias-tras-una-sextorsion-descubrieron-que-un-preso-lo-engano\/#primaryimage"},"image":{"@id":"https:\/\/www.noticiasradioreflejos.com.ar\/2021\/continua-la-busqueda-del-peon-rural-desaparecio-hace-15-dias-tras-una-sextorsion-descubrieron-que-un-preso-lo-engano\/#primaryimage"},"thumbnailUrl":"https:\/\/cloudfront-us-east-1.images.arcpublishing.com\/infobae\/GXX4LYIRUBH6LNKT5ZKBI4D6HU.jpg","datePublished":"2022-04-15T12:00:00+00:00","author":{"@id":"https:\/\/www.noticiasradioreflejos.com.ar\/2021\/#\/schema\/person\/ad82545263dcc5ec0996818884fd5fb1"},"breadcrumb":{"@id":"https:\/\/www.noticiasradioreflejos.com.ar\/2021\/continua-la-busqueda-del-peon-rural-desaparecio-hace-15-dias-tras-una-sextorsion-descubrieron-que-un-preso-lo-engano\/#breadcrumb"},"inLanguage":"es","potentialAction":[{"@type":"ReadAction","target":["https:\/\/www.noticiasradioreflejos.com.ar\/2021\/continua-la-busqueda-del-peon-rural-desaparecio-hace-15-dias-tras-una-sextorsion-descubrieron-que-un-preso-lo-engano\/"]}]},{"@type":"ImageObject","inLanguage":"es","@id":"https:\/\/www.noticiasradioreflejos.com.ar\/2021\/continua-la-busqueda-del-peon-rural-desaparecio-hace-15-dias-tras-una-sextorsion-descubrieron-que-un-preso-lo-engano\/#primaryimage","url":"https:\/\/cloudfront-us-east-1.images.arcpublishing.com\/infobae\/GXX4LYIRUBH6LNKT5ZKBI4D6HU.jpg","contentUrl":"https:\/\/cloudfront-us-east-1.images.arcpublishing.com\/infobae\/GXX4LYIRUBH6LNKT5ZKBI4D6HU.jpg"},{"@type":"BreadcrumbList","@id":"https:\/\/www.noticiasradioreflejos.com.ar\/2021\/continua-la-busqueda-del-peon-rural-desaparecio-hace-15-dias-tras-una-sextorsion-descubrieron-que-un-preso-lo-engano\/#breadcrumb","itemListElement":[{"@type":"ListItem","position":1,"name":"Portada","item":"https:\/\/www.noticiasradioreflejos.com.ar\/2021\/"},{"@type":"ListItem","position":2,"name":"Contin\u00faa la b\u00fasqueda del pe\u00f3n rural desapareci\u00f3 hace 15 d\u00edas tras una \u201csextorsi\u00f3n\u201d: descubrieron que un preso lo enga\u00f1\u00f3"}]},{"@type":"WebSite","@id":"https:\/\/www.noticiasradioreflejos.com.ar\/2021\/#website","url":"https:\/\/www.noticiasradioreflejos.com.ar\/2021\/","name":"Noticias Radio Reflejos","description":"Las noticias de mi comarca","potentialAction":[{"@type":"SearchAction","target":{"@type":"EntryPoint","urlTemplate":"https:\/\/www.noticiasradioreflejos.com.ar\/2021\/?s={search_term_string}"},"query-input":{"@type":"PropertyValueSpecification","valueRequired":true,"valueName":"search_term_string"}}],"inLanguage":"es"},{"@type":"Person","@id":"https:\/\/www.noticiasradioreflejos.com.ar\/2021\/#\/schema\/person\/ad82545263dcc5ec0996818884fd5fb1","name":"Arnaldo Botto","image":{"@type":"ImageObject","inLanguage":"es","@id":"https:\/\/www.noticiasradioreflejos.com.ar\/2021\/#\/schema\/person\/image\/","url":"https:\/\/secure.gravatar.com\/avatar\/55cb5e37c1efa326397366e6974cb338056df65cb50e7d64d1cf314e87504837?s=96&d=mm&r=g","contentUrl":"https:\/\/secure.gravatar.com\/avatar\/55cb5e37c1efa326397366e6974cb338056df65cb50e7d64d1cf314e87504837?s=96&d=mm&r=g","caption":"Arnaldo Botto"},"url":"https:\/\/www.noticiasradioreflejos.com.ar\/2021\/author\/arnaldo\/"}]}},"_links":{"self":[{"href":"https:\/\/www.noticiasradioreflejos.com.ar\/2021\/wp-json\/wp\/v2\/posts\/70639","targetHints":{"allow":["GET"]}}],"collection":[{"href":"https:\/\/www.noticiasradioreflejos.com.ar\/2021\/wp-json\/wp\/v2\/posts"}],"about":[{"href":"https:\/\/www.noticiasradioreflejos.com.ar\/2021\/wp-json\/wp\/v2\/types\/post"}],"author":[{"embeddable":true,"href":"https:\/\/www.noticiasradioreflejos.com.ar\/2021\/wp-json\/wp\/v2\/users\/3"}],"replies":[{"embeddable":true,"href":"https:\/\/www.noticiasradioreflejos.com.ar\/2021\/wp-json\/wp\/v2\/comments?post=70639"}],"version-history":[{"count":1,"href":"https:\/\/www.noticiasradioreflejos.com.ar\/2021\/wp-json\/wp\/v2\/posts\/70639\/revisions"}],"predecessor-version":[{"id":70641,"href":"https:\/\/www.noticiasradioreflejos.com.ar\/2021\/wp-json\/wp\/v2\/posts\/70639\/revisions\/70641"}],"wp:attachment":[{"href":"https:\/\/www.noticiasradioreflejos.com.ar\/2021\/wp-json\/wp\/v2\/media?parent=70639"}],"wp:term":[{"taxonomy":"category","embeddable":true,"href":"https:\/\/www.noticiasradioreflejos.com.ar\/2021\/wp-json\/wp\/v2\/categories?post=70639"},{"taxonomy":"post_tag","embeddable":true,"href":"https:\/\/www.noticiasradioreflejos.com.ar\/2021\/wp-json\/wp\/v2\/tags?post=70639"}],"curies":[{"name":"wp","href":"https:\/\/api.w.org\/{rel}","templated":true}]}}