{"id":70637,"date":"2022-04-15T11:48:57","date_gmt":"2022-04-15T11:48:57","guid":{"rendered":"http:\/\/www.noticiasradioreflejos.com.ar\/2021\/?p=70637"},"modified":"2022-04-15T11:48:57","modified_gmt":"2022-04-15T11:48:57","slug":"convocaron-a-audiencias-publicas-para-actualizar-las-tarifas-de-gas-y-electricidad","status":"publish","type":"post","link":"https:\/\/www.noticiasradioreflejos.com.ar\/2021\/convocaron-a-audiencias-publicas-para-actualizar-las-tarifas-de-gas-y-electricidad\/","title":{"rendered":"Convocaron a audiencias p\u00fablicas para actualizar las tarifas de gas y electricidad"},"content":{"rendered":"<p>Se realizar\u00e1n los d\u00edas 10, 11 y 12 de mayo. La Secretar\u00eda de Energ\u00eda inform\u00f3, adem\u00e1s, que los beneficiarios de tarifa social de gas no ser\u00e1n alcanzados por un nuevo incremento durante 2022 y que para la mayor\u00eda de los usuarios residenciales de Edenor y Edesur -excepto los beneficiarios de tarifa social- las facturas de luz tendr\u00edan una correcci\u00f3n en promedio de 17%.<!--more--><\/p>\n<figure class=\"mb-3\"><img decoding=\"async\" src=\"https:\/\/www.telam.com.ar\/thumbs\/bluesteel\/advf\/imagenes\/2021\/05\/608d3754ef57a_900.jpg\" alt=\"Las futuras tarifas contemplarn la situacin de los sectores vulnerables y de menor capacidad de pago\" width=\"100%\" height=\"100%\" \/><\/p>\n<div class=\"media-icons\"><\/div><figcaption>Las futuras tarifas contemplar\u00e1n la situaci\u00f3n de los \u00absectores vulnerables y de menor capacidad de pago\u00bb.<\/figcaption><\/figure>\n<p>Las audiencias p\u00fablicas para la actualizaci\u00f3n de las tarifas de los servicios de gas y electricidad por redes, y la segmentaci\u00f3n de subsidios, se realizar\u00e1n los d\u00edas 10, 11 y 12 de mayo, de acuerdo con la convocatoria de la Secretar\u00eda de Energ\u00eda dada a conocer este jueves.\u00a0La dependencia oficial se\u00f1al\u00f3 que el nuevo esquema se regir\u00e1 por el principio de \u00abgradualidad\u00bb.<\/p>\n<p>Tambi\u00e9n enfatizaron que<strong>\u00a0la totalidad de los beneficiarios de tarifa social de gas no ser\u00e1n alcanzados por un nuevo incremento durante este a\u00f1o<\/strong>, mientras que para los usuarios de electricidad del \u00c1rea Metropolitana Buenos Aires (AMBA) que tienen este beneficio, la nueva correcci\u00f3n no superar\u00e1 el 6% en promedio.<\/p>\n<blockquote class=\"\"><p>El 10% de los usuarios residenciales de los servicios de gas y electricidad con mayor capacidad de pago dejar\u00e1n de recibir el beneficio del subsidio a la energ\u00eda.<\/p><\/blockquote>\n<p>De tal forma, para la mayor\u00eda de los usuarios residenciales de Edenor y Edesur -excluidos quienes son beneficiarios de tarifa social- las facturas de luz tendr\u00edan\u00a0<strong>una correcci\u00f3n en promedio de 17%.\u00a0<\/strong>Por su lado, esa correcci\u00f3n promedio para la mayor\u00eda de los usuarios de gas del pa\u00eds se ubicar\u00e1 en 21,5%, con leves variaciones seg\u00fan las regiones.<\/p>\n<p>La implementaci\u00f3n de un\u00a0<strong>esquema tarifario de servicios de gas y electricidad para el bienio 2022\/2023<\/strong>\u00a0-con \u00abcriterios de justicia y equidad distributiva\u00bb que incluya la pol\u00edtica de segmentaci\u00f3n y no supere el nivel de los salarios- forma parte del programa acordado por el Gobierno con el Fondo Monetario Internacional (FMI).<\/p>\n<p>A trav\u00e9s de las resoluciones 235, 236 y 237\/2022, la cartera a cargo de Dar\u00edo Mart\u00ednez estableci\u00f3 la convocatoria a las audiencias p\u00fablicas que pondr\u00e1n a consideraci\u00f3n de los usuarios estos mecanismos y actualizaciones tarifarias.<\/p>\n<p>Los mismos\u00a0<strong>contemplar\u00e1n especialmente la situaci\u00f3n de los \u00absectores vulnerables y de menor capacidad de pago\u00bb<\/strong>, dentro de los m\u00e1rgenes all\u00ed definidos y que se regir\u00e1 por el principio de \u00abgradualidad\u00bb, resaltaron desde la Secretar\u00eda de Energ\u00eda.<\/p>\n<p>De esta manera, se inicia el proceso de actualizaci\u00f3n tarifaria definido por el Gobierno nacional en el programa econ\u00f3mico, que apunta a lograr \u00abniveles de tarifas razonables y susceptibles de ser aplicadas con criterios de justicia y equidad distributiva\u00bb para los servicios p\u00fablicos de gas y electricidad.<\/p>\n<p><strong>Este proceso se regir\u00e1 seg\u00fan criterios y directrices de \u00abgradualidad y proporcionalidad\u00bb establecidos en la Constituci\u00f3n Nacional y se\u00f1alados por la Corte Suprema de Justicia, destacaron.<\/strong><\/p>\n<p>As\u00ed, la actualizaci\u00f3n tarifaria se impulsar\u00e1, previa audiencia p\u00fablica, con un esquema dirigido a \u00abproteger aquellos sectores m\u00e1s vulnerables y con menor capacidad de pago\u00bb, e incentivando a su vez la \u00abadopci\u00f3n de medidas que promuevan al uso racional de los servicios y la reducci\u00f3n del impacto ambiental\u00bb.<\/p>\n<p>Para los usuarios residenciales se considerar\u00e1 como criterio objetivo una \u00abcorrecci\u00f3n tarifaria relacionada a la evoluci\u00f3n de sus ingresos\u00bb, representado por el coeficiente de variaci\u00f3n salarial (CVS), como lo establec\u00eda la Ley N\u00b0 27.443, frustrada por el veto total impuesto por la administraci\u00f3n anterior.<\/p>\n<p><strong>Para el 90% de los usuarios residenciales, este mecanismo garantiza que las actualizaciones tarifarias siempre sean inferiores a los aumentos salariales<\/strong>, implicando correcciones en sus facturas menores que el incremento de los ingresos en t\u00e9rminos reales.<\/p>\n<p>El objetivo de este criterio es \u00abproteger los ingresos reales y mejorar el aspecto distributivo de la pol\u00edtica de subsidios\u00bb, sostienen las resoluciones en sus considerandos.<\/p>\n<p>As\u00ed, el esquema tarifario para el bienio 2022-2023 contempla que los \u200busuarios de gas beneficiarios de la tarifa social no tendr\u00e1n otro incremento en su factura este a\u00f1o, y\u00a0<strong>para el 2023, esa correcci\u00f3n ser\u00e1 equivalente a 40% del CVS del a\u00f1o anterior.<\/strong><\/p>\n<p>En tanto,\u00a0<strong>para los beneficiarios de tarifa social de las distribuidoras el\u00e9ctricas Edenor y Edesur, la nueva correcci\u00f3n tarifaria para 2022 no superar\u00e1 6%.<\/strong><\/p>\n<p>Para el resto de los usuarios, el incremento total en la factura para cada a\u00f1o calendario ser\u00e1 equivalente al 80% del Coeficiente de Variaci\u00f3n Salarial correspondiente al a\u00f1o anterior.<\/p>\n<p>En funci\u00f3n de este esquema, para 2022 y considerando la actualizaci\u00f3n tarifaria realizada en marzo pasado, el incremento propuesto para junio ser\u00e1 en promedio de 17% para las tarifas de electricidad de los usuarios del AMBA, y de 21,5% promedio sobre el valor actual de la factura para los usuarios de gas de todo el pa\u00eds.<\/p>\n<p>Por \u00faltimo,<strong>\u00a0la franja de 10% de \u200busuarios de mayores ingresos y con plena capacidad de pago<\/strong>, dejar\u00e1n de ser beneficiarios de subsidio al consumo energ\u00e9tico.<\/p>\n","protected":false},"excerpt":{"rendered":"<p>Se realizar\u00e1n los d\u00edas 10, 11 y 12 de mayo. La Secretar\u00eda de Energ\u00eda inform\u00f3, adem\u00e1s, que los beneficiarios de tarifa social de gas no ser\u00e1n alcanzados por un nuevo incremento durante 2022 y que para la mayor\u00eda de los usuarios residenciales de Edenor y Edesur -excepto los beneficiarios de tarifa social- las facturas de [&hellip;]<\/p>\n","protected":false},"author":3,"featured_media":0,"comment_status":"closed","ping_status":"closed","sticky":false,"template":"","format":"standard","meta":{"footnotes":""},"categories":[36,26],"tags":[],"class_list":["post-70637","post","type-post","status-publish","format-standard","hentry","category-economia","category-sociedad"],"yoast_head":"<!-- This site is optimized with the Yoast SEO plugin v25.9 - https:\/\/yoast.com\/wordpress\/plugins\/seo\/ -->\n<title>Convocaron a audiencias p\u00fablicas para actualizar las tarifas de gas y electricidad - Noticias Radio Reflejos<\/title>\n<meta name=\"robots\" content=\"index, follow, max-snippet:-1, max-image-preview:large, max-video-preview:-1\" \/>\n<link rel=\"canonical\" href=\"https:\/\/www.noticiasradioreflejos.com.ar\/2021\/convocaron-a-audiencias-publicas-para-actualizar-las-tarifas-de-gas-y-electricidad\/\" \/>\n<meta property=\"og:locale\" content=\"es_ES\" \/>\n<meta property=\"og:type\" content=\"article\" \/>\n<meta property=\"og:title\" content=\"Convocaron a audiencias p\u00fablicas para actualizar las tarifas de gas y electricidad - Noticias Radio Reflejos\" \/>\n<meta property=\"og:description\" content=\"Se realizar\u00e1n los d\u00edas 10, 11 y 12 de mayo. La Secretar\u00eda de Energ\u00eda inform\u00f3, adem\u00e1s, que los beneficiarios de tarifa social de gas no ser\u00e1n alcanzados por un nuevo incremento durante 2022 y que para la mayor\u00eda de los usuarios residenciales de Edenor y Edesur -excepto los beneficiarios de tarifa social- las facturas de [&hellip;]\" \/>\n<meta property=\"og:url\" content=\"https:\/\/www.noticiasradioreflejos.com.ar\/2021\/convocaron-a-audiencias-publicas-para-actualizar-las-tarifas-de-gas-y-electricidad\/\" \/>\n<meta property=\"og:site_name\" content=\"Noticias Radio Reflejos\" \/>\n<meta property=\"article:published_time\" content=\"2022-04-15T11:48:57+00:00\" \/>\n<meta property=\"og:image\" content=\"https:\/\/www.telam.com.ar\/thumbs\/bluesteel\/advf\/imagenes\/2021\/05\/608d3754ef57a_900.jpg\" \/>\n<meta name=\"author\" content=\"Arnaldo Botto\" \/>\n<meta name=\"twitter:card\" content=\"summary_large_image\" \/>\n<script type=\"application\/ld+json\" class=\"yoast-schema-graph\">{\"@context\":\"https:\/\/schema.org\",\"@graph\":[{\"@type\":\"WebPage\",\"@id\":\"https:\/\/www.noticiasradioreflejos.com.ar\/2021\/convocaron-a-audiencias-publicas-para-actualizar-las-tarifas-de-gas-y-electricidad\/\",\"url\":\"https:\/\/www.noticiasradioreflejos.com.ar\/2021\/convocaron-a-audiencias-publicas-para-actualizar-las-tarifas-de-gas-y-electricidad\/\",\"name\":\"Convocaron a audiencias p\u00fablicas para actualizar las tarifas de gas y electricidad - Noticias Radio Reflejos\",\"isPartOf\":{\"@id\":\"https:\/\/www.noticiasradioreflejos.com.ar\/2021\/#website\"},\"primaryImageOfPage\":{\"@id\":\"https:\/\/www.noticiasradioreflejos.com.ar\/2021\/convocaron-a-audiencias-publicas-para-actualizar-las-tarifas-de-gas-y-electricidad\/#primaryimage\"},\"image\":{\"@id\":\"https:\/\/www.noticiasradioreflejos.com.ar\/2021\/convocaron-a-audiencias-publicas-para-actualizar-las-tarifas-de-gas-y-electricidad\/#primaryimage\"},\"thumbnailUrl\":\"https:\/\/www.telam.com.ar\/thumbs\/bluesteel\/advf\/imagenes\/2021\/05\/608d3754ef57a_900.jpg\",\"datePublished\":\"2022-04-15T11:48:57+00:00\",\"author\":{\"@id\":\"https:\/\/www.noticiasradioreflejos.com.ar\/2021\/#\/schema\/person\/ad82545263dcc5ec0996818884fd5fb1\"},\"breadcrumb\":{\"@id\":\"https:\/\/www.noticiasradioreflejos.com.ar\/2021\/convocaron-a-audiencias-publicas-para-actualizar-las-tarifas-de-gas-y-electricidad\/#breadcrumb\"},\"inLanguage\":\"es\",\"potentialAction\":[{\"@type\":\"ReadAction\",\"target\":[\"https:\/\/www.noticiasradioreflejos.com.ar\/2021\/convocaron-a-audiencias-publicas-para-actualizar-las-tarifas-de-gas-y-electricidad\/\"]}]},{\"@type\":\"ImageObject\",\"inLanguage\":\"es\",\"@id\":\"https:\/\/www.noticiasradioreflejos.com.ar\/2021\/convocaron-a-audiencias-publicas-para-actualizar-las-tarifas-de-gas-y-electricidad\/#primaryimage\",\"url\":\"https:\/\/www.telam.com.ar\/thumbs\/bluesteel\/advf\/imagenes\/2021\/05\/608d3754ef57a_900.jpg\",\"contentUrl\":\"https:\/\/www.telam.com.ar\/thumbs\/bluesteel\/advf\/imagenes\/2021\/05\/608d3754ef57a_900.jpg\"},{\"@type\":\"BreadcrumbList\",\"@id\":\"https:\/\/www.noticiasradioreflejos.com.ar\/2021\/convocaron-a-audiencias-publicas-para-actualizar-las-tarifas-de-gas-y-electricidad\/#breadcrumb\",\"itemListElement\":[{\"@type\":\"ListItem\",\"position\":1,\"name\":\"Portada\",\"item\":\"https:\/\/www.noticiasradioreflejos.com.ar\/2021\/\"},{\"@type\":\"ListItem\",\"position\":2,\"name\":\"Convocaron a audiencias p\u00fablicas para actualizar las tarifas de gas y electricidad\"}]},{\"@type\":\"WebSite\",\"@id\":\"https:\/\/www.noticiasradioreflejos.com.ar\/2021\/#website\",\"url\":\"https:\/\/www.noticiasradioreflejos.com.ar\/2021\/\",\"name\":\"Noticias Radio Reflejos\",\"description\":\"Las noticias de mi comarca\",\"potentialAction\":[{\"@type\":\"SearchAction\",\"target\":{\"@type\":\"EntryPoint\",\"urlTemplate\":\"https:\/\/www.noticiasradioreflejos.com.ar\/2021\/?s={search_term_string}\"},\"query-input\":{\"@type\":\"PropertyValueSpecification\",\"valueRequired\":true,\"valueName\":\"search_term_string\"}}],\"inLanguage\":\"es\"},{\"@type\":\"Person\",\"@id\":\"https:\/\/www.noticiasradioreflejos.com.ar\/2021\/#\/schema\/person\/ad82545263dcc5ec0996818884fd5fb1\",\"name\":\"Arnaldo Botto\",\"image\":{\"@type\":\"ImageObject\",\"inLanguage\":\"es\",\"@id\":\"https:\/\/www.noticiasradioreflejos.com.ar\/2021\/#\/schema\/person\/image\/\",\"url\":\"https:\/\/secure.gravatar.com\/avatar\/55cb5e37c1efa326397366e6974cb338056df65cb50e7d64d1cf314e87504837?s=96&d=mm&r=g\",\"contentUrl\":\"https:\/\/secure.gravatar.com\/avatar\/55cb5e37c1efa326397366e6974cb338056df65cb50e7d64d1cf314e87504837?s=96&d=mm&r=g\",\"caption\":\"Arnaldo Botto\"},\"url\":\"https:\/\/www.noticiasradioreflejos.com.ar\/2021\/author\/arnaldo\/\"}]}<\/script>\n<!-- \/ Yoast SEO plugin. -->","yoast_head_json":{"title":"Convocaron a audiencias p\u00fablicas para actualizar las tarifas de gas y electricidad - Noticias Radio Reflejos","robots":{"index":"index","follow":"follow","max-snippet":"max-snippet:-1","max-image-preview":"max-image-preview:large","max-video-preview":"max-video-preview:-1"},"canonical":"https:\/\/www.noticiasradioreflejos.com.ar\/2021\/convocaron-a-audiencias-publicas-para-actualizar-las-tarifas-de-gas-y-electricidad\/","og_locale":"es_ES","og_type":"article","og_title":"Convocaron a audiencias p\u00fablicas para actualizar las tarifas de gas y electricidad - Noticias Radio Reflejos","og_description":"Se realizar\u00e1n los d\u00edas 10, 11 y 12 de mayo. La Secretar\u00eda de Energ\u00eda inform\u00f3, adem\u00e1s, que los beneficiarios de tarifa social de gas no ser\u00e1n alcanzados por un nuevo incremento durante 2022 y que para la mayor\u00eda de los usuarios residenciales de Edenor y Edesur -excepto los beneficiarios de tarifa social- las facturas de [&hellip;]","og_url":"https:\/\/www.noticiasradioreflejos.com.ar\/2021\/convocaron-a-audiencias-publicas-para-actualizar-las-tarifas-de-gas-y-electricidad\/","og_site_name":"Noticias Radio Reflejos","article_published_time":"2022-04-15T11:48:57+00:00","og_image":[{"url":"https:\/\/www.telam.com.ar\/thumbs\/bluesteel\/advf\/imagenes\/2021\/05\/608d3754ef57a_900.jpg","type":"","width":"","height":""}],"author":"Arnaldo Botto","twitter_card":"summary_large_image","schema":{"@context":"https:\/\/schema.org","@graph":[{"@type":"WebPage","@id":"https:\/\/www.noticiasradioreflejos.com.ar\/2021\/convocaron-a-audiencias-publicas-para-actualizar-las-tarifas-de-gas-y-electricidad\/","url":"https:\/\/www.noticiasradioreflejos.com.ar\/2021\/convocaron-a-audiencias-publicas-para-actualizar-las-tarifas-de-gas-y-electricidad\/","name":"Convocaron a audiencias p\u00fablicas para actualizar las tarifas de gas y electricidad - Noticias Radio Reflejos","isPartOf":{"@id":"https:\/\/www.noticiasradioreflejos.com.ar\/2021\/#website"},"primaryImageOfPage":{"@id":"https:\/\/www.noticiasradioreflejos.com.ar\/2021\/convocaron-a-audiencias-publicas-para-actualizar-las-tarifas-de-gas-y-electricidad\/#primaryimage"},"image":{"@id":"https:\/\/www.noticiasradioreflejos.com.ar\/2021\/convocaron-a-audiencias-publicas-para-actualizar-las-tarifas-de-gas-y-electricidad\/#primaryimage"},"thumbnailUrl":"https:\/\/www.telam.com.ar\/thumbs\/bluesteel\/advf\/imagenes\/2021\/05\/608d3754ef57a_900.jpg","datePublished":"2022-04-15T11:48:57+00:00","author":{"@id":"https:\/\/www.noticiasradioreflejos.com.ar\/2021\/#\/schema\/person\/ad82545263dcc5ec0996818884fd5fb1"},"breadcrumb":{"@id":"https:\/\/www.noticiasradioreflejos.com.ar\/2021\/convocaron-a-audiencias-publicas-para-actualizar-las-tarifas-de-gas-y-electricidad\/#breadcrumb"},"inLanguage":"es","potentialAction":[{"@type":"ReadAction","target":["https:\/\/www.noticiasradioreflejos.com.ar\/2021\/convocaron-a-audiencias-publicas-para-actualizar-las-tarifas-de-gas-y-electricidad\/"]}]},{"@type":"ImageObject","inLanguage":"es","@id":"https:\/\/www.noticiasradioreflejos.com.ar\/2021\/convocaron-a-audiencias-publicas-para-actualizar-las-tarifas-de-gas-y-electricidad\/#primaryimage","url":"https:\/\/www.telam.com.ar\/thumbs\/bluesteel\/advf\/imagenes\/2021\/05\/608d3754ef57a_900.jpg","contentUrl":"https:\/\/www.telam.com.ar\/thumbs\/bluesteel\/advf\/imagenes\/2021\/05\/608d3754ef57a_900.jpg"},{"@type":"BreadcrumbList","@id":"https:\/\/www.noticiasradioreflejos.com.ar\/2021\/convocaron-a-audiencias-publicas-para-actualizar-las-tarifas-de-gas-y-electricidad\/#breadcrumb","itemListElement":[{"@type":"ListItem","position":1,"name":"Portada","item":"https:\/\/www.noticiasradioreflejos.com.ar\/2021\/"},{"@type":"ListItem","position":2,"name":"Convocaron a audiencias p\u00fablicas para actualizar las tarifas de gas y electricidad"}]},{"@type":"WebSite","@id":"https:\/\/www.noticiasradioreflejos.com.ar\/2021\/#website","url":"https:\/\/www.noticiasradioreflejos.com.ar\/2021\/","name":"Noticias Radio Reflejos","description":"Las noticias de mi comarca","potentialAction":[{"@type":"SearchAction","target":{"@type":"EntryPoint","urlTemplate":"https:\/\/www.noticiasradioreflejos.com.ar\/2021\/?s={search_term_string}"},"query-input":{"@type":"PropertyValueSpecification","valueRequired":true,"valueName":"search_term_string"}}],"inLanguage":"es"},{"@type":"Person","@id":"https:\/\/www.noticiasradioreflejos.com.ar\/2021\/#\/schema\/person\/ad82545263dcc5ec0996818884fd5fb1","name":"Arnaldo Botto","image":{"@type":"ImageObject","inLanguage":"es","@id":"https:\/\/www.noticiasradioreflejos.com.ar\/2021\/#\/schema\/person\/image\/","url":"https:\/\/secure.gravatar.com\/avatar\/55cb5e37c1efa326397366e6974cb338056df65cb50e7d64d1cf314e87504837?s=96&d=mm&r=g","contentUrl":"https:\/\/secure.gravatar.com\/avatar\/55cb5e37c1efa326397366e6974cb338056df65cb50e7d64d1cf314e87504837?s=96&d=mm&r=g","caption":"Arnaldo Botto"},"url":"https:\/\/www.noticiasradioreflejos.com.ar\/2021\/author\/arnaldo\/"}]}},"_links":{"self":[{"href":"https:\/\/www.noticiasradioreflejos.com.ar\/2021\/wp-json\/wp\/v2\/posts\/70637","targetHints":{"allow":["GET"]}}],"collection":[{"href":"https:\/\/www.noticiasradioreflejos.com.ar\/2021\/wp-json\/wp\/v2\/posts"}],"about":[{"href":"https:\/\/www.noticiasradioreflejos.com.ar\/2021\/wp-json\/wp\/v2\/types\/post"}],"author":[{"embeddable":true,"href":"https:\/\/www.noticiasradioreflejos.com.ar\/2021\/wp-json\/wp\/v2\/users\/3"}],"replies":[{"embeddable":true,"href":"https:\/\/www.noticiasradioreflejos.com.ar\/2021\/wp-json\/wp\/v2\/comments?post=70637"}],"version-history":[{"count":1,"href":"https:\/\/www.noticiasradioreflejos.com.ar\/2021\/wp-json\/wp\/v2\/posts\/70637\/revisions"}],"predecessor-version":[{"id":70638,"href":"https:\/\/www.noticiasradioreflejos.com.ar\/2021\/wp-json\/wp\/v2\/posts\/70637\/revisions\/70638"}],"wp:attachment":[{"href":"https:\/\/www.noticiasradioreflejos.com.ar\/2021\/wp-json\/wp\/v2\/media?parent=70637"}],"wp:term":[{"taxonomy":"category","embeddable":true,"href":"https:\/\/www.noticiasradioreflejos.com.ar\/2021\/wp-json\/wp\/v2\/categories?post=70637"},{"taxonomy":"post_tag","embeddable":true,"href":"https:\/\/www.noticiasradioreflejos.com.ar\/2021\/wp-json\/wp\/v2\/tags?post=70637"}],"curies":[{"name":"wp","href":"https:\/\/api.w.org\/{rel}","templated":true}]}}