{"id":70632,"date":"2022-04-15T11:43:28","date_gmt":"2022-04-15T11:43:28","guid":{"rendered":"http:\/\/www.noticiasradioreflejos.com.ar\/2021\/?p=70632"},"modified":"2022-04-15T11:43:28","modified_gmt":"2022-04-15T11:43:28","slug":"otra-vez-intentan-vendernos-espejitos-de-colores","status":"publish","type":"post","link":"https:\/\/www.noticiasradioreflejos.com.ar\/2021\/otra-vez-intentan-vendernos-espejitos-de-colores\/","title":{"rendered":"Otra vez intentan vendernos espejitos de colores..?"},"content":{"rendered":"<p>El liberalismo econ\u00f3mico vern\u00e1culo, tanto en su versi\u00f3n dial\u00e9ctica agresiva o en la versi\u00f3n Pro-evolucionista, no dejan de ser expresiones estridentes, dentro de nuestra democracia adolescente.<!--more--><br \/>\nCuando la inflaci\u00f3n interanual en EEUU es la mayor desde el 2010 (aunque el 8.5% declarado hoy, hace carrera para convertirse en uno de los mayores de los \u00faltimos 100 a\u00f1os) en el momento en que el d\u00f3lar esta siendo cuestionado como moneda fuerte mundial y que Joe Biden convoca a un grupo de expertos para estudiar la posibilidad de un d\u00f3lar virtual ante el avance de las Criptomonedas, algunos oportunistas vestidos de pol\u00edticos o economistas, adheridos al p\u00e9simo libreto del tristemente c\u00e9lebre Domingo Cavallo, tienen la rid\u00edcula propuesta de dolarizar la Econom\u00eda, de la que se hacen eco algunos medios tambi\u00e9n cercanos a ese argumento m\u00e1s all\u00e1 de informar.<br \/>\nEn Latinoam\u00e9rica hay 2 pa\u00edses que decidieron dolarizar la Econom\u00eda, (mas all\u00e1 de Panama que dolariz\u00f3 en 1904) en el 2000 Ecuador y en el 2001 El Salvador, si bien han podido bajar la inflaci\u00f3n pagaron un costo social muy grande, los precios se distorsionaron, alcanzando \u00edndices internacionales, pero a\u00fan hoy, m\u00e1s del 30% de la sociedad recibe sueldos de 85 U$D mensuales.<br \/>\nEl otro efecto fue la destrucci\u00f3n de la industria nacional, a 22 a\u00f1os de la dolarizaci\u00f3n Ecuador tambi\u00e9n tiene un d\u00e9ficit de 8000 millones de d\u00f3lares.<br \/>\nCabe preguntarse por qu\u00e9 estos medios genuflexos y l\u00edderes del oportunismo, que denostan a la pol\u00edtica y \u00e9sta arrinconada carece de reacci\u00f3n, no ponen mayor atenci\u00f3n en el an\u00e1lisis que las variantes populistas de todo el peronismo &#8211; hoy Kirchnerismo en c\u00f3mo a trav\u00e9s de repetidos espacios de poder, que obtuvieron de elecciones libres, su resultante han sido los estragos econ\u00f3micos, sociales culturales y morales, en nombre de nefastas variantes pragm\u00e1ticas, algunas cercanas a extremismos ya probados, adem\u00e1s de invocar datos inventados s\u00f3lo basados en la mentira, vuelven una vez m\u00e1s a proponer opciones estrafalarias e imprudentes. El efecto entonces, ante el silencio ignorante y c\u00f3mplice no hace m\u00e1s que convertirse en soluci\u00f3n cuasi m\u00e1gica; otro espejito de colores&#8230;.<br \/>\nEste enga\u00f1o vil, apunta a venderse como camino seguro para ser votado, de manera que las advertencias nos comprometen, no alcanza con descalificar a los nombres en danza, hay que recurrir una y otra vez a recrear la memoria hist\u00f3rica h\u00e1bilmente adormecida de nuestro pueblo. Los problemas estructurales que tenemos no ser\u00e1n f\u00e1ciles de resolver y las propuestas economicistas nada dicen sobre c\u00f3mo har\u00e1n para lograr una educaci\u00f3n y salud p\u00fablica de excelencia o c\u00f3mo reconstruir\u00e1n la producci\u00f3n, como bajar\u00e1n los brutales y vergonzosos \u00edndices de pobreza , o c\u00f3mo mejorar\u00e1n la redistribuci\u00f3n del ingreso. En suma, la pol\u00edtica debe ocupar su merecido lugar: aportar soluciones que reconstruyan nuestra Naci\u00f3n. Cabe recordar la frase de Jean Jacques Servan Schreiber(1924-2006) \u00abNo debemos dejar que la econom\u00eda invente libremente el porvenir del hombre\u00bb<\/p>\n<p><strong><em>FABIO ABRAHAM Ex Secretario de Gobierno<\/em><\/strong><br \/>\n<strong><em>Concejal UCR (MC)<\/em><\/strong><br \/>\n<strong><em>Lomas de Zamora <\/em><\/strong><br \/>\n<strong><em>fabioabraham@hotmail.com.ar<\/em><\/strong><\/p>\n","protected":false},"excerpt":{"rendered":"<p>El liberalismo econ\u00f3mico vern\u00e1culo, tanto en su versi\u00f3n dial\u00e9ctica agresiva o en la versi\u00f3n Pro-evolucionista, no dejan de ser expresiones estridentes, dentro de nuestra democracia adolescente.<\/p>\n","protected":false},"author":3,"featured_media":0,"comment_status":"closed","ping_status":"closed","sticky":false,"template":"","format":"standard","meta":{"footnotes":""},"categories":[24],"tags":[],"class_list":["post-70632","post","type-post","status-publish","format-standard","hentry","category-politica"],"yoast_head":"<!-- This site is optimized with the Yoast SEO plugin v25.9 - https:\/\/yoast.com\/wordpress\/plugins\/seo\/ -->\n<title>Otra vez intentan vendernos espejitos de colores..? - Noticias Radio Reflejos<\/title>\n<meta name=\"robots\" content=\"index, follow, max-snippet:-1, max-image-preview:large, max-video-preview:-1\" \/>\n<link rel=\"canonical\" href=\"https:\/\/www.noticiasradioreflejos.com.ar\/2021\/otra-vez-intentan-vendernos-espejitos-de-colores\/\" \/>\n<meta property=\"og:locale\" content=\"es_ES\" \/>\n<meta property=\"og:type\" content=\"article\" \/>\n<meta property=\"og:title\" content=\"Otra vez intentan vendernos espejitos de colores..? - Noticias Radio Reflejos\" \/>\n<meta property=\"og:description\" content=\"El liberalismo econ\u00f3mico vern\u00e1culo, tanto en su versi\u00f3n dial\u00e9ctica agresiva o en la versi\u00f3n Pro-evolucionista, no dejan de ser expresiones estridentes, dentro de nuestra democracia adolescente.\" \/>\n<meta property=\"og:url\" content=\"https:\/\/www.noticiasradioreflejos.com.ar\/2021\/otra-vez-intentan-vendernos-espejitos-de-colores\/\" \/>\n<meta property=\"og:site_name\" content=\"Noticias Radio Reflejos\" \/>\n<meta property=\"article:published_time\" content=\"2022-04-15T11:43:28+00:00\" \/>\n<meta property=\"og:image\" content=\"https:\/\/www.noticiasradioreflejos.com.ar\/2021\/wp-content\/uploads\/2018\/04\/carta_lector_1.jpg\" \/>\n\t<meta property=\"og:image:width\" content=\"935\" \/>\n\t<meta property=\"og:image:height\" content=\"595\" \/>\n\t<meta property=\"og:image:type\" content=\"image\/jpeg\" \/>\n<meta name=\"author\" content=\"Arnaldo Botto\" \/>\n<meta name=\"twitter:card\" content=\"summary_large_image\" \/>\n<script type=\"application\/ld+json\" class=\"yoast-schema-graph\">{\"@context\":\"https:\/\/schema.org\",\"@graph\":[{\"@type\":\"WebPage\",\"@id\":\"https:\/\/www.noticiasradioreflejos.com.ar\/2021\/otra-vez-intentan-vendernos-espejitos-de-colores\/\",\"url\":\"https:\/\/www.noticiasradioreflejos.com.ar\/2021\/otra-vez-intentan-vendernos-espejitos-de-colores\/\",\"name\":\"Otra vez intentan vendernos espejitos de colores..? - Noticias Radio Reflejos\",\"isPartOf\":{\"@id\":\"https:\/\/www.noticiasradioreflejos.com.ar\/2021\/#website\"},\"datePublished\":\"2022-04-15T11:43:28+00:00\",\"author\":{\"@id\":\"https:\/\/www.noticiasradioreflejos.com.ar\/2021\/#\/schema\/person\/ad82545263dcc5ec0996818884fd5fb1\"},\"breadcrumb\":{\"@id\":\"https:\/\/www.noticiasradioreflejos.com.ar\/2021\/otra-vez-intentan-vendernos-espejitos-de-colores\/#breadcrumb\"},\"inLanguage\":\"es\",\"potentialAction\":[{\"@type\":\"ReadAction\",\"target\":[\"https:\/\/www.noticiasradioreflejos.com.ar\/2021\/otra-vez-intentan-vendernos-espejitos-de-colores\/\"]}]},{\"@type\":\"BreadcrumbList\",\"@id\":\"https:\/\/www.noticiasradioreflejos.com.ar\/2021\/otra-vez-intentan-vendernos-espejitos-de-colores\/#breadcrumb\",\"itemListElement\":[{\"@type\":\"ListItem\",\"position\":1,\"name\":\"Portada\",\"item\":\"https:\/\/www.noticiasradioreflejos.com.ar\/2021\/\"},{\"@type\":\"ListItem\",\"position\":2,\"name\":\"Otra vez intentan vendernos espejitos de colores..?\"}]},{\"@type\":\"WebSite\",\"@id\":\"https:\/\/www.noticiasradioreflejos.com.ar\/2021\/#website\",\"url\":\"https:\/\/www.noticiasradioreflejos.com.ar\/2021\/\",\"name\":\"Noticias Radio Reflejos\",\"description\":\"Las noticias de mi comarca\",\"potentialAction\":[{\"@type\":\"SearchAction\",\"target\":{\"@type\":\"EntryPoint\",\"urlTemplate\":\"https:\/\/www.noticiasradioreflejos.com.ar\/2021\/?s={search_term_string}\"},\"query-input\":{\"@type\":\"PropertyValueSpecification\",\"valueRequired\":true,\"valueName\":\"search_term_string\"}}],\"inLanguage\":\"es\"},{\"@type\":\"Person\",\"@id\":\"https:\/\/www.noticiasradioreflejos.com.ar\/2021\/#\/schema\/person\/ad82545263dcc5ec0996818884fd5fb1\",\"name\":\"Arnaldo Botto\",\"image\":{\"@type\":\"ImageObject\",\"inLanguage\":\"es\",\"@id\":\"https:\/\/www.noticiasradioreflejos.com.ar\/2021\/#\/schema\/person\/image\/\",\"url\":\"https:\/\/secure.gravatar.com\/avatar\/55cb5e37c1efa326397366e6974cb338056df65cb50e7d64d1cf314e87504837?s=96&d=mm&r=g\",\"contentUrl\":\"https:\/\/secure.gravatar.com\/avatar\/55cb5e37c1efa326397366e6974cb338056df65cb50e7d64d1cf314e87504837?s=96&d=mm&r=g\",\"caption\":\"Arnaldo Botto\"},\"url\":\"https:\/\/www.noticiasradioreflejos.com.ar\/2021\/author\/arnaldo\/\"}]}<\/script>\n<!-- \/ Yoast SEO plugin. -->","yoast_head_json":{"title":"Otra vez intentan vendernos espejitos de colores..? - Noticias Radio Reflejos","robots":{"index":"index","follow":"follow","max-snippet":"max-snippet:-1","max-image-preview":"max-image-preview:large","max-video-preview":"max-video-preview:-1"},"canonical":"https:\/\/www.noticiasradioreflejos.com.ar\/2021\/otra-vez-intentan-vendernos-espejitos-de-colores\/","og_locale":"es_ES","og_type":"article","og_title":"Otra vez intentan vendernos espejitos de colores..? - Noticias Radio Reflejos","og_description":"El liberalismo econ\u00f3mico vern\u00e1culo, tanto en su versi\u00f3n dial\u00e9ctica agresiva o en la versi\u00f3n Pro-evolucionista, no dejan de ser expresiones estridentes, dentro de nuestra democracia adolescente.","og_url":"https:\/\/www.noticiasradioreflejos.com.ar\/2021\/otra-vez-intentan-vendernos-espejitos-de-colores\/","og_site_name":"Noticias Radio Reflejos","article_published_time":"2022-04-15T11:43:28+00:00","og_image":[{"width":935,"height":595,"url":"https:\/\/www.noticiasradioreflejos.com.ar\/2021\/wp-content\/uploads\/2018\/04\/carta_lector_1.jpg","type":"image\/jpeg"}],"author":"Arnaldo Botto","twitter_card":"summary_large_image","schema":{"@context":"https:\/\/schema.org","@graph":[{"@type":"WebPage","@id":"https:\/\/www.noticiasradioreflejos.com.ar\/2021\/otra-vez-intentan-vendernos-espejitos-de-colores\/","url":"https:\/\/www.noticiasradioreflejos.com.ar\/2021\/otra-vez-intentan-vendernos-espejitos-de-colores\/","name":"Otra vez intentan vendernos espejitos de colores..? - Noticias Radio Reflejos","isPartOf":{"@id":"https:\/\/www.noticiasradioreflejos.com.ar\/2021\/#website"},"datePublished":"2022-04-15T11:43:28+00:00","author":{"@id":"https:\/\/www.noticiasradioreflejos.com.ar\/2021\/#\/schema\/person\/ad82545263dcc5ec0996818884fd5fb1"},"breadcrumb":{"@id":"https:\/\/www.noticiasradioreflejos.com.ar\/2021\/otra-vez-intentan-vendernos-espejitos-de-colores\/#breadcrumb"},"inLanguage":"es","potentialAction":[{"@type":"ReadAction","target":["https:\/\/www.noticiasradioreflejos.com.ar\/2021\/otra-vez-intentan-vendernos-espejitos-de-colores\/"]}]},{"@type":"BreadcrumbList","@id":"https:\/\/www.noticiasradioreflejos.com.ar\/2021\/otra-vez-intentan-vendernos-espejitos-de-colores\/#breadcrumb","itemListElement":[{"@type":"ListItem","position":1,"name":"Portada","item":"https:\/\/www.noticiasradioreflejos.com.ar\/2021\/"},{"@type":"ListItem","position":2,"name":"Otra vez intentan vendernos espejitos de colores..?"}]},{"@type":"WebSite","@id":"https:\/\/www.noticiasradioreflejos.com.ar\/2021\/#website","url":"https:\/\/www.noticiasradioreflejos.com.ar\/2021\/","name":"Noticias Radio Reflejos","description":"Las noticias de mi comarca","potentialAction":[{"@type":"SearchAction","target":{"@type":"EntryPoint","urlTemplate":"https:\/\/www.noticiasradioreflejos.com.ar\/2021\/?s={search_term_string}"},"query-input":{"@type":"PropertyValueSpecification","valueRequired":true,"valueName":"search_term_string"}}],"inLanguage":"es"},{"@type":"Person","@id":"https:\/\/www.noticiasradioreflejos.com.ar\/2021\/#\/schema\/person\/ad82545263dcc5ec0996818884fd5fb1","name":"Arnaldo Botto","image":{"@type":"ImageObject","inLanguage":"es","@id":"https:\/\/www.noticiasradioreflejos.com.ar\/2021\/#\/schema\/person\/image\/","url":"https:\/\/secure.gravatar.com\/avatar\/55cb5e37c1efa326397366e6974cb338056df65cb50e7d64d1cf314e87504837?s=96&d=mm&r=g","contentUrl":"https:\/\/secure.gravatar.com\/avatar\/55cb5e37c1efa326397366e6974cb338056df65cb50e7d64d1cf314e87504837?s=96&d=mm&r=g","caption":"Arnaldo Botto"},"url":"https:\/\/www.noticiasradioreflejos.com.ar\/2021\/author\/arnaldo\/"}]}},"_links":{"self":[{"href":"https:\/\/www.noticiasradioreflejos.com.ar\/2021\/wp-json\/wp\/v2\/posts\/70632","targetHints":{"allow":["GET"]}}],"collection":[{"href":"https:\/\/www.noticiasradioreflejos.com.ar\/2021\/wp-json\/wp\/v2\/posts"}],"about":[{"href":"https:\/\/www.noticiasradioreflejos.com.ar\/2021\/wp-json\/wp\/v2\/types\/post"}],"author":[{"embeddable":true,"href":"https:\/\/www.noticiasradioreflejos.com.ar\/2021\/wp-json\/wp\/v2\/users\/3"}],"replies":[{"embeddable":true,"href":"https:\/\/www.noticiasradioreflejos.com.ar\/2021\/wp-json\/wp\/v2\/comments?post=70632"}],"version-history":[{"count":1,"href":"https:\/\/www.noticiasradioreflejos.com.ar\/2021\/wp-json\/wp\/v2\/posts\/70632\/revisions"}],"predecessor-version":[{"id":70633,"href":"https:\/\/www.noticiasradioreflejos.com.ar\/2021\/wp-json\/wp\/v2\/posts\/70632\/revisions\/70633"}],"wp:attachment":[{"href":"https:\/\/www.noticiasradioreflejos.com.ar\/2021\/wp-json\/wp\/v2\/media?parent=70632"}],"wp:term":[{"taxonomy":"category","embeddable":true,"href":"https:\/\/www.noticiasradioreflejos.com.ar\/2021\/wp-json\/wp\/v2\/categories?post=70632"},{"taxonomy":"post_tag","embeddable":true,"href":"https:\/\/www.noticiasradioreflejos.com.ar\/2021\/wp-json\/wp\/v2\/tags?post=70632"}],"curies":[{"name":"wp","href":"https:\/\/api.w.org\/{rel}","templated":true}]}}