{"id":70624,"date":"2022-04-14T22:11:03","date_gmt":"2022-04-14T22:11:03","guid":{"rendered":"http:\/\/www.noticiasradioreflejos.com.ar\/2021\/?p=70624"},"modified":"2022-04-14T22:13:31","modified_gmt":"2022-04-14T22:13:31","slug":"cerveza-surena-presenta-dos-nuevas-variedades-para-esta-semana-santa","status":"publish","type":"post","link":"https:\/\/www.noticiasradioreflejos.com.ar\/2021\/cerveza-surena-presenta-dos-nuevas-variedades-para-esta-semana-santa\/","title":{"rendered":"Cerveza Sure\u00f1a presenta dos nuevas variedades para esta Semana Santa"},"content":{"rendered":"<p>La empresa que no se cansa de innovar tendr\u00e1 a disposici\u00f3n dos atractivas propuestas, m\u00e1s all\u00e1 de los cl\u00e1sicos que nunca defraudan al paladar de la comarca.<!--more--><\/p>\n<p><a title=\"Cerveza Sure\u00f1a (2)\" href=\"https:\/\/www.flickr.com\/photos\/182279889@N02\/52005211729\/in\/dateposted-public\/\" data-flickr-embed=\"true\"><img loading=\"lazy\" decoding=\"async\" src=\"https:\/\/live.staticflickr.com\/65535\/52005211729_3d35231cc8_b.jpg\" alt=\"Cerveza Sure\u00f1a (2)\" width=\"960\" height=\"720\" \/><\/a><script async src=\"\/\/embedr.flickr.com\/assets\/client-code.js\" charset=\"utf-8\"><\/script><\/p>\n<p>Esta ma\u00f1ana Joaqu\u00edn Serafini, propietario de Cerveza Sure\u00f1a, dio la novedad de que para esta Semana Santa su firma pondr\u00e1 a la venta dos nuevas variedades, que se suman al cl\u00e1sico repertorio.<\/p>\n<p>En relaci\u00f3n a esto, confirm\u00f3 que habr\u00e1 \u201cipa con ar\u00e1ndanos. Los ar\u00e1ndanos son de la zona, por lo que podr\u00e1n encontrar ese gusto caracter\u00edstico de la serran\u00eda. Y para el domingo tendremos rubia con sauco\u201d.<\/p>\n<p>El detalle de esta \u00faltima variedad es que \u201cel sauco lo cosechamos nosotros mismos en el sur\u201d remarc\u00f3 Joaqu\u00edn. Adem\u00e1s habr\u00e1 \u201cnegra con miel, roja, ahumada, ipa y rubia\u201d.<\/p>\n<p><a title=\"Cerveza Sure\u00f1a (3)\" href=\"https:\/\/www.flickr.com\/photos\/182279889@N02\/52004953961\/in\/dateposted-public\/\" data-flickr-embed=\"true\"><img loading=\"lazy\" decoding=\"async\" class=\"alignleft\" src=\"https:\/\/live.staticflickr.com\/65535\/52004953961_26cddce455.jpg\" alt=\"Cerveza Sure\u00f1a (3)\" width=\"361\" height=\"500\" \/><\/a><script async src=\"\/\/embedr.flickr.com\/assets\/client-code.js\" charset=\"utf-8\"><\/script><\/p>\n<p>Otra de las sabrosas novedades pasar\u00e1 por la edici\u00f3n limitada denominada Segunda Cosecha. Seg\u00fan aclar\u00f3 Serafini, el nombre se dio debido a que \u201cagarramos todos los l\u00fapulos que cosechamos y lo metimos en una sola cerveza. Metimos un kilo y medio de l\u00fapulo, cuando habitualmente se usa 600 gramos\u201d.<\/p>\n<p>Una vez m\u00e1s dej\u00f3 en claro que son \u201cl\u00fapulos de Sierra de la Ventana, por lo que adquieren las caracter\u00edsticas del terreno donde est\u00e1n. Tienen caracter\u00edsticas muy frutadas. Tienen mucho m\u00e1s aromas c\u00edtricos. Todo eso se siente en la cerveza que hacemos\u201d.<\/p>\n<p>En otro pasaje de la charla, admiti\u00f3 que \u201ctenemos dos tipos de clientes. El cl\u00e1sico, que siempre busca lo mismo, y el que viene buscando siempre la \u00faltima novedad y le gusta encontrar siempre algo distinto\u201d.<\/p>\n<p>Por \u00faltimo, y tras dar algunas diferencias entre las cervezas artesanales y las industrializadas, afirm\u00f3 que \u201cestamos distribuyendo nuestras botellas en locales gastron\u00f3micos nuevos que se abrir\u00e1n por estos d\u00edas\u201d.<\/p>\n<p><iframe loading=\"lazy\" src=\"https:\/\/w.soundcloud.com\/player\/?url=https%3A\/\/api.soundcloud.com\/tracks\/1250143078&amp;color=%23ff5500&amp;auto_play=false&amp;hide_related=false&amp;show_comments=true&amp;show_user=true&amp;show_reposts=false&amp;show_teaser=true\" width=\"100%\" height=\"166\" frameborder=\"no\" scrolling=\"no\"><\/iframe><\/p>\n<div style=\"font-size: 10px; color: #cccccc; line-break: anywhere; word-break: normal; overflow: hidden; white-space: nowrap; text-overflow: ellipsis; font-family: Interstate,Lucida Grande,Lucida Sans Unicode,Lucida Sans,Garuda,Verdana,Tahoma,sans-serif; font-weight: 100;\"><a style=\"color: #cccccc; text-decoration: none;\" title=\"fmreflejos 103.7\" href=\"https:\/\/soundcloud.com\/fmreflejos-103-7\" target=\"_blank\" rel=\"noopener\">fmreflejos 103.7<\/a> \u00b7 <a style=\"color: #cccccc; text-decoration: none;\" title=\"Joaquin Sure\u00f1a\" href=\"https:\/\/soundcloud.com\/fmreflejos-103-7\/joaquin-surena-1\" target=\"_blank\" rel=\"noopener\">Joaquin Sure\u00f1a<\/a><\/div>\n<p><a title=\"Cerveza Sure\u00f1a (1)\" href=\"https:\/\/www.flickr.com\/photos\/182279889@N02\/52003938342\/in\/dateposted-public\/\" data-flickr-embed=\"true\"><img loading=\"lazy\" decoding=\"async\" class=\"aligncenter\" src=\"https:\/\/live.staticflickr.com\/65535\/52003938342_61df88afca.jpg\" alt=\"Cerveza Sure\u00f1a (1)\" width=\"427\" height=\"949\" \/><\/a><script async src=\"\/\/embedr.flickr.com\/assets\/client-code.js\" charset=\"utf-8\"><\/script><\/p>\n<p><a title=\"Cerveza Sure\u00f1a (4)\" href=\"https:\/\/www.flickr.com\/photos\/182279889@N02\/52003938482\/in\/dateposted-public\/\" data-flickr-embed=\"true\"><img loading=\"lazy\" decoding=\"async\" class=\"aligncenter\" src=\"https:\/\/live.staticflickr.com\/65535\/52003938482_38f5a2b396.jpg\" alt=\"Cerveza Sure\u00f1a (4)\" width=\"661\" height=\"496\" \/><\/a><script async src=\"\/\/embedr.flickr.com\/assets\/client-code.js\" charset=\"utf-8\"><\/script><\/p>\n","protected":false},"excerpt":{"rendered":"<p>La empresa que no se cansa de innovar tendr\u00e1 a disposici\u00f3n dos atractivas propuestas, m\u00e1s all\u00e1 de los cl\u00e1sicos que nunca defraudan al paladar de la comarca.<\/p>\n","protected":false},"author":3,"featured_media":0,"comment_status":"closed","ping_status":"closed","sticky":false,"template":"","format":"standard","meta":{"footnotes":""},"categories":[26,33],"tags":[48],"class_list":["post-70624","post","type-post","status-publish","format-standard","hentry","category-sociedad","category-turismo","tag-destacada"],"yoast_head":"<!-- This site is optimized with the Yoast SEO plugin v25.9 - https:\/\/yoast.com\/wordpress\/plugins\/seo\/ -->\n<title>Cerveza Sure\u00f1a presenta dos nuevas variedades para esta Semana Santa - Noticias Radio Reflejos<\/title>\n<meta name=\"robots\" content=\"index, follow, max-snippet:-1, max-image-preview:large, max-video-preview:-1\" \/>\n<link rel=\"canonical\" href=\"https:\/\/www.noticiasradioreflejos.com.ar\/2021\/cerveza-surena-presenta-dos-nuevas-variedades-para-esta-semana-santa\/\" \/>\n<meta property=\"og:locale\" content=\"es_ES\" \/>\n<meta property=\"og:type\" content=\"article\" \/>\n<meta property=\"og:title\" content=\"Cerveza Sure\u00f1a presenta dos nuevas variedades para esta Semana Santa - Noticias Radio Reflejos\" \/>\n<meta property=\"og:description\" content=\"La empresa que no se cansa de innovar tendr\u00e1 a disposici\u00f3n dos atractivas propuestas, m\u00e1s all\u00e1 de los cl\u00e1sicos que nunca defraudan al paladar de la comarca.\" \/>\n<meta property=\"og:url\" content=\"https:\/\/www.noticiasradioreflejos.com.ar\/2021\/cerveza-surena-presenta-dos-nuevas-variedades-para-esta-semana-santa\/\" \/>\n<meta property=\"og:site_name\" content=\"Noticias Radio Reflejos\" \/>\n<meta property=\"article:published_time\" content=\"2022-04-14T22:11:03+00:00\" \/>\n<meta property=\"article:modified_time\" content=\"2022-04-14T22:13:31+00:00\" \/>\n<meta property=\"og:image\" content=\"https:\/\/live.staticflickr.com\/65535\/52005211729_3d35231cc8_b.jpg\" \/>\n<meta name=\"author\" content=\"Arnaldo Botto\" \/>\n<meta name=\"twitter:card\" content=\"summary_large_image\" \/>\n<script type=\"application\/ld+json\" class=\"yoast-schema-graph\">{\"@context\":\"https:\/\/schema.org\",\"@graph\":[{\"@type\":\"WebPage\",\"@id\":\"https:\/\/www.noticiasradioreflejos.com.ar\/2021\/cerveza-surena-presenta-dos-nuevas-variedades-para-esta-semana-santa\/\",\"url\":\"https:\/\/www.noticiasradioreflejos.com.ar\/2021\/cerveza-surena-presenta-dos-nuevas-variedades-para-esta-semana-santa\/\",\"name\":\"Cerveza Sure\u00f1a presenta dos nuevas variedades para esta Semana Santa - Noticias Radio Reflejos\",\"isPartOf\":{\"@id\":\"https:\/\/www.noticiasradioreflejos.com.ar\/2021\/#website\"},\"primaryImageOfPage\":{\"@id\":\"https:\/\/www.noticiasradioreflejos.com.ar\/2021\/cerveza-surena-presenta-dos-nuevas-variedades-para-esta-semana-santa\/#primaryimage\"},\"image\":{\"@id\":\"https:\/\/www.noticiasradioreflejos.com.ar\/2021\/cerveza-surena-presenta-dos-nuevas-variedades-para-esta-semana-santa\/#primaryimage\"},\"thumbnailUrl\":\"https:\/\/live.staticflickr.com\/65535\/52005211729_3d35231cc8_b.jpg\",\"datePublished\":\"2022-04-14T22:11:03+00:00\",\"dateModified\":\"2022-04-14T22:13:31+00:00\",\"author\":{\"@id\":\"https:\/\/www.noticiasradioreflejos.com.ar\/2021\/#\/schema\/person\/ad82545263dcc5ec0996818884fd5fb1\"},\"breadcrumb\":{\"@id\":\"https:\/\/www.noticiasradioreflejos.com.ar\/2021\/cerveza-surena-presenta-dos-nuevas-variedades-para-esta-semana-santa\/#breadcrumb\"},\"inLanguage\":\"es\",\"potentialAction\":[{\"@type\":\"ReadAction\",\"target\":[\"https:\/\/www.noticiasradioreflejos.com.ar\/2021\/cerveza-surena-presenta-dos-nuevas-variedades-para-esta-semana-santa\/\"]}]},{\"@type\":\"ImageObject\",\"inLanguage\":\"es\",\"@id\":\"https:\/\/www.noticiasradioreflejos.com.ar\/2021\/cerveza-surena-presenta-dos-nuevas-variedades-para-esta-semana-santa\/#primaryimage\",\"url\":\"https:\/\/live.staticflickr.com\/65535\/52005211729_3d35231cc8_b.jpg\",\"contentUrl\":\"https:\/\/live.staticflickr.com\/65535\/52005211729_3d35231cc8_b.jpg\"},{\"@type\":\"BreadcrumbList\",\"@id\":\"https:\/\/www.noticiasradioreflejos.com.ar\/2021\/cerveza-surena-presenta-dos-nuevas-variedades-para-esta-semana-santa\/#breadcrumb\",\"itemListElement\":[{\"@type\":\"ListItem\",\"position\":1,\"name\":\"Portada\",\"item\":\"https:\/\/www.noticiasradioreflejos.com.ar\/2021\/\"},{\"@type\":\"ListItem\",\"position\":2,\"name\":\"Cerveza Sure\u00f1a presenta dos nuevas variedades para esta Semana Santa\"}]},{\"@type\":\"WebSite\",\"@id\":\"https:\/\/www.noticiasradioreflejos.com.ar\/2021\/#website\",\"url\":\"https:\/\/www.noticiasradioreflejos.com.ar\/2021\/\",\"name\":\"Noticias Radio Reflejos\",\"description\":\"Las noticias de mi comarca\",\"potentialAction\":[{\"@type\":\"SearchAction\",\"target\":{\"@type\":\"EntryPoint\",\"urlTemplate\":\"https:\/\/www.noticiasradioreflejos.com.ar\/2021\/?s={search_term_string}\"},\"query-input\":{\"@type\":\"PropertyValueSpecification\",\"valueRequired\":true,\"valueName\":\"search_term_string\"}}],\"inLanguage\":\"es\"},{\"@type\":\"Person\",\"@id\":\"https:\/\/www.noticiasradioreflejos.com.ar\/2021\/#\/schema\/person\/ad82545263dcc5ec0996818884fd5fb1\",\"name\":\"Arnaldo Botto\",\"image\":{\"@type\":\"ImageObject\",\"inLanguage\":\"es\",\"@id\":\"https:\/\/www.noticiasradioreflejos.com.ar\/2021\/#\/schema\/person\/image\/\",\"url\":\"https:\/\/secure.gravatar.com\/avatar\/55cb5e37c1efa326397366e6974cb338056df65cb50e7d64d1cf314e87504837?s=96&d=mm&r=g\",\"contentUrl\":\"https:\/\/secure.gravatar.com\/avatar\/55cb5e37c1efa326397366e6974cb338056df65cb50e7d64d1cf314e87504837?s=96&d=mm&r=g\",\"caption\":\"Arnaldo Botto\"},\"url\":\"https:\/\/www.noticiasradioreflejos.com.ar\/2021\/author\/arnaldo\/\"}]}<\/script>\n<!-- \/ Yoast SEO plugin. -->","yoast_head_json":{"title":"Cerveza Sure\u00f1a presenta dos nuevas variedades para esta Semana Santa - Noticias Radio Reflejos","robots":{"index":"index","follow":"follow","max-snippet":"max-snippet:-1","max-image-preview":"max-image-preview:large","max-video-preview":"max-video-preview:-1"},"canonical":"https:\/\/www.noticiasradioreflejos.com.ar\/2021\/cerveza-surena-presenta-dos-nuevas-variedades-para-esta-semana-santa\/","og_locale":"es_ES","og_type":"article","og_title":"Cerveza Sure\u00f1a presenta dos nuevas variedades para esta Semana Santa - Noticias Radio Reflejos","og_description":"La empresa que no se cansa de innovar tendr\u00e1 a disposici\u00f3n dos atractivas propuestas, m\u00e1s all\u00e1 de los cl\u00e1sicos que nunca defraudan al paladar de la comarca.","og_url":"https:\/\/www.noticiasradioreflejos.com.ar\/2021\/cerveza-surena-presenta-dos-nuevas-variedades-para-esta-semana-santa\/","og_site_name":"Noticias Radio Reflejos","article_published_time":"2022-04-14T22:11:03+00:00","article_modified_time":"2022-04-14T22:13:31+00:00","og_image":[{"url":"https:\/\/live.staticflickr.com\/65535\/52005211729_3d35231cc8_b.jpg","type":"","width":"","height":""}],"author":"Arnaldo Botto","twitter_card":"summary_large_image","schema":{"@context":"https:\/\/schema.org","@graph":[{"@type":"WebPage","@id":"https:\/\/www.noticiasradioreflejos.com.ar\/2021\/cerveza-surena-presenta-dos-nuevas-variedades-para-esta-semana-santa\/","url":"https:\/\/www.noticiasradioreflejos.com.ar\/2021\/cerveza-surena-presenta-dos-nuevas-variedades-para-esta-semana-santa\/","name":"Cerveza Sure\u00f1a presenta dos nuevas variedades para esta Semana Santa - Noticias Radio Reflejos","isPartOf":{"@id":"https:\/\/www.noticiasradioreflejos.com.ar\/2021\/#website"},"primaryImageOfPage":{"@id":"https:\/\/www.noticiasradioreflejos.com.ar\/2021\/cerveza-surena-presenta-dos-nuevas-variedades-para-esta-semana-santa\/#primaryimage"},"image":{"@id":"https:\/\/www.noticiasradioreflejos.com.ar\/2021\/cerveza-surena-presenta-dos-nuevas-variedades-para-esta-semana-santa\/#primaryimage"},"thumbnailUrl":"https:\/\/live.staticflickr.com\/65535\/52005211729_3d35231cc8_b.jpg","datePublished":"2022-04-14T22:11:03+00:00","dateModified":"2022-04-14T22:13:31+00:00","author":{"@id":"https:\/\/www.noticiasradioreflejos.com.ar\/2021\/#\/schema\/person\/ad82545263dcc5ec0996818884fd5fb1"},"breadcrumb":{"@id":"https:\/\/www.noticiasradioreflejos.com.ar\/2021\/cerveza-surena-presenta-dos-nuevas-variedades-para-esta-semana-santa\/#breadcrumb"},"inLanguage":"es","potentialAction":[{"@type":"ReadAction","target":["https:\/\/www.noticiasradioreflejos.com.ar\/2021\/cerveza-surena-presenta-dos-nuevas-variedades-para-esta-semana-santa\/"]}]},{"@type":"ImageObject","inLanguage":"es","@id":"https:\/\/www.noticiasradioreflejos.com.ar\/2021\/cerveza-surena-presenta-dos-nuevas-variedades-para-esta-semana-santa\/#primaryimage","url":"https:\/\/live.staticflickr.com\/65535\/52005211729_3d35231cc8_b.jpg","contentUrl":"https:\/\/live.staticflickr.com\/65535\/52005211729_3d35231cc8_b.jpg"},{"@type":"BreadcrumbList","@id":"https:\/\/www.noticiasradioreflejos.com.ar\/2021\/cerveza-surena-presenta-dos-nuevas-variedades-para-esta-semana-santa\/#breadcrumb","itemListElement":[{"@type":"ListItem","position":1,"name":"Portada","item":"https:\/\/www.noticiasradioreflejos.com.ar\/2021\/"},{"@type":"ListItem","position":2,"name":"Cerveza Sure\u00f1a presenta dos nuevas variedades para esta Semana Santa"}]},{"@type":"WebSite","@id":"https:\/\/www.noticiasradioreflejos.com.ar\/2021\/#website","url":"https:\/\/www.noticiasradioreflejos.com.ar\/2021\/","name":"Noticias Radio Reflejos","description":"Las noticias de mi comarca","potentialAction":[{"@type":"SearchAction","target":{"@type":"EntryPoint","urlTemplate":"https:\/\/www.noticiasradioreflejos.com.ar\/2021\/?s={search_term_string}"},"query-input":{"@type":"PropertyValueSpecification","valueRequired":true,"valueName":"search_term_string"}}],"inLanguage":"es"},{"@type":"Person","@id":"https:\/\/www.noticiasradioreflejos.com.ar\/2021\/#\/schema\/person\/ad82545263dcc5ec0996818884fd5fb1","name":"Arnaldo Botto","image":{"@type":"ImageObject","inLanguage":"es","@id":"https:\/\/www.noticiasradioreflejos.com.ar\/2021\/#\/schema\/person\/image\/","url":"https:\/\/secure.gravatar.com\/avatar\/55cb5e37c1efa326397366e6974cb338056df65cb50e7d64d1cf314e87504837?s=96&d=mm&r=g","contentUrl":"https:\/\/secure.gravatar.com\/avatar\/55cb5e37c1efa326397366e6974cb338056df65cb50e7d64d1cf314e87504837?s=96&d=mm&r=g","caption":"Arnaldo Botto"},"url":"https:\/\/www.noticiasradioreflejos.com.ar\/2021\/author\/arnaldo\/"}]}},"_links":{"self":[{"href":"https:\/\/www.noticiasradioreflejos.com.ar\/2021\/wp-json\/wp\/v2\/posts\/70624","targetHints":{"allow":["GET"]}}],"collection":[{"href":"https:\/\/www.noticiasradioreflejos.com.ar\/2021\/wp-json\/wp\/v2\/posts"}],"about":[{"href":"https:\/\/www.noticiasradioreflejos.com.ar\/2021\/wp-json\/wp\/v2\/types\/post"}],"author":[{"embeddable":true,"href":"https:\/\/www.noticiasradioreflejos.com.ar\/2021\/wp-json\/wp\/v2\/users\/3"}],"replies":[{"embeddable":true,"href":"https:\/\/www.noticiasradioreflejos.com.ar\/2021\/wp-json\/wp\/v2\/comments?post=70624"}],"version-history":[{"count":2,"href":"https:\/\/www.noticiasradioreflejos.com.ar\/2021\/wp-json\/wp\/v2\/posts\/70624\/revisions"}],"predecessor-version":[{"id":70627,"href":"https:\/\/www.noticiasradioreflejos.com.ar\/2021\/wp-json\/wp\/v2\/posts\/70624\/revisions\/70627"}],"wp:attachment":[{"href":"https:\/\/www.noticiasradioreflejos.com.ar\/2021\/wp-json\/wp\/v2\/media?parent=70624"}],"wp:term":[{"taxonomy":"category","embeddable":true,"href":"https:\/\/www.noticiasradioreflejos.com.ar\/2021\/wp-json\/wp\/v2\/categories?post=70624"},{"taxonomy":"post_tag","embeddable":true,"href":"https:\/\/www.noticiasradioreflejos.com.ar\/2021\/wp-json\/wp\/v2\/tags?post=70624"}],"curies":[{"name":"wp","href":"https:\/\/api.w.org\/{rel}","templated":true}]}}