{"id":70622,"date":"2022-04-14T12:05:35","date_gmt":"2022-04-14T12:05:35","guid":{"rendered":"http:\/\/www.noticiasradioreflejos.com.ar\/2021\/?p=70622"},"modified":"2022-04-14T12:05:35","modified_gmt":"2022-04-14T12:05:35","slug":"mas-de-25-millones-de-personas-viajaran-por-el-pais-durante-el-fin-de-semana-largo","status":"publish","type":"post","link":"https:\/\/www.noticiasradioreflejos.com.ar\/2021\/mas-de-25-millones-de-personas-viajaran-por-el-pais-durante-el-fin-de-semana-largo\/","title":{"rendered":"M\u00e1s de 2,5 millones de personas viajar\u00e1n por el pa\u00eds durante el fin de semana largo"},"content":{"rendered":"<p>De la mano de PreViaje, prev\u00e9n una Semana Santa con n\u00fameros hist\u00f3ricos en destinos como la Quebrada de Humahuaca, Taf\u00ed del Valle y Santa Fe, donde el nivel de \u201cocupaci\u00f3n es casi plena\u201d, inform\u00f3 Ministerio de Turismo y Deportes de la Naci\u00f3n.<!--more--><\/p>\n<figure class=\"mb-3\"><img decoding=\"async\" src=\"https:\/\/www.telam.com.ar\/thumbs\/bluesteel\/advf\/imagenes\/editadas\/5e090536a83dc_900.jpg\" alt=\"Humahuaca Jujuy Foto Archivo\" width=\"100%\" height=\"100%\" \/><\/p>\n<div class=\"media-icons\"><\/div><figcaption>Humahuaca, Jujuy. Foto: Archivo<\/figcaption><\/figure>\n<p>M\u00e1s de 2,5 millones de personas se movilizar\u00e1n hacia distintos puntos tur\u00edsticos del pa\u00eds durante el pr\u00f3ximo fin de semana largo con motivo de los feriados de Semana Santa, en donde seg\u00fan las reservas en los lugares de hospedaje superan el 90% en muchas localidades argentinas, alcanzando el 91% en la ciudad de Buenos Aires.<\/p>\n<p><strong>En Jujuy<\/strong>,<strong>\u00a0la Quebrada de Humahuaca<\/strong>, al igual que la localidad de\u00a0<strong>Tafi del Valle y la ciudad de Salta\u00a0<\/strong>el nivel de \u201cocupaci\u00f3n es casi plena\u201d, indic\u00f3 el Ministerio de Turismo y Deportes a trav\u00e9s de un comunicado.<\/p>\n<blockquote class=\"\"><p>\u201cGracias al impulso de PreViaje y la fuerte recuperaci\u00f3n del turismo receptivo vamos a vivir una Semana Santa r\u00e9cord, en l\u00ednea con lo que fue una temporada de verano hist\u00f3rica\u201d<\/p><\/blockquote>\n<p>Asimismo, la cartera de turismo asegur\u00f3 que el nivel de reservas\u00a0<strong>en la ciudad de Buenos Aires<\/strong>\u00a0<strong>alcanza el 91%<\/strong>\u00a0y agreg\u00f3 que \u00e9ste \u00abfue el destino que m\u00e1s tard\u00f3 en recuperarse, pero ahora de la mano del fuerte impulso que est\u00e1 teniendo el turismo receptivo y del PreViaje va a tener una Semana Santa r\u00e9cord\u00bb.<\/p>\n<p><strong>La cartera dirigida por Mat\u00edas Lammens<\/strong>\u00a0asegur\u00f3 que, de acuerdo a las reservas realizadas hasta el momento en las distintas plazas hoteleras, el nivel de ocupaci\u00f3n \u00abes muy homog\u00e9neo en todas las provincias\u00bb, destacando los destinos ya mencionados en donde ya casi no quedan lugares disponibles.<\/p>\n<p>En tanto, esta ocupaci\u00f3n ronda\u00a0<strong>el 90%\u00a0<\/strong>en el Partido de la Costa, Pinamar, Tandil, Rosario, Bariloche, Ushuaia, Iguaz\u00fa en Misiones, la localidad puntana de Merlo, Federaci\u00f3n en Entre R\u00edos y las ciudades de Buenos Aires, Salta y Mendoza.<\/p>\n<figure class=\"mb-3\"><img decoding=\"async\" src=\"https:\/\/www.telam.com.ar\/thumbs\/bluesteel\/advf\/imagenes\/2022\/04\/6256f6c953714_900.jpg\" alt=\"Bariloche Ro Negro Foto Archivo\" width=\"100%\" height=\"100%\" \/><\/p>\n<div class=\"media-icons\"><\/div><figcaption>Bariloche, R\u00edo Negro. Foto: Archivo<\/figcaption><\/figure>\n<p>\u201cGracias al impulso de PreViaje y la fuerte recuperaci\u00f3n del turismo receptivo vamos a vivir una Semana Santa r\u00e9cord, en l\u00ednea con lo que fue una temporada de verano hist\u00f3rica\u201d, afirm\u00f3 Lammens.<\/p>\n<p><strong>Y agreg\u00f3 que<\/strong>: \u201cLa gran novedad de este fin de semana largo es que al alt\u00edsimo nivel de ocupaci\u00f3n que ya ven\u00edan teniendo los principales destinos del pa\u00eds se suma un gran movimiento en las ciudades capitales de todas las provincias\u201d.<\/p>\n<p><strong>En el marco del programa PreViaje\u00a0<\/strong>m\u00e1s de 750.000 personas viajaron durante marzo y abril hacia distintos puntos tur\u00edsticos de Argentina.<\/p>\n<p>\u00abEl turismo est\u00e1 definitivamente en marcha y es uno de los sectores que lidera la recuperaci\u00f3n del empleo y la reactivaci\u00f3n de la econom\u00eda de nuestro pa\u00eds\u201d, agreg\u00f3 el funcionario.<\/p>\n<p>Seg\u00fan los datos relevados por la cartera,\u00a0<strong>en el norte del pa\u00eds<\/strong>\u00a0se registr\u00f3 una ocupaci\u00f3n total en las localidades de Cafayate en Salta y Chilecito y Villa Uni\u00f3n en La Rioja, mientras que en la capital salte\u00f1a y en la ciudad tucumana de Taf\u00ed Viejo se reserv\u00f3 el 99% de los lugares de hospedaje y el 98% del departamento de Yerba Buena, en Tucum\u00e1n.<\/p>\n<figure class=\"mb-3\"><img decoding=\"async\" src=\"https:\/\/www.telam.com.ar\/thumbs\/bluesteel\/advf\/imagenes\/2021\/02\/601dc0da9c974_900.jpg\" alt=\"Iguaz Misiones Foto Archivo\" width=\"100%\" height=\"100%\" \/><\/p>\n<div class=\"media-icons\"><\/div><figcaption>Iguaz\u00fa, Misiones. Foto: Archivo<\/figcaption><\/figure>\n<p><strong>En la capital de La Rioja<\/strong>\u00a0el porcentaje de ocupaci\u00f3n alcanz\u00f3 el 95%, seguido por Tafi del Valle con 93% y la Quebrada de Humahuaca con 90%, mientras que en la Termas de R\u00edo Hondo en Santiago del Estero el 85% de la plaza hotelera fue reservado.<\/p>\n<p>La ocupaci\u00f3n en las distintas localidades de la provincia de Buenos Aires fue similar, con destinos que ya no tienen plazas disponibles como San Antonio de Areco y Jun\u00edn; y otros que superaron el 90% como Tandil (96%), Sierra de la Ventana (95%), Pinamar (93%), Chascom\u00fas (91%) y Necochea (90%).<\/p>\n<p>En tanto, otras ciudades bonaerenses como Mar Chiquita, Miramar, Monte Hermoso y Mar del Plata superaron el 80% de ocupaci\u00f3n.<\/p>\n<p><strong>Seg\u00fan las estad\u00edsticas de Turismo<\/strong>, el destino m\u00e1s elegido de PreViaje para este fin de semana largo<strong>\u00a0fue Iguaz\u00fa<\/strong>, seguido por Bariloche, Ushuaia, Salta y Calafate.<\/p>\n<p>Adem\u00e1s de Bariloche que registr\u00f3 una ocupaci\u00f3n del 95%, otras ciudades patag\u00f3nicas con gran cantidad de reservas de hospedaje efectuadas fueron Alumin\u00e9 (93%), El Bols\u00f3n y Ushuaia (90%) y Esquel (85%), Caviahue (84%), San Mart\u00edn de los Andes (81%), Calafate (80%), Puerto Madryn (75%) y Villa la Angostura (65%).<\/p>\n<figure class=\"mb-3\"><img decoding=\"async\" src=\"https:\/\/www.telam.com.ar\/thumbs\/bluesteel\/advf\/imagenes\/2022\/04\/6256f7fcd1ba2_900.jpg\" alt=\"Taf del Valle Tucumn Foto Archivo\" width=\"100%\" height=\"100%\" \/><\/p>\n<div class=\"media-icons\"><\/div><figcaption>Taf\u00ed del Valle, Tucum\u00e1n. Foto: Archivo<\/figcaption><\/figure>\n<p><strong>En Santa Rosa, La Pampa, y en Potrero de los Funes, en San Luis, no quedaban lugares disponibles<\/strong>\u00a0donde hospedarse, al igual que en los sitios de \u201cmayor categor\u00eda\u201d de Villa General Belgrano (en promedio el porcentaje de ocupaci\u00f3n es de 91%), en las ciudades cordobesas de La Falda, La Cumbre, San Javier y Yacanto y en la puntana localidad de Merlo ese n\u00famero alcanz\u00f3 el 95%.<\/p>\n<p>Salta es la provincia que, en promedio, tiene el mayor \u00edndice de ocupaci\u00f3n hotelera, con un 98 por ciento, seguida de Entre R\u00edos, San Luis y C\u00f3rdoba con 95%; San Juan con 91%, al igual de la ciudad de Buenos Aires, Mendoza con 87% y Tucum\u00e1n y Misiones con 85%.<\/p>\n<p>En tanto, el ministerio inform\u00f3 que el porcentaje provincial promedio de reservas en C\u00f3rdoba y Jujuy fue de 80%, cinco puntos m\u00e1s que el que se registr\u00f3 en Neuqu\u00e9n (75%).<\/p>\n","protected":false},"excerpt":{"rendered":"<p>De la mano de PreViaje, prev\u00e9n una Semana Santa con n\u00fameros hist\u00f3ricos en destinos como la Quebrada de Humahuaca, Taf\u00ed del Valle y Santa Fe, donde el nivel de \u201cocupaci\u00f3n es casi plena\u201d, inform\u00f3 Ministerio de Turismo y Deportes de la Naci\u00f3n.<\/p>\n","protected":false},"author":3,"featured_media":0,"comment_status":"closed","ping_status":"closed","sticky":false,"template":"","format":"standard","meta":{"footnotes":""},"categories":[33],"tags":[],"class_list":["post-70622","post","type-post","status-publish","format-standard","hentry","category-turismo"],"yoast_head":"<!-- This site is optimized with the Yoast SEO plugin v25.9 - https:\/\/yoast.com\/wordpress\/plugins\/seo\/ -->\n<title>M\u00e1s de 2,5 millones de personas viajar\u00e1n por el pa\u00eds durante el fin de semana largo - Noticias Radio Reflejos<\/title>\n<meta name=\"robots\" content=\"index, follow, max-snippet:-1, max-image-preview:large, max-video-preview:-1\" \/>\n<link rel=\"canonical\" href=\"https:\/\/www.noticiasradioreflejos.com.ar\/2021\/mas-de-25-millones-de-personas-viajaran-por-el-pais-durante-el-fin-de-semana-largo\/\" \/>\n<meta property=\"og:locale\" content=\"es_ES\" \/>\n<meta property=\"og:type\" content=\"article\" \/>\n<meta property=\"og:title\" content=\"M\u00e1s de 2,5 millones de personas viajar\u00e1n por el pa\u00eds durante el fin de semana largo - Noticias Radio Reflejos\" \/>\n<meta property=\"og:description\" content=\"De la mano de PreViaje, prev\u00e9n una Semana Santa con n\u00fameros hist\u00f3ricos en destinos como la Quebrada de Humahuaca, Taf\u00ed del Valle y Santa Fe, donde el nivel de \u201cocupaci\u00f3n es casi plena\u201d, inform\u00f3 Ministerio de Turismo y Deportes de la Naci\u00f3n.\" \/>\n<meta property=\"og:url\" content=\"https:\/\/www.noticiasradioreflejos.com.ar\/2021\/mas-de-25-millones-de-personas-viajaran-por-el-pais-durante-el-fin-de-semana-largo\/\" \/>\n<meta property=\"og:site_name\" content=\"Noticias Radio Reflejos\" \/>\n<meta property=\"article:published_time\" content=\"2022-04-14T12:05:35+00:00\" \/>\n<meta property=\"og:image\" content=\"https:\/\/www.telam.com.ar\/thumbs\/bluesteel\/advf\/imagenes\/editadas\/5e090536a83dc_900.jpg\" \/>\n<meta name=\"author\" content=\"Arnaldo Botto\" \/>\n<meta name=\"twitter:card\" content=\"summary_large_image\" \/>\n<script type=\"application\/ld+json\" class=\"yoast-schema-graph\">{\"@context\":\"https:\/\/schema.org\",\"@graph\":[{\"@type\":\"WebPage\",\"@id\":\"https:\/\/www.noticiasradioreflejos.com.ar\/2021\/mas-de-25-millones-de-personas-viajaran-por-el-pais-durante-el-fin-de-semana-largo\/\",\"url\":\"https:\/\/www.noticiasradioreflejos.com.ar\/2021\/mas-de-25-millones-de-personas-viajaran-por-el-pais-durante-el-fin-de-semana-largo\/\",\"name\":\"M\u00e1s de 2,5 millones de personas viajar\u00e1n por el pa\u00eds durante el fin de semana largo - Noticias Radio Reflejos\",\"isPartOf\":{\"@id\":\"https:\/\/www.noticiasradioreflejos.com.ar\/2021\/#website\"},\"primaryImageOfPage\":{\"@id\":\"https:\/\/www.noticiasradioreflejos.com.ar\/2021\/mas-de-25-millones-de-personas-viajaran-por-el-pais-durante-el-fin-de-semana-largo\/#primaryimage\"},\"image\":{\"@id\":\"https:\/\/www.noticiasradioreflejos.com.ar\/2021\/mas-de-25-millones-de-personas-viajaran-por-el-pais-durante-el-fin-de-semana-largo\/#primaryimage\"},\"thumbnailUrl\":\"https:\/\/www.telam.com.ar\/thumbs\/bluesteel\/advf\/imagenes\/editadas\/5e090536a83dc_900.jpg\",\"datePublished\":\"2022-04-14T12:05:35+00:00\",\"author\":{\"@id\":\"https:\/\/www.noticiasradioreflejos.com.ar\/2021\/#\/schema\/person\/ad82545263dcc5ec0996818884fd5fb1\"},\"breadcrumb\":{\"@id\":\"https:\/\/www.noticiasradioreflejos.com.ar\/2021\/mas-de-25-millones-de-personas-viajaran-por-el-pais-durante-el-fin-de-semana-largo\/#breadcrumb\"},\"inLanguage\":\"es\",\"potentialAction\":[{\"@type\":\"ReadAction\",\"target\":[\"https:\/\/www.noticiasradioreflejos.com.ar\/2021\/mas-de-25-millones-de-personas-viajaran-por-el-pais-durante-el-fin-de-semana-largo\/\"]}]},{\"@type\":\"ImageObject\",\"inLanguage\":\"es\",\"@id\":\"https:\/\/www.noticiasradioreflejos.com.ar\/2021\/mas-de-25-millones-de-personas-viajaran-por-el-pais-durante-el-fin-de-semana-largo\/#primaryimage\",\"url\":\"https:\/\/www.telam.com.ar\/thumbs\/bluesteel\/advf\/imagenes\/editadas\/5e090536a83dc_900.jpg\",\"contentUrl\":\"https:\/\/www.telam.com.ar\/thumbs\/bluesteel\/advf\/imagenes\/editadas\/5e090536a83dc_900.jpg\"},{\"@type\":\"BreadcrumbList\",\"@id\":\"https:\/\/www.noticiasradioreflejos.com.ar\/2021\/mas-de-25-millones-de-personas-viajaran-por-el-pais-durante-el-fin-de-semana-largo\/#breadcrumb\",\"itemListElement\":[{\"@type\":\"ListItem\",\"position\":1,\"name\":\"Portada\",\"item\":\"https:\/\/www.noticiasradioreflejos.com.ar\/2021\/\"},{\"@type\":\"ListItem\",\"position\":2,\"name\":\"M\u00e1s de 2,5 millones de personas viajar\u00e1n por el pa\u00eds durante el fin de semana largo\"}]},{\"@type\":\"WebSite\",\"@id\":\"https:\/\/www.noticiasradioreflejos.com.ar\/2021\/#website\",\"url\":\"https:\/\/www.noticiasradioreflejos.com.ar\/2021\/\",\"name\":\"Noticias Radio Reflejos\",\"description\":\"Las noticias de mi comarca\",\"potentialAction\":[{\"@type\":\"SearchAction\",\"target\":{\"@type\":\"EntryPoint\",\"urlTemplate\":\"https:\/\/www.noticiasradioreflejos.com.ar\/2021\/?s={search_term_string}\"},\"query-input\":{\"@type\":\"PropertyValueSpecification\",\"valueRequired\":true,\"valueName\":\"search_term_string\"}}],\"inLanguage\":\"es\"},{\"@type\":\"Person\",\"@id\":\"https:\/\/www.noticiasradioreflejos.com.ar\/2021\/#\/schema\/person\/ad82545263dcc5ec0996818884fd5fb1\",\"name\":\"Arnaldo Botto\",\"image\":{\"@type\":\"ImageObject\",\"inLanguage\":\"es\",\"@id\":\"https:\/\/www.noticiasradioreflejos.com.ar\/2021\/#\/schema\/person\/image\/\",\"url\":\"https:\/\/secure.gravatar.com\/avatar\/55cb5e37c1efa326397366e6974cb338056df65cb50e7d64d1cf314e87504837?s=96&d=mm&r=g\",\"contentUrl\":\"https:\/\/secure.gravatar.com\/avatar\/55cb5e37c1efa326397366e6974cb338056df65cb50e7d64d1cf314e87504837?s=96&d=mm&r=g\",\"caption\":\"Arnaldo Botto\"},\"url\":\"https:\/\/www.noticiasradioreflejos.com.ar\/2021\/author\/arnaldo\/\"}]}<\/script>\n<!-- \/ Yoast SEO plugin. -->","yoast_head_json":{"title":"M\u00e1s de 2,5 millones de personas viajar\u00e1n por el pa\u00eds durante el fin de semana largo - Noticias Radio Reflejos","robots":{"index":"index","follow":"follow","max-snippet":"max-snippet:-1","max-image-preview":"max-image-preview:large","max-video-preview":"max-video-preview:-1"},"canonical":"https:\/\/www.noticiasradioreflejos.com.ar\/2021\/mas-de-25-millones-de-personas-viajaran-por-el-pais-durante-el-fin-de-semana-largo\/","og_locale":"es_ES","og_type":"article","og_title":"M\u00e1s de 2,5 millones de personas viajar\u00e1n por el pa\u00eds durante el fin de semana largo - Noticias Radio Reflejos","og_description":"De la mano de PreViaje, prev\u00e9n una Semana Santa con n\u00fameros hist\u00f3ricos en destinos como la Quebrada de Humahuaca, Taf\u00ed del Valle y Santa Fe, donde el nivel de \u201cocupaci\u00f3n es casi plena\u201d, inform\u00f3 Ministerio de Turismo y Deportes de la Naci\u00f3n.","og_url":"https:\/\/www.noticiasradioreflejos.com.ar\/2021\/mas-de-25-millones-de-personas-viajaran-por-el-pais-durante-el-fin-de-semana-largo\/","og_site_name":"Noticias Radio Reflejos","article_published_time":"2022-04-14T12:05:35+00:00","og_image":[{"url":"https:\/\/www.telam.com.ar\/thumbs\/bluesteel\/advf\/imagenes\/editadas\/5e090536a83dc_900.jpg","type":"","width":"","height":""}],"author":"Arnaldo Botto","twitter_card":"summary_large_image","schema":{"@context":"https:\/\/schema.org","@graph":[{"@type":"WebPage","@id":"https:\/\/www.noticiasradioreflejos.com.ar\/2021\/mas-de-25-millones-de-personas-viajaran-por-el-pais-durante-el-fin-de-semana-largo\/","url":"https:\/\/www.noticiasradioreflejos.com.ar\/2021\/mas-de-25-millones-de-personas-viajaran-por-el-pais-durante-el-fin-de-semana-largo\/","name":"M\u00e1s de 2,5 millones de personas viajar\u00e1n por el pa\u00eds durante el fin de semana largo - Noticias Radio Reflejos","isPartOf":{"@id":"https:\/\/www.noticiasradioreflejos.com.ar\/2021\/#website"},"primaryImageOfPage":{"@id":"https:\/\/www.noticiasradioreflejos.com.ar\/2021\/mas-de-25-millones-de-personas-viajaran-por-el-pais-durante-el-fin-de-semana-largo\/#primaryimage"},"image":{"@id":"https:\/\/www.noticiasradioreflejos.com.ar\/2021\/mas-de-25-millones-de-personas-viajaran-por-el-pais-durante-el-fin-de-semana-largo\/#primaryimage"},"thumbnailUrl":"https:\/\/www.telam.com.ar\/thumbs\/bluesteel\/advf\/imagenes\/editadas\/5e090536a83dc_900.jpg","datePublished":"2022-04-14T12:05:35+00:00","author":{"@id":"https:\/\/www.noticiasradioreflejos.com.ar\/2021\/#\/schema\/person\/ad82545263dcc5ec0996818884fd5fb1"},"breadcrumb":{"@id":"https:\/\/www.noticiasradioreflejos.com.ar\/2021\/mas-de-25-millones-de-personas-viajaran-por-el-pais-durante-el-fin-de-semana-largo\/#breadcrumb"},"inLanguage":"es","potentialAction":[{"@type":"ReadAction","target":["https:\/\/www.noticiasradioreflejos.com.ar\/2021\/mas-de-25-millones-de-personas-viajaran-por-el-pais-durante-el-fin-de-semana-largo\/"]}]},{"@type":"ImageObject","inLanguage":"es","@id":"https:\/\/www.noticiasradioreflejos.com.ar\/2021\/mas-de-25-millones-de-personas-viajaran-por-el-pais-durante-el-fin-de-semana-largo\/#primaryimage","url":"https:\/\/www.telam.com.ar\/thumbs\/bluesteel\/advf\/imagenes\/editadas\/5e090536a83dc_900.jpg","contentUrl":"https:\/\/www.telam.com.ar\/thumbs\/bluesteel\/advf\/imagenes\/editadas\/5e090536a83dc_900.jpg"},{"@type":"BreadcrumbList","@id":"https:\/\/www.noticiasradioreflejos.com.ar\/2021\/mas-de-25-millones-de-personas-viajaran-por-el-pais-durante-el-fin-de-semana-largo\/#breadcrumb","itemListElement":[{"@type":"ListItem","position":1,"name":"Portada","item":"https:\/\/www.noticiasradioreflejos.com.ar\/2021\/"},{"@type":"ListItem","position":2,"name":"M\u00e1s de 2,5 millones de personas viajar\u00e1n por el pa\u00eds durante el fin de semana largo"}]},{"@type":"WebSite","@id":"https:\/\/www.noticiasradioreflejos.com.ar\/2021\/#website","url":"https:\/\/www.noticiasradioreflejos.com.ar\/2021\/","name":"Noticias Radio Reflejos","description":"Las noticias de mi comarca","potentialAction":[{"@type":"SearchAction","target":{"@type":"EntryPoint","urlTemplate":"https:\/\/www.noticiasradioreflejos.com.ar\/2021\/?s={search_term_string}"},"query-input":{"@type":"PropertyValueSpecification","valueRequired":true,"valueName":"search_term_string"}}],"inLanguage":"es"},{"@type":"Person","@id":"https:\/\/www.noticiasradioreflejos.com.ar\/2021\/#\/schema\/person\/ad82545263dcc5ec0996818884fd5fb1","name":"Arnaldo Botto","image":{"@type":"ImageObject","inLanguage":"es","@id":"https:\/\/www.noticiasradioreflejos.com.ar\/2021\/#\/schema\/person\/image\/","url":"https:\/\/secure.gravatar.com\/avatar\/55cb5e37c1efa326397366e6974cb338056df65cb50e7d64d1cf314e87504837?s=96&d=mm&r=g","contentUrl":"https:\/\/secure.gravatar.com\/avatar\/55cb5e37c1efa326397366e6974cb338056df65cb50e7d64d1cf314e87504837?s=96&d=mm&r=g","caption":"Arnaldo Botto"},"url":"https:\/\/www.noticiasradioreflejos.com.ar\/2021\/author\/arnaldo\/"}]}},"_links":{"self":[{"href":"https:\/\/www.noticiasradioreflejos.com.ar\/2021\/wp-json\/wp\/v2\/posts\/70622","targetHints":{"allow":["GET"]}}],"collection":[{"href":"https:\/\/www.noticiasradioreflejos.com.ar\/2021\/wp-json\/wp\/v2\/posts"}],"about":[{"href":"https:\/\/www.noticiasradioreflejos.com.ar\/2021\/wp-json\/wp\/v2\/types\/post"}],"author":[{"embeddable":true,"href":"https:\/\/www.noticiasradioreflejos.com.ar\/2021\/wp-json\/wp\/v2\/users\/3"}],"replies":[{"embeddable":true,"href":"https:\/\/www.noticiasradioreflejos.com.ar\/2021\/wp-json\/wp\/v2\/comments?post=70622"}],"version-history":[{"count":1,"href":"https:\/\/www.noticiasradioreflejos.com.ar\/2021\/wp-json\/wp\/v2\/posts\/70622\/revisions"}],"predecessor-version":[{"id":70623,"href":"https:\/\/www.noticiasradioreflejos.com.ar\/2021\/wp-json\/wp\/v2\/posts\/70622\/revisions\/70623"}],"wp:attachment":[{"href":"https:\/\/www.noticiasradioreflejos.com.ar\/2021\/wp-json\/wp\/v2\/media?parent=70622"}],"wp:term":[{"taxonomy":"category","embeddable":true,"href":"https:\/\/www.noticiasradioreflejos.com.ar\/2021\/wp-json\/wp\/v2\/categories?post=70622"},{"taxonomy":"post_tag","embeddable":true,"href":"https:\/\/www.noticiasradioreflejos.com.ar\/2021\/wp-json\/wp\/v2\/tags?post=70622"}],"curies":[{"name":"wp","href":"https:\/\/api.w.org\/{rel}","templated":true}]}}