{"id":70614,"date":"2022-04-14T11:02:37","date_gmt":"2022-04-14T11:02:37","guid":{"rendered":"http:\/\/www.noticiasradioreflejos.com.ar\/2021\/?p=70614"},"modified":"2022-04-14T11:02:37","modified_gmt":"2022-04-14T11:02:37","slug":"sierra-de-la-ventana-finde-holistico-en-parador-namaste","status":"publish","type":"post","link":"https:\/\/www.noticiasradioreflejos.com.ar\/2021\/sierra-de-la-ventana-finde-holistico-en-parador-namaste\/","title":{"rendered":"Sierra de la Ventana: Finde Hol\u00edstico en Parador Namaste"},"content":{"rendered":"<p>Queremos invitarte a disfrutar de una tarde MARAVILLOSA! \ud83d\ude4c\ud83c\udffb\ud83e\uddda\u200d\u2640\ufe0f\ud83e\uddda\ud83e\uddda\u200d\u2642\ufe0f<br \/>\nCompartiremos vivencias, experiencias y muchas herramientas energ\u00e9ticas hol\u00edsticas, para que te animes a dar ese paso tan importante, que tu vida est\u00e1 necesitando AQUI Y AHORA \ud83d\udcab\ud83d\ude4c\ud83c\udffb<\/p>\n<p><!--more--><\/p>\n<p>\ud83e\ude84 Hablar de ELEGIR<br \/>\n\ud83e\ude84 Empezar a PREGUNTAR<br \/>\n\ud83e\ude84 C\u00f3mo me gustar\u00eda que fuese m\u00ed vida&#8230;<br \/>\n\ud83e\ude84 Aprender a cerrar ciclos, soltar para recibir lo nuevo, crear espacio&#8230;<br \/>\nEmpoderarme&#8230;<\/p>\n<p>Qu\u00e9 quiero ahora, que se de todo esto?<\/p>\n<p>Hacer que las cosas pasen,<br \/>\nYO soy la creadora de m\u00ed realidad&#8230;<br \/>\nNada ni nadie va a hacerlo por m\u00ed<\/p>\n<p>As\u00ed que, si necesitas tomar una determinaci\u00f3n y no te animas (del \u00e1mbito que sea: familiar, trabajo, social, monetario, relaciones etc), empezar un proyecto nuevo y no sabes por donde empezar, descubrir tu don o alguna parte de vos que a\u00fan no reconociste y mucho m\u00e1s, no podes perderte este encuentro explosivo \ud83d\udca3\ud83d\udca5<br \/>\nEn \u00e9ste m\u00e1gico y expansivo Taller les vamos a compartir los tips para aprender a recolectar, corazonar, y elaborar 3 ag\u00fcitas florales:limpieza, armonizaci\u00f3n y atracci\u00f3n. Ser\u00e1 un encuentro muy m\u00e1gico y hermoso!<br \/>\nLas Aguas ENERG\u00c9TICAS (brumas \u00e1urica) sirven para uso personal, para las sesiones de las diferentes terapias vibracionales y tambi\u00e9n como inicio de TU emprendimiento HOLISTICO personal\ud83d\ude4f\ud83c\udffb<br \/>\nSi conectas con los \u00e1ngeles te ense\u00f1amos hacer roc\u00edos angelicales. \ud83d\udc7c<br \/>\nTambi\u00e9n vamos a ense\u00f1arte hacer ataditos de hierbas para sahumar y armar tu altar.<br \/>\nLa inscripci\u00f3n ya est\u00e1 abierta \ud83d\ude00<br \/>\nTe sumas?<\/p>\n<p>\u2728\ud83c\udf38\u2728\ud83c\udf38\u2728\ud83c\udf38\u2728<\/p>\n<p>\ud83d\ude4cLos Registros Ak\u00e1shicos \ud83d\udcd6\u2728son la memoria universal de la existencia, d\u00f3nde se archivan las experiencias del alma, all\u00ed se encuentran todos los juicios emitidos y las acciones cometidas por las personas a lo largo de los tiempos.<br \/>\nSon palabras y acciones, muchas veces perdidas en nuestra vida y efectos de causas que hemos sembrado, que est\u00e1n sin resolver.<br \/>\nMediante los Registros \ud83d\udcd6\u2728, nos conectamos con la memoria de lo que fuimos con la intenci\u00f3n de sanar patrones mentales negativos, sentimientos y emociones que no nos permiten sentirnos plenos y evolucionar.<br \/>\nLo fabuloso de los Registros \ud83d\udcd6 \u2728no reside \u00fanicamente en ser la fuente de una inmensa cantidad de informaci\u00f3n, sino en que accedemos a un espacio energ\u00e9tico \u00fanico con potencial para sanarnos y trascender ya que se trabaja junto con los maestros y gu\u00edas asistiendo a disolver los bloqueos y karma generados en esta y en vidas pasadas.<br \/>\n&#8211; \ud83d\udcd6 \ud83e\udd321\u00ba Nivel de Registros Akashicos.<br \/>\nLectura de nuestros Registros.<br \/>\n-Se entregan los contenidos y se realiza el trabajo vivencial necesarios para Aprendemos a abrir y Leer nuestros Propios Registros.<br \/>\n&#8211; Se entrega la Oraci\u00f3n Sagrada , llave \ud83d\udddd\ufe0fde acceso al Akasha.<\/p>\n<p>\ud83c\udf3fRITUAL DE SANACI\u00d3N e ILUMINACI\u00d3N DEL \u00daTERO \ud83c\udf3f<\/p>\n<p>CUANDO SANAMOS NUESTRO \u00daTERO, SANAMOS LAS MEMORIAS ANCESTRALES DE NUESTRO LINAJE FEMENINO<br \/>\nSI SENTIS DESDE RU ALMA QUE ESTE VIAJE TE AYUDAR\u00c1 A ALIVIANAR Y DARTE PAZ ENTONCES NO DUDES ,ES TU MOMENTO,<br \/>\nLO MERECES \u2b50!!!<\/p>\n<p>NUESTRO CUERPO ENERG\u00c9TICO ES TAN SUTIL , QUE DEBEMOS APRENDER A ESCUCHARLO, A PERCIBIRLO \ud83d\ude4c\u2b50<br \/>\nJUSTAMENTE ESE ORGANO M\u00c1GICO y CREADOR Y CONTENEDOR,<br \/>\nQUE ES EL UTERO, NOS PROPORCIONA ESA INTUICI\u00d3N QUE CUANDO PODEMOS SEGUIRLA NOS LLEVA A LUGARES DE CRECIMIENTO \ud83d\udc93 INFINITO !<br \/>\n\ud83e\udde1\ud83d\ude4cEL \u00daTERO EST\u00c1 UBICADO EN EL ESPACIO ENERGETICO DEL SEGUNDO CHAKRA, Y ESTE TAMBIEN SE ARMONIZA Y EQUILIBRA EN ESTE VIAJE DE SANACI\u00d3N E ILUMINACI\u00d3N \ud83e\udde1\ud83d\ude4c<br \/>\n\ud83c\udf18 PR\u00d3XIMAMENTE ESTARE GUIANDO ESTE RITUAL RN SIERRA DE LA VENTANA<br \/>\nPARA TODAS LAS MUJERES Y HOMBRES QUE DESEEN Y SIENTAN COMPARTIR ESTE CAMINO DE SANACI\u00d3N<br \/>\n\ud83d\udc9fEl TIEMPO APROXIMADO QUE TE INSUMIRA , ES DE DOS HORAS, APROXIMADAMENTE.<br \/>\n\ud83d\udc9f TAMBI\u00c9N CON ESTE RITUAL HABLAREMOS DE LOS BENEFICIOS AMOROSOS Y PODEROSOS DE REPROGRAMAR NOS A TRAV\u00c9S DE LA SANACI\u00d3N DE NUESTRO \u00c1RBOL TRANSGENERACIONAL \ud83d\udc93<\/p>\n<p>\ud83d\udc9f LO \u00daNICO QUE PRECISAS PARA ESTE RITUAL ES ,LLEVAR UNA PIEDRA, COM\u00daN, Y UNA VELITA PEQUE\u00d1A PARA ENCENDER DURANTE EL RITUAL<br \/>\n\ud83d\udc9fTAMBI\u00c9N, PARA LAS MUJERES , PONERSE UNA POLLERA O PAREO, PUEDE SER SOBRE EL PANTAL\u00d3N SI ASI LO DESEA.<br \/>\n\ud83d\udc9fEL INTERCAMBIO DE DINERO ES A VOLUNTAD.<\/p>\n<p>\u2b50GUIA ESTE RITUAL<br \/>\nNOELIA CIGANA<br \/>\n\ud83c\udff5\ufe0fTerapista Transgeneracional<br \/>\n\ud83c\udff5\ufe0fAcompa\u00f1ante C\u00edrculo de Mujeres Guardianas del \u00daTERO Sagrado<\/p>\n<p>Instagram: espaciocuantico333<\/p>\n<p>Cuando?: S\u00e1bado 30\/4 y Domingo 1\/5<br \/>\nD\u00f3nde? PARADOR NAMASTE, Sierra de la Ventana.<br \/>\nInscripci\u00f3n a los talleres al :2915338826<\/p>\n<p>Qu\u00e9 m\u00e1s es posible? \ud83d\ude01<br \/>\nTe esperamos!<\/p>\n<p>P.d: si no estas dispuest@ a experimentar cambios en tu vida, mejor no te anotes\u00a0 \ud83e\udd2d\ud83d\ude09<\/p>\n<p>\ud83d\udd04Valor de intercambio: a VOLUNTAD! Si si, el precio lo pones vos, no hay m\u00ednimo ni m\u00e1ximo para participar de este encuentro!<br \/>\n(No hay excusas \ud83e\udd2d\ud83d\ude09\ud83d\udcab\ud83d\ude4c)<\/p>\n<p>\u26a0\ufe0fAtenci\u00f3n: Cupos presenciales limitados!<\/p>\n<p>\ud83d\ude4f\ud83c\udffbCompart\u00ed esta info con quien sientas que le puede interesar.<\/p>\n<p>Abrazo<\/p>\n<p>Gracias gracias gracias \ud83d\ude4f<\/p>\n<p>Gise, Mari y Noe\ud83d\ude0a<\/p>\n<p>@giselacarulo<br \/>\n@marisel.viajerayholistica<br \/>\n[11:01 a.\u00a0m., 13\/4\/2022] Valeria C\u00e1mara: S\u00e1bado 30\/4<br \/>\n11:00hs Charla abierta a la comunidad. De qu\u00e9 hablamos cuando hablando de Terapias Holisticas?<br \/>\nEjemplos, similitudes, diferencias, beneficios.<\/p>\n<p>14:00 hs Taller Ag\u00fcitas florales energ\u00e9ticas, preparaci\u00f3n de sahumos y altar.<br \/>\nColaboraci\u00f3n a voluntad.<br \/>\n17:30hs Ritual de sanaci\u00f3n e iluminaci\u00f3n del \u00fatero<br \/>\nDomingo 1\/5<br \/>\n10:00 a 12:00hs 1\u00b0 Nivel de la formaci\u00f3n en Registros Ak\u00e1shicos.<br \/>\nColaboraci\u00f3n a voluntad.<\/p>\n<p><a title=\"WhatsApp Image 2022-04-13 at 10.59.31 AM (1)\" href=\"https:\/\/www.flickr.com\/photos\/182279889@N02\/52004401225\/in\/dateposted-public\/\" data-flickr-embed=\"true\"><img loading=\"lazy\" decoding=\"async\" class=\"aligncenter\" src=\"https:\/\/live.staticflickr.com\/65535\/52004401225_2f345643e6_z.jpg\" alt=\"WhatsApp Image 2022-04-13 at 10.59.31 AM (1)\" width=\"640\" height=\"359\" \/><\/a><script async src=\"\/\/embedr.flickr.com\/assets\/client-code.js\" charset=\"utf-8\"><\/script><\/p>\n","protected":false},"excerpt":{"rendered":"<p>Queremos invitarte a disfrutar de una tarde MARAVILLOSA! \ud83d\ude4c\ud83c\udffb\ud83e\uddda\u200d\u2640\ufe0f\ud83e\uddda\ud83e\uddda\u200d\u2642\ufe0f Compartiremos vivencias, experiencias y muchas herramientas energ\u00e9ticas hol\u00edsticas, para que te animes a dar ese paso tan importante, que tu vida est\u00e1 necesitando AQUI Y AHORA \ud83d\udcab\ud83d\ude4c\ud83c\udffb<\/p>\n","protected":false},"author":3,"featured_media":0,"comment_status":"closed","ping_status":"closed","sticky":false,"template":"","format":"standard","meta":{"footnotes":""},"categories":[35,26,33],"tags":[],"class_list":["post-70614","post","type-post","status-publish","format-standard","hentry","category-cultura","category-sociedad","category-turismo"],"yoast_head":"<!-- This site is optimized with the Yoast SEO plugin v25.9 - https:\/\/yoast.com\/wordpress\/plugins\/seo\/ -->\n<title>Sierra de la Ventana: Finde Hol\u00edstico en Parador Namaste - Noticias Radio Reflejos<\/title>\n<meta name=\"robots\" content=\"index, follow, max-snippet:-1, max-image-preview:large, max-video-preview:-1\" \/>\n<link rel=\"canonical\" href=\"https:\/\/www.noticiasradioreflejos.com.ar\/2021\/sierra-de-la-ventana-finde-holistico-en-parador-namaste\/\" \/>\n<meta property=\"og:locale\" content=\"es_ES\" \/>\n<meta property=\"og:type\" content=\"article\" \/>\n<meta property=\"og:title\" content=\"Sierra de la Ventana: Finde Hol\u00edstico en Parador Namaste - Noticias Radio Reflejos\" \/>\n<meta property=\"og:description\" content=\"Queremos invitarte a disfrutar de una tarde MARAVILLOSA! \ud83d\ude4c\ud83c\udffb\ud83e\uddda\u200d\u2640\ufe0f\ud83e\uddda\ud83e\uddda\u200d\u2642\ufe0f Compartiremos vivencias, experiencias y muchas herramientas energ\u00e9ticas hol\u00edsticas, para que te animes a dar ese paso tan importante, que tu vida est\u00e1 necesitando AQUI Y AHORA \ud83d\udcab\ud83d\ude4c\ud83c\udffb\" \/>\n<meta property=\"og:url\" content=\"https:\/\/www.noticiasradioreflejos.com.ar\/2021\/sierra-de-la-ventana-finde-holistico-en-parador-namaste\/\" \/>\n<meta property=\"og:site_name\" content=\"Noticias Radio Reflejos\" \/>\n<meta property=\"article:published_time\" content=\"2022-04-14T11:02:37+00:00\" \/>\n<meta property=\"og:image\" content=\"https:\/\/live.staticflickr.com\/65535\/52004401225_2f345643e6_z.jpg\" \/>\n<meta name=\"author\" content=\"Arnaldo Botto\" \/>\n<meta name=\"twitter:card\" content=\"summary_large_image\" \/>\n<script type=\"application\/ld+json\" class=\"yoast-schema-graph\">{\"@context\":\"https:\/\/schema.org\",\"@graph\":[{\"@type\":\"WebPage\",\"@id\":\"https:\/\/www.noticiasradioreflejos.com.ar\/2021\/sierra-de-la-ventana-finde-holistico-en-parador-namaste\/\",\"url\":\"https:\/\/www.noticiasradioreflejos.com.ar\/2021\/sierra-de-la-ventana-finde-holistico-en-parador-namaste\/\",\"name\":\"Sierra de la Ventana: Finde Hol\u00edstico en Parador Namaste - Noticias Radio Reflejos\",\"isPartOf\":{\"@id\":\"https:\/\/www.noticiasradioreflejos.com.ar\/2021\/#website\"},\"primaryImageOfPage\":{\"@id\":\"https:\/\/www.noticiasradioreflejos.com.ar\/2021\/sierra-de-la-ventana-finde-holistico-en-parador-namaste\/#primaryimage\"},\"image\":{\"@id\":\"https:\/\/www.noticiasradioreflejos.com.ar\/2021\/sierra-de-la-ventana-finde-holistico-en-parador-namaste\/#primaryimage\"},\"thumbnailUrl\":\"https:\/\/live.staticflickr.com\/65535\/52004401225_2f345643e6_z.jpg\",\"datePublished\":\"2022-04-14T11:02:37+00:00\",\"author\":{\"@id\":\"https:\/\/www.noticiasradioreflejos.com.ar\/2021\/#\/schema\/person\/ad82545263dcc5ec0996818884fd5fb1\"},\"breadcrumb\":{\"@id\":\"https:\/\/www.noticiasradioreflejos.com.ar\/2021\/sierra-de-la-ventana-finde-holistico-en-parador-namaste\/#breadcrumb\"},\"inLanguage\":\"es\",\"potentialAction\":[{\"@type\":\"ReadAction\",\"target\":[\"https:\/\/www.noticiasradioreflejos.com.ar\/2021\/sierra-de-la-ventana-finde-holistico-en-parador-namaste\/\"]}]},{\"@type\":\"ImageObject\",\"inLanguage\":\"es\",\"@id\":\"https:\/\/www.noticiasradioreflejos.com.ar\/2021\/sierra-de-la-ventana-finde-holistico-en-parador-namaste\/#primaryimage\",\"url\":\"https:\/\/live.staticflickr.com\/65535\/52004401225_2f345643e6_z.jpg\",\"contentUrl\":\"https:\/\/live.staticflickr.com\/65535\/52004401225_2f345643e6_z.jpg\"},{\"@type\":\"BreadcrumbList\",\"@id\":\"https:\/\/www.noticiasradioreflejos.com.ar\/2021\/sierra-de-la-ventana-finde-holistico-en-parador-namaste\/#breadcrumb\",\"itemListElement\":[{\"@type\":\"ListItem\",\"position\":1,\"name\":\"Portada\",\"item\":\"https:\/\/www.noticiasradioreflejos.com.ar\/2021\/\"},{\"@type\":\"ListItem\",\"position\":2,\"name\":\"Sierra de la Ventana: Finde Hol\u00edstico en Parador Namaste\"}]},{\"@type\":\"WebSite\",\"@id\":\"https:\/\/www.noticiasradioreflejos.com.ar\/2021\/#website\",\"url\":\"https:\/\/www.noticiasradioreflejos.com.ar\/2021\/\",\"name\":\"Noticias Radio Reflejos\",\"description\":\"Las noticias de mi comarca\",\"potentialAction\":[{\"@type\":\"SearchAction\",\"target\":{\"@type\":\"EntryPoint\",\"urlTemplate\":\"https:\/\/www.noticiasradioreflejos.com.ar\/2021\/?s={search_term_string}\"},\"query-input\":{\"@type\":\"PropertyValueSpecification\",\"valueRequired\":true,\"valueName\":\"search_term_string\"}}],\"inLanguage\":\"es\"},{\"@type\":\"Person\",\"@id\":\"https:\/\/www.noticiasradioreflejos.com.ar\/2021\/#\/schema\/person\/ad82545263dcc5ec0996818884fd5fb1\",\"name\":\"Arnaldo Botto\",\"image\":{\"@type\":\"ImageObject\",\"inLanguage\":\"es\",\"@id\":\"https:\/\/www.noticiasradioreflejos.com.ar\/2021\/#\/schema\/person\/image\/\",\"url\":\"https:\/\/secure.gravatar.com\/avatar\/55cb5e37c1efa326397366e6974cb338056df65cb50e7d64d1cf314e87504837?s=96&d=mm&r=g\",\"contentUrl\":\"https:\/\/secure.gravatar.com\/avatar\/55cb5e37c1efa326397366e6974cb338056df65cb50e7d64d1cf314e87504837?s=96&d=mm&r=g\",\"caption\":\"Arnaldo Botto\"},\"url\":\"https:\/\/www.noticiasradioreflejos.com.ar\/2021\/author\/arnaldo\/\"}]}<\/script>\n<!-- \/ Yoast SEO plugin. -->","yoast_head_json":{"title":"Sierra de la Ventana: Finde Hol\u00edstico en Parador Namaste - Noticias Radio Reflejos","robots":{"index":"index","follow":"follow","max-snippet":"max-snippet:-1","max-image-preview":"max-image-preview:large","max-video-preview":"max-video-preview:-1"},"canonical":"https:\/\/www.noticiasradioreflejos.com.ar\/2021\/sierra-de-la-ventana-finde-holistico-en-parador-namaste\/","og_locale":"es_ES","og_type":"article","og_title":"Sierra de la Ventana: Finde Hol\u00edstico en Parador Namaste - Noticias Radio Reflejos","og_description":"Queremos invitarte a disfrutar de una tarde MARAVILLOSA! \ud83d\ude4c\ud83c\udffb\ud83e\uddda\u200d\u2640\ufe0f\ud83e\uddda\ud83e\uddda\u200d\u2642\ufe0f Compartiremos vivencias, experiencias y muchas herramientas energ\u00e9ticas hol\u00edsticas, para que te animes a dar ese paso tan importante, que tu vida est\u00e1 necesitando AQUI Y AHORA \ud83d\udcab\ud83d\ude4c\ud83c\udffb","og_url":"https:\/\/www.noticiasradioreflejos.com.ar\/2021\/sierra-de-la-ventana-finde-holistico-en-parador-namaste\/","og_site_name":"Noticias Radio Reflejos","article_published_time":"2022-04-14T11:02:37+00:00","og_image":[{"url":"https:\/\/live.staticflickr.com\/65535\/52004401225_2f345643e6_z.jpg","type":"","width":"","height":""}],"author":"Arnaldo Botto","twitter_card":"summary_large_image","schema":{"@context":"https:\/\/schema.org","@graph":[{"@type":"WebPage","@id":"https:\/\/www.noticiasradioreflejos.com.ar\/2021\/sierra-de-la-ventana-finde-holistico-en-parador-namaste\/","url":"https:\/\/www.noticiasradioreflejos.com.ar\/2021\/sierra-de-la-ventana-finde-holistico-en-parador-namaste\/","name":"Sierra de la Ventana: Finde Hol\u00edstico en Parador Namaste - Noticias Radio Reflejos","isPartOf":{"@id":"https:\/\/www.noticiasradioreflejos.com.ar\/2021\/#website"},"primaryImageOfPage":{"@id":"https:\/\/www.noticiasradioreflejos.com.ar\/2021\/sierra-de-la-ventana-finde-holistico-en-parador-namaste\/#primaryimage"},"image":{"@id":"https:\/\/www.noticiasradioreflejos.com.ar\/2021\/sierra-de-la-ventana-finde-holistico-en-parador-namaste\/#primaryimage"},"thumbnailUrl":"https:\/\/live.staticflickr.com\/65535\/52004401225_2f345643e6_z.jpg","datePublished":"2022-04-14T11:02:37+00:00","author":{"@id":"https:\/\/www.noticiasradioreflejos.com.ar\/2021\/#\/schema\/person\/ad82545263dcc5ec0996818884fd5fb1"},"breadcrumb":{"@id":"https:\/\/www.noticiasradioreflejos.com.ar\/2021\/sierra-de-la-ventana-finde-holistico-en-parador-namaste\/#breadcrumb"},"inLanguage":"es","potentialAction":[{"@type":"ReadAction","target":["https:\/\/www.noticiasradioreflejos.com.ar\/2021\/sierra-de-la-ventana-finde-holistico-en-parador-namaste\/"]}]},{"@type":"ImageObject","inLanguage":"es","@id":"https:\/\/www.noticiasradioreflejos.com.ar\/2021\/sierra-de-la-ventana-finde-holistico-en-parador-namaste\/#primaryimage","url":"https:\/\/live.staticflickr.com\/65535\/52004401225_2f345643e6_z.jpg","contentUrl":"https:\/\/live.staticflickr.com\/65535\/52004401225_2f345643e6_z.jpg"},{"@type":"BreadcrumbList","@id":"https:\/\/www.noticiasradioreflejos.com.ar\/2021\/sierra-de-la-ventana-finde-holistico-en-parador-namaste\/#breadcrumb","itemListElement":[{"@type":"ListItem","position":1,"name":"Portada","item":"https:\/\/www.noticiasradioreflejos.com.ar\/2021\/"},{"@type":"ListItem","position":2,"name":"Sierra de la Ventana: Finde Hol\u00edstico en Parador Namaste"}]},{"@type":"WebSite","@id":"https:\/\/www.noticiasradioreflejos.com.ar\/2021\/#website","url":"https:\/\/www.noticiasradioreflejos.com.ar\/2021\/","name":"Noticias Radio Reflejos","description":"Las noticias de mi comarca","potentialAction":[{"@type":"SearchAction","target":{"@type":"EntryPoint","urlTemplate":"https:\/\/www.noticiasradioreflejos.com.ar\/2021\/?s={search_term_string}"},"query-input":{"@type":"PropertyValueSpecification","valueRequired":true,"valueName":"search_term_string"}}],"inLanguage":"es"},{"@type":"Person","@id":"https:\/\/www.noticiasradioreflejos.com.ar\/2021\/#\/schema\/person\/ad82545263dcc5ec0996818884fd5fb1","name":"Arnaldo Botto","image":{"@type":"ImageObject","inLanguage":"es","@id":"https:\/\/www.noticiasradioreflejos.com.ar\/2021\/#\/schema\/person\/image\/","url":"https:\/\/secure.gravatar.com\/avatar\/55cb5e37c1efa326397366e6974cb338056df65cb50e7d64d1cf314e87504837?s=96&d=mm&r=g","contentUrl":"https:\/\/secure.gravatar.com\/avatar\/55cb5e37c1efa326397366e6974cb338056df65cb50e7d64d1cf314e87504837?s=96&d=mm&r=g","caption":"Arnaldo Botto"},"url":"https:\/\/www.noticiasradioreflejos.com.ar\/2021\/author\/arnaldo\/"}]}},"_links":{"self":[{"href":"https:\/\/www.noticiasradioreflejos.com.ar\/2021\/wp-json\/wp\/v2\/posts\/70614","targetHints":{"allow":["GET"]}}],"collection":[{"href":"https:\/\/www.noticiasradioreflejos.com.ar\/2021\/wp-json\/wp\/v2\/posts"}],"about":[{"href":"https:\/\/www.noticiasradioreflejos.com.ar\/2021\/wp-json\/wp\/v2\/types\/post"}],"author":[{"embeddable":true,"href":"https:\/\/www.noticiasradioreflejos.com.ar\/2021\/wp-json\/wp\/v2\/users\/3"}],"replies":[{"embeddable":true,"href":"https:\/\/www.noticiasradioreflejos.com.ar\/2021\/wp-json\/wp\/v2\/comments?post=70614"}],"version-history":[{"count":1,"href":"https:\/\/www.noticiasradioreflejos.com.ar\/2021\/wp-json\/wp\/v2\/posts\/70614\/revisions"}],"predecessor-version":[{"id":70616,"href":"https:\/\/www.noticiasradioreflejos.com.ar\/2021\/wp-json\/wp\/v2\/posts\/70614\/revisions\/70616"}],"wp:attachment":[{"href":"https:\/\/www.noticiasradioreflejos.com.ar\/2021\/wp-json\/wp\/v2\/media?parent=70614"}],"wp:term":[{"taxonomy":"category","embeddable":true,"href":"https:\/\/www.noticiasradioreflejos.com.ar\/2021\/wp-json\/wp\/v2\/categories?post=70614"},{"taxonomy":"post_tag","embeddable":true,"href":"https:\/\/www.noticiasradioreflejos.com.ar\/2021\/wp-json\/wp\/v2\/tags?post=70614"}],"curies":[{"name":"wp","href":"https:\/\/api.w.org\/{rel}","templated":true}]}}