{"id":70606,"date":"2022-04-14T10:44:07","date_gmt":"2022-04-14T10:44:07","guid":{"rendered":"http:\/\/www.noticiasradioreflejos.com.ar\/2021\/?p=70606"},"modified":"2022-04-14T10:44:07","modified_gmt":"2022-04-14T10:44:07","slug":"capacitaciones-y-viajes-de-egresados-en-el-distrito-los-temas-en-los-que-avanzo-el-ente-mixto-de-turismo","status":"publish","type":"post","link":"https:\/\/www.noticiasradioreflejos.com.ar\/2021\/capacitaciones-y-viajes-de-egresados-en-el-distrito-los-temas-en-los-que-avanzo-el-ente-mixto-de-turismo\/","title":{"rendered":"Capacitaciones y viajes de egresados en el distrito, los temas en los que avanz\u00f3 el Ente Mixto de Turismo"},"content":{"rendered":"<p>Este lunes en Villa Serrana La Gruta, se desarroll\u00f3 la reuni\u00f3n mensual del Ente Mixto de Turismo del Distrito de Tornquist (EMITT).<!--more--><\/p>\n<p>Durante el encuentro, las autoridades presentes de la Secretar\u00eda de Turismo, Gustavo Sandobal (Secretario), y Jerem\u00edas Le\u00f3n (Director Planificaci\u00f3n y Desarrollo Tur\u00edstico), expusieron los temas abordados en la reuni\u00f3n del COPROTUR, realizada d\u00edas pasados en Costa del Este.<\/p>\n<p>Al respecto, mencionaron que entre abril y mayo arribar\u00e1n alrededor de 2500 j\u00f3venes en el marco del programa \u2018Viaje de Fin de Curso\u2019 de la Provincia de Buenos Aires, para el cual la comarca fue uno de los destinos elegidos.<\/p>\n<p>Tambi\u00e9n, adelantaron que se postular\u00e1 a una localidad del distrito para el programa Pueblos Tur\u00edsticos; y que fueron planteadas las necesidades urgentes de la comarca, como lo son la mejora de la conectividad y la instalaci\u00f3n de un cajero autom\u00e1tico en Villa Ventana.<\/p>\n<p>Asimismo, en la reuni\u00f3n se hizo referencia a las capacitaciones de Destinos Inteligentes (que inici\u00f3 la semana pasada) y de mozos y mucamas, cuyo comienzo est\u00e1 programado para fines de abril.<\/p>\n<p>El encuentro del EMITT tuvo lugar en el complejo de caba\u00f1as \u2018La Gruta\u2019, de Claudio Canoni, y, adem\u00e1s de Sandobal y Le\u00f3n, participaron el Secretario de Desarrollo, Dr. Gonzalo Iparraguirre; los concejales Elisabeth Nori y Claudio Iribarren; y representantes de las c\u00e1maras y asociaciones tur\u00edsticas, y del Colegio de Profesionales de Turismo bonaerense.<\/p>\n<p>&nbsp;<\/p>\n","protected":false},"excerpt":{"rendered":"<p>Este lunes en Villa Serrana La Gruta, se desarroll\u00f3 la reuni\u00f3n mensual del Ente Mixto de Turismo del Distrito de Tornquist (EMITT).<\/p>\n","protected":false},"author":3,"featured_media":0,"comment_status":"closed","ping_status":"closed","sticky":false,"template":"","format":"standard","meta":{"footnotes":""},"categories":[28,33],"tags":[],"class_list":["post-70606","post","type-post","status-publish","format-standard","hentry","category-municipales","category-turismo"],"yoast_head":"<!-- This site is optimized with the Yoast SEO plugin v25.9 - https:\/\/yoast.com\/wordpress\/plugins\/seo\/ -->\n<title>Capacitaciones y viajes de egresados en el distrito, los temas en los que avanz\u00f3 el Ente Mixto de Turismo - Noticias Radio Reflejos<\/title>\n<meta name=\"robots\" content=\"index, follow, max-snippet:-1, max-image-preview:large, max-video-preview:-1\" \/>\n<link rel=\"canonical\" href=\"https:\/\/www.noticiasradioreflejos.com.ar\/2021\/capacitaciones-y-viajes-de-egresados-en-el-distrito-los-temas-en-los-que-avanzo-el-ente-mixto-de-turismo\/\" \/>\n<meta property=\"og:locale\" content=\"es_ES\" \/>\n<meta property=\"og:type\" content=\"article\" \/>\n<meta property=\"og:title\" content=\"Capacitaciones y viajes de egresados en el distrito, los temas en los que avanz\u00f3 el Ente Mixto de Turismo - Noticias Radio Reflejos\" \/>\n<meta property=\"og:description\" content=\"Este lunes en Villa Serrana La Gruta, se desarroll\u00f3 la reuni\u00f3n mensual del Ente Mixto de Turismo del Distrito de Tornquist (EMITT).\" \/>\n<meta property=\"og:url\" content=\"https:\/\/www.noticiasradioreflejos.com.ar\/2021\/capacitaciones-y-viajes-de-egresados-en-el-distrito-los-temas-en-los-que-avanzo-el-ente-mixto-de-turismo\/\" \/>\n<meta property=\"og:site_name\" content=\"Noticias Radio Reflejos\" \/>\n<meta property=\"article:published_time\" content=\"2022-04-14T10:44:07+00:00\" \/>\n<meta property=\"og:image\" content=\"https:\/\/www.noticiasradioreflejos.com.ar\/2021\/wp-content\/uploads\/2021\/07\/logosol300x200.png\" \/>\n\t<meta property=\"og:image:width\" content=\"300\" \/>\n\t<meta property=\"og:image:height\" content=\"200\" \/>\n\t<meta property=\"og:image:type\" content=\"image\/png\" \/>\n<meta name=\"author\" content=\"Arnaldo Botto\" \/>\n<meta name=\"twitter:card\" content=\"summary_large_image\" \/>\n<script type=\"application\/ld+json\" class=\"yoast-schema-graph\">{\"@context\":\"https:\/\/schema.org\",\"@graph\":[{\"@type\":\"WebPage\",\"@id\":\"https:\/\/www.noticiasradioreflejos.com.ar\/2021\/capacitaciones-y-viajes-de-egresados-en-el-distrito-los-temas-en-los-que-avanzo-el-ente-mixto-de-turismo\/\",\"url\":\"https:\/\/www.noticiasradioreflejos.com.ar\/2021\/capacitaciones-y-viajes-de-egresados-en-el-distrito-los-temas-en-los-que-avanzo-el-ente-mixto-de-turismo\/\",\"name\":\"Capacitaciones y viajes de egresados en el distrito, los temas en los que avanz\u00f3 el Ente Mixto de Turismo - Noticias Radio Reflejos\",\"isPartOf\":{\"@id\":\"https:\/\/www.noticiasradioreflejos.com.ar\/2021\/#website\"},\"datePublished\":\"2022-04-14T10:44:07+00:00\",\"author\":{\"@id\":\"https:\/\/www.noticiasradioreflejos.com.ar\/2021\/#\/schema\/person\/ad82545263dcc5ec0996818884fd5fb1\"},\"breadcrumb\":{\"@id\":\"https:\/\/www.noticiasradioreflejos.com.ar\/2021\/capacitaciones-y-viajes-de-egresados-en-el-distrito-los-temas-en-los-que-avanzo-el-ente-mixto-de-turismo\/#breadcrumb\"},\"inLanguage\":\"es\",\"potentialAction\":[{\"@type\":\"ReadAction\",\"target\":[\"https:\/\/www.noticiasradioreflejos.com.ar\/2021\/capacitaciones-y-viajes-de-egresados-en-el-distrito-los-temas-en-los-que-avanzo-el-ente-mixto-de-turismo\/\"]}]},{\"@type\":\"BreadcrumbList\",\"@id\":\"https:\/\/www.noticiasradioreflejos.com.ar\/2021\/capacitaciones-y-viajes-de-egresados-en-el-distrito-los-temas-en-los-que-avanzo-el-ente-mixto-de-turismo\/#breadcrumb\",\"itemListElement\":[{\"@type\":\"ListItem\",\"position\":1,\"name\":\"Portada\",\"item\":\"https:\/\/www.noticiasradioreflejos.com.ar\/2021\/\"},{\"@type\":\"ListItem\",\"position\":2,\"name\":\"Capacitaciones y viajes de egresados en el distrito, los temas en los que avanz\u00f3 el Ente Mixto de Turismo\"}]},{\"@type\":\"WebSite\",\"@id\":\"https:\/\/www.noticiasradioreflejos.com.ar\/2021\/#website\",\"url\":\"https:\/\/www.noticiasradioreflejos.com.ar\/2021\/\",\"name\":\"Noticias Radio Reflejos\",\"description\":\"Las noticias de mi comarca\",\"potentialAction\":[{\"@type\":\"SearchAction\",\"target\":{\"@type\":\"EntryPoint\",\"urlTemplate\":\"https:\/\/www.noticiasradioreflejos.com.ar\/2021\/?s={search_term_string}\"},\"query-input\":{\"@type\":\"PropertyValueSpecification\",\"valueRequired\":true,\"valueName\":\"search_term_string\"}}],\"inLanguage\":\"es\"},{\"@type\":\"Person\",\"@id\":\"https:\/\/www.noticiasradioreflejos.com.ar\/2021\/#\/schema\/person\/ad82545263dcc5ec0996818884fd5fb1\",\"name\":\"Arnaldo Botto\",\"image\":{\"@type\":\"ImageObject\",\"inLanguage\":\"es\",\"@id\":\"https:\/\/www.noticiasradioreflejos.com.ar\/2021\/#\/schema\/person\/image\/\",\"url\":\"https:\/\/secure.gravatar.com\/avatar\/55cb5e37c1efa326397366e6974cb338056df65cb50e7d64d1cf314e87504837?s=96&d=mm&r=g\",\"contentUrl\":\"https:\/\/secure.gravatar.com\/avatar\/55cb5e37c1efa326397366e6974cb338056df65cb50e7d64d1cf314e87504837?s=96&d=mm&r=g\",\"caption\":\"Arnaldo Botto\"},\"url\":\"https:\/\/www.noticiasradioreflejos.com.ar\/2021\/author\/arnaldo\/\"}]}<\/script>\n<!-- \/ Yoast SEO plugin. -->","yoast_head_json":{"title":"Capacitaciones y viajes de egresados en el distrito, los temas en los que avanz\u00f3 el Ente Mixto de Turismo - Noticias Radio Reflejos","robots":{"index":"index","follow":"follow","max-snippet":"max-snippet:-1","max-image-preview":"max-image-preview:large","max-video-preview":"max-video-preview:-1"},"canonical":"https:\/\/www.noticiasradioreflejos.com.ar\/2021\/capacitaciones-y-viajes-de-egresados-en-el-distrito-los-temas-en-los-que-avanzo-el-ente-mixto-de-turismo\/","og_locale":"es_ES","og_type":"article","og_title":"Capacitaciones y viajes de egresados en el distrito, los temas en los que avanz\u00f3 el Ente Mixto de Turismo - Noticias Radio Reflejos","og_description":"Este lunes en Villa Serrana La Gruta, se desarroll\u00f3 la reuni\u00f3n mensual del Ente Mixto de Turismo del Distrito de Tornquist (EMITT).","og_url":"https:\/\/www.noticiasradioreflejos.com.ar\/2021\/capacitaciones-y-viajes-de-egresados-en-el-distrito-los-temas-en-los-que-avanzo-el-ente-mixto-de-turismo\/","og_site_name":"Noticias Radio Reflejos","article_published_time":"2022-04-14T10:44:07+00:00","og_image":[{"width":300,"height":200,"url":"https:\/\/www.noticiasradioreflejos.com.ar\/2021\/wp-content\/uploads\/2021\/07\/logosol300x200.png","type":"image\/png"}],"author":"Arnaldo Botto","twitter_card":"summary_large_image","schema":{"@context":"https:\/\/schema.org","@graph":[{"@type":"WebPage","@id":"https:\/\/www.noticiasradioreflejos.com.ar\/2021\/capacitaciones-y-viajes-de-egresados-en-el-distrito-los-temas-en-los-que-avanzo-el-ente-mixto-de-turismo\/","url":"https:\/\/www.noticiasradioreflejos.com.ar\/2021\/capacitaciones-y-viajes-de-egresados-en-el-distrito-los-temas-en-los-que-avanzo-el-ente-mixto-de-turismo\/","name":"Capacitaciones y viajes de egresados en el distrito, los temas en los que avanz\u00f3 el Ente Mixto de Turismo - Noticias Radio Reflejos","isPartOf":{"@id":"https:\/\/www.noticiasradioreflejos.com.ar\/2021\/#website"},"datePublished":"2022-04-14T10:44:07+00:00","author":{"@id":"https:\/\/www.noticiasradioreflejos.com.ar\/2021\/#\/schema\/person\/ad82545263dcc5ec0996818884fd5fb1"},"breadcrumb":{"@id":"https:\/\/www.noticiasradioreflejos.com.ar\/2021\/capacitaciones-y-viajes-de-egresados-en-el-distrito-los-temas-en-los-que-avanzo-el-ente-mixto-de-turismo\/#breadcrumb"},"inLanguage":"es","potentialAction":[{"@type":"ReadAction","target":["https:\/\/www.noticiasradioreflejos.com.ar\/2021\/capacitaciones-y-viajes-de-egresados-en-el-distrito-los-temas-en-los-que-avanzo-el-ente-mixto-de-turismo\/"]}]},{"@type":"BreadcrumbList","@id":"https:\/\/www.noticiasradioreflejos.com.ar\/2021\/capacitaciones-y-viajes-de-egresados-en-el-distrito-los-temas-en-los-que-avanzo-el-ente-mixto-de-turismo\/#breadcrumb","itemListElement":[{"@type":"ListItem","position":1,"name":"Portada","item":"https:\/\/www.noticiasradioreflejos.com.ar\/2021\/"},{"@type":"ListItem","position":2,"name":"Capacitaciones y viajes de egresados en el distrito, los temas en los que avanz\u00f3 el Ente Mixto de Turismo"}]},{"@type":"WebSite","@id":"https:\/\/www.noticiasradioreflejos.com.ar\/2021\/#website","url":"https:\/\/www.noticiasradioreflejos.com.ar\/2021\/","name":"Noticias Radio Reflejos","description":"Las noticias de mi comarca","potentialAction":[{"@type":"SearchAction","target":{"@type":"EntryPoint","urlTemplate":"https:\/\/www.noticiasradioreflejos.com.ar\/2021\/?s={search_term_string}"},"query-input":{"@type":"PropertyValueSpecification","valueRequired":true,"valueName":"search_term_string"}}],"inLanguage":"es"},{"@type":"Person","@id":"https:\/\/www.noticiasradioreflejos.com.ar\/2021\/#\/schema\/person\/ad82545263dcc5ec0996818884fd5fb1","name":"Arnaldo Botto","image":{"@type":"ImageObject","inLanguage":"es","@id":"https:\/\/www.noticiasradioreflejos.com.ar\/2021\/#\/schema\/person\/image\/","url":"https:\/\/secure.gravatar.com\/avatar\/55cb5e37c1efa326397366e6974cb338056df65cb50e7d64d1cf314e87504837?s=96&d=mm&r=g","contentUrl":"https:\/\/secure.gravatar.com\/avatar\/55cb5e37c1efa326397366e6974cb338056df65cb50e7d64d1cf314e87504837?s=96&d=mm&r=g","caption":"Arnaldo Botto"},"url":"https:\/\/www.noticiasradioreflejos.com.ar\/2021\/author\/arnaldo\/"}]}},"_links":{"self":[{"href":"https:\/\/www.noticiasradioreflejos.com.ar\/2021\/wp-json\/wp\/v2\/posts\/70606","targetHints":{"allow":["GET"]}}],"collection":[{"href":"https:\/\/www.noticiasradioreflejos.com.ar\/2021\/wp-json\/wp\/v2\/posts"}],"about":[{"href":"https:\/\/www.noticiasradioreflejos.com.ar\/2021\/wp-json\/wp\/v2\/types\/post"}],"author":[{"embeddable":true,"href":"https:\/\/www.noticiasradioreflejos.com.ar\/2021\/wp-json\/wp\/v2\/users\/3"}],"replies":[{"embeddable":true,"href":"https:\/\/www.noticiasradioreflejos.com.ar\/2021\/wp-json\/wp\/v2\/comments?post=70606"}],"version-history":[{"count":1,"href":"https:\/\/www.noticiasradioreflejos.com.ar\/2021\/wp-json\/wp\/v2\/posts\/70606\/revisions"}],"predecessor-version":[{"id":70608,"href":"https:\/\/www.noticiasradioreflejos.com.ar\/2021\/wp-json\/wp\/v2\/posts\/70606\/revisions\/70608"}],"wp:attachment":[{"href":"https:\/\/www.noticiasradioreflejos.com.ar\/2021\/wp-json\/wp\/v2\/media?parent=70606"}],"wp:term":[{"taxonomy":"category","embeddable":true,"href":"https:\/\/www.noticiasradioreflejos.com.ar\/2021\/wp-json\/wp\/v2\/categories?post=70606"},{"taxonomy":"post_tag","embeddable":true,"href":"https:\/\/www.noticiasradioreflejos.com.ar\/2021\/wp-json\/wp\/v2\/tags?post=70606"}],"curies":[{"name":"wp","href":"https:\/\/api.w.org\/{rel}","templated":true}]}}