{"id":70589,"date":"2022-04-13T11:15:09","date_gmt":"2022-04-13T11:15:09","guid":{"rendered":"http:\/\/www.noticiasradioreflejos.com.ar\/2021\/?p=70589"},"modified":"2022-04-13T11:17:00","modified_gmt":"2022-04-13T11:17:00","slug":"servicio-de-micros-entre-cnel-suarez-y-bahia-blanca-ingresa-ahora-en-saavedra-y-pigue","status":"publish","type":"post","link":"https:\/\/www.noticiasradioreflejos.com.ar\/2021\/servicio-de-micros-entre-cnel-suarez-y-bahia-blanca-ingresa-ahora-en-saavedra-y-pigue\/","title":{"rendered":"Servicio de micros entre Cnel Su\u00e1rez y Bah\u00eda Blanca ingresa ahora en Saavedra y Pig\u00fc\u00e9"},"content":{"rendered":"<p>Por gestiones realizadas por los concejales de<strong> Todos por Saavedra<\/strong>, junto a la diputada <strong>Fernanda Bevilacqua<\/strong> y el Ministerio de Transporte se logr\u00f3 que nuevamente la empresa de micros <strong>FECOS<\/strong> ingrese a Pig\u00fc\u00e9 y a Saavedra con un servicio diario que incluye los domingos.<!--more--><\/p>\n<div class=\"td-post-content tagdiv-type\">\n<figure class=\"wp-block-image size-full\"><img decoding=\"async\" class=\"wp-image-91965\" src=\"https:\/\/semreflejos.com.ar\/wordpress\/wp-content\/uploads\/2022\/04\/Matias-Nebot.jpg\" alt=\"\" \/><\/figure>\n<p>&nbsp;<\/p>\n<p>El concejal Mat\u00edas Nebot resalt\u00f3 tambi\u00e9n el trabajo conjunto con la comisi\u00f3n de fomento de Saavedra y afirm\u00f3 que la vuelta del servicio a las localidades es \u201cdevolver un derecho que se hab\u00eda perdido hace dos a\u00f1os con la pandemia\u201d.<\/p>\n<p><iframe loading=\"lazy\" width=\"100%\" height=\"166\" scrolling=\"no\" frameborder=\"no\" allow=\"autoplay\" src=\"https:\/\/w.soundcloud.com\/player\/?url=https%3A\/\/api.soundcloud.com\/tracks\/1249427485&#038;color=%23ff5500&#038;auto_play=false&#038;hide_related=false&#038;show_comments=true&#038;show_user=true&#038;show_reposts=false&#038;show_teaser=true\"><\/iframe><\/p>\n<div style=\"font-size: 10px; color: #cccccc;line-break: anywhere;word-break: normal;overflow: hidden;white-space: nowrap;text-overflow: ellipsis; font-family: Interstate,Lucida Grande,Lucida Sans Unicode,Lucida Sans,Garuda,Verdana,Tahoma,sans-serif;font-weight: 100;\"><a href=\"https:\/\/soundcloud.com\/fmreflejos-103-7\" title=\"fmreflejos 103.7\" target=\"_blank\" style=\"color: #cccccc; text-decoration: none;\" rel=\"noopener\">fmreflejos 103.7<\/a> \u00b7 <a href=\"https:\/\/soundcloud.com\/fmreflejos-103-7\/matias-nebot-1\" title=\"Matias - Nebot - 1\" target=\"_blank\" style=\"color: #cccccc; text-decoration: none;\" rel=\"noopener\">Matias &#8211; Nebot &#8211; 1<\/a><\/div>\n<p>\u201cEstamos contentos porque desde que hicimos el anuncio transcurrieron un poquitito m\u00e1s de tres semanas para poder concretar el inicio real del transporte. Tuvimos que solucionar algunas cuestiones con el tema boleter\u00eda y venta de pasajes. Adem\u00e1s pudimos solicitar a la empresa FECOS para que se detenga en el acceso a Arroyo Corto y Goyena\u201d se\u00f1al\u00f3 el concejal vecinalista.<\/p>\n<figure class=\"wp-block-image size-full\"><img decoding=\"async\" class=\"wp-image-91901\" src=\"https:\/\/semreflejos.com.ar\/wordpress\/wp-content\/uploads\/2022\/04\/fecos-1.jpg\" alt=\"\" \/><\/figure>\n<p>Este es un paso porque todav\u00eda falta que se reactive el servicio que viene de Trenque Lauquen para que puedan subir los vecino de Espartillar, que viene un poquito m\u00e1s demorado.<\/p>\n<p>El servicio es diario \u2013incluyendo los domingos \u2013 y el valor del pasaje Pig\u00fc\u00e9- Bah\u00eda Blanca es de mil pesos, mientras que Saavedra- Bah\u00eda Blanca cuesta $800.-<\/p>\n<figure class=\"wp-block-image size-full\"><img decoding=\"async\" class=\"wp-image-91902\" src=\"https:\/\/semreflejos.com.ar\/wordpress\/wp-content\/uploads\/2022\/04\/fecos.jpg\" alt=\"\" \/><\/figure>\n<p>Esto es el resultado de un trabajo articulado, donde fue crucial la gesti\u00f3n de la diputada Fernanda Bevilacqua,el ministerio de transporte, la empresa y la comisi\u00f3n de fomento de Saavedra donde su presidente Sergio Gonz\u00e1lez estuvo siempre muy predispuesto y en 24 hs. junto con Gustavo Recchi, del club Atl\u00e9tico Saavedra, lo solucionaron y el colectivo para ah\u00ed.<\/p>\n<figure class=\"wp-block-gallery has-nested-images columns-default is-cropped\">\n<figure class=\"wp-block-image size-large\"><img decoding=\"async\" class=\"wp-image-91984\" src=\"https:\/\/semreflejos.com.ar\/wordpress\/wp-content\/uploads\/2022\/04\/Horario-BHB-Suarez-BHB-intermedias.jpg\" alt=\"\" data-id=\"91984\" \/><\/figure>\n<figure class=\"wp-block-image size-large\"><img decoding=\"async\" class=\"wp-image-91985\" src=\"https:\/\/semreflejos.com.ar\/wordpress\/wp-content\/uploads\/2022\/04\/Scio.jpg\" alt=\"\" data-id=\"91985\" \/><\/figure>\n<\/figure>\n<p>La venta de pasajes por el momento la hacen directamente los choferes, en la terminal de \u00f3mnibus, pero el concejal Nebot adelant\u00f3 que ma\u00f1ana la boleter\u00eda estar\u00e1 abierta. \u201cHay que terminar de instalar el servicio de internet y la impresora fiscal que se recibi\u00f3 ayer\u201d explic\u00f3 el concejal vecinalista. En Bah\u00eda Blanca el micro se puede tomar en la terminal de colectivos o en el parador de Avenida Alem (parque municipal).<\/p>\n<\/div>\n<p><span style=\"color: #800000;\"><strong>Fuente : https:\/\/semreflejos.com.ar\/<\/strong><\/span><\/p>\n","protected":false},"excerpt":{"rendered":"<p>Por gestiones realizadas por los concejales de Todos por Saavedra, junto a la diputada Fernanda Bevilacqua y el Ministerio de Transporte se logr\u00f3 que nuevamente la empresa de micros FECOS ingrese a Pig\u00fc\u00e9 y a Saavedra con un servicio diario que incluye los domingos.<\/p>\n","protected":false},"author":3,"featured_media":0,"comment_status":"closed","ping_status":"closed","sticky":false,"template":"","format":"standard","meta":{"footnotes":""},"categories":[24,26,33],"tags":[],"class_list":["post-70589","post","type-post","status-publish","format-standard","hentry","category-politica","category-sociedad","category-turismo"],"yoast_head":"<!-- This site is optimized with the Yoast SEO plugin v25.9 - https:\/\/yoast.com\/wordpress\/plugins\/seo\/ -->\n<title>Servicio de micros entre Cnel Su\u00e1rez y Bah\u00eda Blanca ingresa ahora en Saavedra y Pig\u00fc\u00e9 - Noticias Radio Reflejos<\/title>\n<meta name=\"robots\" content=\"index, follow, max-snippet:-1, max-image-preview:large, max-video-preview:-1\" \/>\n<link rel=\"canonical\" href=\"https:\/\/www.noticiasradioreflejos.com.ar\/2021\/servicio-de-micros-entre-cnel-suarez-y-bahia-blanca-ingresa-ahora-en-saavedra-y-pigue\/\" \/>\n<meta property=\"og:locale\" content=\"es_ES\" \/>\n<meta property=\"og:type\" content=\"article\" \/>\n<meta property=\"og:title\" content=\"Servicio de micros entre Cnel Su\u00e1rez y Bah\u00eda Blanca ingresa ahora en Saavedra y Pig\u00fc\u00e9 - Noticias Radio Reflejos\" \/>\n<meta property=\"og:description\" content=\"Por gestiones realizadas por los concejales de Todos por Saavedra, junto a la diputada Fernanda Bevilacqua y el Ministerio de Transporte se logr\u00f3 que nuevamente la empresa de micros FECOS ingrese a Pig\u00fc\u00e9 y a Saavedra con un servicio diario que incluye los domingos.\" \/>\n<meta property=\"og:url\" content=\"https:\/\/www.noticiasradioreflejos.com.ar\/2021\/servicio-de-micros-entre-cnel-suarez-y-bahia-blanca-ingresa-ahora-en-saavedra-y-pigue\/\" \/>\n<meta property=\"og:site_name\" content=\"Noticias Radio Reflejos\" \/>\n<meta property=\"article:published_time\" content=\"2022-04-13T11:15:09+00:00\" \/>\n<meta property=\"article:modified_time\" content=\"2022-04-13T11:17:00+00:00\" \/>\n<meta property=\"og:image\" content=\"https:\/\/semreflejos.com.ar\/wordpress\/wp-content\/uploads\/2022\/04\/Matias-Nebot.jpg\" \/>\n<meta name=\"author\" content=\"Arnaldo Botto\" \/>\n<meta name=\"twitter:card\" content=\"summary_large_image\" \/>\n<script type=\"application\/ld+json\" class=\"yoast-schema-graph\">{\"@context\":\"https:\/\/schema.org\",\"@graph\":[{\"@type\":\"WebPage\",\"@id\":\"https:\/\/www.noticiasradioreflejos.com.ar\/2021\/servicio-de-micros-entre-cnel-suarez-y-bahia-blanca-ingresa-ahora-en-saavedra-y-pigue\/\",\"url\":\"https:\/\/www.noticiasradioreflejos.com.ar\/2021\/servicio-de-micros-entre-cnel-suarez-y-bahia-blanca-ingresa-ahora-en-saavedra-y-pigue\/\",\"name\":\"Servicio de micros entre Cnel Su\u00e1rez y Bah\u00eda Blanca ingresa ahora en Saavedra y Pig\u00fc\u00e9 - Noticias Radio Reflejos\",\"isPartOf\":{\"@id\":\"https:\/\/www.noticiasradioreflejos.com.ar\/2021\/#website\"},\"primaryImageOfPage\":{\"@id\":\"https:\/\/www.noticiasradioreflejos.com.ar\/2021\/servicio-de-micros-entre-cnel-suarez-y-bahia-blanca-ingresa-ahora-en-saavedra-y-pigue\/#primaryimage\"},\"image\":{\"@id\":\"https:\/\/www.noticiasradioreflejos.com.ar\/2021\/servicio-de-micros-entre-cnel-suarez-y-bahia-blanca-ingresa-ahora-en-saavedra-y-pigue\/#primaryimage\"},\"thumbnailUrl\":\"https:\/\/semreflejos.com.ar\/wordpress\/wp-content\/uploads\/2022\/04\/Matias-Nebot.jpg\",\"datePublished\":\"2022-04-13T11:15:09+00:00\",\"dateModified\":\"2022-04-13T11:17:00+00:00\",\"author\":{\"@id\":\"https:\/\/www.noticiasradioreflejos.com.ar\/2021\/#\/schema\/person\/ad82545263dcc5ec0996818884fd5fb1\"},\"breadcrumb\":{\"@id\":\"https:\/\/www.noticiasradioreflejos.com.ar\/2021\/servicio-de-micros-entre-cnel-suarez-y-bahia-blanca-ingresa-ahora-en-saavedra-y-pigue\/#breadcrumb\"},\"inLanguage\":\"es\",\"potentialAction\":[{\"@type\":\"ReadAction\",\"target\":[\"https:\/\/www.noticiasradioreflejos.com.ar\/2021\/servicio-de-micros-entre-cnel-suarez-y-bahia-blanca-ingresa-ahora-en-saavedra-y-pigue\/\"]}]},{\"@type\":\"ImageObject\",\"inLanguage\":\"es\",\"@id\":\"https:\/\/www.noticiasradioreflejos.com.ar\/2021\/servicio-de-micros-entre-cnel-suarez-y-bahia-blanca-ingresa-ahora-en-saavedra-y-pigue\/#primaryimage\",\"url\":\"https:\/\/semreflejos.com.ar\/wordpress\/wp-content\/uploads\/2022\/04\/Matias-Nebot.jpg\",\"contentUrl\":\"https:\/\/semreflejos.com.ar\/wordpress\/wp-content\/uploads\/2022\/04\/Matias-Nebot.jpg\"},{\"@type\":\"BreadcrumbList\",\"@id\":\"https:\/\/www.noticiasradioreflejos.com.ar\/2021\/servicio-de-micros-entre-cnel-suarez-y-bahia-blanca-ingresa-ahora-en-saavedra-y-pigue\/#breadcrumb\",\"itemListElement\":[{\"@type\":\"ListItem\",\"position\":1,\"name\":\"Portada\",\"item\":\"https:\/\/www.noticiasradioreflejos.com.ar\/2021\/\"},{\"@type\":\"ListItem\",\"position\":2,\"name\":\"Servicio de micros entre Cnel Su\u00e1rez y Bah\u00eda Blanca ingresa ahora en Saavedra y Pig\u00fc\u00e9\"}]},{\"@type\":\"WebSite\",\"@id\":\"https:\/\/www.noticiasradioreflejos.com.ar\/2021\/#website\",\"url\":\"https:\/\/www.noticiasradioreflejos.com.ar\/2021\/\",\"name\":\"Noticias Radio Reflejos\",\"description\":\"Las noticias de mi comarca\",\"potentialAction\":[{\"@type\":\"SearchAction\",\"target\":{\"@type\":\"EntryPoint\",\"urlTemplate\":\"https:\/\/www.noticiasradioreflejos.com.ar\/2021\/?s={search_term_string}\"},\"query-input\":{\"@type\":\"PropertyValueSpecification\",\"valueRequired\":true,\"valueName\":\"search_term_string\"}}],\"inLanguage\":\"es\"},{\"@type\":\"Person\",\"@id\":\"https:\/\/www.noticiasradioreflejos.com.ar\/2021\/#\/schema\/person\/ad82545263dcc5ec0996818884fd5fb1\",\"name\":\"Arnaldo Botto\",\"image\":{\"@type\":\"ImageObject\",\"inLanguage\":\"es\",\"@id\":\"https:\/\/www.noticiasradioreflejos.com.ar\/2021\/#\/schema\/person\/image\/\",\"url\":\"https:\/\/secure.gravatar.com\/avatar\/55cb5e37c1efa326397366e6974cb338056df65cb50e7d64d1cf314e87504837?s=96&d=mm&r=g\",\"contentUrl\":\"https:\/\/secure.gravatar.com\/avatar\/55cb5e37c1efa326397366e6974cb338056df65cb50e7d64d1cf314e87504837?s=96&d=mm&r=g\",\"caption\":\"Arnaldo Botto\"},\"url\":\"https:\/\/www.noticiasradioreflejos.com.ar\/2021\/author\/arnaldo\/\"}]}<\/script>\n<!-- \/ Yoast SEO plugin. -->","yoast_head_json":{"title":"Servicio de micros entre Cnel Su\u00e1rez y Bah\u00eda Blanca ingresa ahora en Saavedra y Pig\u00fc\u00e9 - Noticias Radio Reflejos","robots":{"index":"index","follow":"follow","max-snippet":"max-snippet:-1","max-image-preview":"max-image-preview:large","max-video-preview":"max-video-preview:-1"},"canonical":"https:\/\/www.noticiasradioreflejos.com.ar\/2021\/servicio-de-micros-entre-cnel-suarez-y-bahia-blanca-ingresa-ahora-en-saavedra-y-pigue\/","og_locale":"es_ES","og_type":"article","og_title":"Servicio de micros entre Cnel Su\u00e1rez y Bah\u00eda Blanca ingresa ahora en Saavedra y Pig\u00fc\u00e9 - Noticias Radio Reflejos","og_description":"Por gestiones realizadas por los concejales de Todos por Saavedra, junto a la diputada Fernanda Bevilacqua y el Ministerio de Transporte se logr\u00f3 que nuevamente la empresa de micros FECOS ingrese a Pig\u00fc\u00e9 y a Saavedra con un servicio diario que incluye los domingos.","og_url":"https:\/\/www.noticiasradioreflejos.com.ar\/2021\/servicio-de-micros-entre-cnel-suarez-y-bahia-blanca-ingresa-ahora-en-saavedra-y-pigue\/","og_site_name":"Noticias Radio Reflejos","article_published_time":"2022-04-13T11:15:09+00:00","article_modified_time":"2022-04-13T11:17:00+00:00","og_image":[{"url":"https:\/\/semreflejos.com.ar\/wordpress\/wp-content\/uploads\/2022\/04\/Matias-Nebot.jpg","type":"","width":"","height":""}],"author":"Arnaldo Botto","twitter_card":"summary_large_image","schema":{"@context":"https:\/\/schema.org","@graph":[{"@type":"WebPage","@id":"https:\/\/www.noticiasradioreflejos.com.ar\/2021\/servicio-de-micros-entre-cnel-suarez-y-bahia-blanca-ingresa-ahora-en-saavedra-y-pigue\/","url":"https:\/\/www.noticiasradioreflejos.com.ar\/2021\/servicio-de-micros-entre-cnel-suarez-y-bahia-blanca-ingresa-ahora-en-saavedra-y-pigue\/","name":"Servicio de micros entre Cnel Su\u00e1rez y Bah\u00eda Blanca ingresa ahora en Saavedra y Pig\u00fc\u00e9 - Noticias Radio Reflejos","isPartOf":{"@id":"https:\/\/www.noticiasradioreflejos.com.ar\/2021\/#website"},"primaryImageOfPage":{"@id":"https:\/\/www.noticiasradioreflejos.com.ar\/2021\/servicio-de-micros-entre-cnel-suarez-y-bahia-blanca-ingresa-ahora-en-saavedra-y-pigue\/#primaryimage"},"image":{"@id":"https:\/\/www.noticiasradioreflejos.com.ar\/2021\/servicio-de-micros-entre-cnel-suarez-y-bahia-blanca-ingresa-ahora-en-saavedra-y-pigue\/#primaryimage"},"thumbnailUrl":"https:\/\/semreflejos.com.ar\/wordpress\/wp-content\/uploads\/2022\/04\/Matias-Nebot.jpg","datePublished":"2022-04-13T11:15:09+00:00","dateModified":"2022-04-13T11:17:00+00:00","author":{"@id":"https:\/\/www.noticiasradioreflejos.com.ar\/2021\/#\/schema\/person\/ad82545263dcc5ec0996818884fd5fb1"},"breadcrumb":{"@id":"https:\/\/www.noticiasradioreflejos.com.ar\/2021\/servicio-de-micros-entre-cnel-suarez-y-bahia-blanca-ingresa-ahora-en-saavedra-y-pigue\/#breadcrumb"},"inLanguage":"es","potentialAction":[{"@type":"ReadAction","target":["https:\/\/www.noticiasradioreflejos.com.ar\/2021\/servicio-de-micros-entre-cnel-suarez-y-bahia-blanca-ingresa-ahora-en-saavedra-y-pigue\/"]}]},{"@type":"ImageObject","inLanguage":"es","@id":"https:\/\/www.noticiasradioreflejos.com.ar\/2021\/servicio-de-micros-entre-cnel-suarez-y-bahia-blanca-ingresa-ahora-en-saavedra-y-pigue\/#primaryimage","url":"https:\/\/semreflejos.com.ar\/wordpress\/wp-content\/uploads\/2022\/04\/Matias-Nebot.jpg","contentUrl":"https:\/\/semreflejos.com.ar\/wordpress\/wp-content\/uploads\/2022\/04\/Matias-Nebot.jpg"},{"@type":"BreadcrumbList","@id":"https:\/\/www.noticiasradioreflejos.com.ar\/2021\/servicio-de-micros-entre-cnel-suarez-y-bahia-blanca-ingresa-ahora-en-saavedra-y-pigue\/#breadcrumb","itemListElement":[{"@type":"ListItem","position":1,"name":"Portada","item":"https:\/\/www.noticiasradioreflejos.com.ar\/2021\/"},{"@type":"ListItem","position":2,"name":"Servicio de micros entre Cnel Su\u00e1rez y Bah\u00eda Blanca ingresa ahora en Saavedra y Pig\u00fc\u00e9"}]},{"@type":"WebSite","@id":"https:\/\/www.noticiasradioreflejos.com.ar\/2021\/#website","url":"https:\/\/www.noticiasradioreflejos.com.ar\/2021\/","name":"Noticias Radio Reflejos","description":"Las noticias de mi comarca","potentialAction":[{"@type":"SearchAction","target":{"@type":"EntryPoint","urlTemplate":"https:\/\/www.noticiasradioreflejos.com.ar\/2021\/?s={search_term_string}"},"query-input":{"@type":"PropertyValueSpecification","valueRequired":true,"valueName":"search_term_string"}}],"inLanguage":"es"},{"@type":"Person","@id":"https:\/\/www.noticiasradioreflejos.com.ar\/2021\/#\/schema\/person\/ad82545263dcc5ec0996818884fd5fb1","name":"Arnaldo Botto","image":{"@type":"ImageObject","inLanguage":"es","@id":"https:\/\/www.noticiasradioreflejos.com.ar\/2021\/#\/schema\/person\/image\/","url":"https:\/\/secure.gravatar.com\/avatar\/55cb5e37c1efa326397366e6974cb338056df65cb50e7d64d1cf314e87504837?s=96&d=mm&r=g","contentUrl":"https:\/\/secure.gravatar.com\/avatar\/55cb5e37c1efa326397366e6974cb338056df65cb50e7d64d1cf314e87504837?s=96&d=mm&r=g","caption":"Arnaldo Botto"},"url":"https:\/\/www.noticiasradioreflejos.com.ar\/2021\/author\/arnaldo\/"}]}},"_links":{"self":[{"href":"https:\/\/www.noticiasradioreflejos.com.ar\/2021\/wp-json\/wp\/v2\/posts\/70589","targetHints":{"allow":["GET"]}}],"collection":[{"href":"https:\/\/www.noticiasradioreflejos.com.ar\/2021\/wp-json\/wp\/v2\/posts"}],"about":[{"href":"https:\/\/www.noticiasradioreflejos.com.ar\/2021\/wp-json\/wp\/v2\/types\/post"}],"author":[{"embeddable":true,"href":"https:\/\/www.noticiasradioreflejos.com.ar\/2021\/wp-json\/wp\/v2\/users\/3"}],"replies":[{"embeddable":true,"href":"https:\/\/www.noticiasradioreflejos.com.ar\/2021\/wp-json\/wp\/v2\/comments?post=70589"}],"version-history":[{"count":2,"href":"https:\/\/www.noticiasradioreflejos.com.ar\/2021\/wp-json\/wp\/v2\/posts\/70589\/revisions"}],"predecessor-version":[{"id":70592,"href":"https:\/\/www.noticiasradioreflejos.com.ar\/2021\/wp-json\/wp\/v2\/posts\/70589\/revisions\/70592"}],"wp:attachment":[{"href":"https:\/\/www.noticiasradioreflejos.com.ar\/2021\/wp-json\/wp\/v2\/media?parent=70589"}],"wp:term":[{"taxonomy":"category","embeddable":true,"href":"https:\/\/www.noticiasradioreflejos.com.ar\/2021\/wp-json\/wp\/v2\/categories?post=70589"},{"taxonomy":"post_tag","embeddable":true,"href":"https:\/\/www.noticiasradioreflejos.com.ar\/2021\/wp-json\/wp\/v2\/tags?post=70589"}],"curies":[{"name":"wp","href":"https:\/\/api.w.org\/{rel}","templated":true}]}}