{"id":70586,"date":"2022-04-12T21:18:41","date_gmt":"2022-04-12T21:18:41","guid":{"rendered":"http:\/\/www.noticiasradioreflejos.com.ar\/2021\/?p=70586"},"modified":"2022-04-12T21:18:41","modified_gmt":"2022-04-12T21:18:41","slug":"aseguran-que-el-cambio-climatico-incremento-las-lluvias","status":"publish","type":"post","link":"https:\/\/www.noticiasradioreflejos.com.ar\/2021\/aseguran-que-el-cambio-climatico-incremento-las-lluvias\/","title":{"rendered":"Aseguran que el cambio clim\u00e1tico increment\u00f3 las lluvias"},"content":{"rendered":"<p>El dato surge de un estudio publicado en la revista Nature y realizado por cient\u00edficos de la Universidad de Stony Brook, en Estados Unidos, que estudiaron las precipitaciones que se produjeron en el Oc\u00e9ano Atl\u00e1ntico Norte durante la temporada de ciclones.<!--more--><\/p>\n<figure class=\"mb-3\"><img decoding=\"async\" src=\"https:\/\/www.telam.com.ar\/thumbs\/bluesteel\/advf\/imagenes\/2021\/10\/616756b70bec9_900.jpg\" alt=\"Una imagen satelital del huracn Pamela que alcanz una velocidad de 120 kilmetros por hora \" width=\"100%\" height=\"100%\" \/><\/p>\n<div class=\"media-icons\"><\/div><figcaption>Una imagen satelital del hurac\u00e1n Pamela, que alcanz\u00f3 una velocidad de 120 kil\u00f3metros por hora.<\/figcaption><\/figure>\n<p>El\u00a0<strong>cambio clim\u00e1tico provoc\u00f3 un aumento de entre el 5% y el 10% de las precipitaciones lluviosas durante la temporada cicl\u00f3nica<\/strong>\u00a0en el oc\u00e9ano Atl\u00e1ntico norte en 2020, seg\u00fan un estudio publicado hoy.<\/p>\n<p>Durante la temporada se registraron un total de\u00a0<strong>30 tempestades o huracanes<\/strong>, de los cuales doce tocaron tierra en Estados Unidos y provocaron decenas de miles de millones de d\u00f3lares en da\u00f1os.<\/p>\n<p>Los cient\u00edficos del estudio, publicado en la revista Nature, compararon las precipitaciones generadas durante esos episodios meteorol\u00f3gicos con modelos que supuestamente indican la cantidad de lluvia que hubiera ca\u00eddo sin cambio clim\u00e1tico.<\/p>\n<p>\u00abLa conclusi\u00f3n principal de nuestro estudio es que el cambio clim\u00e1tico provocado por el hombre aument\u00f3 las lluvias extremas asociadas a la temporada de los huracanes entre un 5 y un 10%\u00bb, explic\u00f3 a la agencia de noticias AFP el autor principal, Kevin Reed, de la\u00a0<strong>Universidad de Stony Brook, en Estados Unidos.<\/strong><\/p>\n<p>El estudio analiza en particular los episodios de diluvio durante un periodo corto de tiempo, y la lluvia continua (menos intensa) durante un lapso m\u00e1s largo.<\/p>\n<p>&nbsp;<\/p>\n<figure class=\"mb-3\"><img decoding=\"async\" src=\"https:\/\/www.telam.com.ar\/thumbs\/bluesteel\/advf\/imagenes\/2020\/11\/5fa532ebf3ebb_900.jpg\" alt=\"Telam SE\" width=\"100%\" height=\"100%\" \/><\/p>\n<div class=\"media-icons\"><\/div><figcaption><\/figcaption><\/figure>\n<p>En t\u00e9rminos globales, para el conjunto de la temporada cicl\u00f3nica,\u00a0<strong>el cambio clim\u00e1tico aument\u00f3 en un 5% el volumen de lluvia que cay\u00f3 en los tres peores d\u00edas,<\/strong>\u00a0y en un 10% la lluvia que cay\u00f3 en las tres horas m\u00e1s intensas, respecto a los datos que se ten\u00edan de 1850.<\/p>\n<p>Las cifras \u00abno son sorprendentes\u00bb si se tiene en cuenta que la concentraci\u00f3n de humedad en la atm\u00f3sfera aumenta un 7% por grado cent\u00edgrado, explica el estudio.<\/p>\n<p>En el caso de los<strong>\u00a0huracanes<\/strong>, el<strong>\u00a0impacto del cambio clim\u00e1tico es a\u00fan m\u00e1s importante, con un alza del 8% (en los tres d\u00edas de mayor precipitaci\u00f3n) y del 11% (en las tres horas de peores registros),<\/strong>\u00a0lo que significa \u00abcerca del doble\u00bb de lo que esperaban los cient\u00edficos.<\/p>\n<p>Las tempestades y huracanes se forman por la combinaci\u00f3n de la humedad y la temperatura de la superficie marina.<\/p>\n<p>Un gran n\u00famero de esas tempestades se formaron en 2020 cuando la temperatura en el Atl\u00e1ntico norte era superior a 27\u00baC, es decir, entre 0,4 y 0,9\u00b0C m\u00e1s que en la era preindustrial.<\/p>\n<p>A causa de las emisiones de gas de efecto invernadero,\u00a0<strong>la temperatura media del planeta aument\u00f3 aproximadamente en un +1,1\u00b0C respecto a la era preindustrial.<\/strong><\/p>\n","protected":false},"excerpt":{"rendered":"<p>El dato surge de un estudio publicado en la revista Nature y realizado por cient\u00edficos de la Universidad de Stony Brook, en Estados Unidos, que estudiaron las precipitaciones que se produjeron en el Oc\u00e9ano Atl\u00e1ntico Norte durante la temporada de ciclones.<\/p>\n","protected":false},"author":3,"featured_media":0,"comment_status":"closed","ping_status":"closed","sticky":false,"template":"","format":"standard","meta":{"footnotes":""},"categories":[46],"tags":[],"class_list":["post-70586","post","type-post","status-publish","format-standard","hentry","category-ciencia-y-tecnologia"],"yoast_head":"<!-- This site is optimized with the Yoast SEO plugin v25.9 - https:\/\/yoast.com\/wordpress\/plugins\/seo\/ -->\n<title>Aseguran que el cambio clim\u00e1tico increment\u00f3 las lluvias - Noticias Radio Reflejos<\/title>\n<meta name=\"robots\" content=\"index, follow, max-snippet:-1, max-image-preview:large, max-video-preview:-1\" \/>\n<link rel=\"canonical\" href=\"https:\/\/www.noticiasradioreflejos.com.ar\/2021\/aseguran-que-el-cambio-climatico-incremento-las-lluvias\/\" \/>\n<meta property=\"og:locale\" content=\"es_ES\" \/>\n<meta property=\"og:type\" content=\"article\" \/>\n<meta property=\"og:title\" content=\"Aseguran que el cambio clim\u00e1tico increment\u00f3 las lluvias - Noticias Radio Reflejos\" \/>\n<meta property=\"og:description\" content=\"El dato surge de un estudio publicado en la revista Nature y realizado por cient\u00edficos de la Universidad de Stony Brook, en Estados Unidos, que estudiaron las precipitaciones que se produjeron en el Oc\u00e9ano Atl\u00e1ntico Norte durante la temporada de ciclones.\" \/>\n<meta property=\"og:url\" content=\"https:\/\/www.noticiasradioreflejos.com.ar\/2021\/aseguran-que-el-cambio-climatico-incremento-las-lluvias\/\" \/>\n<meta property=\"og:site_name\" content=\"Noticias Radio Reflejos\" \/>\n<meta property=\"article:published_time\" content=\"2022-04-12T21:18:41+00:00\" \/>\n<meta property=\"og:image\" content=\"https:\/\/www.telam.com.ar\/thumbs\/bluesteel\/advf\/imagenes\/2021\/10\/616756b70bec9_900.jpg\" \/>\n<meta name=\"author\" content=\"Arnaldo Botto\" \/>\n<meta name=\"twitter:card\" content=\"summary_large_image\" \/>\n<script type=\"application\/ld+json\" class=\"yoast-schema-graph\">{\"@context\":\"https:\/\/schema.org\",\"@graph\":[{\"@type\":\"WebPage\",\"@id\":\"https:\/\/www.noticiasradioreflejos.com.ar\/2021\/aseguran-que-el-cambio-climatico-incremento-las-lluvias\/\",\"url\":\"https:\/\/www.noticiasradioreflejos.com.ar\/2021\/aseguran-que-el-cambio-climatico-incremento-las-lluvias\/\",\"name\":\"Aseguran que el cambio clim\u00e1tico increment\u00f3 las lluvias - Noticias Radio Reflejos\",\"isPartOf\":{\"@id\":\"https:\/\/www.noticiasradioreflejos.com.ar\/2021\/#website\"},\"primaryImageOfPage\":{\"@id\":\"https:\/\/www.noticiasradioreflejos.com.ar\/2021\/aseguran-que-el-cambio-climatico-incremento-las-lluvias\/#primaryimage\"},\"image\":{\"@id\":\"https:\/\/www.noticiasradioreflejos.com.ar\/2021\/aseguran-que-el-cambio-climatico-incremento-las-lluvias\/#primaryimage\"},\"thumbnailUrl\":\"https:\/\/www.telam.com.ar\/thumbs\/bluesteel\/advf\/imagenes\/2021\/10\/616756b70bec9_900.jpg\",\"datePublished\":\"2022-04-12T21:18:41+00:00\",\"author\":{\"@id\":\"https:\/\/www.noticiasradioreflejos.com.ar\/2021\/#\/schema\/person\/ad82545263dcc5ec0996818884fd5fb1\"},\"breadcrumb\":{\"@id\":\"https:\/\/www.noticiasradioreflejos.com.ar\/2021\/aseguran-que-el-cambio-climatico-incremento-las-lluvias\/#breadcrumb\"},\"inLanguage\":\"es\",\"potentialAction\":[{\"@type\":\"ReadAction\",\"target\":[\"https:\/\/www.noticiasradioreflejos.com.ar\/2021\/aseguran-que-el-cambio-climatico-incremento-las-lluvias\/\"]}]},{\"@type\":\"ImageObject\",\"inLanguage\":\"es\",\"@id\":\"https:\/\/www.noticiasradioreflejos.com.ar\/2021\/aseguran-que-el-cambio-climatico-incremento-las-lluvias\/#primaryimage\",\"url\":\"https:\/\/www.telam.com.ar\/thumbs\/bluesteel\/advf\/imagenes\/2021\/10\/616756b70bec9_900.jpg\",\"contentUrl\":\"https:\/\/www.telam.com.ar\/thumbs\/bluesteel\/advf\/imagenes\/2021\/10\/616756b70bec9_900.jpg\"},{\"@type\":\"BreadcrumbList\",\"@id\":\"https:\/\/www.noticiasradioreflejos.com.ar\/2021\/aseguran-que-el-cambio-climatico-incremento-las-lluvias\/#breadcrumb\",\"itemListElement\":[{\"@type\":\"ListItem\",\"position\":1,\"name\":\"Portada\",\"item\":\"https:\/\/www.noticiasradioreflejos.com.ar\/2021\/\"},{\"@type\":\"ListItem\",\"position\":2,\"name\":\"Aseguran que el cambio clim\u00e1tico increment\u00f3 las lluvias\"}]},{\"@type\":\"WebSite\",\"@id\":\"https:\/\/www.noticiasradioreflejos.com.ar\/2021\/#website\",\"url\":\"https:\/\/www.noticiasradioreflejos.com.ar\/2021\/\",\"name\":\"Noticias Radio Reflejos\",\"description\":\"Las noticias de mi comarca\",\"potentialAction\":[{\"@type\":\"SearchAction\",\"target\":{\"@type\":\"EntryPoint\",\"urlTemplate\":\"https:\/\/www.noticiasradioreflejos.com.ar\/2021\/?s={search_term_string}\"},\"query-input\":{\"@type\":\"PropertyValueSpecification\",\"valueRequired\":true,\"valueName\":\"search_term_string\"}}],\"inLanguage\":\"es\"},{\"@type\":\"Person\",\"@id\":\"https:\/\/www.noticiasradioreflejos.com.ar\/2021\/#\/schema\/person\/ad82545263dcc5ec0996818884fd5fb1\",\"name\":\"Arnaldo Botto\",\"image\":{\"@type\":\"ImageObject\",\"inLanguage\":\"es\",\"@id\":\"https:\/\/www.noticiasradioreflejos.com.ar\/2021\/#\/schema\/person\/image\/\",\"url\":\"https:\/\/secure.gravatar.com\/avatar\/55cb5e37c1efa326397366e6974cb338056df65cb50e7d64d1cf314e87504837?s=96&d=mm&r=g\",\"contentUrl\":\"https:\/\/secure.gravatar.com\/avatar\/55cb5e37c1efa326397366e6974cb338056df65cb50e7d64d1cf314e87504837?s=96&d=mm&r=g\",\"caption\":\"Arnaldo Botto\"},\"url\":\"https:\/\/www.noticiasradioreflejos.com.ar\/2021\/author\/arnaldo\/\"}]}<\/script>\n<!-- \/ Yoast SEO plugin. -->","yoast_head_json":{"title":"Aseguran que el cambio clim\u00e1tico increment\u00f3 las lluvias - Noticias Radio Reflejos","robots":{"index":"index","follow":"follow","max-snippet":"max-snippet:-1","max-image-preview":"max-image-preview:large","max-video-preview":"max-video-preview:-1"},"canonical":"https:\/\/www.noticiasradioreflejos.com.ar\/2021\/aseguran-que-el-cambio-climatico-incremento-las-lluvias\/","og_locale":"es_ES","og_type":"article","og_title":"Aseguran que el cambio clim\u00e1tico increment\u00f3 las lluvias - Noticias Radio Reflejos","og_description":"El dato surge de un estudio publicado en la revista Nature y realizado por cient\u00edficos de la Universidad de Stony Brook, en Estados Unidos, que estudiaron las precipitaciones que se produjeron en el Oc\u00e9ano Atl\u00e1ntico Norte durante la temporada de ciclones.","og_url":"https:\/\/www.noticiasradioreflejos.com.ar\/2021\/aseguran-que-el-cambio-climatico-incremento-las-lluvias\/","og_site_name":"Noticias Radio Reflejos","article_published_time":"2022-04-12T21:18:41+00:00","og_image":[{"url":"https:\/\/www.telam.com.ar\/thumbs\/bluesteel\/advf\/imagenes\/2021\/10\/616756b70bec9_900.jpg","type":"","width":"","height":""}],"author":"Arnaldo Botto","twitter_card":"summary_large_image","schema":{"@context":"https:\/\/schema.org","@graph":[{"@type":"WebPage","@id":"https:\/\/www.noticiasradioreflejos.com.ar\/2021\/aseguran-que-el-cambio-climatico-incremento-las-lluvias\/","url":"https:\/\/www.noticiasradioreflejos.com.ar\/2021\/aseguran-que-el-cambio-climatico-incremento-las-lluvias\/","name":"Aseguran que el cambio clim\u00e1tico increment\u00f3 las lluvias - Noticias Radio Reflejos","isPartOf":{"@id":"https:\/\/www.noticiasradioreflejos.com.ar\/2021\/#website"},"primaryImageOfPage":{"@id":"https:\/\/www.noticiasradioreflejos.com.ar\/2021\/aseguran-que-el-cambio-climatico-incremento-las-lluvias\/#primaryimage"},"image":{"@id":"https:\/\/www.noticiasradioreflejos.com.ar\/2021\/aseguran-que-el-cambio-climatico-incremento-las-lluvias\/#primaryimage"},"thumbnailUrl":"https:\/\/www.telam.com.ar\/thumbs\/bluesteel\/advf\/imagenes\/2021\/10\/616756b70bec9_900.jpg","datePublished":"2022-04-12T21:18:41+00:00","author":{"@id":"https:\/\/www.noticiasradioreflejos.com.ar\/2021\/#\/schema\/person\/ad82545263dcc5ec0996818884fd5fb1"},"breadcrumb":{"@id":"https:\/\/www.noticiasradioreflejos.com.ar\/2021\/aseguran-que-el-cambio-climatico-incremento-las-lluvias\/#breadcrumb"},"inLanguage":"es","potentialAction":[{"@type":"ReadAction","target":["https:\/\/www.noticiasradioreflejos.com.ar\/2021\/aseguran-que-el-cambio-climatico-incremento-las-lluvias\/"]}]},{"@type":"ImageObject","inLanguage":"es","@id":"https:\/\/www.noticiasradioreflejos.com.ar\/2021\/aseguran-que-el-cambio-climatico-incremento-las-lluvias\/#primaryimage","url":"https:\/\/www.telam.com.ar\/thumbs\/bluesteel\/advf\/imagenes\/2021\/10\/616756b70bec9_900.jpg","contentUrl":"https:\/\/www.telam.com.ar\/thumbs\/bluesteel\/advf\/imagenes\/2021\/10\/616756b70bec9_900.jpg"},{"@type":"BreadcrumbList","@id":"https:\/\/www.noticiasradioreflejos.com.ar\/2021\/aseguran-que-el-cambio-climatico-incremento-las-lluvias\/#breadcrumb","itemListElement":[{"@type":"ListItem","position":1,"name":"Portada","item":"https:\/\/www.noticiasradioreflejos.com.ar\/2021\/"},{"@type":"ListItem","position":2,"name":"Aseguran que el cambio clim\u00e1tico increment\u00f3 las lluvias"}]},{"@type":"WebSite","@id":"https:\/\/www.noticiasradioreflejos.com.ar\/2021\/#website","url":"https:\/\/www.noticiasradioreflejos.com.ar\/2021\/","name":"Noticias Radio Reflejos","description":"Las noticias de mi comarca","potentialAction":[{"@type":"SearchAction","target":{"@type":"EntryPoint","urlTemplate":"https:\/\/www.noticiasradioreflejos.com.ar\/2021\/?s={search_term_string}"},"query-input":{"@type":"PropertyValueSpecification","valueRequired":true,"valueName":"search_term_string"}}],"inLanguage":"es"},{"@type":"Person","@id":"https:\/\/www.noticiasradioreflejos.com.ar\/2021\/#\/schema\/person\/ad82545263dcc5ec0996818884fd5fb1","name":"Arnaldo Botto","image":{"@type":"ImageObject","inLanguage":"es","@id":"https:\/\/www.noticiasradioreflejos.com.ar\/2021\/#\/schema\/person\/image\/","url":"https:\/\/secure.gravatar.com\/avatar\/55cb5e37c1efa326397366e6974cb338056df65cb50e7d64d1cf314e87504837?s=96&d=mm&r=g","contentUrl":"https:\/\/secure.gravatar.com\/avatar\/55cb5e37c1efa326397366e6974cb338056df65cb50e7d64d1cf314e87504837?s=96&d=mm&r=g","caption":"Arnaldo Botto"},"url":"https:\/\/www.noticiasradioreflejos.com.ar\/2021\/author\/arnaldo\/"}]}},"_links":{"self":[{"href":"https:\/\/www.noticiasradioreflejos.com.ar\/2021\/wp-json\/wp\/v2\/posts\/70586","targetHints":{"allow":["GET"]}}],"collection":[{"href":"https:\/\/www.noticiasradioreflejos.com.ar\/2021\/wp-json\/wp\/v2\/posts"}],"about":[{"href":"https:\/\/www.noticiasradioreflejos.com.ar\/2021\/wp-json\/wp\/v2\/types\/post"}],"author":[{"embeddable":true,"href":"https:\/\/www.noticiasradioreflejos.com.ar\/2021\/wp-json\/wp\/v2\/users\/3"}],"replies":[{"embeddable":true,"href":"https:\/\/www.noticiasradioreflejos.com.ar\/2021\/wp-json\/wp\/v2\/comments?post=70586"}],"version-history":[{"count":1,"href":"https:\/\/www.noticiasradioreflejos.com.ar\/2021\/wp-json\/wp\/v2\/posts\/70586\/revisions"}],"predecessor-version":[{"id":70588,"href":"https:\/\/www.noticiasradioreflejos.com.ar\/2021\/wp-json\/wp\/v2\/posts\/70586\/revisions\/70588"}],"wp:attachment":[{"href":"https:\/\/www.noticiasradioreflejos.com.ar\/2021\/wp-json\/wp\/v2\/media?parent=70586"}],"wp:term":[{"taxonomy":"category","embeddable":true,"href":"https:\/\/www.noticiasradioreflejos.com.ar\/2021\/wp-json\/wp\/v2\/categories?post=70586"},{"taxonomy":"post_tag","embeddable":true,"href":"https:\/\/www.noticiasradioreflejos.com.ar\/2021\/wp-json\/wp\/v2\/tags?post=70586"}],"curies":[{"name":"wp","href":"https:\/\/api.w.org\/{rel}","templated":true}]}}