{"id":70578,"date":"2022-04-12T20:27:07","date_gmt":"2022-04-12T20:27:07","guid":{"rendered":"http:\/\/www.noticiasradioreflejos.com.ar\/2021\/?p=70578"},"modified":"2022-04-12T20:28:02","modified_gmt":"2022-04-12T20:28:02","slug":"llamado-a-concurso-para-la-cobertura-de-catedras-del-isfd-yt-n162","status":"publish","type":"post","link":"https:\/\/www.noticiasradioreflejos.com.ar\/2021\/llamado-a-concurso-para-la-cobertura-de-catedras-del-isfd-yt-n162\/","title":{"rendered":"Llamado a concurso para la cobertura de c\u00e1tedras del ISFD y T \u00a0N\u00b0162"},"content":{"rendered":"<p>El I.S.F.D.y T N\u00b0162 de Tornquist\u00a0 a trav\u00e9s de la Secretaria de Asuntos Docentes de Tornquist llama a concursos docentes, provisionales y suplentes, para las asignaturas de Carreras T\u00e9cnicas y Docentes que se dictan en las sedes de Tornquist, Sierra de la Ventana y Saldungaray, seg\u00fan el siguiente cronograma y detalle de materias:<!--more--><\/p>\n<p>CORRESPONDE A LAS RESOLUCIONES DE COBERTURA DE CATEDRAS: 5886\/03; 1161\/20; Y LA DISPOSICI\u00d3N 30\/05 (ORIENTACIONES PARA LA CONFECCI\u00d3N DE LA PROPUESTA PEDAG\u00d3GICA)<\/p>\n<h4><u>CONSULTAS:<\/u><\/h4>\n<p>Presencial: DE LUNES A VIERNES, 18 a 21 hs<\/p>\n<p>Direcci\u00f3n: ISFDyTN\u00b0162, Av. E. Tornquist 319, Tornquist. Mail: <a href=\"mailto:isfd162concursos@gmail.com\">isfd162concursos@gmail.com<\/a><\/p>\n<p>&nbsp;<\/p>\n<h4><u>INSCRIPCION UNICAMENTE PRESENCIAL:<\/u><\/h4>\n<p>ISFDyTN\u00b0162, Av. E. Tornquist 319, SEDE TORNQUIST.<\/p>\n<p>Horario: 18.30 a 21 hs<\/p>\n<p><strong><u>CRONOGRAMA <\/u><\/strong>(seg\u00fan pautas establecidas en la Res. 1161\/20)<\/p>\n<p>&nbsp;<\/p>\n<ul>\n<li><strong><u>DIFUSION E INSCRIPCION:<\/u><\/strong> 12\/4\/2022 al 22\/4\/2022<\/li>\n<li>Recusaci\u00f3n\/excusaci\u00f3n: desde 25\/4\/2022 al 27\/4\/2022<\/li>\n<li>Notificaci\u00f3n de aspirantes que no re\u00fanen las condiciones: 29\/3\/2022<\/li>\n<li>Fecha de entrevista: a La misma ser\u00e1 en horario de 18 a 22 hs y se avisar\u00e1 a los postulantes con 72 hs o m\u00e1s de antelaci\u00f3n. Modalidad de entrevista: PRESENCIAL<\/li>\n<\/ul>\n<p>&nbsp;<\/p>\n<h4><u>PAUTAS OBLIGATORIAS PARA LA INSCRIPCION:<\/u><\/h4>\n<p><strong><u>Propuesta pedag\u00f3gica:<\/u><\/strong><\/p>\n<ul>\n<li>Se entrega en sobre papel madera CERRADO, donde deber\u00e1 colocarse por fuera del mismo: Nombre del postulante, DNI, Asignatura, Carrera y A\u00f1o para la que se<\/li>\n<li>Se sugiere realizar la propuesta seg\u00fan el formato sugerido en la disposici\u00f3n 30\/05 (solicitar en ISFDyT N\u00b0162)<\/li>\n<li>Es obligatorio que la propuesta siga el Dise\u00f1o Curricular (Resoluci\u00f3n) de la carrera para la que se postula (se aclara en cada carrera).<\/li>\n<\/ul>\n<h4><u>Curr\u00edculum vitae:<\/u><\/h4>\n<ul>\n<li>Se entrega en sobre papel madera ABIERTO, donde deber\u00e1 colocarse por fuera del mismo: Nombre del postulante, DNI, Asignatura, Carrera y A\u00f1o para la que se<\/li>\n<li>\u00danicamente se acepta CV en formato del Anexo III de la 5886\/03. <u>En papel<\/u>.<\/li>\n<li>Solo se aceptar\u00e1n CV acompa\u00f1ados de certificaciones en formato de fotocopias <u>autenticadas<\/u> (este tr\u00e1mite se realiza en cualquier instituci\u00f3n educativa). No olvidar presentar: fotocopias del DNI, T\u00edtulo, Certificaci\u00f3n de servicios, \u00faltimas dos calificaciones del nivel superior si las tuviera y<\/li>\n<li><strong>Aclaraci\u00f3n importante<\/strong>: el \u00edtem del formulario Anexo III correspondiente a la inscripci\u00f3n en el listado 108, se refiere <u>exclusivamente<\/u> al listado para Nivel Superior. Se considera que <u>SI est\u00e1<\/u> <u>inscripto<\/u>, si el postulante figura en el listado 108 para nivel Superior, para el periodo vigente al momento de la postulaci\u00f3n. En caso de no estar inscripto tachar \u201cSI\u201d en dicho formulario.<\/li>\n<\/ul>\n<p>&nbsp;<\/p>\n<h4>\u00a0Recordamos que no se inscribe a personas sin t\u00edtulo o t\u00edtulo de base en tr\u00e1mite.<\/h4>\n<p>&nbsp;<\/p>\n<p><strong>CARRERAS Y ASIGNATURAS A CONCURSO:<\/strong><\/p>\n<p><strong>\u00a0<\/strong><\/p>\n<p>MODALIDAD: <strong>SEMIPRESENCIAL &#8211; <\/strong>Motivo: Carrera de posgrado a ciclo cerrado.<\/p>\n<p>D\u00edas y horario de clase: a designar &#8211;<\/p>\n<p>Sede: <strong><u>TORNQUIST<\/u><\/strong><strong>\u00a0<\/strong><\/p>\n<p>1.A- ASIGNATURA: <strong>AUTOMATIZACION DE PROCESOS Y SERVICIOS<\/strong><\/p>\n<p>CARGA HORARIA: <strong>2 m\u00f3dulos &#8211; <\/strong>SITUACI\u00d3N DE REVISTA: <strong>PROVISIONAL<\/strong><strong>\u00a0<\/strong><\/p>\n<p>1.B- ASIGNATURA: <strong>DESCRIPCION DOCUMENTAL ESPECIALIZADA EN EDUCACI\u00d3N<\/strong><\/p>\n<p>CARGA HORARIA: <strong>3 m\u00f3dulos &#8211; <\/strong>SITUACI\u00d3N DE REVISTA: <strong>PROVISIONAL<\/strong><strong>\u00a0<\/strong><\/p>\n<p>1.C- ASIGNATURA: <strong>GESTION DE UNIDADES DE INFORMACI\u00d3N EDUCATIVA<\/strong><\/p>\n<p>CARGA HORARIA: <strong>2 m\u00f3dulos &#8211; <\/strong>SITUACI\u00d3N DE REVISTA: <strong>PROVISIONAL<\/strong><strong>\u00a0<\/strong><\/p>\n<p>1.D- ASIGNATURA: <strong>ESPACIO DE LA PR\u00c1CTICA<\/strong><\/p>\n<p>CARGA HORARIA: <strong>3 m\u00f3dulos &#8211; <\/strong>SITUACI\u00d3N DE REVISTA: <strong>PROVISIONAL<\/strong><\/p>\n<p>&nbsp;<\/p>\n<p>3-MODALIDAD: <strong>PRESENCIAL- <\/strong><\/p>\n<p>Motivo: Carrera a ciclo cerrado. D\u00edas y horario de clase: a designar<\/p>\n<p>Sede: <strong><u>SALDUNGARAY<\/u><\/strong><strong>\u00a0<\/strong><\/p>\n<p><strong>2.A- ASIGNATURA: EDUCACION FISICA ESCOLAR + TALLER INTEGRADOR INTERDISCIPLINARIO (TAIN).<\/strong>CARGA HORARIA: <strong>2 m\u00f3dulos (asignatura) + 1 m\u00f3dulo (TAIN) &#8211; <\/strong>SITUACI\u00d3N DE REVISTA: <strong>PROVISIONAL<\/strong><strong>\u00a0<\/strong><\/p>\n<p><strong>2.B- ASIGNATURA: POLITICA LEGISLACION Y ADMINISTRACION DEL TRABAJO + TALLER INTEGRADOR INTERDISCIPLINARIO (TAIN).<\/strong>CARGA HORARIA: <strong>2 m\u00f3dulos (asignatura) + 1 m\u00f3dulo (TAIN) &#8211; <\/strong>SITUACI\u00d3N DE REVISTA: <strong>PROVISIONAL<\/strong><\/p>\n<p>4-MODALIDAD: <strong>PRESENCIAL- <\/strong>Motivo: Carrera a ciclo cerrado. D\u00edas y horario de clase: a designar<\/p>\n<p>&nbsp;<\/p>\n<p>Sede: <strong><u>SIERRA DE LA VENTANA<\/u><\/strong><strong>\u00a0<\/strong>3.A- ASIGNATURA: ASPECTOS BIO\u00c9TICOS Y LEGALES DE LA PROFESI\u00d3N CARGA HORARIA: <strong>1 m\u00f3dulo &#8211; <\/strong>SITUACI\u00d3N DE REVISTA: <strong>PROVISIONAL<\/strong><strong>\u00a0<\/strong><\/p>\n<p>3.B- ASIGNATURA: <strong>ENFERMERIA COMUNITARIA Y PRACTICA EDUCATIVA EN SALUD<\/strong><\/p>\n<p>CARGA HORARIA: <strong>2 m\u00f3dulos &#8211; <\/strong>SITUACI\u00d3N DE REVISTA: <strong>PROVISIONAL<\/strong><strong>\u00a0<\/strong><\/p>\n<p>3.C- ASIGNATURA: <strong>ENFERMERIA DEL ADULTO Y ADULTO MAYOR<\/strong><\/p>\n<p>CARGA HORARIA: <strong>2 m\u00f3dulos &#8211; <\/strong>SITUACI\u00d3N DE REVISTA: <strong>PROVISIONAL<\/strong><strong>\u00a0<\/strong><\/p>\n<p>3.D- ASIGNATURA: <strong>ENFERMERIA DE EMERGENCIAS Y CATASTROFES<\/strong><\/p>\n<p>CARGA HORARIA: <strong>1 m\u00f3dulo &#8211; <\/strong>SITUACI\u00d3N DE REVISTA: <strong>PROVISIONAL<\/strong><\/p>\n<p>5- MODALIDAD: <strong>PRESENCIAL- <\/strong>Motivo: Carrera a ciclo cerrado. D\u00edas y horario de clase: a designar<\/p>\n<p>Sede: <strong><u>TORNQUIST<\/u><\/strong><strong>\u00a0<\/strong><\/p>\n<p><strong>4.A- ASIGNATURA: CORPOREIDAD Y MOTRICIDAD + TALLER INTEGRADOR INTERDISCIPLINARIO (TAIN).<\/strong><\/p>\n<p>CARGA HORARIA: <strong>1 m\u00f3dulo (asignatura) Y 1 m\u00f3dulo TAIN &#8211; <\/strong>SITUACI\u00d3N DE REVISTA: <strong>PROVISIONAL<\/strong><strong>\u00a0<\/strong><\/p>\n<p><strong>4.B- ASIGNATURA: DIDACTICA DE LAS MATEMATICAS I + TALLER INTEGRADOR INTERDISCIPLINARIO (TAIN).<\/strong><\/p>\n<p>CARGA HORARIA: <strong>2 m\u00f3dulos (asignatura) + 1 m\u00f3dulo TAIN &#8211; <\/strong>SITUACI\u00d3N DE REVISTA: <strong>PROVISIONAL<\/strong><\/p>\n<p><strong>\u00a0<\/strong><strong>4.C- ASIGNATURA: PRACTICA ESPECIALISTA + TALLER INTEGRADOR INTERDISCIPLINARIO (TAIN).<\/strong><\/p>\n<p>CARGA HORARIA: <strong>2 m\u00f3dulos (asignatura) Y 1 m\u00f3dulo TAIN &#8211; <\/strong>SITUACI\u00d3N DE REVISTA: <strong>PROVISIONAL<\/strong><strong>\u00a0<\/strong><strong>\u00a0<\/strong><\/p>\n<p>6- MODALIDAD: <strong>PRESENCIAL- <\/strong>Motivo: Carrera a ciclo cerrado. D\u00edas y horario de clase: a designar<\/p>\n<p>Sede: <strong><u>TORNQUIST<\/u><\/strong><strong>\u00a0<\/strong><\/p>\n<p>5.A- ASIGNATURA: <strong>EDUCACION PARA LA DIVERSIDAD<\/strong>CARGA HORARIA: <strong>2 m\u00f3dulos &#8211; <\/strong>SITUACI\u00d3N DE REVISTA: <strong>PROVISIONAL<\/strong><\/p>\n<p><strong>\u00a0<\/strong>5.B- ASIGNATURA: <strong>LA EVALUACION DE LOS APRENDIZAJES<\/strong>CARGA HORARIA: <strong>2 m\u00f3dulos &#8211; <\/strong>SITUACI\u00d3N DE REVISTA: <strong>PROVISIONAL<\/strong><\/p>\n<p>7- MODALIDAD: <strong>PRESENCIAL- <\/strong>Motivo: Carrera a ciclo cerrado. D\u00edas y horario de clase: a designar<\/p>\n<p>Sede: <strong><u>TORNQUIST<\/u><\/strong><\/p>\n<p><strong>\u00a0<\/strong>6.A- ASIGNATURA: <strong>BASES NEUROLOGICAS DEL APRENDIAJE<\/strong><\/p>\n<p>CARGA HORARIA: <strong>2 m\u00f3dulos &#8211; <\/strong>SITUACI\u00d3N DE REVISTA: <strong>PROVISIONAL<\/strong><\/p>\n<p>Sede: <strong><u>TORNQUIST<\/u><\/strong><strong>\u00a0<\/strong><\/p>\n<p>7.A- ASIGNATURA: <strong>ESPACIO DE DEFINICION INSTITUCIONAL. TEMA: BIOGEOGRAF\u00cdA<\/strong><\/p>\n<p>CARGA HORARIA: <strong>2 m\u00f3dulos &#8211;<\/strong>SITUACI\u00d3N DE REVISTA: <strong>PROVISIONAL<\/strong><strong>\u00a0<\/strong><strong>\u00a0<\/strong><\/p>\n<table>\n<tbody>\n<tr>\n<td colspan=\"7\" width=\"715\"><strong>7- CARRERA: PROFESORADO DE SECUNDARIA EN BIOLOG\u00cdA- A\u00d1O: 4\u00b0 &#8211; Res. Carrera N\u00b0 13259-99,<\/strong><\/p>\n<p><strong>Modificada por Res. N\u00b0 3581-00<\/strong><\/td>\n<\/tr>\n<tr>\n<td width=\"127\">MODALIDAD:<\/td>\n<td width=\"89\"><strong>PRESENCIAL-<\/strong><\/td>\n<td width=\"55\">Motivo:<\/td>\n<td width=\"147\">Carrera a ciclo cerrado<\/td>\n<td width=\"161\">. D\u00edas y horario de clase:<\/td>\n<td width=\"67\">a designar<\/td>\n<td width=\"70\"><\/td>\n<\/tr>\n<\/tbody>\n<\/table>\n","protected":false},"excerpt":{"rendered":"<p>El I.S.F.D.y T N\u00b0162 de Tornquist\u00a0 a trav\u00e9s de la Secretaria de Asuntos Docentes de Tornquist llama a concursos docentes, provisionales y suplentes, para las asignaturas de Carreras T\u00e9cnicas y Docentes que se dictan en las sedes de Tornquist, Sierra de la Ventana y Saldungaray, seg\u00fan el siguiente cronograma y detalle de materias:<\/p>\n","protected":false},"author":3,"featured_media":0,"comment_status":"closed","ping_status":"closed","sticky":false,"template":"","format":"standard","meta":{"footnotes":""},"categories":[34],"tags":[],"class_list":["post-70578","post","type-post","status-publish","format-standard","hentry","category-educacion"],"yoast_head":"<!-- This site is optimized with the Yoast SEO plugin v25.9 - https:\/\/yoast.com\/wordpress\/plugins\/seo\/ -->\n<title>Llamado a concurso para la cobertura de c\u00e1tedras del ISFD y T \u00a0N\u00b0162 - Noticias Radio Reflejos<\/title>\n<meta name=\"robots\" content=\"index, follow, max-snippet:-1, max-image-preview:large, max-video-preview:-1\" \/>\n<link rel=\"canonical\" href=\"https:\/\/www.noticiasradioreflejos.com.ar\/2021\/llamado-a-concurso-para-la-cobertura-de-catedras-del-isfd-yt-n162\/\" \/>\n<meta property=\"og:locale\" content=\"es_ES\" \/>\n<meta property=\"og:type\" content=\"article\" \/>\n<meta property=\"og:title\" content=\"Llamado a concurso para la cobertura de c\u00e1tedras del ISFD y T \u00a0N\u00b0162 - Noticias Radio Reflejos\" \/>\n<meta property=\"og:description\" content=\"El I.S.F.D.y T N\u00b0162 de Tornquist\u00a0 a trav\u00e9s de la Secretaria de Asuntos Docentes de Tornquist llama a concursos docentes, provisionales y suplentes, para las asignaturas de Carreras T\u00e9cnicas y Docentes que se dictan en las sedes de Tornquist, Sierra de la Ventana y Saldungaray, seg\u00fan el siguiente cronograma y detalle de materias:\" \/>\n<meta property=\"og:url\" content=\"https:\/\/www.noticiasradioreflejos.com.ar\/2021\/llamado-a-concurso-para-la-cobertura-de-catedras-del-isfd-yt-n162\/\" \/>\n<meta property=\"og:site_name\" content=\"Noticias Radio Reflejos\" \/>\n<meta property=\"article:published_time\" content=\"2022-04-12T20:27:07+00:00\" \/>\n<meta property=\"article:modified_time\" content=\"2022-04-12T20:28:02+00:00\" \/>\n<meta property=\"og:image\" content=\"https:\/\/www.noticiasradioreflejos.com.ar\/2021\/wp-content\/uploads\/2021\/07\/logosol300x200.png\" \/>\n\t<meta property=\"og:image:width\" content=\"300\" \/>\n\t<meta property=\"og:image:height\" content=\"200\" \/>\n\t<meta property=\"og:image:type\" content=\"image\/png\" \/>\n<meta name=\"author\" content=\"Arnaldo Botto\" \/>\n<meta name=\"twitter:card\" content=\"summary_large_image\" \/>\n<script type=\"application\/ld+json\" class=\"yoast-schema-graph\">{\"@context\":\"https:\/\/schema.org\",\"@graph\":[{\"@type\":\"WebPage\",\"@id\":\"https:\/\/www.noticiasradioreflejos.com.ar\/2021\/llamado-a-concurso-para-la-cobertura-de-catedras-del-isfd-yt-n162\/\",\"url\":\"https:\/\/www.noticiasradioreflejos.com.ar\/2021\/llamado-a-concurso-para-la-cobertura-de-catedras-del-isfd-yt-n162\/\",\"name\":\"Llamado a concurso para la cobertura de c\u00e1tedras del ISFD y T \u00a0N\u00b0162 - Noticias Radio Reflejos\",\"isPartOf\":{\"@id\":\"https:\/\/www.noticiasradioreflejos.com.ar\/2021\/#website\"},\"datePublished\":\"2022-04-12T20:27:07+00:00\",\"dateModified\":\"2022-04-12T20:28:02+00:00\",\"author\":{\"@id\":\"https:\/\/www.noticiasradioreflejos.com.ar\/2021\/#\/schema\/person\/ad82545263dcc5ec0996818884fd5fb1\"},\"breadcrumb\":{\"@id\":\"https:\/\/www.noticiasradioreflejos.com.ar\/2021\/llamado-a-concurso-para-la-cobertura-de-catedras-del-isfd-yt-n162\/#breadcrumb\"},\"inLanguage\":\"es\",\"potentialAction\":[{\"@type\":\"ReadAction\",\"target\":[\"https:\/\/www.noticiasradioreflejos.com.ar\/2021\/llamado-a-concurso-para-la-cobertura-de-catedras-del-isfd-yt-n162\/\"]}]},{\"@type\":\"BreadcrumbList\",\"@id\":\"https:\/\/www.noticiasradioreflejos.com.ar\/2021\/llamado-a-concurso-para-la-cobertura-de-catedras-del-isfd-yt-n162\/#breadcrumb\",\"itemListElement\":[{\"@type\":\"ListItem\",\"position\":1,\"name\":\"Portada\",\"item\":\"https:\/\/www.noticiasradioreflejos.com.ar\/2021\/\"},{\"@type\":\"ListItem\",\"position\":2,\"name\":\"Llamado a concurso para la cobertura de c\u00e1tedras del ISFD y T \u00a0N\u00b0162\"}]},{\"@type\":\"WebSite\",\"@id\":\"https:\/\/www.noticiasradioreflejos.com.ar\/2021\/#website\",\"url\":\"https:\/\/www.noticiasradioreflejos.com.ar\/2021\/\",\"name\":\"Noticias Radio Reflejos\",\"description\":\"Las noticias de mi comarca\",\"potentialAction\":[{\"@type\":\"SearchAction\",\"target\":{\"@type\":\"EntryPoint\",\"urlTemplate\":\"https:\/\/www.noticiasradioreflejos.com.ar\/2021\/?s={search_term_string}\"},\"query-input\":{\"@type\":\"PropertyValueSpecification\",\"valueRequired\":true,\"valueName\":\"search_term_string\"}}],\"inLanguage\":\"es\"},{\"@type\":\"Person\",\"@id\":\"https:\/\/www.noticiasradioreflejos.com.ar\/2021\/#\/schema\/person\/ad82545263dcc5ec0996818884fd5fb1\",\"name\":\"Arnaldo Botto\",\"image\":{\"@type\":\"ImageObject\",\"inLanguage\":\"es\",\"@id\":\"https:\/\/www.noticiasradioreflejos.com.ar\/2021\/#\/schema\/person\/image\/\",\"url\":\"https:\/\/secure.gravatar.com\/avatar\/55cb5e37c1efa326397366e6974cb338056df65cb50e7d64d1cf314e87504837?s=96&d=mm&r=g\",\"contentUrl\":\"https:\/\/secure.gravatar.com\/avatar\/55cb5e37c1efa326397366e6974cb338056df65cb50e7d64d1cf314e87504837?s=96&d=mm&r=g\",\"caption\":\"Arnaldo Botto\"},\"url\":\"https:\/\/www.noticiasradioreflejos.com.ar\/2021\/author\/arnaldo\/\"}]}<\/script>\n<!-- \/ Yoast SEO plugin. -->","yoast_head_json":{"title":"Llamado a concurso para la cobertura de c\u00e1tedras del ISFD y T \u00a0N\u00b0162 - Noticias Radio Reflejos","robots":{"index":"index","follow":"follow","max-snippet":"max-snippet:-1","max-image-preview":"max-image-preview:large","max-video-preview":"max-video-preview:-1"},"canonical":"https:\/\/www.noticiasradioreflejos.com.ar\/2021\/llamado-a-concurso-para-la-cobertura-de-catedras-del-isfd-yt-n162\/","og_locale":"es_ES","og_type":"article","og_title":"Llamado a concurso para la cobertura de c\u00e1tedras del ISFD y T \u00a0N\u00b0162 - Noticias Radio Reflejos","og_description":"El I.S.F.D.y T N\u00b0162 de Tornquist\u00a0 a trav\u00e9s de la Secretaria de Asuntos Docentes de Tornquist llama a concursos docentes, provisionales y suplentes, para las asignaturas de Carreras T\u00e9cnicas y Docentes que se dictan en las sedes de Tornquist, Sierra de la Ventana y Saldungaray, seg\u00fan el siguiente cronograma y detalle de materias:","og_url":"https:\/\/www.noticiasradioreflejos.com.ar\/2021\/llamado-a-concurso-para-la-cobertura-de-catedras-del-isfd-yt-n162\/","og_site_name":"Noticias Radio Reflejos","article_published_time":"2022-04-12T20:27:07+00:00","article_modified_time":"2022-04-12T20:28:02+00:00","og_image":[{"width":300,"height":200,"url":"https:\/\/www.noticiasradioreflejos.com.ar\/2021\/wp-content\/uploads\/2021\/07\/logosol300x200.png","type":"image\/png"}],"author":"Arnaldo Botto","twitter_card":"summary_large_image","schema":{"@context":"https:\/\/schema.org","@graph":[{"@type":"WebPage","@id":"https:\/\/www.noticiasradioreflejos.com.ar\/2021\/llamado-a-concurso-para-la-cobertura-de-catedras-del-isfd-yt-n162\/","url":"https:\/\/www.noticiasradioreflejos.com.ar\/2021\/llamado-a-concurso-para-la-cobertura-de-catedras-del-isfd-yt-n162\/","name":"Llamado a concurso para la cobertura de c\u00e1tedras del ISFD y T \u00a0N\u00b0162 - Noticias Radio Reflejos","isPartOf":{"@id":"https:\/\/www.noticiasradioreflejos.com.ar\/2021\/#website"},"datePublished":"2022-04-12T20:27:07+00:00","dateModified":"2022-04-12T20:28:02+00:00","author":{"@id":"https:\/\/www.noticiasradioreflejos.com.ar\/2021\/#\/schema\/person\/ad82545263dcc5ec0996818884fd5fb1"},"breadcrumb":{"@id":"https:\/\/www.noticiasradioreflejos.com.ar\/2021\/llamado-a-concurso-para-la-cobertura-de-catedras-del-isfd-yt-n162\/#breadcrumb"},"inLanguage":"es","potentialAction":[{"@type":"ReadAction","target":["https:\/\/www.noticiasradioreflejos.com.ar\/2021\/llamado-a-concurso-para-la-cobertura-de-catedras-del-isfd-yt-n162\/"]}]},{"@type":"BreadcrumbList","@id":"https:\/\/www.noticiasradioreflejos.com.ar\/2021\/llamado-a-concurso-para-la-cobertura-de-catedras-del-isfd-yt-n162\/#breadcrumb","itemListElement":[{"@type":"ListItem","position":1,"name":"Portada","item":"https:\/\/www.noticiasradioreflejos.com.ar\/2021\/"},{"@type":"ListItem","position":2,"name":"Llamado a concurso para la cobertura de c\u00e1tedras del ISFD y T \u00a0N\u00b0162"}]},{"@type":"WebSite","@id":"https:\/\/www.noticiasradioreflejos.com.ar\/2021\/#website","url":"https:\/\/www.noticiasradioreflejos.com.ar\/2021\/","name":"Noticias Radio Reflejos","description":"Las noticias de mi comarca","potentialAction":[{"@type":"SearchAction","target":{"@type":"EntryPoint","urlTemplate":"https:\/\/www.noticiasradioreflejos.com.ar\/2021\/?s={search_term_string}"},"query-input":{"@type":"PropertyValueSpecification","valueRequired":true,"valueName":"search_term_string"}}],"inLanguage":"es"},{"@type":"Person","@id":"https:\/\/www.noticiasradioreflejos.com.ar\/2021\/#\/schema\/person\/ad82545263dcc5ec0996818884fd5fb1","name":"Arnaldo Botto","image":{"@type":"ImageObject","inLanguage":"es","@id":"https:\/\/www.noticiasradioreflejos.com.ar\/2021\/#\/schema\/person\/image\/","url":"https:\/\/secure.gravatar.com\/avatar\/55cb5e37c1efa326397366e6974cb338056df65cb50e7d64d1cf314e87504837?s=96&d=mm&r=g","contentUrl":"https:\/\/secure.gravatar.com\/avatar\/55cb5e37c1efa326397366e6974cb338056df65cb50e7d64d1cf314e87504837?s=96&d=mm&r=g","caption":"Arnaldo Botto"},"url":"https:\/\/www.noticiasradioreflejos.com.ar\/2021\/author\/arnaldo\/"}]}},"_links":{"self":[{"href":"https:\/\/www.noticiasradioreflejos.com.ar\/2021\/wp-json\/wp\/v2\/posts\/70578","targetHints":{"allow":["GET"]}}],"collection":[{"href":"https:\/\/www.noticiasradioreflejos.com.ar\/2021\/wp-json\/wp\/v2\/posts"}],"about":[{"href":"https:\/\/www.noticiasradioreflejos.com.ar\/2021\/wp-json\/wp\/v2\/types\/post"}],"author":[{"embeddable":true,"href":"https:\/\/www.noticiasradioreflejos.com.ar\/2021\/wp-json\/wp\/v2\/users\/3"}],"replies":[{"embeddable":true,"href":"https:\/\/www.noticiasradioreflejos.com.ar\/2021\/wp-json\/wp\/v2\/comments?post=70578"}],"version-history":[{"count":2,"href":"https:\/\/www.noticiasradioreflejos.com.ar\/2021\/wp-json\/wp\/v2\/posts\/70578\/revisions"}],"predecessor-version":[{"id":70580,"href":"https:\/\/www.noticiasradioreflejos.com.ar\/2021\/wp-json\/wp\/v2\/posts\/70578\/revisions\/70580"}],"wp:attachment":[{"href":"https:\/\/www.noticiasradioreflejos.com.ar\/2021\/wp-json\/wp\/v2\/media?parent=70578"}],"wp:term":[{"taxonomy":"category","embeddable":true,"href":"https:\/\/www.noticiasradioreflejos.com.ar\/2021\/wp-json\/wp\/v2\/categories?post=70578"},{"taxonomy":"post_tag","embeddable":true,"href":"https:\/\/www.noticiasradioreflejos.com.ar\/2021\/wp-json\/wp\/v2\/tags?post=70578"}],"curies":[{"name":"wp","href":"https:\/\/api.w.org\/{rel}","templated":true}]}}