{"id":70575,"date":"2022-04-12T20:16:34","date_gmt":"2022-04-12T20:16:34","guid":{"rendered":"http:\/\/www.noticiasradioreflejos.com.ar\/2021\/?p=70575"},"modified":"2022-04-12T20:16:34","modified_gmt":"2022-04-12T20:16:34","slug":"adios-querido-palito","status":"publish","type":"post","link":"https:\/\/www.noticiasradioreflejos.com.ar\/2021\/adios-querido-palito\/","title":{"rendered":"Adi\u00f3s querido \u201cPalito\u201d"},"content":{"rendered":"<p>No son d\u00edas f\u00e1ciles para la familia del Automoto Club Deportivo. La partida de Roberto \u201cPalito\u201d Gambirassi dej\u00f3 un vac\u00edo muy dif\u00edcil de llenar. Se fue uno de los s\u00edmbolos indiscutido de la historia azulgrana, goleador de raza durante los primeros campeonatos y uno de los principales impulsores del f\u00fatbol dentro de una entidad que hab\u00eda nacido con otro objetivo.<!--more--><\/p>\n<p>Pas\u00f3 gran parte de su vida en la instituci\u00f3n. Fue jugador, dirigente y un caracterizado simpatizante, que acompa\u00f1\u00f3 al Rojo en todas las canchas y ciudades, entrenamientos y eventos, sin importar la actualidad del equipo o las distancias.<\/p>\n<p>Ese espigado y fino delantero que tantas veces luci\u00f3 la casaca N\u00b0 9 con la franja roja en el pecho es, sin dudas, uno de los m\u00e1s importantes jugadores que pasaron por la entidad a largo de su historia.<\/p>\n<p>De sus pies nacieron goles notables, que llevaron a Automoto a entrar r\u00e1pidamente en la historia grande del f\u00fatbol regional. El tetracampeonato obtenido en sus primeros cuatro a\u00f1os de competencia marc\u00f3 un hito y gener\u00f3 una revoluci\u00f3n dentro del ambiente.<\/p>\n<p>El recordado \u201cPalito\u201d es uno de los futbolistas m\u00e1s ganadores. Fue part\u00edcipe de la mitad de los t\u00edtulos de Automoto: se consagr\u00f3 campe\u00f3n en siete oportunidades. Levant\u00f3 la copa en 1964, \u201965, \u201966, \u201867\u2019, \u201969, \u201971 y \u201972. Todo un s\u00edmbolo de su trascendencia.<\/p>\n<p>Su familia hered\u00f3 la pasi\u00f3n por los colores. A tal punto que el a\u00f1o pasado, los Gambirassi sentaron un precedente dif\u00edcil de igualar: se convirtieron en la primera familia en marcar goles en la primera divisi\u00f3n azulgrana en tres generaciones diferentes (Roberto, Rodrigo y Tiziano).<\/p>\n<p>Por su calidad humana, su historia en la instituci\u00f3n, sus recuerdos imborrables y su amor por el club, \u201cPalito\u201d dej\u00f3 un recuerdo imposible de borrar.<\/p>\n<p>Quienes formamos la familia de Automoto lo vamos a extra\u00f1ar. Pero su figura estar\u00e1 siempre presente: nadie olvidar\u00e1 la huella que dej\u00f3 marcada en la instituci\u00f3n.<\/p>\n<p>&nbsp;<\/p>\n<p>Foto: \u00abPalito\u00bb Gambirassi junto a otro eslab\u00f3n importante en la historia futbol\u00edsitca azulgrana: el \u00abChiva\u00bb Rodr\u00edguez.<\/p>\n<p>&nbsp;<\/p>\n<p>Departamento de Prensa \u2013 Automoto Club Deportivo<\/p>\n<p>Facebook: \/automototornquist<\/p>\n","protected":false},"excerpt":{"rendered":"<p>No son d\u00edas f\u00e1ciles para la familia del Automoto Club Deportivo. La partida de Roberto \u201cPalito\u201d Gambirassi dej\u00f3 un vac\u00edo muy dif\u00edcil de llenar. Se fue uno de los s\u00edmbolos indiscutido de la historia azulgrana, goleador de raza durante los primeros campeonatos y uno de los principales impulsores del f\u00fatbol dentro de una entidad que [&hellip;]<\/p>\n","protected":false},"author":3,"featured_media":0,"comment_status":"closed","ping_status":"closed","sticky":false,"template":"","format":"standard","meta":{"footnotes":""},"categories":[27,26],"tags":[],"class_list":["post-70575","post","type-post","status-publish","format-standard","hentry","category-deportes","category-sociedad"],"yoast_head":"<!-- This site is optimized with the Yoast SEO plugin v25.9 - https:\/\/yoast.com\/wordpress\/plugins\/seo\/ -->\n<title>Adi\u00f3s querido \u201cPalito\u201d - Noticias Radio Reflejos<\/title>\n<meta name=\"robots\" content=\"index, follow, max-snippet:-1, max-image-preview:large, max-video-preview:-1\" \/>\n<link rel=\"canonical\" href=\"https:\/\/www.noticiasradioreflejos.com.ar\/2021\/adios-querido-palito\/\" \/>\n<meta property=\"og:locale\" content=\"es_ES\" \/>\n<meta property=\"og:type\" content=\"article\" \/>\n<meta property=\"og:title\" content=\"Adi\u00f3s querido \u201cPalito\u201d - Noticias Radio Reflejos\" \/>\n<meta property=\"og:description\" content=\"No son d\u00edas f\u00e1ciles para la familia del Automoto Club Deportivo. La partida de Roberto \u201cPalito\u201d Gambirassi dej\u00f3 un vac\u00edo muy dif\u00edcil de llenar. Se fue uno de los s\u00edmbolos indiscutido de la historia azulgrana, goleador de raza durante los primeros campeonatos y uno de los principales impulsores del f\u00fatbol dentro de una entidad que [&hellip;]\" \/>\n<meta property=\"og:url\" content=\"https:\/\/www.noticiasradioreflejos.com.ar\/2021\/adios-querido-palito\/\" \/>\n<meta property=\"og:site_name\" content=\"Noticias Radio Reflejos\" \/>\n<meta property=\"article:published_time\" content=\"2022-04-12T20:16:34+00:00\" \/>\n<meta property=\"og:image\" content=\"https:\/\/www.noticiasradioreflejos.com.ar\/2021\/wp-content\/uploads\/2021\/07\/logosol300x200.png\" \/>\n\t<meta property=\"og:image:width\" content=\"300\" \/>\n\t<meta property=\"og:image:height\" content=\"200\" \/>\n\t<meta property=\"og:image:type\" content=\"image\/png\" \/>\n<meta name=\"author\" content=\"Arnaldo Botto\" \/>\n<meta name=\"twitter:card\" content=\"summary_large_image\" \/>\n<script type=\"application\/ld+json\" class=\"yoast-schema-graph\">{\"@context\":\"https:\/\/schema.org\",\"@graph\":[{\"@type\":\"WebPage\",\"@id\":\"https:\/\/www.noticiasradioreflejos.com.ar\/2021\/adios-querido-palito\/\",\"url\":\"https:\/\/www.noticiasradioreflejos.com.ar\/2021\/adios-querido-palito\/\",\"name\":\"Adi\u00f3s querido \u201cPalito\u201d - Noticias Radio Reflejos\",\"isPartOf\":{\"@id\":\"https:\/\/www.noticiasradioreflejos.com.ar\/2021\/#website\"},\"datePublished\":\"2022-04-12T20:16:34+00:00\",\"author\":{\"@id\":\"https:\/\/www.noticiasradioreflejos.com.ar\/2021\/#\/schema\/person\/ad82545263dcc5ec0996818884fd5fb1\"},\"breadcrumb\":{\"@id\":\"https:\/\/www.noticiasradioreflejos.com.ar\/2021\/adios-querido-palito\/#breadcrumb\"},\"inLanguage\":\"es\",\"potentialAction\":[{\"@type\":\"ReadAction\",\"target\":[\"https:\/\/www.noticiasradioreflejos.com.ar\/2021\/adios-querido-palito\/\"]}]},{\"@type\":\"BreadcrumbList\",\"@id\":\"https:\/\/www.noticiasradioreflejos.com.ar\/2021\/adios-querido-palito\/#breadcrumb\",\"itemListElement\":[{\"@type\":\"ListItem\",\"position\":1,\"name\":\"Portada\",\"item\":\"https:\/\/www.noticiasradioreflejos.com.ar\/2021\/\"},{\"@type\":\"ListItem\",\"position\":2,\"name\":\"Adi\u00f3s querido \u201cPalito\u201d\"}]},{\"@type\":\"WebSite\",\"@id\":\"https:\/\/www.noticiasradioreflejos.com.ar\/2021\/#website\",\"url\":\"https:\/\/www.noticiasradioreflejos.com.ar\/2021\/\",\"name\":\"Noticias Radio Reflejos\",\"description\":\"Las noticias de mi comarca\",\"potentialAction\":[{\"@type\":\"SearchAction\",\"target\":{\"@type\":\"EntryPoint\",\"urlTemplate\":\"https:\/\/www.noticiasradioreflejos.com.ar\/2021\/?s={search_term_string}\"},\"query-input\":{\"@type\":\"PropertyValueSpecification\",\"valueRequired\":true,\"valueName\":\"search_term_string\"}}],\"inLanguage\":\"es\"},{\"@type\":\"Person\",\"@id\":\"https:\/\/www.noticiasradioreflejos.com.ar\/2021\/#\/schema\/person\/ad82545263dcc5ec0996818884fd5fb1\",\"name\":\"Arnaldo Botto\",\"image\":{\"@type\":\"ImageObject\",\"inLanguage\":\"es\",\"@id\":\"https:\/\/www.noticiasradioreflejos.com.ar\/2021\/#\/schema\/person\/image\/\",\"url\":\"https:\/\/secure.gravatar.com\/avatar\/55cb5e37c1efa326397366e6974cb338056df65cb50e7d64d1cf314e87504837?s=96&d=mm&r=g\",\"contentUrl\":\"https:\/\/secure.gravatar.com\/avatar\/55cb5e37c1efa326397366e6974cb338056df65cb50e7d64d1cf314e87504837?s=96&d=mm&r=g\",\"caption\":\"Arnaldo Botto\"},\"url\":\"https:\/\/www.noticiasradioreflejos.com.ar\/2021\/author\/arnaldo\/\"}]}<\/script>\n<!-- \/ Yoast SEO plugin. -->","yoast_head_json":{"title":"Adi\u00f3s querido \u201cPalito\u201d - Noticias Radio Reflejos","robots":{"index":"index","follow":"follow","max-snippet":"max-snippet:-1","max-image-preview":"max-image-preview:large","max-video-preview":"max-video-preview:-1"},"canonical":"https:\/\/www.noticiasradioreflejos.com.ar\/2021\/adios-querido-palito\/","og_locale":"es_ES","og_type":"article","og_title":"Adi\u00f3s querido \u201cPalito\u201d - Noticias Radio Reflejos","og_description":"No son d\u00edas f\u00e1ciles para la familia del Automoto Club Deportivo. La partida de Roberto \u201cPalito\u201d Gambirassi dej\u00f3 un vac\u00edo muy dif\u00edcil de llenar. Se fue uno de los s\u00edmbolos indiscutido de la historia azulgrana, goleador de raza durante los primeros campeonatos y uno de los principales impulsores del f\u00fatbol dentro de una entidad que [&hellip;]","og_url":"https:\/\/www.noticiasradioreflejos.com.ar\/2021\/adios-querido-palito\/","og_site_name":"Noticias Radio Reflejos","article_published_time":"2022-04-12T20:16:34+00:00","og_image":[{"width":300,"height":200,"url":"https:\/\/www.noticiasradioreflejos.com.ar\/2021\/wp-content\/uploads\/2021\/07\/logosol300x200.png","type":"image\/png"}],"author":"Arnaldo Botto","twitter_card":"summary_large_image","schema":{"@context":"https:\/\/schema.org","@graph":[{"@type":"WebPage","@id":"https:\/\/www.noticiasradioreflejos.com.ar\/2021\/adios-querido-palito\/","url":"https:\/\/www.noticiasradioreflejos.com.ar\/2021\/adios-querido-palito\/","name":"Adi\u00f3s querido \u201cPalito\u201d - Noticias Radio Reflejos","isPartOf":{"@id":"https:\/\/www.noticiasradioreflejos.com.ar\/2021\/#website"},"datePublished":"2022-04-12T20:16:34+00:00","author":{"@id":"https:\/\/www.noticiasradioreflejos.com.ar\/2021\/#\/schema\/person\/ad82545263dcc5ec0996818884fd5fb1"},"breadcrumb":{"@id":"https:\/\/www.noticiasradioreflejos.com.ar\/2021\/adios-querido-palito\/#breadcrumb"},"inLanguage":"es","potentialAction":[{"@type":"ReadAction","target":["https:\/\/www.noticiasradioreflejos.com.ar\/2021\/adios-querido-palito\/"]}]},{"@type":"BreadcrumbList","@id":"https:\/\/www.noticiasradioreflejos.com.ar\/2021\/adios-querido-palito\/#breadcrumb","itemListElement":[{"@type":"ListItem","position":1,"name":"Portada","item":"https:\/\/www.noticiasradioreflejos.com.ar\/2021\/"},{"@type":"ListItem","position":2,"name":"Adi\u00f3s querido \u201cPalito\u201d"}]},{"@type":"WebSite","@id":"https:\/\/www.noticiasradioreflejos.com.ar\/2021\/#website","url":"https:\/\/www.noticiasradioreflejos.com.ar\/2021\/","name":"Noticias Radio Reflejos","description":"Las noticias de mi comarca","potentialAction":[{"@type":"SearchAction","target":{"@type":"EntryPoint","urlTemplate":"https:\/\/www.noticiasradioreflejos.com.ar\/2021\/?s={search_term_string}"},"query-input":{"@type":"PropertyValueSpecification","valueRequired":true,"valueName":"search_term_string"}}],"inLanguage":"es"},{"@type":"Person","@id":"https:\/\/www.noticiasradioreflejos.com.ar\/2021\/#\/schema\/person\/ad82545263dcc5ec0996818884fd5fb1","name":"Arnaldo Botto","image":{"@type":"ImageObject","inLanguage":"es","@id":"https:\/\/www.noticiasradioreflejos.com.ar\/2021\/#\/schema\/person\/image\/","url":"https:\/\/secure.gravatar.com\/avatar\/55cb5e37c1efa326397366e6974cb338056df65cb50e7d64d1cf314e87504837?s=96&d=mm&r=g","contentUrl":"https:\/\/secure.gravatar.com\/avatar\/55cb5e37c1efa326397366e6974cb338056df65cb50e7d64d1cf314e87504837?s=96&d=mm&r=g","caption":"Arnaldo Botto"},"url":"https:\/\/www.noticiasradioreflejos.com.ar\/2021\/author\/arnaldo\/"}]}},"_links":{"self":[{"href":"https:\/\/www.noticiasradioreflejos.com.ar\/2021\/wp-json\/wp\/v2\/posts\/70575","targetHints":{"allow":["GET"]}}],"collection":[{"href":"https:\/\/www.noticiasradioreflejos.com.ar\/2021\/wp-json\/wp\/v2\/posts"}],"about":[{"href":"https:\/\/www.noticiasradioreflejos.com.ar\/2021\/wp-json\/wp\/v2\/types\/post"}],"author":[{"embeddable":true,"href":"https:\/\/www.noticiasradioreflejos.com.ar\/2021\/wp-json\/wp\/v2\/users\/3"}],"replies":[{"embeddable":true,"href":"https:\/\/www.noticiasradioreflejos.com.ar\/2021\/wp-json\/wp\/v2\/comments?post=70575"}],"version-history":[{"count":1,"href":"https:\/\/www.noticiasradioreflejos.com.ar\/2021\/wp-json\/wp\/v2\/posts\/70575\/revisions"}],"predecessor-version":[{"id":70577,"href":"https:\/\/www.noticiasradioreflejos.com.ar\/2021\/wp-json\/wp\/v2\/posts\/70575\/revisions\/70577"}],"wp:attachment":[{"href":"https:\/\/www.noticiasradioreflejos.com.ar\/2021\/wp-json\/wp\/v2\/media?parent=70575"}],"wp:term":[{"taxonomy":"category","embeddable":true,"href":"https:\/\/www.noticiasradioreflejos.com.ar\/2021\/wp-json\/wp\/v2\/categories?post=70575"},{"taxonomy":"post_tag","embeddable":true,"href":"https:\/\/www.noticiasradioreflejos.com.ar\/2021\/wp-json\/wp\/v2\/tags?post=70575"}],"curies":[{"name":"wp","href":"https:\/\/api.w.org\/{rel}","templated":true}]}}