{"id":70573,"date":"2022-04-12T17:58:01","date_gmt":"2022-04-12T17:58:01","guid":{"rendered":"http:\/\/www.noticiasradioreflejos.com.ar\/2021\/?p=70573"},"modified":"2022-04-12T17:58:01","modified_gmt":"2022-04-12T17:58:01","slug":"cuales-son-los-requisitos-para-aplicar-al-prestamo-casa-propia","status":"publish","type":"post","link":"https:\/\/www.noticiasradioreflejos.com.ar\/2021\/cuales-son-los-requisitos-para-aplicar-al-prestamo-casa-propia\/","title":{"rendered":"Cu\u00e1les son los requisitos para aplicar al pr\u00e9stamo Casa Propia"},"content":{"rendered":"<p>El programa de cr\u00e9ditos hipotecarios del Ministerio de Desarrollo Territorial y H\u00e1bitat, que otorga beneficios para contruir una casa en terreno propio, ofrece 100% de financiaci\u00f3n sin ahorros previos.<!--more--><\/p>\n<figure class=\"mb-3\"><img decoding=\"async\" src=\"https:\/\/www.telam.com.ar\/thumbs\/bluesteel\/advf\/imagenes\/2021\/09\/6141f3dc8bc12_900.jpg\" alt=\"El Ministerio de Desarrollo Territorial y Hbitat abri la inscripcin a la lnea Casa Propia para construccin Foto Archivo\" width=\"100%\" height=\"100%\" \/><\/p>\n<div class=\"media-icons\"><\/div><figcaption>El Ministerio de Desarrollo Territorial y H\u00e1bitat abri\u00f3 la inscripci\u00f3n a la l\u00ednea Casa Propia para construcci\u00f3n. Foto: Archivo<\/figcaption><\/figure>\n<p>El Ministerio de Desarrollo Territorial y H\u00e1bitat abri\u00f3 este martes la inscripci\u00f3n a la l\u00ednea Casa Propia para construcci\u00f3n, que posibilita el acceso al cr\u00e9dito para la construcci\u00f3n de viviendas nuevas de hasta 60 metros cuadrados que se asienten en lote propio.<\/p>\n<p>Esta l\u00ednea<strong>\u00a0ofrece financiaci\u00f3n de 100% sin necesidad de contar con ahorros previos<\/strong>\u00a0y para inscribirse es requisito ser argentino\/a natural o por opci\u00f3n, o extranjero con residencia permanente.<\/p>\n<p>Los interesados deben contar con ingresos provenientes de trabajos formales, jubilaciones y\/o pensiones y la suma de los ingresos mensuales netos del grupo familiar deber\u00e1 estar entre 1 y 8 SMVyM (Salarios M\u00ednimos, Vitales y M\u00f3viles).<\/p>\n<p>No se admitir\u00e1n terrenos que se encuentren en barrios cerrados o privados, que su tasaci\u00f3n supere los $3.500.000, o que no sean de titularidad de los\/as solicitantes (salvo familiares directos).<\/p>\n<blockquote class=\"twitter-tweet\" data-width=\"500\" data-dnt=\"true\">\n<p lang=\"es\" dir=\"ltr\">A las 10.00h abrimos las inscripciones para los cr\u00e9ditos <a href=\"https:\/\/twitter.com\/hashtag\/CasaPropia?src=hash&amp;ref_src=twsrc%5Etfw\">#CasaPropia<\/a> que permiten la construcci\u00f3n de viviendas nuevas de hasta 60 metros cuadrados en lote propio.<\/p>\n<p>M\u00e1s informaci\u00f3n: <a href=\"https:\/\/t.co\/wTr60se70S\">https:\/\/t.co\/wTr60se70S<\/a> <a href=\"https:\/\/t.co\/PVIp5HW2eJ\">pic.twitter.com\/PVIp5HW2eJ<\/a><\/p>\n<p>&mdash; Ministerio de Desarrollo Territorial y H\u00e1bitat (@MinHabitatAR) <a href=\"https:\/\/twitter.com\/MinHabitatAR\/status\/1513855535585673226?ref_src=twsrc%5Etfw\">April 12, 2022<\/a><\/p><\/blockquote>\n<p><script async src=\"https:\/\/platform.twitter.com\/widgets.js\" charset=\"utf-8\"><\/script><\/p>\n<p>Se deber\u00e1 contar con t\u00edtulo de propiedad del inmueble\/boleto de compraventa o instrumento id\u00f3neo en caso de terrenos provenientes de organismos p\u00fablicos.<\/p>\n<p>Se podr\u00e1n construir los modelos de viviendas del programa (a excepci\u00f3n de quienes construyan al fondo o arriba de la casa de sus padres).<\/p>\n<p>El cr\u00e9dito deber\u00e1 destinarse a la construcci\u00f3n de vivienda \u00fanica, familiar y de ocupaci\u00f3n permanente y no superar los 60 m2 de superficie.<\/p>\n","protected":false},"excerpt":{"rendered":"<p>El programa de cr\u00e9ditos hipotecarios del Ministerio de Desarrollo Territorial y H\u00e1bitat, que otorga beneficios para contruir una casa en terreno propio, ofrece 100% de financiaci\u00f3n sin ahorros previos.<\/p>\n","protected":false},"author":3,"featured_media":0,"comment_status":"closed","ping_status":"closed","sticky":false,"template":"","format":"standard","meta":{"footnotes":""},"categories":[36,26],"tags":[],"class_list":["post-70573","post","type-post","status-publish","format-standard","hentry","category-economia","category-sociedad"],"yoast_head":"<!-- This site is optimized with the Yoast SEO plugin v25.9 - https:\/\/yoast.com\/wordpress\/plugins\/seo\/ -->\n<title>Cu\u00e1les son los requisitos para aplicar al pr\u00e9stamo Casa Propia - Noticias Radio Reflejos<\/title>\n<meta name=\"robots\" content=\"index, follow, max-snippet:-1, max-image-preview:large, max-video-preview:-1\" \/>\n<link rel=\"canonical\" href=\"https:\/\/www.noticiasradioreflejos.com.ar\/2021\/cuales-son-los-requisitos-para-aplicar-al-prestamo-casa-propia\/\" \/>\n<meta property=\"og:locale\" content=\"es_ES\" \/>\n<meta property=\"og:type\" content=\"article\" \/>\n<meta property=\"og:title\" content=\"Cu\u00e1les son los requisitos para aplicar al pr\u00e9stamo Casa Propia - Noticias Radio Reflejos\" \/>\n<meta property=\"og:description\" content=\"El programa de cr\u00e9ditos hipotecarios del Ministerio de Desarrollo Territorial y H\u00e1bitat, que otorga beneficios para contruir una casa en terreno propio, ofrece 100% de financiaci\u00f3n sin ahorros previos.\" \/>\n<meta property=\"og:url\" content=\"https:\/\/www.noticiasradioreflejos.com.ar\/2021\/cuales-son-los-requisitos-para-aplicar-al-prestamo-casa-propia\/\" \/>\n<meta property=\"og:site_name\" content=\"Noticias Radio Reflejos\" \/>\n<meta property=\"article:published_time\" content=\"2022-04-12T17:58:01+00:00\" \/>\n<meta property=\"og:image\" content=\"https:\/\/www.telam.com.ar\/thumbs\/bluesteel\/advf\/imagenes\/2021\/09\/6141f3dc8bc12_900.jpg\" \/>\n<meta name=\"author\" content=\"Arnaldo Botto\" \/>\n<meta name=\"twitter:card\" content=\"summary_large_image\" \/>\n<script type=\"application\/ld+json\" class=\"yoast-schema-graph\">{\"@context\":\"https:\/\/schema.org\",\"@graph\":[{\"@type\":\"WebPage\",\"@id\":\"https:\/\/www.noticiasradioreflejos.com.ar\/2021\/cuales-son-los-requisitos-para-aplicar-al-prestamo-casa-propia\/\",\"url\":\"https:\/\/www.noticiasradioreflejos.com.ar\/2021\/cuales-son-los-requisitos-para-aplicar-al-prestamo-casa-propia\/\",\"name\":\"Cu\u00e1les son los requisitos para aplicar al pr\u00e9stamo Casa Propia - Noticias Radio Reflejos\",\"isPartOf\":{\"@id\":\"https:\/\/www.noticiasradioreflejos.com.ar\/2021\/#website\"},\"primaryImageOfPage\":{\"@id\":\"https:\/\/www.noticiasradioreflejos.com.ar\/2021\/cuales-son-los-requisitos-para-aplicar-al-prestamo-casa-propia\/#primaryimage\"},\"image\":{\"@id\":\"https:\/\/www.noticiasradioreflejos.com.ar\/2021\/cuales-son-los-requisitos-para-aplicar-al-prestamo-casa-propia\/#primaryimage\"},\"thumbnailUrl\":\"https:\/\/www.telam.com.ar\/thumbs\/bluesteel\/advf\/imagenes\/2021\/09\/6141f3dc8bc12_900.jpg\",\"datePublished\":\"2022-04-12T17:58:01+00:00\",\"author\":{\"@id\":\"https:\/\/www.noticiasradioreflejos.com.ar\/2021\/#\/schema\/person\/ad82545263dcc5ec0996818884fd5fb1\"},\"breadcrumb\":{\"@id\":\"https:\/\/www.noticiasradioreflejos.com.ar\/2021\/cuales-son-los-requisitos-para-aplicar-al-prestamo-casa-propia\/#breadcrumb\"},\"inLanguage\":\"es\",\"potentialAction\":[{\"@type\":\"ReadAction\",\"target\":[\"https:\/\/www.noticiasradioreflejos.com.ar\/2021\/cuales-son-los-requisitos-para-aplicar-al-prestamo-casa-propia\/\"]}]},{\"@type\":\"ImageObject\",\"inLanguage\":\"es\",\"@id\":\"https:\/\/www.noticiasradioreflejos.com.ar\/2021\/cuales-son-los-requisitos-para-aplicar-al-prestamo-casa-propia\/#primaryimage\",\"url\":\"https:\/\/www.telam.com.ar\/thumbs\/bluesteel\/advf\/imagenes\/2021\/09\/6141f3dc8bc12_900.jpg\",\"contentUrl\":\"https:\/\/www.telam.com.ar\/thumbs\/bluesteel\/advf\/imagenes\/2021\/09\/6141f3dc8bc12_900.jpg\"},{\"@type\":\"BreadcrumbList\",\"@id\":\"https:\/\/www.noticiasradioreflejos.com.ar\/2021\/cuales-son-los-requisitos-para-aplicar-al-prestamo-casa-propia\/#breadcrumb\",\"itemListElement\":[{\"@type\":\"ListItem\",\"position\":1,\"name\":\"Portada\",\"item\":\"https:\/\/www.noticiasradioreflejos.com.ar\/2021\/\"},{\"@type\":\"ListItem\",\"position\":2,\"name\":\"Cu\u00e1les son los requisitos para aplicar al pr\u00e9stamo Casa Propia\"}]},{\"@type\":\"WebSite\",\"@id\":\"https:\/\/www.noticiasradioreflejos.com.ar\/2021\/#website\",\"url\":\"https:\/\/www.noticiasradioreflejos.com.ar\/2021\/\",\"name\":\"Noticias Radio Reflejos\",\"description\":\"Las noticias de mi comarca\",\"potentialAction\":[{\"@type\":\"SearchAction\",\"target\":{\"@type\":\"EntryPoint\",\"urlTemplate\":\"https:\/\/www.noticiasradioreflejos.com.ar\/2021\/?s={search_term_string}\"},\"query-input\":{\"@type\":\"PropertyValueSpecification\",\"valueRequired\":true,\"valueName\":\"search_term_string\"}}],\"inLanguage\":\"es\"},{\"@type\":\"Person\",\"@id\":\"https:\/\/www.noticiasradioreflejos.com.ar\/2021\/#\/schema\/person\/ad82545263dcc5ec0996818884fd5fb1\",\"name\":\"Arnaldo Botto\",\"image\":{\"@type\":\"ImageObject\",\"inLanguage\":\"es\",\"@id\":\"https:\/\/www.noticiasradioreflejos.com.ar\/2021\/#\/schema\/person\/image\/\",\"url\":\"https:\/\/secure.gravatar.com\/avatar\/55cb5e37c1efa326397366e6974cb338056df65cb50e7d64d1cf314e87504837?s=96&d=mm&r=g\",\"contentUrl\":\"https:\/\/secure.gravatar.com\/avatar\/55cb5e37c1efa326397366e6974cb338056df65cb50e7d64d1cf314e87504837?s=96&d=mm&r=g\",\"caption\":\"Arnaldo Botto\"},\"url\":\"https:\/\/www.noticiasradioreflejos.com.ar\/2021\/author\/arnaldo\/\"}]}<\/script>\n<!-- \/ Yoast SEO plugin. -->","yoast_head_json":{"title":"Cu\u00e1les son los requisitos para aplicar al pr\u00e9stamo Casa Propia - Noticias Radio Reflejos","robots":{"index":"index","follow":"follow","max-snippet":"max-snippet:-1","max-image-preview":"max-image-preview:large","max-video-preview":"max-video-preview:-1"},"canonical":"https:\/\/www.noticiasradioreflejos.com.ar\/2021\/cuales-son-los-requisitos-para-aplicar-al-prestamo-casa-propia\/","og_locale":"es_ES","og_type":"article","og_title":"Cu\u00e1les son los requisitos para aplicar al pr\u00e9stamo Casa Propia - Noticias Radio Reflejos","og_description":"El programa de cr\u00e9ditos hipotecarios del Ministerio de Desarrollo Territorial y H\u00e1bitat, que otorga beneficios para contruir una casa en terreno propio, ofrece 100% de financiaci\u00f3n sin ahorros previos.","og_url":"https:\/\/www.noticiasradioreflejos.com.ar\/2021\/cuales-son-los-requisitos-para-aplicar-al-prestamo-casa-propia\/","og_site_name":"Noticias Radio Reflejos","article_published_time":"2022-04-12T17:58:01+00:00","og_image":[{"url":"https:\/\/www.telam.com.ar\/thumbs\/bluesteel\/advf\/imagenes\/2021\/09\/6141f3dc8bc12_900.jpg","type":"","width":"","height":""}],"author":"Arnaldo Botto","twitter_card":"summary_large_image","schema":{"@context":"https:\/\/schema.org","@graph":[{"@type":"WebPage","@id":"https:\/\/www.noticiasradioreflejos.com.ar\/2021\/cuales-son-los-requisitos-para-aplicar-al-prestamo-casa-propia\/","url":"https:\/\/www.noticiasradioreflejos.com.ar\/2021\/cuales-son-los-requisitos-para-aplicar-al-prestamo-casa-propia\/","name":"Cu\u00e1les son los requisitos para aplicar al pr\u00e9stamo Casa Propia - Noticias Radio Reflejos","isPartOf":{"@id":"https:\/\/www.noticiasradioreflejos.com.ar\/2021\/#website"},"primaryImageOfPage":{"@id":"https:\/\/www.noticiasradioreflejos.com.ar\/2021\/cuales-son-los-requisitos-para-aplicar-al-prestamo-casa-propia\/#primaryimage"},"image":{"@id":"https:\/\/www.noticiasradioreflejos.com.ar\/2021\/cuales-son-los-requisitos-para-aplicar-al-prestamo-casa-propia\/#primaryimage"},"thumbnailUrl":"https:\/\/www.telam.com.ar\/thumbs\/bluesteel\/advf\/imagenes\/2021\/09\/6141f3dc8bc12_900.jpg","datePublished":"2022-04-12T17:58:01+00:00","author":{"@id":"https:\/\/www.noticiasradioreflejos.com.ar\/2021\/#\/schema\/person\/ad82545263dcc5ec0996818884fd5fb1"},"breadcrumb":{"@id":"https:\/\/www.noticiasradioreflejos.com.ar\/2021\/cuales-son-los-requisitos-para-aplicar-al-prestamo-casa-propia\/#breadcrumb"},"inLanguage":"es","potentialAction":[{"@type":"ReadAction","target":["https:\/\/www.noticiasradioreflejos.com.ar\/2021\/cuales-son-los-requisitos-para-aplicar-al-prestamo-casa-propia\/"]}]},{"@type":"ImageObject","inLanguage":"es","@id":"https:\/\/www.noticiasradioreflejos.com.ar\/2021\/cuales-son-los-requisitos-para-aplicar-al-prestamo-casa-propia\/#primaryimage","url":"https:\/\/www.telam.com.ar\/thumbs\/bluesteel\/advf\/imagenes\/2021\/09\/6141f3dc8bc12_900.jpg","contentUrl":"https:\/\/www.telam.com.ar\/thumbs\/bluesteel\/advf\/imagenes\/2021\/09\/6141f3dc8bc12_900.jpg"},{"@type":"BreadcrumbList","@id":"https:\/\/www.noticiasradioreflejos.com.ar\/2021\/cuales-son-los-requisitos-para-aplicar-al-prestamo-casa-propia\/#breadcrumb","itemListElement":[{"@type":"ListItem","position":1,"name":"Portada","item":"https:\/\/www.noticiasradioreflejos.com.ar\/2021\/"},{"@type":"ListItem","position":2,"name":"Cu\u00e1les son los requisitos para aplicar al pr\u00e9stamo Casa Propia"}]},{"@type":"WebSite","@id":"https:\/\/www.noticiasradioreflejos.com.ar\/2021\/#website","url":"https:\/\/www.noticiasradioreflejos.com.ar\/2021\/","name":"Noticias Radio Reflejos","description":"Las noticias de mi comarca","potentialAction":[{"@type":"SearchAction","target":{"@type":"EntryPoint","urlTemplate":"https:\/\/www.noticiasradioreflejos.com.ar\/2021\/?s={search_term_string}"},"query-input":{"@type":"PropertyValueSpecification","valueRequired":true,"valueName":"search_term_string"}}],"inLanguage":"es"},{"@type":"Person","@id":"https:\/\/www.noticiasradioreflejos.com.ar\/2021\/#\/schema\/person\/ad82545263dcc5ec0996818884fd5fb1","name":"Arnaldo Botto","image":{"@type":"ImageObject","inLanguage":"es","@id":"https:\/\/www.noticiasradioreflejos.com.ar\/2021\/#\/schema\/person\/image\/","url":"https:\/\/secure.gravatar.com\/avatar\/55cb5e37c1efa326397366e6974cb338056df65cb50e7d64d1cf314e87504837?s=96&d=mm&r=g","contentUrl":"https:\/\/secure.gravatar.com\/avatar\/55cb5e37c1efa326397366e6974cb338056df65cb50e7d64d1cf314e87504837?s=96&d=mm&r=g","caption":"Arnaldo Botto"},"url":"https:\/\/www.noticiasradioreflejos.com.ar\/2021\/author\/arnaldo\/"}]}},"_links":{"self":[{"href":"https:\/\/www.noticiasradioreflejos.com.ar\/2021\/wp-json\/wp\/v2\/posts\/70573","targetHints":{"allow":["GET"]}}],"collection":[{"href":"https:\/\/www.noticiasradioreflejos.com.ar\/2021\/wp-json\/wp\/v2\/posts"}],"about":[{"href":"https:\/\/www.noticiasradioreflejos.com.ar\/2021\/wp-json\/wp\/v2\/types\/post"}],"author":[{"embeddable":true,"href":"https:\/\/www.noticiasradioreflejos.com.ar\/2021\/wp-json\/wp\/v2\/users\/3"}],"replies":[{"embeddable":true,"href":"https:\/\/www.noticiasradioreflejos.com.ar\/2021\/wp-json\/wp\/v2\/comments?post=70573"}],"version-history":[{"count":1,"href":"https:\/\/www.noticiasradioreflejos.com.ar\/2021\/wp-json\/wp\/v2\/posts\/70573\/revisions"}],"predecessor-version":[{"id":70574,"href":"https:\/\/www.noticiasradioreflejos.com.ar\/2021\/wp-json\/wp\/v2\/posts\/70573\/revisions\/70574"}],"wp:attachment":[{"href":"https:\/\/www.noticiasradioreflejos.com.ar\/2021\/wp-json\/wp\/v2\/media?parent=70573"}],"wp:term":[{"taxonomy":"category","embeddable":true,"href":"https:\/\/www.noticiasradioreflejos.com.ar\/2021\/wp-json\/wp\/v2\/categories?post=70573"},{"taxonomy":"post_tag","embeddable":true,"href":"https:\/\/www.noticiasradioreflejos.com.ar\/2021\/wp-json\/wp\/v2\/tags?post=70573"}],"curies":[{"name":"wp","href":"https:\/\/api.w.org\/{rel}","templated":true}]}}