{"id":70563,"date":"2022-04-12T20:54:12","date_gmt":"2022-04-12T20:54:12","guid":{"rendered":"http:\/\/www.noticiasradioreflejos.com.ar\/2021\/?p=70563"},"modified":"2022-04-12T21:22:32","modified_gmt":"2022-04-12T21:22:32","slug":"la-protectora-de-animales-de-villa-ventana-exige-un-espacio-municipal","status":"publish","type":"post","link":"https:\/\/www.noticiasradioreflejos.com.ar\/2021\/la-protectora-de-animales-de-villa-ventana-exige-un-espacio-municipal\/","title":{"rendered":"La Protectora de Animales de Villa Ventana exige un espacio municipal"},"content":{"rendered":"<p>As\u00ed lo confirm\u00f3<strong> Gladis Contreras<\/strong>, integrante de la entidad. \u201cPedimos dos caniles y un espacio para tener a los perros y el intendente no nos lo quiere dar\u201d.<!--more--><\/p>\n<p>La pasi\u00f3n por los animales que transmite Gladis Contreras llega hasta el m\u00e1s desprevenido. La integrantes de la Protectora de Animales de Villa Ventana coment\u00f3 c\u00f3mo es la situaci\u00f3n actual de la entidad, y el reclamo constante que tiene hacia el municipio para adquirir un espacio.<\/p>\n<p>Al respecto, y usando un hecho ocurrido hace pocos d\u00edas, expuso la problem\u00e1tica. \u201cHace tres d\u00edas un turista en la ruta 76 y 72 en la rotonda de acceso a Sierra, encontr\u00f3 dos perritas hermosas, asustadas, temblando. Las trajeron a Villa Ventana. Se abrazan entre ellas, se ven que son hermanitas. Preguntamos en todos lados a ver si aparec\u00edan los due\u00f1os, pero por el momento nada\u201d.<\/p>\n<p>Siguiendo con el relato, y yendo al nudo, asegur\u00f3: \u201cNo tenemos un espacio para tenerlas, entonces el veterinario nos hace la gauchada de tenerlas por un tiempo. Nosotras, las integrantes de la comisi\u00f3n ya no podemos tener m\u00e1s perros. No tenemos lugar. As\u00ed que solicitamos a la poblaci\u00f3n a ver qui\u00e9n pueda tenerlas en tr\u00e1nsito\u201d.<\/p>\n<p>De igual manera remarc\u00f3 que \u201cac\u00e1 el municipio tiene que concientizar. Hacer propaganda. Mandar informaci\u00f3n para que tomen conciencia. Pedimos dos caniles y un espacio para tenerlos y el Intendente no nos lo quiere dar. Necesitamos el apoyo municipal\u201d.<\/p>\n<p>En otro pasaje de la charla afirm\u00f3 que \u201cnosotros con las ventas de garaje y algunas rifas le pagamos al veterinario, y el municipio no nos da un peso. Nosotras generamos ese dinero. Tenemos toda la comisi\u00f3n formada; solo nos falta la personer\u00eda jur\u00eddica que est\u00e1 en tr\u00e1mite\u201d.<\/p>\n<p>Al tiempo que cerrando la entrevista confirm\u00f3 que \u201cdel jueves al domingo estaremos haciendo una venta de garaje, desde las 11 de la ma\u00f1ana, al lado del Paseo, donde todo lo recaudado ser\u00e1 destinado para seguir cuidando a los animales. Muchos vecinos han colaborado. Y de paso tambi\u00e9n podr\u00e1n comprar una rifa\u201d.<\/p>\n<p><iframe loading=\"lazy\" src=\"https:\/\/w.soundcloud.com\/player\/?url=https%3A\/\/api.soundcloud.com\/tracks\/1248925468&amp;color=%23ff5500&amp;auto_play=false&amp;hide_related=false&amp;show_comments=true&amp;show_user=true&amp;show_reposts=false&amp;show_teaser=true\" width=\"100%\" height=\"166\" frameborder=\"no\" scrolling=\"no\"><\/iframe><\/p>\n<div style=\"font-size: 10px; color: #cccccc; line-break: anywhere; word-break: normal; overflow: hidden; white-space: nowrap; text-overflow: ellipsis; font-family: Interstate,Lucida Grande,Lucida Sans Unicode,Lucida Sans,Garuda,Verdana,Tahoma,sans-serif; font-weight: 100;\"><a style=\"color: #cccccc; text-decoration: none;\" title=\"fmreflejos 103.7\" href=\"https:\/\/soundcloud.com\/fmreflejos-103-7\" target=\"_blank\" rel=\"noopener\">fmreflejos 103.7<\/a> \u00b7 <a style=\"color: #cccccc; text-decoration: none;\" title=\"Gladis Contreras\" href=\"https:\/\/soundcloud.com\/fmreflejos-103-7\/gladis-contreras-5\" target=\"_blank\" rel=\"noopener\">Gladis Contreras<\/a><\/div>\n","protected":false},"excerpt":{"rendered":"<p>As\u00ed lo confirm\u00f3 Gladis Contreras, integrante de la entidad. \u201cPedimos dos caniles y un espacio para tener a los perros y el intendente no nos lo quiere dar\u201d.<\/p>\n","protected":false},"author":3,"featured_media":6465,"comment_status":"closed","ping_status":"closed","sticky":false,"template":"","format":"standard","meta":{"footnotes":""},"categories":[24,26],"tags":[48],"class_list":["post-70563","post","type-post","status-publish","format-standard","has-post-thumbnail","hentry","category-politica","category-sociedad","tag-destacada"],"yoast_head":"<!-- This site is optimized with the Yoast SEO plugin v25.9 - https:\/\/yoast.com\/wordpress\/plugins\/seo\/ -->\n<title>La Protectora de Animales de Villa Ventana exige un espacio municipal - Noticias Radio Reflejos<\/title>\n<meta name=\"robots\" content=\"index, follow, max-snippet:-1, max-image-preview:large, max-video-preview:-1\" \/>\n<link rel=\"canonical\" href=\"https:\/\/www.noticiasradioreflejos.com.ar\/2021\/la-protectora-de-animales-de-villa-ventana-exige-un-espacio-municipal\/\" \/>\n<meta property=\"og:locale\" content=\"es_ES\" \/>\n<meta property=\"og:type\" content=\"article\" \/>\n<meta property=\"og:title\" content=\"La Protectora de Animales de Villa Ventana exige un espacio municipal - Noticias Radio Reflejos\" \/>\n<meta property=\"og:description\" content=\"As\u00ed lo confirm\u00f3 Gladis Contreras, integrante de la entidad. \u201cPedimos dos caniles y un espacio para tener a los perros y el intendente no nos lo quiere dar\u201d.\" \/>\n<meta property=\"og:url\" content=\"https:\/\/www.noticiasradioreflejos.com.ar\/2021\/la-protectora-de-animales-de-villa-ventana-exige-un-espacio-municipal\/\" \/>\n<meta property=\"og:site_name\" content=\"Noticias Radio Reflejos\" \/>\n<meta property=\"article:published_time\" content=\"2022-04-12T20:54:12+00:00\" \/>\n<meta property=\"article:modified_time\" content=\"2022-04-12T21:22:32+00:00\" \/>\n<meta property=\"og:image\" content=\"https:\/\/www.noticiasradioreflejos.com.ar\/2021\/wp-content\/uploads\/2017\/01\/2a-Cablagata-Esc.-Agraria-Villa-Ventana-2.jpg\" \/>\n\t<meta property=\"og:image:width\" content=\"2304\" \/>\n\t<meta property=\"og:image:height\" content=\"1296\" \/>\n\t<meta property=\"og:image:type\" content=\"image\/jpeg\" \/>\n<meta name=\"author\" content=\"Arnaldo Botto\" \/>\n<meta name=\"twitter:card\" content=\"summary_large_image\" \/>\n<script type=\"application\/ld+json\" class=\"yoast-schema-graph\">{\"@context\":\"https:\/\/schema.org\",\"@graph\":[{\"@type\":\"WebPage\",\"@id\":\"https:\/\/www.noticiasradioreflejos.com.ar\/2021\/la-protectora-de-animales-de-villa-ventana-exige-un-espacio-municipal\/\",\"url\":\"https:\/\/www.noticiasradioreflejos.com.ar\/2021\/la-protectora-de-animales-de-villa-ventana-exige-un-espacio-municipal\/\",\"name\":\"La Protectora de Animales de Villa Ventana exige un espacio municipal - Noticias Radio Reflejos\",\"isPartOf\":{\"@id\":\"https:\/\/www.noticiasradioreflejos.com.ar\/2021\/#website\"},\"primaryImageOfPage\":{\"@id\":\"https:\/\/www.noticiasradioreflejos.com.ar\/2021\/la-protectora-de-animales-de-villa-ventana-exige-un-espacio-municipal\/#primaryimage\"},\"image\":{\"@id\":\"https:\/\/www.noticiasradioreflejos.com.ar\/2021\/la-protectora-de-animales-de-villa-ventana-exige-un-espacio-municipal\/#primaryimage\"},\"thumbnailUrl\":\"https:\/\/www.noticiasradioreflejos.com.ar\/2021\/wp-content\/uploads\/2017\/01\/2a-Cablagata-Esc.-Agraria-Villa-Ventana-2.jpg\",\"datePublished\":\"2022-04-12T20:54:12+00:00\",\"dateModified\":\"2022-04-12T21:22:32+00:00\",\"author\":{\"@id\":\"https:\/\/www.noticiasradioreflejos.com.ar\/2021\/#\/schema\/person\/ad82545263dcc5ec0996818884fd5fb1\"},\"breadcrumb\":{\"@id\":\"https:\/\/www.noticiasradioreflejos.com.ar\/2021\/la-protectora-de-animales-de-villa-ventana-exige-un-espacio-municipal\/#breadcrumb\"},\"inLanguage\":\"es\",\"potentialAction\":[{\"@type\":\"ReadAction\",\"target\":[\"https:\/\/www.noticiasradioreflejos.com.ar\/2021\/la-protectora-de-animales-de-villa-ventana-exige-un-espacio-municipal\/\"]}]},{\"@type\":\"ImageObject\",\"inLanguage\":\"es\",\"@id\":\"https:\/\/www.noticiasradioreflejos.com.ar\/2021\/la-protectora-de-animales-de-villa-ventana-exige-un-espacio-municipal\/#primaryimage\",\"url\":\"https:\/\/www.noticiasradioreflejos.com.ar\/2021\/wp-content\/uploads\/2017\/01\/2a-Cablagata-Esc.-Agraria-Villa-Ventana-2.jpg\",\"contentUrl\":\"https:\/\/www.noticiasradioreflejos.com.ar\/2021\/wp-content\/uploads\/2017\/01\/2a-Cablagata-Esc.-Agraria-Villa-Ventana-2.jpg\",\"width\":2304,\"height\":1296},{\"@type\":\"BreadcrumbList\",\"@id\":\"https:\/\/www.noticiasradioreflejos.com.ar\/2021\/la-protectora-de-animales-de-villa-ventana-exige-un-espacio-municipal\/#breadcrumb\",\"itemListElement\":[{\"@type\":\"ListItem\",\"position\":1,\"name\":\"Portada\",\"item\":\"https:\/\/www.noticiasradioreflejos.com.ar\/2021\/\"},{\"@type\":\"ListItem\",\"position\":2,\"name\":\"La Protectora de Animales de Villa Ventana exige un espacio municipal\"}]},{\"@type\":\"WebSite\",\"@id\":\"https:\/\/www.noticiasradioreflejos.com.ar\/2021\/#website\",\"url\":\"https:\/\/www.noticiasradioreflejos.com.ar\/2021\/\",\"name\":\"Noticias Radio Reflejos\",\"description\":\"Las noticias de mi comarca\",\"potentialAction\":[{\"@type\":\"SearchAction\",\"target\":{\"@type\":\"EntryPoint\",\"urlTemplate\":\"https:\/\/www.noticiasradioreflejos.com.ar\/2021\/?s={search_term_string}\"},\"query-input\":{\"@type\":\"PropertyValueSpecification\",\"valueRequired\":true,\"valueName\":\"search_term_string\"}}],\"inLanguage\":\"es\"},{\"@type\":\"Person\",\"@id\":\"https:\/\/www.noticiasradioreflejos.com.ar\/2021\/#\/schema\/person\/ad82545263dcc5ec0996818884fd5fb1\",\"name\":\"Arnaldo Botto\",\"image\":{\"@type\":\"ImageObject\",\"inLanguage\":\"es\",\"@id\":\"https:\/\/www.noticiasradioreflejos.com.ar\/2021\/#\/schema\/person\/image\/\",\"url\":\"https:\/\/secure.gravatar.com\/avatar\/55cb5e37c1efa326397366e6974cb338056df65cb50e7d64d1cf314e87504837?s=96&d=mm&r=g\",\"contentUrl\":\"https:\/\/secure.gravatar.com\/avatar\/55cb5e37c1efa326397366e6974cb338056df65cb50e7d64d1cf314e87504837?s=96&d=mm&r=g\",\"caption\":\"Arnaldo Botto\"},\"url\":\"https:\/\/www.noticiasradioreflejos.com.ar\/2021\/author\/arnaldo\/\"}]}<\/script>\n<!-- \/ Yoast SEO plugin. -->","yoast_head_json":{"title":"La Protectora de Animales de Villa Ventana exige un espacio municipal - Noticias Radio Reflejos","robots":{"index":"index","follow":"follow","max-snippet":"max-snippet:-1","max-image-preview":"max-image-preview:large","max-video-preview":"max-video-preview:-1"},"canonical":"https:\/\/www.noticiasradioreflejos.com.ar\/2021\/la-protectora-de-animales-de-villa-ventana-exige-un-espacio-municipal\/","og_locale":"es_ES","og_type":"article","og_title":"La Protectora de Animales de Villa Ventana exige un espacio municipal - Noticias Radio Reflejos","og_description":"As\u00ed lo confirm\u00f3 Gladis Contreras, integrante de la entidad. \u201cPedimos dos caniles y un espacio para tener a los perros y el intendente no nos lo quiere dar\u201d.","og_url":"https:\/\/www.noticiasradioreflejos.com.ar\/2021\/la-protectora-de-animales-de-villa-ventana-exige-un-espacio-municipal\/","og_site_name":"Noticias Radio Reflejos","article_published_time":"2022-04-12T20:54:12+00:00","article_modified_time":"2022-04-12T21:22:32+00:00","og_image":[{"width":2304,"height":1296,"url":"https:\/\/www.noticiasradioreflejos.com.ar\/2021\/wp-content\/uploads\/2017\/01\/2a-Cablagata-Esc.-Agraria-Villa-Ventana-2.jpg","type":"image\/jpeg"}],"author":"Arnaldo Botto","twitter_card":"summary_large_image","schema":{"@context":"https:\/\/schema.org","@graph":[{"@type":"WebPage","@id":"https:\/\/www.noticiasradioreflejos.com.ar\/2021\/la-protectora-de-animales-de-villa-ventana-exige-un-espacio-municipal\/","url":"https:\/\/www.noticiasradioreflejos.com.ar\/2021\/la-protectora-de-animales-de-villa-ventana-exige-un-espacio-municipal\/","name":"La Protectora de Animales de Villa Ventana exige un espacio municipal - Noticias Radio Reflejos","isPartOf":{"@id":"https:\/\/www.noticiasradioreflejos.com.ar\/2021\/#website"},"primaryImageOfPage":{"@id":"https:\/\/www.noticiasradioreflejos.com.ar\/2021\/la-protectora-de-animales-de-villa-ventana-exige-un-espacio-municipal\/#primaryimage"},"image":{"@id":"https:\/\/www.noticiasradioreflejos.com.ar\/2021\/la-protectora-de-animales-de-villa-ventana-exige-un-espacio-municipal\/#primaryimage"},"thumbnailUrl":"https:\/\/www.noticiasradioreflejos.com.ar\/2021\/wp-content\/uploads\/2017\/01\/2a-Cablagata-Esc.-Agraria-Villa-Ventana-2.jpg","datePublished":"2022-04-12T20:54:12+00:00","dateModified":"2022-04-12T21:22:32+00:00","author":{"@id":"https:\/\/www.noticiasradioreflejos.com.ar\/2021\/#\/schema\/person\/ad82545263dcc5ec0996818884fd5fb1"},"breadcrumb":{"@id":"https:\/\/www.noticiasradioreflejos.com.ar\/2021\/la-protectora-de-animales-de-villa-ventana-exige-un-espacio-municipal\/#breadcrumb"},"inLanguage":"es","potentialAction":[{"@type":"ReadAction","target":["https:\/\/www.noticiasradioreflejos.com.ar\/2021\/la-protectora-de-animales-de-villa-ventana-exige-un-espacio-municipal\/"]}]},{"@type":"ImageObject","inLanguage":"es","@id":"https:\/\/www.noticiasradioreflejos.com.ar\/2021\/la-protectora-de-animales-de-villa-ventana-exige-un-espacio-municipal\/#primaryimage","url":"https:\/\/www.noticiasradioreflejos.com.ar\/2021\/wp-content\/uploads\/2017\/01\/2a-Cablagata-Esc.-Agraria-Villa-Ventana-2.jpg","contentUrl":"https:\/\/www.noticiasradioreflejos.com.ar\/2021\/wp-content\/uploads\/2017\/01\/2a-Cablagata-Esc.-Agraria-Villa-Ventana-2.jpg","width":2304,"height":1296},{"@type":"BreadcrumbList","@id":"https:\/\/www.noticiasradioreflejos.com.ar\/2021\/la-protectora-de-animales-de-villa-ventana-exige-un-espacio-municipal\/#breadcrumb","itemListElement":[{"@type":"ListItem","position":1,"name":"Portada","item":"https:\/\/www.noticiasradioreflejos.com.ar\/2021\/"},{"@type":"ListItem","position":2,"name":"La Protectora de Animales de Villa Ventana exige un espacio municipal"}]},{"@type":"WebSite","@id":"https:\/\/www.noticiasradioreflejos.com.ar\/2021\/#website","url":"https:\/\/www.noticiasradioreflejos.com.ar\/2021\/","name":"Noticias Radio Reflejos","description":"Las noticias de mi comarca","potentialAction":[{"@type":"SearchAction","target":{"@type":"EntryPoint","urlTemplate":"https:\/\/www.noticiasradioreflejos.com.ar\/2021\/?s={search_term_string}"},"query-input":{"@type":"PropertyValueSpecification","valueRequired":true,"valueName":"search_term_string"}}],"inLanguage":"es"},{"@type":"Person","@id":"https:\/\/www.noticiasradioreflejos.com.ar\/2021\/#\/schema\/person\/ad82545263dcc5ec0996818884fd5fb1","name":"Arnaldo Botto","image":{"@type":"ImageObject","inLanguage":"es","@id":"https:\/\/www.noticiasradioreflejos.com.ar\/2021\/#\/schema\/person\/image\/","url":"https:\/\/secure.gravatar.com\/avatar\/55cb5e37c1efa326397366e6974cb338056df65cb50e7d64d1cf314e87504837?s=96&d=mm&r=g","contentUrl":"https:\/\/secure.gravatar.com\/avatar\/55cb5e37c1efa326397366e6974cb338056df65cb50e7d64d1cf314e87504837?s=96&d=mm&r=g","caption":"Arnaldo Botto"},"url":"https:\/\/www.noticiasradioreflejos.com.ar\/2021\/author\/arnaldo\/"}]}},"_links":{"self":[{"href":"https:\/\/www.noticiasradioreflejos.com.ar\/2021\/wp-json\/wp\/v2\/posts\/70563","targetHints":{"allow":["GET"]}}],"collection":[{"href":"https:\/\/www.noticiasradioreflejos.com.ar\/2021\/wp-json\/wp\/v2\/posts"}],"about":[{"href":"https:\/\/www.noticiasradioreflejos.com.ar\/2021\/wp-json\/wp\/v2\/types\/post"}],"author":[{"embeddable":true,"href":"https:\/\/www.noticiasradioreflejos.com.ar\/2021\/wp-json\/wp\/v2\/users\/3"}],"replies":[{"embeddable":true,"href":"https:\/\/www.noticiasradioreflejos.com.ar\/2021\/wp-json\/wp\/v2\/comments?post=70563"}],"version-history":[{"count":2,"href":"https:\/\/www.noticiasradioreflejos.com.ar\/2021\/wp-json\/wp\/v2\/posts\/70563\/revisions"}],"predecessor-version":[{"id":70583,"href":"https:\/\/www.noticiasradioreflejos.com.ar\/2021\/wp-json\/wp\/v2\/posts\/70563\/revisions\/70583"}],"wp:featuredmedia":[{"embeddable":true,"href":"https:\/\/www.noticiasradioreflejos.com.ar\/2021\/wp-json\/wp\/v2\/media\/6465"}],"wp:attachment":[{"href":"https:\/\/www.noticiasradioreflejos.com.ar\/2021\/wp-json\/wp\/v2\/media?parent=70563"}],"wp:term":[{"taxonomy":"category","embeddable":true,"href":"https:\/\/www.noticiasradioreflejos.com.ar\/2021\/wp-json\/wp\/v2\/categories?post=70563"},{"taxonomy":"post_tag","embeddable":true,"href":"https:\/\/www.noticiasradioreflejos.com.ar\/2021\/wp-json\/wp\/v2\/tags?post=70563"}],"curies":[{"name":"wp","href":"https:\/\/api.w.org\/{rel}","templated":true}]}}