{"id":70561,"date":"2022-04-12T20:44:04","date_gmt":"2022-04-12T20:44:04","guid":{"rendered":"http:\/\/www.noticiasradioreflejos.com.ar\/2021\/?p=70561"},"modified":"2022-04-12T20:44:04","modified_gmt":"2022-04-12T20:44:04","slug":"marianela-gonzales-llega-para-cambiar-las-cabezas-de-la-comarca","status":"publish","type":"post","link":"https:\/\/www.noticiasradioreflejos.com.ar\/2021\/marianela-gonzales-llega-para-cambiar-las-cabezas-de-la-comarca\/","title":{"rendered":"Marianela Gonz\u00e1les llega para cambiar las cabezas de la Comarca"},"content":{"rendered":"<p>La reconocida empresaria del mundo estilista desembarcar\u00e1 en Sierra de la Ventana con su curso de peluquer\u00eda. Todos los detalles.<!--more--><br \/>\n<a title=\"ETEP (1)\" href=\"https:\/\/www.flickr.com\/photos\/182279889@N02\/52000164281\/in\/dateposted-public\/\" data-flickr-embed=\"true\"><img loading=\"lazy\" decoding=\"async\" class=\"aligncenter\" src=\"https:\/\/live.staticflickr.com\/65535\/52000164281_673aafc73d_z.jpg\" alt=\"ETEP (1)\" width=\"640\" height=\"475\" \/><\/a><script async src=\"\/\/embedr.flickr.com\/assets\/client-code.js\" charset=\"utf-8\"><\/script><\/p>\n<p>La Escuela T\u00e9cnica de Est\u00e9tica y Peluquer\u00eda pos\u00f3 sus ojos en la comarca serrana, y en algunos d\u00edas desembarcar\u00e1 con un curso que promete generar un antes y un despu\u00e9s.<\/p>\n<p><a title=\"ETEP (4)\" href=\"https:\/\/www.flickr.com\/photos\/182279889@N02\/51999151917\/in\/dateposted-public\/\" data-flickr-embed=\"true\"><img loading=\"lazy\" decoding=\"async\" class=\"alignleft\" src=\"https:\/\/live.staticflickr.com\/65535\/51999151917_182d69db80_z.jpg\" alt=\"ETEP (4)\" width=\"294\" height=\"385\" \/><\/a><script async src=\"\/\/embedr.flickr.com\/assets\/client-code.js\" charset=\"utf-8\"><\/script>Al respecto, la empresaria que lidera la compa\u00f1\u00eda, Marianela Gonz\u00e1les reconoci\u00f3 que \u201ces un trabajo con mucha salida laboral, hoy sobre todo caballero y barber\u00eda que es lo que est\u00e1 de moda. Actualmente el hombre va cada 15 d\u00edas a la peluquer\u00eda, as\u00ed que eso genera una demanda interesante\u201d.<\/p>\n<p>Asegurando que se ense\u00f1a \u201ct\u00e9cnica, pr\u00e1ctica y teor\u00eda\u201d, admiti\u00f3 que \u201chay gente que viene con alg\u00fan conocimiento y otros vienen de cero. Nosotros ense\u00f1amos todo de cero, para que aprendan t\u00e9cnicas nuevas, se saquen dudas, y dependiendo la motricidad de cada uno, el profesor les ense\u00f1a t\u00e9cnicas. Igual siempre les explicamos que para correr primero hay que aprender a caminar. Por eso lo primero que ense\u00f1amos son t\u00e9cnicas b\u00e1sicas\u201d.<\/p>\n<p>&nbsp;<\/p>\n<p>Apuntando directamente a lo que ser\u00e1n las clases en Sierra de la Ventana, Gonz\u00e1les confirm\u00f3 que \u201cvamos a ir dos d\u00edas al mes, con cuatro horas cada clase. De 10:30 a 12:30. Paramos media hora y luego hacemos de 13 a 15. Esto lo hacemos para economizar gastos y darle al alumno una cuota m\u00e1s accesible\u201d.<\/p>\n<p>&nbsp;<\/p>\n<p>En cuanto a valores \u201cestamos cobrando una inscripci\u00f3n de $1000 pesos, y la cuota mensual es de $5800 pesos. Son seis cuotas. Ac\u00e1 en Bah\u00eda la cuota sale $4500 pesos. Tienen una diferencia de $1300 pesos, pero si ellos tendr\u00edan que venir a Bah\u00eda todas las semanas a estudiar, gastar\u00edan m\u00e1s dinero\u201d.<\/p>\n<p><a title=\"ETEP (8)\" href=\"https:\/\/www.flickr.com\/photos\/182279889@N02\/52000226513\/in\/dateposted-public\/\" data-flickr-embed=\"true\"><img loading=\"lazy\" decoding=\"async\" class=\"aligncenter\" src=\"https:\/\/live.staticflickr.com\/65535\/52000226513_015b9ca867_z.jpg\" alt=\"ETEP (8)\" width=\"559\" height=\"549\" \/><\/a><script async src=\"\/\/embedr.flickr.com\/assets\/client-code.js\" charset=\"utf-8\"><\/script><\/p>\n<p>Sobre el motivo por el cual comenzaron a visitar la regi\u00f3n para brindar este curso, Marianela coment\u00f3 que \u201cnos ha pasado de alumnos de la zona que han tenido que dejar por los costos, entonces de esta manera les llevamos el conocimiento y con eso ganan en comodidad y ahorro\u201d.<\/p>\n<p>Por \u00faltimo, confirm\u00f3 que el dictado se realizar\u00e1 en el \u201cCentro de Jubilados desde mayo. Para arrancar necesitamos tener 15 alumnos por m\u00f3dulo\u201d y adem\u00e1s remarc\u00f3 que \u201ccada uno tiene que traer sus modelos. Si no hay modelos y hay alumnos desocupados, se cortan entre ellos\u201d.<\/p>\n<p><iframe loading=\"lazy\" src=\"https:\/\/w.soundcloud.com\/player\/?url=https%3A\/\/api.soundcloud.com\/tracks\/1248915592&amp;color=%23ff5500&amp;auto_play=false&amp;hide_related=false&amp;show_comments=true&amp;show_user=true&amp;show_reposts=false&amp;show_teaser=true\" width=\"100%\" height=\"166\" frameborder=\"no\" scrolling=\"no\"><\/iframe><\/p>\n<div style=\"font-size: 10px; color: #cccccc; line-break: anywhere; word-break: normal; overflow: hidden; white-space: nowrap; text-overflow: ellipsis; font-family: Interstate,Lucida Grande,Lucida Sans Unicode,Lucida Sans,Garuda,Verdana,Tahoma,sans-serif; font-weight: 100;\"><a style=\"color: #cccccc; text-decoration: none;\" title=\"fmreflejos 103.7\" href=\"https:\/\/soundcloud.com\/fmreflejos-103-7\" target=\"_blank\" rel=\"noopener\">fmreflejos 103.7<\/a> \u00b7 <a style=\"color: #cccccc; text-decoration: none;\" title=\"Marianela Gonzales\" href=\"https:\/\/soundcloud.com\/fmreflejos-103-7\/marianela-gonzales\" target=\"_blank\" rel=\"noopener\">Marianela Gonzales<\/a><\/div>\n<p><a title=\"ETEP (3)\" href=\"https:\/\/www.flickr.com\/photos\/182279889@N02\/52000164196\/in\/dateposted-public\/\" data-flickr-embed=\"true\"><img loading=\"lazy\" decoding=\"async\" src=\"https:\/\/live.staticflickr.com\/65535\/52000164196_75a3919be8_z.jpg\" alt=\"ETEP (3)\" width=\"473\" height=\"640\" \/><\/a><script async src=\"\/\/embedr.flickr.com\/assets\/client-code.js\" charset=\"utf-8\"><\/script><\/p>\n<p><a title=\"ETEP (2)\" href=\"https:\/\/www.flickr.com\/photos\/182279889@N02\/52000422839\/in\/dateposted-public\/\" data-flickr-embed=\"true\"><img loading=\"lazy\" decoding=\"async\" src=\"https:\/\/live.staticflickr.com\/65535\/52000422839_8f13c08900_z.jpg\" alt=\"ETEP (2)\" width=\"640\" height=\"460\" \/><\/a><script async src=\"\/\/embedr.flickr.com\/assets\/client-code.js\" charset=\"utf-8\"><\/script><\/p>\n<p><a title=\"ETEP (6)\" href=\"https:\/\/www.flickr.com\/photos\/182279889@N02\/51999151827\/in\/dateposted-public\/\" data-flickr-embed=\"true\"><img loading=\"lazy\" decoding=\"async\" src=\"https:\/\/live.staticflickr.com\/65535\/51999151827_1a2ae8212d_z.jpg\" alt=\"ETEP (6)\" width=\"637\" height=\"640\" \/><\/a><script async src=\"\/\/embedr.flickr.com\/assets\/client-code.js\" charset=\"utf-8\"><\/script><\/p>\n","protected":false},"excerpt":{"rendered":"<p>La reconocida empresaria del mundo estilista desembarcar\u00e1 en Sierra de la Ventana con su curso de peluquer\u00eda. Todos los detalles.<\/p>\n","protected":false},"author":3,"featured_media":0,"comment_status":"closed","ping_status":"closed","sticky":false,"template":"","format":"standard","meta":{"footnotes":""},"categories":[35,26],"tags":[48],"class_list":["post-70561","post","type-post","status-publish","format-standard","hentry","category-cultura","category-sociedad","tag-destacada"],"yoast_head":"<!-- This site is optimized with the Yoast SEO plugin v25.9 - https:\/\/yoast.com\/wordpress\/plugins\/seo\/ -->\n<title>Marianela Gonz\u00e1les llega para cambiar las cabezas de la Comarca - Noticias Radio Reflejos<\/title>\n<meta name=\"robots\" content=\"index, follow, max-snippet:-1, max-image-preview:large, max-video-preview:-1\" \/>\n<link rel=\"canonical\" href=\"https:\/\/www.noticiasradioreflejos.com.ar\/2021\/marianela-gonzales-llega-para-cambiar-las-cabezas-de-la-comarca\/\" \/>\n<meta property=\"og:locale\" content=\"es_ES\" \/>\n<meta property=\"og:type\" content=\"article\" \/>\n<meta property=\"og:title\" content=\"Marianela Gonz\u00e1les llega para cambiar las cabezas de la Comarca - Noticias Radio Reflejos\" \/>\n<meta property=\"og:description\" content=\"La reconocida empresaria del mundo estilista desembarcar\u00e1 en Sierra de la Ventana con su curso de peluquer\u00eda. Todos los detalles.\" \/>\n<meta property=\"og:url\" content=\"https:\/\/www.noticiasradioreflejos.com.ar\/2021\/marianela-gonzales-llega-para-cambiar-las-cabezas-de-la-comarca\/\" \/>\n<meta property=\"og:site_name\" content=\"Noticias Radio Reflejos\" \/>\n<meta property=\"article:published_time\" content=\"2022-04-12T20:44:04+00:00\" \/>\n<meta property=\"og:image\" content=\"https:\/\/live.staticflickr.com\/65535\/52000164281_673aafc73d_z.jpg\" \/>\n<meta name=\"author\" content=\"Arnaldo Botto\" \/>\n<meta name=\"twitter:card\" content=\"summary_large_image\" \/>\n<script type=\"application\/ld+json\" class=\"yoast-schema-graph\">{\"@context\":\"https:\/\/schema.org\",\"@graph\":[{\"@type\":\"WebPage\",\"@id\":\"https:\/\/www.noticiasradioreflejos.com.ar\/2021\/marianela-gonzales-llega-para-cambiar-las-cabezas-de-la-comarca\/\",\"url\":\"https:\/\/www.noticiasradioreflejos.com.ar\/2021\/marianela-gonzales-llega-para-cambiar-las-cabezas-de-la-comarca\/\",\"name\":\"Marianela Gonz\u00e1les llega para cambiar las cabezas de la Comarca - Noticias Radio Reflejos\",\"isPartOf\":{\"@id\":\"https:\/\/www.noticiasradioreflejos.com.ar\/2021\/#website\"},\"primaryImageOfPage\":{\"@id\":\"https:\/\/www.noticiasradioreflejos.com.ar\/2021\/marianela-gonzales-llega-para-cambiar-las-cabezas-de-la-comarca\/#primaryimage\"},\"image\":{\"@id\":\"https:\/\/www.noticiasradioreflejos.com.ar\/2021\/marianela-gonzales-llega-para-cambiar-las-cabezas-de-la-comarca\/#primaryimage\"},\"thumbnailUrl\":\"https:\/\/live.staticflickr.com\/65535\/52000164281_673aafc73d_z.jpg\",\"datePublished\":\"2022-04-12T20:44:04+00:00\",\"author\":{\"@id\":\"https:\/\/www.noticiasradioreflejos.com.ar\/2021\/#\/schema\/person\/ad82545263dcc5ec0996818884fd5fb1\"},\"breadcrumb\":{\"@id\":\"https:\/\/www.noticiasradioreflejos.com.ar\/2021\/marianela-gonzales-llega-para-cambiar-las-cabezas-de-la-comarca\/#breadcrumb\"},\"inLanguage\":\"es\",\"potentialAction\":[{\"@type\":\"ReadAction\",\"target\":[\"https:\/\/www.noticiasradioreflejos.com.ar\/2021\/marianela-gonzales-llega-para-cambiar-las-cabezas-de-la-comarca\/\"]}]},{\"@type\":\"ImageObject\",\"inLanguage\":\"es\",\"@id\":\"https:\/\/www.noticiasradioreflejos.com.ar\/2021\/marianela-gonzales-llega-para-cambiar-las-cabezas-de-la-comarca\/#primaryimage\",\"url\":\"https:\/\/live.staticflickr.com\/65535\/52000164281_673aafc73d_z.jpg\",\"contentUrl\":\"https:\/\/live.staticflickr.com\/65535\/52000164281_673aafc73d_z.jpg\"},{\"@type\":\"BreadcrumbList\",\"@id\":\"https:\/\/www.noticiasradioreflejos.com.ar\/2021\/marianela-gonzales-llega-para-cambiar-las-cabezas-de-la-comarca\/#breadcrumb\",\"itemListElement\":[{\"@type\":\"ListItem\",\"position\":1,\"name\":\"Portada\",\"item\":\"https:\/\/www.noticiasradioreflejos.com.ar\/2021\/\"},{\"@type\":\"ListItem\",\"position\":2,\"name\":\"Marianela Gonz\u00e1les llega para cambiar las cabezas de la Comarca\"}]},{\"@type\":\"WebSite\",\"@id\":\"https:\/\/www.noticiasradioreflejos.com.ar\/2021\/#website\",\"url\":\"https:\/\/www.noticiasradioreflejos.com.ar\/2021\/\",\"name\":\"Noticias Radio Reflejos\",\"description\":\"Las noticias de mi comarca\",\"potentialAction\":[{\"@type\":\"SearchAction\",\"target\":{\"@type\":\"EntryPoint\",\"urlTemplate\":\"https:\/\/www.noticiasradioreflejos.com.ar\/2021\/?s={search_term_string}\"},\"query-input\":{\"@type\":\"PropertyValueSpecification\",\"valueRequired\":true,\"valueName\":\"search_term_string\"}}],\"inLanguage\":\"es\"},{\"@type\":\"Person\",\"@id\":\"https:\/\/www.noticiasradioreflejos.com.ar\/2021\/#\/schema\/person\/ad82545263dcc5ec0996818884fd5fb1\",\"name\":\"Arnaldo Botto\",\"image\":{\"@type\":\"ImageObject\",\"inLanguage\":\"es\",\"@id\":\"https:\/\/www.noticiasradioreflejos.com.ar\/2021\/#\/schema\/person\/image\/\",\"url\":\"https:\/\/secure.gravatar.com\/avatar\/55cb5e37c1efa326397366e6974cb338056df65cb50e7d64d1cf314e87504837?s=96&d=mm&r=g\",\"contentUrl\":\"https:\/\/secure.gravatar.com\/avatar\/55cb5e37c1efa326397366e6974cb338056df65cb50e7d64d1cf314e87504837?s=96&d=mm&r=g\",\"caption\":\"Arnaldo Botto\"},\"url\":\"https:\/\/www.noticiasradioreflejos.com.ar\/2021\/author\/arnaldo\/\"}]}<\/script>\n<!-- \/ Yoast SEO plugin. -->","yoast_head_json":{"title":"Marianela Gonz\u00e1les llega para cambiar las cabezas de la Comarca - Noticias Radio Reflejos","robots":{"index":"index","follow":"follow","max-snippet":"max-snippet:-1","max-image-preview":"max-image-preview:large","max-video-preview":"max-video-preview:-1"},"canonical":"https:\/\/www.noticiasradioreflejos.com.ar\/2021\/marianela-gonzales-llega-para-cambiar-las-cabezas-de-la-comarca\/","og_locale":"es_ES","og_type":"article","og_title":"Marianela Gonz\u00e1les llega para cambiar las cabezas de la Comarca - Noticias Radio Reflejos","og_description":"La reconocida empresaria del mundo estilista desembarcar\u00e1 en Sierra de la Ventana con su curso de peluquer\u00eda. Todos los detalles.","og_url":"https:\/\/www.noticiasradioreflejos.com.ar\/2021\/marianela-gonzales-llega-para-cambiar-las-cabezas-de-la-comarca\/","og_site_name":"Noticias Radio Reflejos","article_published_time":"2022-04-12T20:44:04+00:00","og_image":[{"url":"https:\/\/live.staticflickr.com\/65535\/52000164281_673aafc73d_z.jpg","type":"","width":"","height":""}],"author":"Arnaldo Botto","twitter_card":"summary_large_image","schema":{"@context":"https:\/\/schema.org","@graph":[{"@type":"WebPage","@id":"https:\/\/www.noticiasradioreflejos.com.ar\/2021\/marianela-gonzales-llega-para-cambiar-las-cabezas-de-la-comarca\/","url":"https:\/\/www.noticiasradioreflejos.com.ar\/2021\/marianela-gonzales-llega-para-cambiar-las-cabezas-de-la-comarca\/","name":"Marianela Gonz\u00e1les llega para cambiar las cabezas de la Comarca - Noticias Radio Reflejos","isPartOf":{"@id":"https:\/\/www.noticiasradioreflejos.com.ar\/2021\/#website"},"primaryImageOfPage":{"@id":"https:\/\/www.noticiasradioreflejos.com.ar\/2021\/marianela-gonzales-llega-para-cambiar-las-cabezas-de-la-comarca\/#primaryimage"},"image":{"@id":"https:\/\/www.noticiasradioreflejos.com.ar\/2021\/marianela-gonzales-llega-para-cambiar-las-cabezas-de-la-comarca\/#primaryimage"},"thumbnailUrl":"https:\/\/live.staticflickr.com\/65535\/52000164281_673aafc73d_z.jpg","datePublished":"2022-04-12T20:44:04+00:00","author":{"@id":"https:\/\/www.noticiasradioreflejos.com.ar\/2021\/#\/schema\/person\/ad82545263dcc5ec0996818884fd5fb1"},"breadcrumb":{"@id":"https:\/\/www.noticiasradioreflejos.com.ar\/2021\/marianela-gonzales-llega-para-cambiar-las-cabezas-de-la-comarca\/#breadcrumb"},"inLanguage":"es","potentialAction":[{"@type":"ReadAction","target":["https:\/\/www.noticiasradioreflejos.com.ar\/2021\/marianela-gonzales-llega-para-cambiar-las-cabezas-de-la-comarca\/"]}]},{"@type":"ImageObject","inLanguage":"es","@id":"https:\/\/www.noticiasradioreflejos.com.ar\/2021\/marianela-gonzales-llega-para-cambiar-las-cabezas-de-la-comarca\/#primaryimage","url":"https:\/\/live.staticflickr.com\/65535\/52000164281_673aafc73d_z.jpg","contentUrl":"https:\/\/live.staticflickr.com\/65535\/52000164281_673aafc73d_z.jpg"},{"@type":"BreadcrumbList","@id":"https:\/\/www.noticiasradioreflejos.com.ar\/2021\/marianela-gonzales-llega-para-cambiar-las-cabezas-de-la-comarca\/#breadcrumb","itemListElement":[{"@type":"ListItem","position":1,"name":"Portada","item":"https:\/\/www.noticiasradioreflejos.com.ar\/2021\/"},{"@type":"ListItem","position":2,"name":"Marianela Gonz\u00e1les llega para cambiar las cabezas de la Comarca"}]},{"@type":"WebSite","@id":"https:\/\/www.noticiasradioreflejos.com.ar\/2021\/#website","url":"https:\/\/www.noticiasradioreflejos.com.ar\/2021\/","name":"Noticias Radio Reflejos","description":"Las noticias de mi comarca","potentialAction":[{"@type":"SearchAction","target":{"@type":"EntryPoint","urlTemplate":"https:\/\/www.noticiasradioreflejos.com.ar\/2021\/?s={search_term_string}"},"query-input":{"@type":"PropertyValueSpecification","valueRequired":true,"valueName":"search_term_string"}}],"inLanguage":"es"},{"@type":"Person","@id":"https:\/\/www.noticiasradioreflejos.com.ar\/2021\/#\/schema\/person\/ad82545263dcc5ec0996818884fd5fb1","name":"Arnaldo Botto","image":{"@type":"ImageObject","inLanguage":"es","@id":"https:\/\/www.noticiasradioreflejos.com.ar\/2021\/#\/schema\/person\/image\/","url":"https:\/\/secure.gravatar.com\/avatar\/55cb5e37c1efa326397366e6974cb338056df65cb50e7d64d1cf314e87504837?s=96&d=mm&r=g","contentUrl":"https:\/\/secure.gravatar.com\/avatar\/55cb5e37c1efa326397366e6974cb338056df65cb50e7d64d1cf314e87504837?s=96&d=mm&r=g","caption":"Arnaldo Botto"},"url":"https:\/\/www.noticiasradioreflejos.com.ar\/2021\/author\/arnaldo\/"}]}},"_links":{"self":[{"href":"https:\/\/www.noticiasradioreflejos.com.ar\/2021\/wp-json\/wp\/v2\/posts\/70561","targetHints":{"allow":["GET"]}}],"collection":[{"href":"https:\/\/www.noticiasradioreflejos.com.ar\/2021\/wp-json\/wp\/v2\/posts"}],"about":[{"href":"https:\/\/www.noticiasradioreflejos.com.ar\/2021\/wp-json\/wp\/v2\/types\/post"}],"author":[{"embeddable":true,"href":"https:\/\/www.noticiasradioreflejos.com.ar\/2021\/wp-json\/wp\/v2\/users\/3"}],"replies":[{"embeddable":true,"href":"https:\/\/www.noticiasradioreflejos.com.ar\/2021\/wp-json\/wp\/v2\/comments?post=70561"}],"version-history":[{"count":2,"href":"https:\/\/www.noticiasradioreflejos.com.ar\/2021\/wp-json\/wp\/v2\/posts\/70561\/revisions"}],"predecessor-version":[{"id":70582,"href":"https:\/\/www.noticiasradioreflejos.com.ar\/2021\/wp-json\/wp\/v2\/posts\/70561\/revisions\/70582"}],"wp:attachment":[{"href":"https:\/\/www.noticiasradioreflejos.com.ar\/2021\/wp-json\/wp\/v2\/media?parent=70561"}],"wp:term":[{"taxonomy":"category","embeddable":true,"href":"https:\/\/www.noticiasradioreflejos.com.ar\/2021\/wp-json\/wp\/v2\/categories?post=70561"},{"taxonomy":"post_tag","embeddable":true,"href":"https:\/\/www.noticiasradioreflejos.com.ar\/2021\/wp-json\/wp\/v2\/tags?post=70561"}],"curies":[{"name":"wp","href":"https:\/\/api.w.org\/{rel}","templated":true}]}}