{"id":70558,"date":"2022-04-12T15:17:52","date_gmt":"2022-04-12T15:17:52","guid":{"rendered":"http:\/\/www.noticiasradioreflejos.com.ar\/2021\/?p=70558"},"modified":"2022-04-12T15:17:52","modified_gmt":"2022-04-12T15:17:52","slug":"restringen-la-circulacion-de-camiones-en-rutas-y-autovias-por-recambio-turistico-y-semana-santa","status":"publish","type":"post","link":"https:\/\/www.noticiasradioreflejos.com.ar\/2021\/restringen-la-circulacion-de-camiones-en-rutas-y-autovias-por-recambio-turistico-y-semana-santa\/","title":{"rendered":"Restringen la circulaci\u00f3n de camiones en rutas y autov\u00edas por recambio tur\u00edstico y Semana Santa"},"content":{"rendered":"<div class=\"hnoti\">La Direcci\u00f3n de Vialidad de la Provincia de Buenos Aires precis\u00f3 que por el recambio tur\u00edstico los d\u00edas mi\u00e9rcoles 13, jueves 14 y domingo 17 de abril de 2022 se restringir\u00e1 la circulaci\u00f3n de camiones en la Autov\u00eda 2, en las rutas Provinciales 11, 36, 56, 63, 74, y en la Autopista Buenos Aires-La Plata.<\/div>\n<p><!--more--><\/p>\n<div class=\"text\">\n<p>El organismo dependiente del Ministerio de Infraestructura y Servicios P\u00fablicos inform\u00f3 que por el recambio tur\u00edstico se restringir\u00e1 la circulaci\u00f3n de camiones con carga de m\u00e1s de siete toneladas de porte bruto en la Autov\u00eda 2, Rutas Provinciales 11, 36, 56, 63, 74, y Autopista Buenos Aires\u2013La Plata, \u00abcon el objetivo de facilitar el desplazamiento vehicular y prevenir siniestros de tr\u00e1nsito en rutas tur\u00edsticas\u00bb.<\/p>\n<p>En el sentido a Costa Atl\u00e1ntica, el mi\u00e9rcoles 13 de abril de 2022 se restringir\u00e1 de 18 a 23:59 y el jueves 14 de abril de 14 a 23:59; mientras que en sentido a CABA, el domingo 17 de abril estar\u00e1 prohibido de 14 a 23:59.<\/p>\n<p>Seg\u00fan explicaron, el tr\u00e1nsito de veh\u00edculos pesados estar\u00e1 restringido en la Autopista Buenos Aires-La Plata, desde Ciudad Aut\u00f3noma de Buenos Aires hasta La Plata.<\/p>\n<p>En la Ruta Provincial N\u00ba 2 (Autov\u00eda 2) desde el km 40,5 del Ramal Buenos Aires-Mar del Plata, de la Autopista Buenos Aires-La Plata, hasta el Km. 400 (Camet).<\/p>\n<p>En la Ruta Provincial N\u00ba 11, desde intersecci\u00f3n con RP N\u00ba 36 (Pipinas) hasta el Km. 537 (Chapadmalal), mientras que en la Ruta Provincial N\u00ba 36, desde Rotonda RP N\u00ba 10 (Prolongaci\u00f3n Av. 66 &#8211; La Plata) hasta la intersecci\u00f3n con RP N\u00ba 11 (Pipinas)<\/p>\n<p>Tambi\u00e9n en la Ruta Provincial N\u00ba 56, desde su intersecci\u00f3n con la RP N\u00ba 11 (General Conesa) hasta su intersecci\u00f3n con la RP N\u00ba 74 (General Madariaga).<\/p>\n<p>En la Ruta Provincial N\u00ba 63, desde Distribuidor de Transito con RP N\u00ba 2 (Dolores) hasta Intersecci\u00f3n con RP N\u00ba 11 (Esquina de Crotto).<\/p>\n<p>Por \u00faltimo, en cuanto a la ruta Provincial N\u00ba 74, desde su intersecci\u00f3n con la RP N\u00ba 56 (Maip\u00fa) hasta su intersecci\u00f3n con la RP N\u00ba 11 (Pinamar).<\/p>\n<p>Desde el \u00e1rea provincial precisaron que se except\u00faan \u00abde toda restricci\u00f3n para circular, temporaria o permanente\u00bb, a los veh\u00edculos del autotransporte de cargas menores a siete toneladas de porte bruto y a los veh\u00edculos que a continuaci\u00f3n se detallan: Los de transporte de leche cruda, sus productos derivados, y envases asociados; el transporte de animales vivos; de pescado y mariscos congelados; y de productos frutihort\u00edcolas en tr\u00e1nsito; y los de prensa y de unidades m\u00f3viles de medios de comunicaci\u00f3n audiovisual.<\/p>\n<p>Lo mismo para los de atenci\u00f3n de emergencias; gr\u00faas\/asistencia a veh\u00edculos averiados o accidentados, en el lugar del suceso o para su traslado al punto m\u00e1s pr\u00f3ximo a aquel donde pueda quedar depositado, y en regreso en vac\u00edo.<\/p>\n<p>Tambi\u00e9n estar\u00e1n exceptuados el transporte de combustible, de gas natural comprimido y gas licuado de petr\u00f3leo; de gases necesarios para el funcionamiento de centros sanitarios, as\u00ed como de gases transportados a particulares para asistencias sanitarias domiciliaria, en ambos casos, cuando se acredite que se transportan a dichos destinos; de medicinas; de dep\u00f3sitos final de residuos s\u00f3lidos urbanos y\/o patog\u00e9nicos; los que deban circular en cumplimiento directo e inmediato de orden judicial y transporte de sebo, hueso y cueros.(telam)<\/p>\n<\/div>\n<div><\/div>\n","protected":false},"excerpt":{"rendered":"<p>La Direcci\u00f3n de Vialidad de la Provincia de Buenos Aires precis\u00f3 que por el recambio tur\u00edstico los d\u00edas mi\u00e9rcoles 13, jueves 14 y domingo 17 de abril de 2022 se restringir\u00e1 la circulaci\u00f3n de camiones en la Autov\u00eda 2, en las rutas Provinciales 11, 36, 56, 63, 74, y en la Autopista Buenos Aires-La Plata.<\/p>\n","protected":false},"author":3,"featured_media":70559,"comment_status":"closed","ping_status":"closed","sticky":false,"template":"","format":"standard","meta":{"footnotes":""},"categories":[26,33],"tags":[],"class_list":["post-70558","post","type-post","status-publish","format-standard","has-post-thumbnail","hentry","category-sociedad","category-turismo"],"yoast_head":"<!-- This site is optimized with the Yoast SEO plugin v25.9 - https:\/\/yoast.com\/wordpress\/plugins\/seo\/ -->\n<title>Restringen la circulaci\u00f3n de camiones en rutas y autov\u00edas por recambio tur\u00edstico y Semana Santa - Noticias Radio Reflejos<\/title>\n<meta name=\"robots\" content=\"index, follow, max-snippet:-1, max-image-preview:large, max-video-preview:-1\" \/>\n<link rel=\"canonical\" href=\"https:\/\/www.noticiasradioreflejos.com.ar\/2021\/restringen-la-circulacion-de-camiones-en-rutas-y-autovias-por-recambio-turistico-y-semana-santa\/\" \/>\n<meta property=\"og:locale\" content=\"es_ES\" \/>\n<meta property=\"og:type\" content=\"article\" \/>\n<meta property=\"og:title\" content=\"Restringen la circulaci\u00f3n de camiones en rutas y autov\u00edas por recambio tur\u00edstico y Semana Santa - Noticias Radio Reflejos\" \/>\n<meta property=\"og:description\" content=\"La Direcci\u00f3n de Vialidad de la Provincia de Buenos Aires precis\u00f3 que por el recambio tur\u00edstico los d\u00edas mi\u00e9rcoles 13, jueves 14 y domingo 17 de abril de 2022 se restringir\u00e1 la circulaci\u00f3n de camiones en la Autov\u00eda 2, en las rutas Provinciales 11, 36, 56, 63, 74, y en la Autopista Buenos Aires-La Plata.\" \/>\n<meta property=\"og:url\" content=\"https:\/\/www.noticiasradioreflejos.com.ar\/2021\/restringen-la-circulacion-de-camiones-en-rutas-y-autovias-por-recambio-turistico-y-semana-santa\/\" \/>\n<meta property=\"og:site_name\" content=\"Noticias Radio Reflejos\" \/>\n<meta property=\"article:published_time\" content=\"2022-04-12T15:17:52+00:00\" \/>\n<meta property=\"og:image\" content=\"https:\/\/www.noticiasradioreflejos.com.ar\/2021\/wp-content\/uploads\/2022\/04\/ruta-51.png\" \/>\n\t<meta property=\"og:image:width\" content=\"839\" \/>\n\t<meta property=\"og:image:height\" content=\"524\" \/>\n\t<meta property=\"og:image:type\" content=\"image\/png\" \/>\n<meta name=\"author\" content=\"Arnaldo Botto\" \/>\n<meta name=\"twitter:card\" content=\"summary_large_image\" \/>\n<script type=\"application\/ld+json\" class=\"yoast-schema-graph\">{\"@context\":\"https:\/\/schema.org\",\"@graph\":[{\"@type\":\"WebPage\",\"@id\":\"https:\/\/www.noticiasradioreflejos.com.ar\/2021\/restringen-la-circulacion-de-camiones-en-rutas-y-autovias-por-recambio-turistico-y-semana-santa\/\",\"url\":\"https:\/\/www.noticiasradioreflejos.com.ar\/2021\/restringen-la-circulacion-de-camiones-en-rutas-y-autovias-por-recambio-turistico-y-semana-santa\/\",\"name\":\"Restringen la circulaci\u00f3n de camiones en rutas y autov\u00edas por recambio tur\u00edstico y Semana Santa - Noticias Radio Reflejos\",\"isPartOf\":{\"@id\":\"https:\/\/www.noticiasradioreflejos.com.ar\/2021\/#website\"},\"primaryImageOfPage\":{\"@id\":\"https:\/\/www.noticiasradioreflejos.com.ar\/2021\/restringen-la-circulacion-de-camiones-en-rutas-y-autovias-por-recambio-turistico-y-semana-santa\/#primaryimage\"},\"image\":{\"@id\":\"https:\/\/www.noticiasradioreflejos.com.ar\/2021\/restringen-la-circulacion-de-camiones-en-rutas-y-autovias-por-recambio-turistico-y-semana-santa\/#primaryimage\"},\"thumbnailUrl\":\"https:\/\/www.noticiasradioreflejos.com.ar\/2021\/wp-content\/uploads\/2022\/04\/ruta-51.png\",\"datePublished\":\"2022-04-12T15:17:52+00:00\",\"author\":{\"@id\":\"https:\/\/www.noticiasradioreflejos.com.ar\/2021\/#\/schema\/person\/ad82545263dcc5ec0996818884fd5fb1\"},\"breadcrumb\":{\"@id\":\"https:\/\/www.noticiasradioreflejos.com.ar\/2021\/restringen-la-circulacion-de-camiones-en-rutas-y-autovias-por-recambio-turistico-y-semana-santa\/#breadcrumb\"},\"inLanguage\":\"es\",\"potentialAction\":[{\"@type\":\"ReadAction\",\"target\":[\"https:\/\/www.noticiasradioreflejos.com.ar\/2021\/restringen-la-circulacion-de-camiones-en-rutas-y-autovias-por-recambio-turistico-y-semana-santa\/\"]}]},{\"@type\":\"ImageObject\",\"inLanguage\":\"es\",\"@id\":\"https:\/\/www.noticiasradioreflejos.com.ar\/2021\/restringen-la-circulacion-de-camiones-en-rutas-y-autovias-por-recambio-turistico-y-semana-santa\/#primaryimage\",\"url\":\"https:\/\/www.noticiasradioreflejos.com.ar\/2021\/wp-content\/uploads\/2022\/04\/ruta-51.png\",\"contentUrl\":\"https:\/\/www.noticiasradioreflejos.com.ar\/2021\/wp-content\/uploads\/2022\/04\/ruta-51.png\",\"width\":839,\"height\":524},{\"@type\":\"BreadcrumbList\",\"@id\":\"https:\/\/www.noticiasradioreflejos.com.ar\/2021\/restringen-la-circulacion-de-camiones-en-rutas-y-autovias-por-recambio-turistico-y-semana-santa\/#breadcrumb\",\"itemListElement\":[{\"@type\":\"ListItem\",\"position\":1,\"name\":\"Portada\",\"item\":\"https:\/\/www.noticiasradioreflejos.com.ar\/2021\/\"},{\"@type\":\"ListItem\",\"position\":2,\"name\":\"Restringen la circulaci\u00f3n de camiones en rutas y autov\u00edas por recambio tur\u00edstico y Semana Santa\"}]},{\"@type\":\"WebSite\",\"@id\":\"https:\/\/www.noticiasradioreflejos.com.ar\/2021\/#website\",\"url\":\"https:\/\/www.noticiasradioreflejos.com.ar\/2021\/\",\"name\":\"Noticias Radio Reflejos\",\"description\":\"Las noticias de mi comarca\",\"potentialAction\":[{\"@type\":\"SearchAction\",\"target\":{\"@type\":\"EntryPoint\",\"urlTemplate\":\"https:\/\/www.noticiasradioreflejos.com.ar\/2021\/?s={search_term_string}\"},\"query-input\":{\"@type\":\"PropertyValueSpecification\",\"valueRequired\":true,\"valueName\":\"search_term_string\"}}],\"inLanguage\":\"es\"},{\"@type\":\"Person\",\"@id\":\"https:\/\/www.noticiasradioreflejos.com.ar\/2021\/#\/schema\/person\/ad82545263dcc5ec0996818884fd5fb1\",\"name\":\"Arnaldo Botto\",\"image\":{\"@type\":\"ImageObject\",\"inLanguage\":\"es\",\"@id\":\"https:\/\/www.noticiasradioreflejos.com.ar\/2021\/#\/schema\/person\/image\/\",\"url\":\"https:\/\/secure.gravatar.com\/avatar\/55cb5e37c1efa326397366e6974cb338056df65cb50e7d64d1cf314e87504837?s=96&d=mm&r=g\",\"contentUrl\":\"https:\/\/secure.gravatar.com\/avatar\/55cb5e37c1efa326397366e6974cb338056df65cb50e7d64d1cf314e87504837?s=96&d=mm&r=g\",\"caption\":\"Arnaldo Botto\"},\"url\":\"https:\/\/www.noticiasradioreflejos.com.ar\/2021\/author\/arnaldo\/\"}]}<\/script>\n<!-- \/ Yoast SEO plugin. -->","yoast_head_json":{"title":"Restringen la circulaci\u00f3n de camiones en rutas y autov\u00edas por recambio tur\u00edstico y Semana Santa - Noticias Radio Reflejos","robots":{"index":"index","follow":"follow","max-snippet":"max-snippet:-1","max-image-preview":"max-image-preview:large","max-video-preview":"max-video-preview:-1"},"canonical":"https:\/\/www.noticiasradioreflejos.com.ar\/2021\/restringen-la-circulacion-de-camiones-en-rutas-y-autovias-por-recambio-turistico-y-semana-santa\/","og_locale":"es_ES","og_type":"article","og_title":"Restringen la circulaci\u00f3n de camiones en rutas y autov\u00edas por recambio tur\u00edstico y Semana Santa - Noticias Radio Reflejos","og_description":"La Direcci\u00f3n de Vialidad de la Provincia de Buenos Aires precis\u00f3 que por el recambio tur\u00edstico los d\u00edas mi\u00e9rcoles 13, jueves 14 y domingo 17 de abril de 2022 se restringir\u00e1 la circulaci\u00f3n de camiones en la Autov\u00eda 2, en las rutas Provinciales 11, 36, 56, 63, 74, y en la Autopista Buenos Aires-La Plata.","og_url":"https:\/\/www.noticiasradioreflejos.com.ar\/2021\/restringen-la-circulacion-de-camiones-en-rutas-y-autovias-por-recambio-turistico-y-semana-santa\/","og_site_name":"Noticias Radio Reflejos","article_published_time":"2022-04-12T15:17:52+00:00","og_image":[{"width":839,"height":524,"url":"https:\/\/www.noticiasradioreflejos.com.ar\/2021\/wp-content\/uploads\/2022\/04\/ruta-51.png","type":"image\/png"}],"author":"Arnaldo Botto","twitter_card":"summary_large_image","schema":{"@context":"https:\/\/schema.org","@graph":[{"@type":"WebPage","@id":"https:\/\/www.noticiasradioreflejos.com.ar\/2021\/restringen-la-circulacion-de-camiones-en-rutas-y-autovias-por-recambio-turistico-y-semana-santa\/","url":"https:\/\/www.noticiasradioreflejos.com.ar\/2021\/restringen-la-circulacion-de-camiones-en-rutas-y-autovias-por-recambio-turistico-y-semana-santa\/","name":"Restringen la circulaci\u00f3n de camiones en rutas y autov\u00edas por recambio tur\u00edstico y Semana Santa - Noticias Radio Reflejos","isPartOf":{"@id":"https:\/\/www.noticiasradioreflejos.com.ar\/2021\/#website"},"primaryImageOfPage":{"@id":"https:\/\/www.noticiasradioreflejos.com.ar\/2021\/restringen-la-circulacion-de-camiones-en-rutas-y-autovias-por-recambio-turistico-y-semana-santa\/#primaryimage"},"image":{"@id":"https:\/\/www.noticiasradioreflejos.com.ar\/2021\/restringen-la-circulacion-de-camiones-en-rutas-y-autovias-por-recambio-turistico-y-semana-santa\/#primaryimage"},"thumbnailUrl":"https:\/\/www.noticiasradioreflejos.com.ar\/2021\/wp-content\/uploads\/2022\/04\/ruta-51.png","datePublished":"2022-04-12T15:17:52+00:00","author":{"@id":"https:\/\/www.noticiasradioreflejos.com.ar\/2021\/#\/schema\/person\/ad82545263dcc5ec0996818884fd5fb1"},"breadcrumb":{"@id":"https:\/\/www.noticiasradioreflejos.com.ar\/2021\/restringen-la-circulacion-de-camiones-en-rutas-y-autovias-por-recambio-turistico-y-semana-santa\/#breadcrumb"},"inLanguage":"es","potentialAction":[{"@type":"ReadAction","target":["https:\/\/www.noticiasradioreflejos.com.ar\/2021\/restringen-la-circulacion-de-camiones-en-rutas-y-autovias-por-recambio-turistico-y-semana-santa\/"]}]},{"@type":"ImageObject","inLanguage":"es","@id":"https:\/\/www.noticiasradioreflejos.com.ar\/2021\/restringen-la-circulacion-de-camiones-en-rutas-y-autovias-por-recambio-turistico-y-semana-santa\/#primaryimage","url":"https:\/\/www.noticiasradioreflejos.com.ar\/2021\/wp-content\/uploads\/2022\/04\/ruta-51.png","contentUrl":"https:\/\/www.noticiasradioreflejos.com.ar\/2021\/wp-content\/uploads\/2022\/04\/ruta-51.png","width":839,"height":524},{"@type":"BreadcrumbList","@id":"https:\/\/www.noticiasradioreflejos.com.ar\/2021\/restringen-la-circulacion-de-camiones-en-rutas-y-autovias-por-recambio-turistico-y-semana-santa\/#breadcrumb","itemListElement":[{"@type":"ListItem","position":1,"name":"Portada","item":"https:\/\/www.noticiasradioreflejos.com.ar\/2021\/"},{"@type":"ListItem","position":2,"name":"Restringen la circulaci\u00f3n de camiones en rutas y autov\u00edas por recambio tur\u00edstico y Semana Santa"}]},{"@type":"WebSite","@id":"https:\/\/www.noticiasradioreflejos.com.ar\/2021\/#website","url":"https:\/\/www.noticiasradioreflejos.com.ar\/2021\/","name":"Noticias Radio Reflejos","description":"Las noticias de mi comarca","potentialAction":[{"@type":"SearchAction","target":{"@type":"EntryPoint","urlTemplate":"https:\/\/www.noticiasradioreflejos.com.ar\/2021\/?s={search_term_string}"},"query-input":{"@type":"PropertyValueSpecification","valueRequired":true,"valueName":"search_term_string"}}],"inLanguage":"es"},{"@type":"Person","@id":"https:\/\/www.noticiasradioreflejos.com.ar\/2021\/#\/schema\/person\/ad82545263dcc5ec0996818884fd5fb1","name":"Arnaldo Botto","image":{"@type":"ImageObject","inLanguage":"es","@id":"https:\/\/www.noticiasradioreflejos.com.ar\/2021\/#\/schema\/person\/image\/","url":"https:\/\/secure.gravatar.com\/avatar\/55cb5e37c1efa326397366e6974cb338056df65cb50e7d64d1cf314e87504837?s=96&d=mm&r=g","contentUrl":"https:\/\/secure.gravatar.com\/avatar\/55cb5e37c1efa326397366e6974cb338056df65cb50e7d64d1cf314e87504837?s=96&d=mm&r=g","caption":"Arnaldo Botto"},"url":"https:\/\/www.noticiasradioreflejos.com.ar\/2021\/author\/arnaldo\/"}]}},"_links":{"self":[{"href":"https:\/\/www.noticiasradioreflejos.com.ar\/2021\/wp-json\/wp\/v2\/posts\/70558","targetHints":{"allow":["GET"]}}],"collection":[{"href":"https:\/\/www.noticiasradioreflejos.com.ar\/2021\/wp-json\/wp\/v2\/posts"}],"about":[{"href":"https:\/\/www.noticiasradioreflejos.com.ar\/2021\/wp-json\/wp\/v2\/types\/post"}],"author":[{"embeddable":true,"href":"https:\/\/www.noticiasradioreflejos.com.ar\/2021\/wp-json\/wp\/v2\/users\/3"}],"replies":[{"embeddable":true,"href":"https:\/\/www.noticiasradioreflejos.com.ar\/2021\/wp-json\/wp\/v2\/comments?post=70558"}],"version-history":[{"count":1,"href":"https:\/\/www.noticiasradioreflejos.com.ar\/2021\/wp-json\/wp\/v2\/posts\/70558\/revisions"}],"predecessor-version":[{"id":70560,"href":"https:\/\/www.noticiasradioreflejos.com.ar\/2021\/wp-json\/wp\/v2\/posts\/70558\/revisions\/70560"}],"wp:featuredmedia":[{"embeddable":true,"href":"https:\/\/www.noticiasradioreflejos.com.ar\/2021\/wp-json\/wp\/v2\/media\/70559"}],"wp:attachment":[{"href":"https:\/\/www.noticiasradioreflejos.com.ar\/2021\/wp-json\/wp\/v2\/media?parent=70558"}],"wp:term":[{"taxonomy":"category","embeddable":true,"href":"https:\/\/www.noticiasradioreflejos.com.ar\/2021\/wp-json\/wp\/v2\/categories?post=70558"},{"taxonomy":"post_tag","embeddable":true,"href":"https:\/\/www.noticiasradioreflejos.com.ar\/2021\/wp-json\/wp\/v2\/tags?post=70558"}],"curies":[{"name":"wp","href":"https:\/\/api.w.org\/{rel}","templated":true}]}}