{"id":70555,"date":"2022-04-12T14:42:01","date_gmt":"2022-04-12T14:42:01","guid":{"rendered":"http:\/\/www.noticiasradioreflejos.com.ar\/2021\/?p=70555"},"modified":"2022-04-12T14:42:01","modified_gmt":"2022-04-12T14:42:01","slug":"anses-habilita-el-cambio-de-titularidad-de-auh","status":"publish","type":"post","link":"https:\/\/www.noticiasradioreflejos.com.ar\/2021\/anses-habilita-el-cambio-de-titularidad-de-auh\/","title":{"rendered":"ANSES habilita el cambio de titularidad de AUH"},"content":{"rendered":"<p style=\"font-weight: 400;\">Para garantizar que las ni\u00f1as y ni\u00f1os de la Asignaci\u00f3n Universal por Hijo (AUH) tengan la prestaci\u00f3n que les corresponde, ANSES informa que a partir de ahora las personas con hijas e hijos a cargo que no pod\u00edan pedir la titularidad de las asignaciones porque el otro progenitor posee un\u00a0<em>Cr\u00e9dito ANSES<\/em>\u00a0podr\u00e1n solicitarla y empezar a recibirla todos los meses.<!--more--><\/p>\n<p style=\"font-weight: 400;\">Esta medida fue establecida a partir del di\u00e1logo permanente entre el organismo y las mam\u00e1s de la AUH que transmit\u00edan la imposibilidad de hacerle llegar ese dinero a sus hijas e hijos cuando lo cobraba el otro progenitor. Cabe aclarar que, en su gran mayor\u00eda, se trata de mam\u00e1s que se hacen cargo de hijas e hijos y cuyos padres cobran la asignaci\u00f3n, pero no les transfieren el dinero correspondiente.<\/p>\n<p style=\"font-weight: 400;\">En ese marco, la directora ejecutiva de ANSES,\u00a0<strong>Fernanda Raverta<\/strong>, explic\u00f3: \u201c<em>Tomamos la decisi\u00f3n de modificar esta normativa porque consideramos una injusticia que las mam\u00e1s, que son las que se hacen cargo de sus hijas e hijos, no pudieran administrar ese recurso que es de las nenas y los nenes. A trav\u00e9s de este tr\u00e1mite, el Estado garantiza que la asignaci\u00f3n les llegue a quienes realmente les corresponde\u201d<\/em>.<\/p>\n<p style=\"font-weight: 400;\"><strong>Cu\u00e1ndo hacer este tr\u00e1mite<\/strong><\/p>\n<p style=\"font-weight: 400;\">Este tr\u00e1mite puede realizarse cuando:<\/p>\n<ul>\n<li style=\"font-weight: 400;\">Las y los progenitores se encuentran separados y quien cobra la asignaci\u00f3n familiar no vive con las o los hijos.<\/li>\n<li style=\"font-weight: 400;\">La madre o el padre desconoce d\u00f3nde est\u00e1 el otro progenitor y no cuenta con embargo o sentencia judicial previa.<\/li>\n<\/ul>\n<p style=\"font-weight: 400;\">La persona a cargo de las hijas o hijos asume el compromiso de la devoluci\u00f3n pendiente del\u00a0<em>Cr\u00e9dito ANSES<\/em>\u00a0para acceder al cobro de las asignaciones. Las cuotas se debitar\u00e1n de forma autom\u00e1tica todos los meses hasta completarse el pago.<\/p>\n<p style=\"font-weight: 400;\"><strong>C\u00f3mo realizar este tr\u00e1mite<\/strong><\/p>\n<p style=\"font-weight: 400;\">Este tr\u00e1mite puede realizarse con DNI de manera presencial en una oficina de ANSES con turno previo. Para m\u00e1s informaci\u00f3n, las y los interesados pueden ingresar\u00a0<a href=\"https:\/\/www.anses.gob.ar\/mas-derechos-para-quienes-tienen-sus-hijas-e-hijos-cargo\" data-saferedirecturl=\"https:\/\/www.google.com\/url?q=https:\/\/www.anses.gob.ar\/mas-derechos-para-quienes-tienen-sus-hijas-e-hijos-cargo&amp;source=gmail&amp;ust=1649859525384000&amp;usg=AOvVaw3VYd0SOtLhsXgo3_egHQcc\">aqu\u00ed<\/a>.<\/p>\n","protected":false},"excerpt":{"rendered":"<p>Para garantizar que las ni\u00f1as y ni\u00f1os de la Asignaci\u00f3n Universal por Hijo (AUH) tengan la prestaci\u00f3n que les corresponde, ANSES informa que a partir de ahora las personas con hijas e hijos a cargo que no pod\u00edan pedir la titularidad de las asignaciones porque el otro progenitor posee un\u00a0Cr\u00e9dito ANSES\u00a0podr\u00e1n solicitarla y empezar a [&hellip;]<\/p>\n","protected":false},"author":3,"featured_media":0,"comment_status":"closed","ping_status":"closed","sticky":false,"template":"","format":"standard","meta":{"footnotes":""},"categories":[34,24,26],"tags":[],"class_list":["post-70555","post","type-post","status-publish","format-standard","hentry","category-educacion","category-politica","category-sociedad"],"yoast_head":"<!-- This site is optimized with the Yoast SEO plugin v25.9 - https:\/\/yoast.com\/wordpress\/plugins\/seo\/ -->\n<title>ANSES habilita el cambio de titularidad de AUH - Noticias Radio Reflejos<\/title>\n<meta name=\"robots\" content=\"index, follow, max-snippet:-1, max-image-preview:large, max-video-preview:-1\" \/>\n<link rel=\"canonical\" href=\"https:\/\/www.noticiasradioreflejos.com.ar\/2021\/anses-habilita-el-cambio-de-titularidad-de-auh\/\" \/>\n<meta property=\"og:locale\" content=\"es_ES\" \/>\n<meta property=\"og:type\" content=\"article\" \/>\n<meta property=\"og:title\" content=\"ANSES habilita el cambio de titularidad de AUH - Noticias Radio Reflejos\" \/>\n<meta property=\"og:description\" content=\"Para garantizar que las ni\u00f1as y ni\u00f1os de la Asignaci\u00f3n Universal por Hijo (AUH) tengan la prestaci\u00f3n que les corresponde, ANSES informa que a partir de ahora las personas con hijas e hijos a cargo que no pod\u00edan pedir la titularidad de las asignaciones porque el otro progenitor posee un\u00a0Cr\u00e9dito ANSES\u00a0podr\u00e1n solicitarla y empezar a [&hellip;]\" \/>\n<meta property=\"og:url\" content=\"https:\/\/www.noticiasradioreflejos.com.ar\/2021\/anses-habilita-el-cambio-de-titularidad-de-auh\/\" \/>\n<meta property=\"og:site_name\" content=\"Noticias Radio Reflejos\" \/>\n<meta property=\"article:published_time\" content=\"2022-04-12T14:42:01+00:00\" \/>\n<meta property=\"og:image\" content=\"https:\/\/www.noticiasradioreflejos.com.ar\/2021\/wp-content\/uploads\/2021\/07\/logosol300x200.png\" \/>\n\t<meta property=\"og:image:width\" content=\"300\" \/>\n\t<meta property=\"og:image:height\" content=\"200\" \/>\n\t<meta property=\"og:image:type\" content=\"image\/png\" \/>\n<meta name=\"author\" content=\"Arnaldo Botto\" \/>\n<meta name=\"twitter:card\" content=\"summary_large_image\" \/>\n<script type=\"application\/ld+json\" class=\"yoast-schema-graph\">{\"@context\":\"https:\/\/schema.org\",\"@graph\":[{\"@type\":\"WebPage\",\"@id\":\"https:\/\/www.noticiasradioreflejos.com.ar\/2021\/anses-habilita-el-cambio-de-titularidad-de-auh\/\",\"url\":\"https:\/\/www.noticiasradioreflejos.com.ar\/2021\/anses-habilita-el-cambio-de-titularidad-de-auh\/\",\"name\":\"ANSES habilita el cambio de titularidad de AUH - Noticias Radio Reflejos\",\"isPartOf\":{\"@id\":\"https:\/\/www.noticiasradioreflejos.com.ar\/2021\/#website\"},\"datePublished\":\"2022-04-12T14:42:01+00:00\",\"author\":{\"@id\":\"https:\/\/www.noticiasradioreflejos.com.ar\/2021\/#\/schema\/person\/ad82545263dcc5ec0996818884fd5fb1\"},\"breadcrumb\":{\"@id\":\"https:\/\/www.noticiasradioreflejos.com.ar\/2021\/anses-habilita-el-cambio-de-titularidad-de-auh\/#breadcrumb\"},\"inLanguage\":\"es\",\"potentialAction\":[{\"@type\":\"ReadAction\",\"target\":[\"https:\/\/www.noticiasradioreflejos.com.ar\/2021\/anses-habilita-el-cambio-de-titularidad-de-auh\/\"]}]},{\"@type\":\"BreadcrumbList\",\"@id\":\"https:\/\/www.noticiasradioreflejos.com.ar\/2021\/anses-habilita-el-cambio-de-titularidad-de-auh\/#breadcrumb\",\"itemListElement\":[{\"@type\":\"ListItem\",\"position\":1,\"name\":\"Portada\",\"item\":\"https:\/\/www.noticiasradioreflejos.com.ar\/2021\/\"},{\"@type\":\"ListItem\",\"position\":2,\"name\":\"ANSES habilita el cambio de titularidad de AUH\"}]},{\"@type\":\"WebSite\",\"@id\":\"https:\/\/www.noticiasradioreflejos.com.ar\/2021\/#website\",\"url\":\"https:\/\/www.noticiasradioreflejos.com.ar\/2021\/\",\"name\":\"Noticias Radio Reflejos\",\"description\":\"Las noticias de mi comarca\",\"potentialAction\":[{\"@type\":\"SearchAction\",\"target\":{\"@type\":\"EntryPoint\",\"urlTemplate\":\"https:\/\/www.noticiasradioreflejos.com.ar\/2021\/?s={search_term_string}\"},\"query-input\":{\"@type\":\"PropertyValueSpecification\",\"valueRequired\":true,\"valueName\":\"search_term_string\"}}],\"inLanguage\":\"es\"},{\"@type\":\"Person\",\"@id\":\"https:\/\/www.noticiasradioreflejos.com.ar\/2021\/#\/schema\/person\/ad82545263dcc5ec0996818884fd5fb1\",\"name\":\"Arnaldo Botto\",\"image\":{\"@type\":\"ImageObject\",\"inLanguage\":\"es\",\"@id\":\"https:\/\/www.noticiasradioreflejos.com.ar\/2021\/#\/schema\/person\/image\/\",\"url\":\"https:\/\/secure.gravatar.com\/avatar\/55cb5e37c1efa326397366e6974cb338056df65cb50e7d64d1cf314e87504837?s=96&d=mm&r=g\",\"contentUrl\":\"https:\/\/secure.gravatar.com\/avatar\/55cb5e37c1efa326397366e6974cb338056df65cb50e7d64d1cf314e87504837?s=96&d=mm&r=g\",\"caption\":\"Arnaldo Botto\"},\"url\":\"https:\/\/www.noticiasradioreflejos.com.ar\/2021\/author\/arnaldo\/\"}]}<\/script>\n<!-- \/ Yoast SEO plugin. -->","yoast_head_json":{"title":"ANSES habilita el cambio de titularidad de AUH - Noticias Radio Reflejos","robots":{"index":"index","follow":"follow","max-snippet":"max-snippet:-1","max-image-preview":"max-image-preview:large","max-video-preview":"max-video-preview:-1"},"canonical":"https:\/\/www.noticiasradioreflejos.com.ar\/2021\/anses-habilita-el-cambio-de-titularidad-de-auh\/","og_locale":"es_ES","og_type":"article","og_title":"ANSES habilita el cambio de titularidad de AUH - Noticias Radio Reflejos","og_description":"Para garantizar que las ni\u00f1as y ni\u00f1os de la Asignaci\u00f3n Universal por Hijo (AUH) tengan la prestaci\u00f3n que les corresponde, ANSES informa que a partir de ahora las personas con hijas e hijos a cargo que no pod\u00edan pedir la titularidad de las asignaciones porque el otro progenitor posee un\u00a0Cr\u00e9dito ANSES\u00a0podr\u00e1n solicitarla y empezar a [&hellip;]","og_url":"https:\/\/www.noticiasradioreflejos.com.ar\/2021\/anses-habilita-el-cambio-de-titularidad-de-auh\/","og_site_name":"Noticias Radio Reflejos","article_published_time":"2022-04-12T14:42:01+00:00","og_image":[{"width":300,"height":200,"url":"https:\/\/www.noticiasradioreflejos.com.ar\/2021\/wp-content\/uploads\/2021\/07\/logosol300x200.png","type":"image\/png"}],"author":"Arnaldo Botto","twitter_card":"summary_large_image","schema":{"@context":"https:\/\/schema.org","@graph":[{"@type":"WebPage","@id":"https:\/\/www.noticiasradioreflejos.com.ar\/2021\/anses-habilita-el-cambio-de-titularidad-de-auh\/","url":"https:\/\/www.noticiasradioreflejos.com.ar\/2021\/anses-habilita-el-cambio-de-titularidad-de-auh\/","name":"ANSES habilita el cambio de titularidad de AUH - Noticias Radio Reflejos","isPartOf":{"@id":"https:\/\/www.noticiasradioreflejos.com.ar\/2021\/#website"},"datePublished":"2022-04-12T14:42:01+00:00","author":{"@id":"https:\/\/www.noticiasradioreflejos.com.ar\/2021\/#\/schema\/person\/ad82545263dcc5ec0996818884fd5fb1"},"breadcrumb":{"@id":"https:\/\/www.noticiasradioreflejos.com.ar\/2021\/anses-habilita-el-cambio-de-titularidad-de-auh\/#breadcrumb"},"inLanguage":"es","potentialAction":[{"@type":"ReadAction","target":["https:\/\/www.noticiasradioreflejos.com.ar\/2021\/anses-habilita-el-cambio-de-titularidad-de-auh\/"]}]},{"@type":"BreadcrumbList","@id":"https:\/\/www.noticiasradioreflejos.com.ar\/2021\/anses-habilita-el-cambio-de-titularidad-de-auh\/#breadcrumb","itemListElement":[{"@type":"ListItem","position":1,"name":"Portada","item":"https:\/\/www.noticiasradioreflejos.com.ar\/2021\/"},{"@type":"ListItem","position":2,"name":"ANSES habilita el cambio de titularidad de AUH"}]},{"@type":"WebSite","@id":"https:\/\/www.noticiasradioreflejos.com.ar\/2021\/#website","url":"https:\/\/www.noticiasradioreflejos.com.ar\/2021\/","name":"Noticias Radio Reflejos","description":"Las noticias de mi comarca","potentialAction":[{"@type":"SearchAction","target":{"@type":"EntryPoint","urlTemplate":"https:\/\/www.noticiasradioreflejos.com.ar\/2021\/?s={search_term_string}"},"query-input":{"@type":"PropertyValueSpecification","valueRequired":true,"valueName":"search_term_string"}}],"inLanguage":"es"},{"@type":"Person","@id":"https:\/\/www.noticiasradioreflejos.com.ar\/2021\/#\/schema\/person\/ad82545263dcc5ec0996818884fd5fb1","name":"Arnaldo Botto","image":{"@type":"ImageObject","inLanguage":"es","@id":"https:\/\/www.noticiasradioreflejos.com.ar\/2021\/#\/schema\/person\/image\/","url":"https:\/\/secure.gravatar.com\/avatar\/55cb5e37c1efa326397366e6974cb338056df65cb50e7d64d1cf314e87504837?s=96&d=mm&r=g","contentUrl":"https:\/\/secure.gravatar.com\/avatar\/55cb5e37c1efa326397366e6974cb338056df65cb50e7d64d1cf314e87504837?s=96&d=mm&r=g","caption":"Arnaldo Botto"},"url":"https:\/\/www.noticiasradioreflejos.com.ar\/2021\/author\/arnaldo\/"}]}},"_links":{"self":[{"href":"https:\/\/www.noticiasradioreflejos.com.ar\/2021\/wp-json\/wp\/v2\/posts\/70555","targetHints":{"allow":["GET"]}}],"collection":[{"href":"https:\/\/www.noticiasradioreflejos.com.ar\/2021\/wp-json\/wp\/v2\/posts"}],"about":[{"href":"https:\/\/www.noticiasradioreflejos.com.ar\/2021\/wp-json\/wp\/v2\/types\/post"}],"author":[{"embeddable":true,"href":"https:\/\/www.noticiasradioreflejos.com.ar\/2021\/wp-json\/wp\/v2\/users\/3"}],"replies":[{"embeddable":true,"href":"https:\/\/www.noticiasradioreflejos.com.ar\/2021\/wp-json\/wp\/v2\/comments?post=70555"}],"version-history":[{"count":1,"href":"https:\/\/www.noticiasradioreflejos.com.ar\/2021\/wp-json\/wp\/v2\/posts\/70555\/revisions"}],"predecessor-version":[{"id":70557,"href":"https:\/\/www.noticiasradioreflejos.com.ar\/2021\/wp-json\/wp\/v2\/posts\/70555\/revisions\/70557"}],"wp:attachment":[{"href":"https:\/\/www.noticiasradioreflejos.com.ar\/2021\/wp-json\/wp\/v2\/media?parent=70555"}],"wp:term":[{"taxonomy":"category","embeddable":true,"href":"https:\/\/www.noticiasradioreflejos.com.ar\/2021\/wp-json\/wp\/v2\/categories?post=70555"},{"taxonomy":"post_tag","embeddable":true,"href":"https:\/\/www.noticiasradioreflejos.com.ar\/2021\/wp-json\/wp\/v2\/tags?post=70555"}],"curies":[{"name":"wp","href":"https:\/\/api.w.org\/{rel}","templated":true}]}}